{"id":59961,"date":"2019-01-31T17:12:02","date_gmt":"2019-01-31T20:12:02","guid":{"rendered":"https:\/\/www.blogsoestado.com\/danielmatos\/?p=59961"},"modified":"2019-01-31T17:12:02","modified_gmt":"2019-01-31T20:12:02","slug":"prefeito-edivaldo-antecipa-em-quatro-dias-salario-dos-servidores-que-sera-pago-nesta-sexta-feira-1o","status":"publish","type":"post","link":"https:\/\/www.blogsoestado.com\/danielmatos\/prefeito-edivaldo-antecipa-em-quatro-dias-salario-dos-servidores-que-sera-pago-nesta-sexta-feira-1o\/","title":{"rendered":"Prefeito Edivaldo antecipa em quatro dias sal\u00e1rio dos servidores que ser\u00e1 pago nesta sexta-feira, 1\u00ba"},"content":{"rendered":"\n<p class=\"has-medium-font-size\">De acordo com o calend\u00e1rio, folha seria paga apenas dia 5 de janeiro; a antecipa\u00e7\u00e3o faz parte da pol\u00edtica de valoriza\u00e7\u00e3o do funcionalismo municipal colocada em pr\u00e1tica na gest\u00e3o do prefeito Edivaldo<\/p>\n\n\n\n<div class=\"wp-block-image\"><figure class=\"alignright\"><img decoding=\"async\" src=\"https:\/\/www.blogsoestado.com\/danielmatos\/files\/2019\/01\/edivaldo-antecipa.jpg\" alt=\"\" class=\"wp-image-59962\"\/><figcaption>Prefeito Edivaldo mant\u00e9m calend\u00e1rio de pagamento a servidores rigorosamente em dias<\/figcaption><\/figure><\/div>\n\n\n\n<p>O prefeito Edivaldo Holanda J\u00fanior inicia o ano antecipando em quatro dias o pagamento dos servidores municipais e os sal\u00e1rios de janeiro dos servidores municipais estar\u00e3o nas contas nesta sexta-feira (1\u00ba). Conforme o decreto N\u00b0 51.777, que estabelece as datas m\u00e1ximas de quita\u00e7\u00e3o da folha de pagamentos, o sal\u00e1rio seria pago no dia 5 de fevereiro. Assim como nos anos anteriores, a gest\u00e3o municipal elencou como prioridade a valoriza\u00e7\u00e3o do funcionalismo p\u00fablico municipal.<\/p>\n\n\n\n<p>&#8220;Nossa pol\u00edtica de valoriza\u00e7\u00e3o do servidor tem como um de seus principais pilares o pagamento em dia e, sempre que \u00e9 poss\u00edvel, antecipamos a folha por entendermos que isso \u00e9 uma forma de valoriza\u00e7\u00e3o dos nossos servidores. A medida tamb\u00e9m tem impacto positivo na economia da nossa cidade, pois incentiva o com\u00e9rcio de bens e servi\u00e7os. Nossa prioridade \u00e9 manter em dia o calend\u00e1rio de pagamentos, reconhecendo a import\u00e2ncia do servidor municipal para a presta\u00e7\u00e3o de um servi\u00e7o de qualidade \u00e0 popula\u00e7\u00e3o&#8221;, enfatiza o prefeito Edivaldo.<\/p>\n\n\n\n<p>O secret\u00e1rio municipal da Fazenda (Semfaz), Delcio Rodrigues, frisa que a Prefeitura vem equilibrando as contas p\u00fablicas a partir de um r\u00edgido planejamento or\u00e7ament\u00e1rio. &#8220;Quem faz o servi\u00e7o p\u00fablico s\u00e3o os nossos servidores, que merecem ser valorizados. A antecipa\u00e7\u00e3o salarial \u00e9 resultado de muita organiza\u00e7\u00e3o e planejamento da gest\u00e3o do prefeito Edivaldo&#8221;, garantiu o titular da pasta.<\/p>\n\n\n\n<p><strong>VALORIZA\u00c7\u00c3O<\/strong><\/p>\n\n\n\n<p>Os servidores municipais comemoram a antecipa\u00e7\u00e3o. Um deles \u00e9 Claudionor Mendes, que diz se sentir mais valorizado quando os sal\u00e1rio \u00e9 antecipado. &#8220;O prefeito Edivaldo est\u00e1 de parab\u00e9ns. Ele tem feito um bom trabalho, valorizando os servidores&#8221;, afirmou.<\/p>\n\n\n\n<p>Os servidores municipais podem ter acesso \u00e0s informa\u00e7\u00f5es dos seus vencimentos em todos os terminais de autoatendimento do Banco do Brasil, por meio do contracheque eletr\u00f4nico. Basta acessar a op\u00e7\u00e3o Outros Servi\u00e7os, escolher a op\u00e7\u00e3o Contracheque BB e depois informar o n\u00famero da matr\u00edcula e o m\u00eas desejado do documento.<\/p>\n\n\n\n<p>Al\u00e9m dos terminais do Banco do Brasil, a informa\u00e7\u00e3o sobre vencimentos tamb\u00e9m pode ser acessada pelo site da Prefeitura de S\u00e3o Lu\u00eds (<a href=\"http:\/\/www.saoluis.ma.gov.br\">www.saoluis.ma.gov.br<\/a>), no Portal do Servidor, no menu esquerdo da home, informando a matr\u00edcula e a senha.<\/p>\n\n\n\n<p><strong>Fonte:<\/strong> Secretaria Municipal de Comunica\u00e7\u00e3o (Secom)<\/p>\n","protected":false},"excerpt":{"rendered":"<p>De acordo com o calend\u00e1rio, folha seria paga apenas dia 5 de janeiro; a antecipa\u00e7\u00e3o faz parte da pol\u00edtica de [&hellip;]<\/p>\n","protected":false},"author":0,"featured_media":0,"comment_status":"open","ping_status":"open","sticky":false,"template":"","format":"standard","meta":{"site-sidebar-layout":"default","site-content-layout":"","ast-site-content-layout":"default","site-content-style":"default","site-sidebar-style":"default","ast-global-header-display":"","ast-banner-title-visibility":"","ast-main-header-display":"","ast-hfb-above-header-display":"","ast-hfb-below-header-display":"","ast-hfb-mobile-header-display":"","site-post-title":"","ast-breadcrumbs-content":"","ast-featured-img":"","footer-sml-layout":"","ast-disable-related-posts":"","theme-transparent-header-meta":"","adv-header-id-meta":"","stick-header-meta":"","header-above-stick-meta":"","header-main-stick-meta":"","header-below-stick-meta":"","astra-migrate-meta-layouts":"default","ast-page-background-enabled":"default","ast-page-background-meta":{"desktop":{"background-color":"var(--ast-global-color-5)","background-image":"","background-repeat":"repeat","background-position":"center center","background-size":"auto","background-attachment":"scroll","background-type":"","background-media":"","overlay-type":"","overlay-color":"","overlay-opacity":"","overlay-gradient":""},"tablet":{"background-color":"","background-image":"","background-repeat":"repeat","background-position":"center center","background-size":"auto","background-attachment":"scroll","background-type":"","background-media":"","overlay-type":"","overlay-color":"","overlay-opacity":"","overlay-gradient":""},"mobile":{"background-color":"","background-image":"","background-repeat":"repeat","background-position":"center center","background-size":"auto","background-attachment":"scroll","background-type":"","background-media":"","overlay-type":"","overlay-color":"","overlay-opacity":"","overlay-gradient":""}},"ast-content-background-meta":{"desktop":{"background-color":"var(--ast-global-color-4)","background-image":"","background-repeat":"repeat","background-position":"center center","background-size":"auto","background-attachment":"scroll","background-type":"","background-media":"","overlay-type":"","overlay-color":"","overlay-opacity":"","overlay-gradient":""},"tablet":{"background-color":"var(--ast-global-color-4)","background-image":"","background-repeat":"repeat","background-position":"center center","background-size":"auto","background-attachment":"scroll","background-type":"","background-media":"","overlay-type":"","overlay-color":"","overlay-opacity":"","overlay-gradient":""},"mobile":{"background-color":"var(--ast-global-color-4)","background-image":"","background-repeat":"repeat","background-position":"center center","background-size":"auto","background-attachment":"scroll","background-type":"","background-media":"","overlay-type":"","overlay-color":"","overlay-opacity":"","overlay-gradient":""}},"footnotes":""},"categories":[1],"tags":[],"class_list":["post-59961","post","type-post","status-publish","format-standard","hentry","category-sem-categoria"],"yoast_head":"<!-- This site is optimized with the Yoast SEO plugin v26.6 - https:\/\/yoast.com\/wordpress\/plugins\/seo\/ -->\n<title>Prefeito Edivaldo antecipa em quatro dias sal\u00e1rio dos servidores que ser\u00e1 pago nesta sexta-feira, 1\u00ba - Daniel Matos<\/title>\n<meta name=\"robots\" content=\"index, follow, max-snippet:-1, max-image-preview:large, max-video-preview:-1\" \/>\n<link rel=\"canonical\" href=\"https:\/\/www.blogsoestado.com\/danielmatos\/prefeito-edivaldo-antecipa-em-quatro-dias-salario-dos-servidores-que-sera-pago-nesta-sexta-feira-1o\/\" \/>\n<meta property=\"og:locale\" content=\"pt_BR\" \/>\n<meta property=\"og:type\" content=\"article\" \/>\n<meta property=\"og:title\" content=\"Prefeito Edivaldo antecipa em quatro dias sal\u00e1rio dos servidores que ser\u00e1 pago nesta sexta-feira, 1\u00ba - Daniel Matos\" \/>\n<meta property=\"og:description\" content=\"De acordo com o calend\u00e1rio, folha seria paga apenas dia 5 de janeiro; a antecipa\u00e7\u00e3o faz parte da pol\u00edtica de [&hellip;]\" \/>\n<meta property=\"og:url\" content=\"https:\/\/www.blogsoestado.com\/danielmatos\/prefeito-edivaldo-antecipa-em-quatro-dias-salario-dos-servidores-que-sera-pago-nesta-sexta-feira-1o\/\" \/>\n<meta property=\"og:site_name\" content=\"Daniel Matos\" \/>\n<meta property=\"article:published_time\" content=\"2019-01-31T20:12:02+00:00\" \/>\n<meta property=\"og:image\" content=\"https:\/\/www.blogsoestado.com\/danielmatos\/files\/2019\/01\/edivaldo-antecipa.jpg\" \/>\n<meta name=\"twitter:card\" content=\"summary_large_image\" \/>\n<meta name=\"twitter:label1\" content=\"Est. tempo de leitura\" \/>\n\t<meta name=\"twitter:data1\" content=\"2 minutos\" \/>\n<script type=\"application\/ld+json\" class=\"yoast-schema-graph\">{\"@context\":\"https:\/\/schema.org\",\"@graph\":[{\"@type\":\"WebPage\",\"@id\":\"https:\/\/www.blogsoestado.com\/danielmatos\/prefeito-edivaldo-antecipa-em-quatro-dias-salario-dos-servidores-que-sera-pago-nesta-sexta-feira-1o\/\",\"url\":\"https:\/\/www.blogsoestado.com\/danielmatos\/prefeito-edivaldo-antecipa-em-quatro-dias-salario-dos-servidores-que-sera-pago-nesta-sexta-feira-1o\/\",\"name\":\"Prefeito Edivaldo antecipa em quatro dias sal\u00e1rio dos servidores que ser\u00e1 pago nesta sexta-feira, 1\u00ba - Daniel Matos\",\"isPartOf\":{\"@id\":\"https:\/\/www.blogsoestado.com\/danielmatos\/#website\"},\"primaryImageOfPage\":{\"@id\":\"https:\/\/www.blogsoestado.com\/danielmatos\/prefeito-edivaldo-antecipa-em-quatro-dias-salario-dos-servidores-que-sera-pago-nesta-sexta-feira-1o\/#primaryimage\"},\"image\":{\"@id\":\"https:\/\/www.blogsoestado.com\/danielmatos\/prefeito-edivaldo-antecipa-em-quatro-dias-salario-dos-servidores-que-sera-pago-nesta-sexta-feira-1o\/#primaryimage\"},\"thumbnailUrl\":\"https:\/\/www.blogsoestado.com\/danielmatos\/files\/2019\/01\/edivaldo-antecipa.jpg\",\"datePublished\":\"2019-01-31T20:12:02+00:00\",\"author\":{\"@id\":\"\"},\"breadcrumb\":{\"@id\":\"https:\/\/www.blogsoestado.com\/danielmatos\/prefeito-edivaldo-antecipa-em-quatro-dias-salario-dos-servidores-que-sera-pago-nesta-sexta-feira-1o\/#breadcrumb\"},\"inLanguage\":\"pt-BR\",\"potentialAction\":[{\"@type\":\"ReadAction\",\"target\":[\"https:\/\/www.blogsoestado.com\/danielmatos\/prefeito-edivaldo-antecipa-em-quatro-dias-salario-dos-servidores-que-sera-pago-nesta-sexta-feira-1o\/\"]}]},{\"@type\":\"ImageObject\",\"inLanguage\":\"pt-BR\",\"@id\":\"https:\/\/www.blogsoestado.com\/danielmatos\/prefeito-edivaldo-antecipa-em-quatro-dias-salario-dos-servidores-que-sera-pago-nesta-sexta-feira-1o\/#primaryimage\",\"url\":\"https:\/\/www.blogsoestado.com\/danielmatos\/files\/2019\/01\/edivaldo-antecipa.jpg\",\"contentUrl\":\"https:\/\/www.blogsoestado.com\/danielmatos\/files\/2019\/01\/edivaldo-antecipa.jpg\"},{\"@type\":\"BreadcrumbList\",\"@id\":\"https:\/\/www.blogsoestado.com\/danielmatos\/prefeito-edivaldo-antecipa-em-quatro-dias-salario-dos-servidores-que-sera-pago-nesta-sexta-feira-1o\/#breadcrumb\",\"itemListElement\":[{\"@type\":\"ListItem\",\"position\":1,\"name\":\"In\u00edcio\",\"item\":\"https:\/\/www.blogsoestado.com\/danielmatos\/\"},{\"@type\":\"ListItem\",\"position\":2,\"name\":\"Prefeito Edivaldo antecipa em quatro dias sal\u00e1rio dos servidores que ser\u00e1 pago nesta sexta-feira, 1\u00ba\"}]},{\"@type\":\"WebSite\",\"@id\":\"https:\/\/www.blogsoestado.com\/danielmatos\/#website\",\"url\":\"https:\/\/www.blogsoestado.com\/danielmatos\/\",\"name\":\"Daniel Matos\",\"description\":\"\",\"potentialAction\":[{\"@type\":\"SearchAction\",\"target\":{\"@type\":\"EntryPoint\",\"urlTemplate\":\"https:\/\/www.blogsoestado.com\/danielmatos\/?s={search_term_string}\"},\"query-input\":{\"@type\":\"PropertyValueSpecification\",\"valueRequired\":true,\"valueName\":\"search_term_string\"}}],\"inLanguage\":\"pt-BR\"}]}<\/script>\n<!-- \/ Yoast SEO plugin. -->","yoast_head_json":{"title":"Prefeito Edivaldo antecipa em quatro dias sal\u00e1rio dos servidores que ser\u00e1 pago nesta sexta-feira, 1\u00ba - Daniel Matos","robots":{"index":"index","follow":"follow","max-snippet":"max-snippet:-1","max-image-preview":"max-image-preview:large","max-video-preview":"max-video-preview:-1"},"canonical":"https:\/\/www.blogsoestado.com\/danielmatos\/prefeito-edivaldo-antecipa-em-quatro-dias-salario-dos-servidores-que-sera-pago-nesta-sexta-feira-1o\/","og_locale":"pt_BR","og_type":"article","og_title":"Prefeito Edivaldo antecipa em quatro dias sal\u00e1rio dos servidores que ser\u00e1 pago nesta sexta-feira, 1\u00ba - Daniel Matos","og_description":"De acordo com o calend\u00e1rio, folha seria paga apenas dia 5 de janeiro; a antecipa\u00e7\u00e3o faz parte da pol\u00edtica de [&hellip;]","og_url":"https:\/\/www.blogsoestado.com\/danielmatos\/prefeito-edivaldo-antecipa-em-quatro-dias-salario-dos-servidores-que-sera-pago-nesta-sexta-feira-1o\/","og_site_name":"Daniel Matos","article_published_time":"2019-01-31T20:12:02+00:00","og_image":[{"url":"https:\/\/www.blogsoestado.com\/danielmatos\/files\/2019\/01\/edivaldo-antecipa.jpg","type":"","width":"","height":""}],"twitter_card":"summary_large_image","twitter_misc":{"Est. tempo de leitura":"2 minutos"},"schema":{"@context":"https:\/\/schema.org","@graph":[{"@type":"WebPage","@id":"https:\/\/www.blogsoestado.com\/danielmatos\/prefeito-edivaldo-antecipa-em-quatro-dias-salario-dos-servidores-que-sera-pago-nesta-sexta-feira-1o\/","url":"https:\/\/www.blogsoestado.com\/danielmatos\/prefeito-edivaldo-antecipa-em-quatro-dias-salario-dos-servidores-que-sera-pago-nesta-sexta-feira-1o\/","name":"Prefeito Edivaldo antecipa em quatro dias sal\u00e1rio dos servidores que ser\u00e1 pago nesta sexta-feira, 1\u00ba - Daniel Matos","isPartOf":{"@id":"https:\/\/www.blogsoestado.com\/danielmatos\/#website"},"primaryImageOfPage":{"@id":"https:\/\/www.blogsoestado.com\/danielmatos\/prefeito-edivaldo-antecipa-em-quatro-dias-salario-dos-servidores-que-sera-pago-nesta-sexta-feira-1o\/#primaryimage"},"image":{"@id":"https:\/\/www.blogsoestado.com\/danielmatos\/prefeito-edivaldo-antecipa-em-quatro-dias-salario-dos-servidores-que-sera-pago-nesta-sexta-feira-1o\/#primaryimage"},"thumbnailUrl":"https:\/\/www.blogsoestado.com\/danielmatos\/files\/2019\/01\/edivaldo-antecipa.jpg","datePublished":"2019-01-31T20:12:02+00:00","author":{"@id":""},"breadcrumb":{"@id":"https:\/\/www.blogsoestado.com\/danielmatos\/prefeito-edivaldo-antecipa-em-quatro-dias-salario-dos-servidores-que-sera-pago-nesta-sexta-feira-1o\/#breadcrumb"},"inLanguage":"pt-BR","potentialAction":[{"@type":"ReadAction","target":["https:\/\/www.blogsoestado.com\/danielmatos\/prefeito-edivaldo-antecipa-em-quatro-dias-salario-dos-servidores-que-sera-pago-nesta-sexta-feira-1o\/"]}]},{"@type":"ImageObject","inLanguage":"pt-BR","@id":"https:\/\/www.blogsoestado.com\/danielmatos\/prefeito-edivaldo-antecipa-em-quatro-dias-salario-dos-servidores-que-sera-pago-nesta-sexta-feira-1o\/#primaryimage","url":"https:\/\/www.blogsoestado.com\/danielmatos\/files\/2019\/01\/edivaldo-antecipa.jpg","contentUrl":"https:\/\/www.blogsoestado.com\/danielmatos\/files\/2019\/01\/edivaldo-antecipa.jpg"},{"@type":"BreadcrumbList","@id":"https:\/\/www.blogsoestado.com\/danielmatos\/prefeito-edivaldo-antecipa-em-quatro-dias-salario-dos-servidores-que-sera-pago-nesta-sexta-feira-1o\/#breadcrumb","itemListElement":[{"@type":"ListItem","position":1,"name":"In\u00edcio","item":"https:\/\/www.blogsoestado.com\/danielmatos\/"},{"@type":"ListItem","position":2,"name":"Prefeito Edivaldo antecipa em quatro dias sal\u00e1rio dos servidores que ser\u00e1 pago nesta sexta-feira, 1\u00ba"}]},{"@type":"WebSite","@id":"https:\/\/www.blogsoestado.com\/danielmatos\/#website","url":"https:\/\/www.blogsoestado.com\/danielmatos\/","name":"Daniel Matos","description":"","potentialAction":[{"@type":"SearchAction","target":{"@type":"EntryPoint","urlTemplate":"https:\/\/www.blogsoestado.com\/danielmatos\/?s={search_term_string}"},"query-input":{"@type":"PropertyValueSpecification","valueRequired":true,"valueName":"search_term_string"}}],"inLanguage":"pt-BR"}]}},"jetpack_featured_media_url":"","_links":{"self":[{"href":"https:\/\/www.blogsoestado.com\/danielmatos\/wp-json\/wp\/v2\/posts\/59961","targetHints":{"allow":["GET"]}}],"collection":[{"href":"https:\/\/www.blogsoestado.com\/danielmatos\/wp-json\/wp\/v2\/posts"}],"about":[{"href":"https:\/\/www.blogsoestado.com\/danielmatos\/wp-json\/wp\/v2\/types\/post"}],"replies":[{"embeddable":true,"href":"https:\/\/www.blogsoestado.com\/danielmatos\/wp-json\/wp\/v2\/comments?post=59961"}],"version-history":[{"count":0,"href":"https:\/\/www.blogsoestado.com\/danielmatos\/wp-json\/wp\/v2\/posts\/59961\/revisions"}],"wp:attachment":[{"href":"https:\/\/www.blogsoestado.com\/danielmatos\/wp-json\/wp\/v2\/media?parent=59961"}],"wp:term":[{"taxonomy":"category","embeddable":true,"href":"https:\/\/www.blogsoestado.com\/danielmatos\/wp-json\/wp\/v2\/categories?post=59961"},{"taxonomy":"post_tag","embeddable":true,"href":"https:\/\/www.blogsoestado.com\/danielmatos\/wp-json\/wp\/v2\/tags?post=59961"}],"curies":[{"name":"wp","href":"https:\/\/api.w.org\/{rel}","templated":true}]}}