{"id":59967,"date":"2019-01-31T19:37:19","date_gmt":"2019-01-31T22:37:19","guid":{"rendered":"https:\/\/www.blogsoestado.com\/danielmatos\/?p=59967"},"modified":"2019-01-31T19:37:19","modified_gmt":"2019-01-31T22:37:19","slug":"vamos-tomar-posse-juntos-diz-wellington-ao-convidar-populacao-para-a-solenidade","status":"publish","type":"post","link":"https:\/\/www.blogsoestado.com\/danielmatos\/vamos-tomar-posse-juntos-diz-wellington-ao-convidar-populacao-para-a-solenidade\/","title":{"rendered":"&#8220;Vamos tomar posse juntos&#8221;, diz Wellington ao convidar popula\u00e7\u00e3o para a solenidade"},"content":{"rendered":"\n<figure class=\"wp-block-image\"><img decoding=\"async\" src=\"https:\/\/www.blogsoestado.com\/danielmatos\/files\/2019\/01\/IMG-20190131-WA0186-1024x1024.jpg\" alt=\"\" class=\"wp-image-59968\"\/><\/figure>\n\n\n\n<p>A posse do deputado estadual Wellington do Curso como parlamentar reeleito acontecer\u00e1 nesta sexta-feira, dia 01, \u00e0s 9h30, na Assembleia Legislativa do Maranh\u00e3o. Ao convidar a popula\u00e7\u00e3o para acompanhar a solenidade, o deputado Wellington destacou que esse momento s\u00f3 foi poss\u00edvel gra\u00e7as aos votos limpos, honestos e conscientes dos maranhenses, raz\u00e3o pela qual s\u00e3o os verdadeiros \u201cdonos do mandato.\u201d<\/p>\n\n\n\n<p>\u201cSe n\u00e3o fosse a confian\u00e7a do povo em si, esse momento n\u00e3o seria poss\u00edvel. Se n\u00e3o fossem os votos limpos, honestos e conscientes, n\u00e3o ter\u00edamos conquistado a reelei\u00e7\u00e3o. Fomos eleitos de forma limpa, no meio do povo, sem utilizar a m\u00e1quina p\u00fablica. Fomos eleitos gra\u00e7as a Deus e gra\u00e7as a cada um de voc\u00eas. A VOZ DO POVO continuar\u00e1 firme na Assembleia. Voc\u00eas s\u00e3o os verdadeiros donos do nosso mandato. Vamos tomar posse juntos!\u201d, diz o deputado reeleito Wellington do Curso.<\/p>\n","protected":false},"excerpt":{"rendered":"<p>A posse do deputado estadual Wellington do Curso como parlamentar reeleito acontecer\u00e1 nesta sexta-feira, dia 01, \u00e0s 9h30, na Assembleia [&hellip;]<\/p>\n","protected":false},"author":0,"featured_media":0,"comment_status":"open","ping_status":"open","sticky":false,"template":"","format":"standard","meta":{"site-sidebar-layout":"default","site-content-layout":"","ast-site-content-layout":"default","site-content-style":"default","site-sidebar-style":"default","ast-global-header-display":"","ast-banner-title-visibility":"","ast-main-header-display":"","ast-hfb-above-header-display":"","ast-hfb-below-header-display":"","ast-hfb-mobile-header-display":"","site-post-title":"","ast-breadcrumbs-content":"","ast-featured-img":"","footer-sml-layout":"","ast-disable-related-posts":"","theme-transparent-header-meta":"","adv-header-id-meta":"","stick-header-meta":"","header-above-stick-meta":"","header-main-stick-meta":"","header-below-stick-meta":"","astra-migrate-meta-layouts":"default","ast-page-background-enabled":"default","ast-page-background-meta":{"desktop":{"background-color":"var(--ast-global-color-5)","background-image":"","background-repeat":"repeat","background-position":"center center","background-size":"auto","background-attachment":"scroll","background-type":"","background-media":"","overlay-type":"","overlay-color":"","overlay-opacity":"","overlay-gradient":""},"tablet":{"background-color":"","background-image":"","background-repeat":"repeat","background-position":"center center","background-size":"auto","background-attachment":"scroll","background-type":"","background-media":"","overlay-type":"","overlay-color":"","overlay-opacity":"","overlay-gradient":""},"mobile":{"background-color":"","background-image":"","background-repeat":"repeat","background-position":"center center","background-size":"auto","background-attachment":"scroll","background-type":"","background-media":"","overlay-type":"","overlay-color":"","overlay-opacity":"","overlay-gradient":""}},"ast-content-background-meta":{"desktop":{"background-color":"var(--ast-global-color-4)","background-image":"","background-repeat":"repeat","background-position":"center center","background-size":"auto","background-attachment":"scroll","background-type":"","background-media":"","overlay-type":"","overlay-color":"","overlay-opacity":"","overlay-gradient":""},"tablet":{"background-color":"var(--ast-global-color-4)","background-image":"","background-repeat":"repeat","background-position":"center center","background-size":"auto","background-attachment":"scroll","background-type":"","background-media":"","overlay-type":"","overlay-color":"","overlay-opacity":"","overlay-gradient":""},"mobile":{"background-color":"var(--ast-global-color-4)","background-image":"","background-repeat":"repeat","background-position":"center center","background-size":"auto","background-attachment":"scroll","background-type":"","background-media":"","overlay-type":"","overlay-color":"","overlay-opacity":"","overlay-gradient":""}},"footnotes":""},"categories":[1],"tags":[],"class_list":["post-59967","post","type-post","status-publish","format-standard","hentry","category-sem-categoria"],"yoast_head":"<!-- This site is optimized with the Yoast SEO plugin v26.6 - https:\/\/yoast.com\/wordpress\/plugins\/seo\/ -->\n<title>&quot;Vamos tomar posse juntos&quot;, diz Wellington ao convidar popula\u00e7\u00e3o para a solenidade - Daniel Matos<\/title>\n<meta name=\"robots\" content=\"index, follow, max-snippet:-1, max-image-preview:large, max-video-preview:-1\" \/>\n<link rel=\"canonical\" href=\"https:\/\/www.blogsoestado.com\/danielmatos\/vamos-tomar-posse-juntos-diz-wellington-ao-convidar-populacao-para-a-solenidade\/\" \/>\n<meta property=\"og:locale\" content=\"pt_BR\" \/>\n<meta property=\"og:type\" content=\"article\" \/>\n<meta property=\"og:title\" content=\"&quot;Vamos tomar posse juntos&quot;, diz Wellington ao convidar popula\u00e7\u00e3o para a solenidade - Daniel Matos\" \/>\n<meta property=\"og:description\" content=\"A posse do deputado estadual Wellington do Curso como parlamentar reeleito acontecer\u00e1 nesta sexta-feira, dia 01, \u00e0s 9h30, na Assembleia [&hellip;]\" \/>\n<meta property=\"og:url\" content=\"https:\/\/www.blogsoestado.com\/danielmatos\/vamos-tomar-posse-juntos-diz-wellington-ao-convidar-populacao-para-a-solenidade\/\" \/>\n<meta property=\"og:site_name\" content=\"Daniel Matos\" \/>\n<meta property=\"article:published_time\" content=\"2019-01-31T22:37:19+00:00\" \/>\n<meta property=\"og:image\" content=\"https:\/\/www.blogsoestado.com\/danielmatos\/files\/2019\/01\/IMG-20190131-WA0186-1024x1024.jpg\" \/>\n<meta name=\"twitter:card\" content=\"summary_large_image\" \/>\n<meta name=\"twitter:label1\" content=\"Est. tempo de leitura\" \/>\n\t<meta name=\"twitter:data1\" content=\"1 minuto\" \/>\n<script type=\"application\/ld+json\" class=\"yoast-schema-graph\">{\"@context\":\"https:\/\/schema.org\",\"@graph\":[{\"@type\":\"WebPage\",\"@id\":\"https:\/\/www.blogsoestado.com\/danielmatos\/vamos-tomar-posse-juntos-diz-wellington-ao-convidar-populacao-para-a-solenidade\/\",\"url\":\"https:\/\/www.blogsoestado.com\/danielmatos\/vamos-tomar-posse-juntos-diz-wellington-ao-convidar-populacao-para-a-solenidade\/\",\"name\":\"\\\"Vamos tomar posse juntos\\\", diz Wellington ao convidar popula\u00e7\u00e3o para a solenidade - Daniel Matos\",\"isPartOf\":{\"@id\":\"https:\/\/www.blogsoestado.com\/danielmatos\/#website\"},\"primaryImageOfPage\":{\"@id\":\"https:\/\/www.blogsoestado.com\/danielmatos\/vamos-tomar-posse-juntos-diz-wellington-ao-convidar-populacao-para-a-solenidade\/#primaryimage\"},\"image\":{\"@id\":\"https:\/\/www.blogsoestado.com\/danielmatos\/vamos-tomar-posse-juntos-diz-wellington-ao-convidar-populacao-para-a-solenidade\/#primaryimage\"},\"thumbnailUrl\":\"https:\/\/www.blogsoestado.com\/danielmatos\/files\/2019\/01\/IMG-20190131-WA0186-1024x1024.jpg\",\"datePublished\":\"2019-01-31T22:37:19+00:00\",\"author\":{\"@id\":\"\"},\"breadcrumb\":{\"@id\":\"https:\/\/www.blogsoestado.com\/danielmatos\/vamos-tomar-posse-juntos-diz-wellington-ao-convidar-populacao-para-a-solenidade\/#breadcrumb\"},\"inLanguage\":\"pt-BR\",\"potentialAction\":[{\"@type\":\"ReadAction\",\"target\":[\"https:\/\/www.blogsoestado.com\/danielmatos\/vamos-tomar-posse-juntos-diz-wellington-ao-convidar-populacao-para-a-solenidade\/\"]}]},{\"@type\":\"ImageObject\",\"inLanguage\":\"pt-BR\",\"@id\":\"https:\/\/www.blogsoestado.com\/danielmatos\/vamos-tomar-posse-juntos-diz-wellington-ao-convidar-populacao-para-a-solenidade\/#primaryimage\",\"url\":\"https:\/\/www.blogsoestado.com\/danielmatos\/files\/2019\/01\/IMG-20190131-WA0186-1024x1024.jpg\",\"contentUrl\":\"https:\/\/www.blogsoestado.com\/danielmatos\/files\/2019\/01\/IMG-20190131-WA0186-1024x1024.jpg\"},{\"@type\":\"BreadcrumbList\",\"@id\":\"https:\/\/www.blogsoestado.com\/danielmatos\/vamos-tomar-posse-juntos-diz-wellington-ao-convidar-populacao-para-a-solenidade\/#breadcrumb\",\"itemListElement\":[{\"@type\":\"ListItem\",\"position\":1,\"name\":\"In\u00edcio\",\"item\":\"https:\/\/www.blogsoestado.com\/danielmatos\/\"},{\"@type\":\"ListItem\",\"position\":2,\"name\":\"&#8220;Vamos tomar posse juntos&#8221;, diz Wellington ao convidar popula\u00e7\u00e3o para a solenidade\"}]},{\"@type\":\"WebSite\",\"@id\":\"https:\/\/www.blogsoestado.com\/danielmatos\/#website\",\"url\":\"https:\/\/www.blogsoestado.com\/danielmatos\/\",\"name\":\"Daniel Matos\",\"description\":\"\",\"potentialAction\":[{\"@type\":\"SearchAction\",\"target\":{\"@type\":\"EntryPoint\",\"urlTemplate\":\"https:\/\/www.blogsoestado.com\/danielmatos\/?s={search_term_string}\"},\"query-input\":{\"@type\":\"PropertyValueSpecification\",\"valueRequired\":true,\"valueName\":\"search_term_string\"}}],\"inLanguage\":\"pt-BR\"}]}<\/script>\n<!-- \/ Yoast SEO plugin. -->","yoast_head_json":{"title":"\"Vamos tomar posse juntos\", diz Wellington ao convidar popula\u00e7\u00e3o para a solenidade - Daniel Matos","robots":{"index":"index","follow":"follow","max-snippet":"max-snippet:-1","max-image-preview":"max-image-preview:large","max-video-preview":"max-video-preview:-1"},"canonical":"https:\/\/www.blogsoestado.com\/danielmatos\/vamos-tomar-posse-juntos-diz-wellington-ao-convidar-populacao-para-a-solenidade\/","og_locale":"pt_BR","og_type":"article","og_title":"\"Vamos tomar posse juntos\", diz Wellington ao convidar popula\u00e7\u00e3o para a solenidade - Daniel Matos","og_description":"A posse do deputado estadual Wellington do Curso como parlamentar reeleito acontecer\u00e1 nesta sexta-feira, dia 01, \u00e0s 9h30, na Assembleia [&hellip;]","og_url":"https:\/\/www.blogsoestado.com\/danielmatos\/vamos-tomar-posse-juntos-diz-wellington-ao-convidar-populacao-para-a-solenidade\/","og_site_name":"Daniel Matos","article_published_time":"2019-01-31T22:37:19+00:00","og_image":[{"url":"https:\/\/www.blogsoestado.com\/danielmatos\/files\/2019\/01\/IMG-20190131-WA0186-1024x1024.jpg","type":"","width":"","height":""}],"twitter_card":"summary_large_image","twitter_misc":{"Est. tempo de leitura":"1 minuto"},"schema":{"@context":"https:\/\/schema.org","@graph":[{"@type":"WebPage","@id":"https:\/\/www.blogsoestado.com\/danielmatos\/vamos-tomar-posse-juntos-diz-wellington-ao-convidar-populacao-para-a-solenidade\/","url":"https:\/\/www.blogsoestado.com\/danielmatos\/vamos-tomar-posse-juntos-diz-wellington-ao-convidar-populacao-para-a-solenidade\/","name":"\"Vamos tomar posse juntos\", diz Wellington ao convidar popula\u00e7\u00e3o para a solenidade - Daniel Matos","isPartOf":{"@id":"https:\/\/www.blogsoestado.com\/danielmatos\/#website"},"primaryImageOfPage":{"@id":"https:\/\/www.blogsoestado.com\/danielmatos\/vamos-tomar-posse-juntos-diz-wellington-ao-convidar-populacao-para-a-solenidade\/#primaryimage"},"image":{"@id":"https:\/\/www.blogsoestado.com\/danielmatos\/vamos-tomar-posse-juntos-diz-wellington-ao-convidar-populacao-para-a-solenidade\/#primaryimage"},"thumbnailUrl":"https:\/\/www.blogsoestado.com\/danielmatos\/files\/2019\/01\/IMG-20190131-WA0186-1024x1024.jpg","datePublished":"2019-01-31T22:37:19+00:00","author":{"@id":""},"breadcrumb":{"@id":"https:\/\/www.blogsoestado.com\/danielmatos\/vamos-tomar-posse-juntos-diz-wellington-ao-convidar-populacao-para-a-solenidade\/#breadcrumb"},"inLanguage":"pt-BR","potentialAction":[{"@type":"ReadAction","target":["https:\/\/www.blogsoestado.com\/danielmatos\/vamos-tomar-posse-juntos-diz-wellington-ao-convidar-populacao-para-a-solenidade\/"]}]},{"@type":"ImageObject","inLanguage":"pt-BR","@id":"https:\/\/www.blogsoestado.com\/danielmatos\/vamos-tomar-posse-juntos-diz-wellington-ao-convidar-populacao-para-a-solenidade\/#primaryimage","url":"https:\/\/www.blogsoestado.com\/danielmatos\/files\/2019\/01\/IMG-20190131-WA0186-1024x1024.jpg","contentUrl":"https:\/\/www.blogsoestado.com\/danielmatos\/files\/2019\/01\/IMG-20190131-WA0186-1024x1024.jpg"},{"@type":"BreadcrumbList","@id":"https:\/\/www.blogsoestado.com\/danielmatos\/vamos-tomar-posse-juntos-diz-wellington-ao-convidar-populacao-para-a-solenidade\/#breadcrumb","itemListElement":[{"@type":"ListItem","position":1,"name":"In\u00edcio","item":"https:\/\/www.blogsoestado.com\/danielmatos\/"},{"@type":"ListItem","position":2,"name":"&#8220;Vamos tomar posse juntos&#8221;, diz Wellington ao convidar popula\u00e7\u00e3o para a solenidade"}]},{"@type":"WebSite","@id":"https:\/\/www.blogsoestado.com\/danielmatos\/#website","url":"https:\/\/www.blogsoestado.com\/danielmatos\/","name":"Daniel Matos","description":"","potentialAction":[{"@type":"SearchAction","target":{"@type":"EntryPoint","urlTemplate":"https:\/\/www.blogsoestado.com\/danielmatos\/?s={search_term_string}"},"query-input":{"@type":"PropertyValueSpecification","valueRequired":true,"valueName":"search_term_string"}}],"inLanguage":"pt-BR"}]}},"jetpack_featured_media_url":"","_links":{"self":[{"href":"https:\/\/www.blogsoestado.com\/danielmatos\/wp-json\/wp\/v2\/posts\/59967","targetHints":{"allow":["GET"]}}],"collection":[{"href":"https:\/\/www.blogsoestado.com\/danielmatos\/wp-json\/wp\/v2\/posts"}],"about":[{"href":"https:\/\/www.blogsoestado.com\/danielmatos\/wp-json\/wp\/v2\/types\/post"}],"replies":[{"embeddable":true,"href":"https:\/\/www.blogsoestado.com\/danielmatos\/wp-json\/wp\/v2\/comments?post=59967"}],"version-history":[{"count":0,"href":"https:\/\/www.blogsoestado.com\/danielmatos\/wp-json\/wp\/v2\/posts\/59967\/revisions"}],"wp:attachment":[{"href":"https:\/\/www.blogsoestado.com\/danielmatos\/wp-json\/wp\/v2\/media?parent=59967"}],"wp:term":[{"taxonomy":"category","embeddable":true,"href":"https:\/\/www.blogsoestado.com\/danielmatos\/wp-json\/wp\/v2\/categories?post=59967"},{"taxonomy":"post_tag","embeddable":true,"href":"https:\/\/www.blogsoestado.com\/danielmatos\/wp-json\/wp\/v2\/tags?post=59967"}],"curies":[{"name":"wp","href":"https:\/\/api.w.org\/{rel}","templated":true}]}}