{"id":59970,"date":"2019-01-31T20:28:15","date_gmt":"2019-01-31T23:28:15","guid":{"rendered":"https:\/\/www.blogsoestado.com\/danielmatos\/?p=59970"},"modified":"2019-01-31T20:28:15","modified_gmt":"2019-01-31T23:28:15","slug":"colisao-frontal-na-br-402-matou-5-e-deixou-11-feridos-motorista-de-van-estaria-alcoolizado","status":"publish","type":"post","link":"https:\/\/www.blogsoestado.com\/danielmatos\/colisao-frontal-na-br-402-matou-5-e-deixou-11-feridos-motorista-de-van-estaria-alcoolizado\/","title":{"rendered":"Colis\u00e3o frontal na BR-402 matou 5 e deixou 11 feridos; motorista de van estaria alcoolizado"},"content":{"rendered":"\n<div class=\"wp-block-image\"><figure class=\"aligncenter\"><img decoding=\"async\" src=\"https:\/\/www.blogsoestado.com\/danielmatos\/files\/2019\/01\/trag\u00e9dia-br2.jpg\" alt=\"\" class=\"wp-image-59958\"\/><figcaption>Destro\u00e7os da van, cujo condutor fez ultrapassagem indevida e apresentava ind\u00edcios de embriaguez<\/figcaption><\/figure><\/div>\n\n\n\n<p>A Pol\u00edcia Rodovi\u00e1ria Federal (PRF) divulgou por volta das 19h30 desta quinta-feira (31), as primeiras informa\u00e7\u00f5es oficiais de um grave acidente ocorrido no km 54 da BR 402, entre os munic\u00edpios de Morros e Icatu, no norte do Maranh\u00e3o. <\/p>\n\n\n\n<p>De acordo com a equipe PRF que atendeu a ocorr\u00eancia, por volta das 14h, uma van que trafegava decrescente (sentido Barreirinhas para Ros\u00e1rio) tentou uma ultrapassagem e colidiu com um caminh\u00e3o frigor\u00edfico, que trafegava no sentido contr\u00e1rio. Cinco pessoas morreram no local e outras seis ficaram feridas. <\/p>\n\n\n\n<p>A equipe ainda n\u00e3o confirmou o estado de sa\u00fade dos feridos. Os policiais informaram que existem vest\u00edgios de embriaguez por parte do condutor da van. <\/p>\n\n\n\n<p>A qualquer hora ou no relat\u00f3rio matinal postado diariamente pela PRF, dever\u00e3o ser divulgadas mais informa\u00e7\u00f5es sobre o grave acidente. <\/p>\n\n\n\n<p><strong>Fonte<\/strong>: PRF<\/p>\n","protected":false},"excerpt":{"rendered":"<p>A Pol\u00edcia Rodovi\u00e1ria Federal (PRF) divulgou por volta das 19h30 desta quinta-feira (31), as primeiras informa\u00e7\u00f5es oficiais de um grave [&hellip;]<\/p>\n","protected":false},"author":0,"featured_media":0,"comment_status":"open","ping_status":"open","sticky":false,"template":"","format":"standard","meta":{"site-sidebar-layout":"default","site-content-layout":"","ast-site-content-layout":"default","site-content-style":"default","site-sidebar-style":"default","ast-global-header-display":"","ast-banner-title-visibility":"","ast-main-header-display":"","ast-hfb-above-header-display":"","ast-hfb-below-header-display":"","ast-hfb-mobile-header-display":"","site-post-title":"","ast-breadcrumbs-content":"","ast-featured-img":"","footer-sml-layout":"","ast-disable-related-posts":"","theme-transparent-header-meta":"","adv-header-id-meta":"","stick-header-meta":"","header-above-stick-meta":"","header-main-stick-meta":"","header-below-stick-meta":"","astra-migrate-meta-layouts":"default","ast-page-background-enabled":"default","ast-page-background-meta":{"desktop":{"background-color":"var(--ast-global-color-5)","background-image":"","background-repeat":"repeat","background-position":"center center","background-size":"auto","background-attachment":"scroll","background-type":"","background-media":"","overlay-type":"","overlay-color":"","overlay-opacity":"","overlay-gradient":""},"tablet":{"background-color":"","background-image":"","background-repeat":"repeat","background-position":"center center","background-size":"auto","background-attachment":"scroll","background-type":"","background-media":"","overlay-type":"","overlay-color":"","overlay-opacity":"","overlay-gradient":""},"mobile":{"background-color":"","background-image":"","background-repeat":"repeat","background-position":"center center","background-size":"auto","background-attachment":"scroll","background-type":"","background-media":"","overlay-type":"","overlay-color":"","overlay-opacity":"","overlay-gradient":""}},"ast-content-background-meta":{"desktop":{"background-color":"var(--ast-global-color-4)","background-image":"","background-repeat":"repeat","background-position":"center center","background-size":"auto","background-attachment":"scroll","background-type":"","background-media":"","overlay-type":"","overlay-color":"","overlay-opacity":"","overlay-gradient":""},"tablet":{"background-color":"var(--ast-global-color-4)","background-image":"","background-repeat":"repeat","background-position":"center center","background-size":"auto","background-attachment":"scroll","background-type":"","background-media":"","overlay-type":"","overlay-color":"","overlay-opacity":"","overlay-gradient":""},"mobile":{"background-color":"var(--ast-global-color-4)","background-image":"","background-repeat":"repeat","background-position":"center center","background-size":"auto","background-attachment":"scroll","background-type":"","background-media":"","overlay-type":"","overlay-color":"","overlay-opacity":"","overlay-gradient":""}},"footnotes":""},"categories":[1],"tags":[],"class_list":["post-59970","post","type-post","status-publish","format-standard","hentry","category-sem-categoria"],"yoast_head":"<!-- This site is optimized with the Yoast SEO plugin v26.6 - https:\/\/yoast.com\/wordpress\/plugins\/seo\/ -->\n<title>Colis\u00e3o frontal na BR-402 matou 5 e deixou 11 feridos; motorista de van estaria alcoolizado - Daniel Matos<\/title>\n<meta name=\"robots\" content=\"index, follow, max-snippet:-1, max-image-preview:large, max-video-preview:-1\" \/>\n<link rel=\"canonical\" href=\"https:\/\/www.blogsoestado.com\/danielmatos\/colisao-frontal-na-br-402-matou-5-e-deixou-11-feridos-motorista-de-van-estaria-alcoolizado\/\" \/>\n<meta property=\"og:locale\" content=\"pt_BR\" \/>\n<meta property=\"og:type\" content=\"article\" \/>\n<meta property=\"og:title\" content=\"Colis\u00e3o frontal na BR-402 matou 5 e deixou 11 feridos; motorista de van estaria alcoolizado - Daniel Matos\" \/>\n<meta property=\"og:description\" content=\"A Pol\u00edcia Rodovi\u00e1ria Federal (PRF) divulgou por volta das 19h30 desta quinta-feira (31), as primeiras informa\u00e7\u00f5es oficiais de um grave [&hellip;]\" \/>\n<meta property=\"og:url\" content=\"https:\/\/www.blogsoestado.com\/danielmatos\/colisao-frontal-na-br-402-matou-5-e-deixou-11-feridos-motorista-de-van-estaria-alcoolizado\/\" \/>\n<meta property=\"og:site_name\" content=\"Daniel Matos\" \/>\n<meta property=\"article:published_time\" content=\"2019-01-31T23:28:15+00:00\" \/>\n<meta name=\"twitter:card\" content=\"summary_large_image\" \/>\n<meta name=\"twitter:label1\" content=\"Est. tempo de leitura\" \/>\n\t<meta name=\"twitter:data1\" content=\"1 minuto\" \/>\n<script type=\"application\/ld+json\" class=\"yoast-schema-graph\">{\"@context\":\"https:\/\/schema.org\",\"@graph\":[{\"@type\":\"WebPage\",\"@id\":\"https:\/\/www.blogsoestado.com\/danielmatos\/colisao-frontal-na-br-402-matou-5-e-deixou-11-feridos-motorista-de-van-estaria-alcoolizado\/\",\"url\":\"https:\/\/www.blogsoestado.com\/danielmatos\/colisao-frontal-na-br-402-matou-5-e-deixou-11-feridos-motorista-de-van-estaria-alcoolizado\/\",\"name\":\"Colis\u00e3o frontal na BR-402 matou 5 e deixou 11 feridos; motorista de van estaria alcoolizado - Daniel Matos\",\"isPartOf\":{\"@id\":\"https:\/\/www.blogsoestado.com\/danielmatos\/#website\"},\"datePublished\":\"2019-01-31T23:28:15+00:00\",\"author\":{\"@id\":\"\"},\"breadcrumb\":{\"@id\":\"https:\/\/www.blogsoestado.com\/danielmatos\/colisao-frontal-na-br-402-matou-5-e-deixou-11-feridos-motorista-de-van-estaria-alcoolizado\/#breadcrumb\"},\"inLanguage\":\"pt-BR\",\"potentialAction\":[{\"@type\":\"ReadAction\",\"target\":[\"https:\/\/www.blogsoestado.com\/danielmatos\/colisao-frontal-na-br-402-matou-5-e-deixou-11-feridos-motorista-de-van-estaria-alcoolizado\/\"]}]},{\"@type\":\"BreadcrumbList\",\"@id\":\"https:\/\/www.blogsoestado.com\/danielmatos\/colisao-frontal-na-br-402-matou-5-e-deixou-11-feridos-motorista-de-van-estaria-alcoolizado\/#breadcrumb\",\"itemListElement\":[{\"@type\":\"ListItem\",\"position\":1,\"name\":\"In\u00edcio\",\"item\":\"https:\/\/www.blogsoestado.com\/danielmatos\/\"},{\"@type\":\"ListItem\",\"position\":2,\"name\":\"Colis\u00e3o frontal na BR-402 matou 5 e deixou 11 feridos; motorista de van estaria alcoolizado\"}]},{\"@type\":\"WebSite\",\"@id\":\"https:\/\/www.blogsoestado.com\/danielmatos\/#website\",\"url\":\"https:\/\/www.blogsoestado.com\/danielmatos\/\",\"name\":\"Daniel Matos\",\"description\":\"\",\"potentialAction\":[{\"@type\":\"SearchAction\",\"target\":{\"@type\":\"EntryPoint\",\"urlTemplate\":\"https:\/\/www.blogsoestado.com\/danielmatos\/?s={search_term_string}\"},\"query-input\":{\"@type\":\"PropertyValueSpecification\",\"valueRequired\":true,\"valueName\":\"search_term_string\"}}],\"inLanguage\":\"pt-BR\"}]}<\/script>\n<!-- \/ Yoast SEO plugin. -->","yoast_head_json":{"title":"Colis\u00e3o frontal na BR-402 matou 5 e deixou 11 feridos; motorista de van estaria alcoolizado - Daniel Matos","robots":{"index":"index","follow":"follow","max-snippet":"max-snippet:-1","max-image-preview":"max-image-preview:large","max-video-preview":"max-video-preview:-1"},"canonical":"https:\/\/www.blogsoestado.com\/danielmatos\/colisao-frontal-na-br-402-matou-5-e-deixou-11-feridos-motorista-de-van-estaria-alcoolizado\/","og_locale":"pt_BR","og_type":"article","og_title":"Colis\u00e3o frontal na BR-402 matou 5 e deixou 11 feridos; motorista de van estaria alcoolizado - Daniel Matos","og_description":"A Pol\u00edcia Rodovi\u00e1ria Federal (PRF) divulgou por volta das 19h30 desta quinta-feira (31), as primeiras informa\u00e7\u00f5es oficiais de um grave [&hellip;]","og_url":"https:\/\/www.blogsoestado.com\/danielmatos\/colisao-frontal-na-br-402-matou-5-e-deixou-11-feridos-motorista-de-van-estaria-alcoolizado\/","og_site_name":"Daniel Matos","article_published_time":"2019-01-31T23:28:15+00:00","twitter_card":"summary_large_image","twitter_misc":{"Est. tempo de leitura":"1 minuto"},"schema":{"@context":"https:\/\/schema.org","@graph":[{"@type":"WebPage","@id":"https:\/\/www.blogsoestado.com\/danielmatos\/colisao-frontal-na-br-402-matou-5-e-deixou-11-feridos-motorista-de-van-estaria-alcoolizado\/","url":"https:\/\/www.blogsoestado.com\/danielmatos\/colisao-frontal-na-br-402-matou-5-e-deixou-11-feridos-motorista-de-van-estaria-alcoolizado\/","name":"Colis\u00e3o frontal na BR-402 matou 5 e deixou 11 feridos; motorista de van estaria alcoolizado - Daniel Matos","isPartOf":{"@id":"https:\/\/www.blogsoestado.com\/danielmatos\/#website"},"datePublished":"2019-01-31T23:28:15+00:00","author":{"@id":""},"breadcrumb":{"@id":"https:\/\/www.blogsoestado.com\/danielmatos\/colisao-frontal-na-br-402-matou-5-e-deixou-11-feridos-motorista-de-van-estaria-alcoolizado\/#breadcrumb"},"inLanguage":"pt-BR","potentialAction":[{"@type":"ReadAction","target":["https:\/\/www.blogsoestado.com\/danielmatos\/colisao-frontal-na-br-402-matou-5-e-deixou-11-feridos-motorista-de-van-estaria-alcoolizado\/"]}]},{"@type":"BreadcrumbList","@id":"https:\/\/www.blogsoestado.com\/danielmatos\/colisao-frontal-na-br-402-matou-5-e-deixou-11-feridos-motorista-de-van-estaria-alcoolizado\/#breadcrumb","itemListElement":[{"@type":"ListItem","position":1,"name":"In\u00edcio","item":"https:\/\/www.blogsoestado.com\/danielmatos\/"},{"@type":"ListItem","position":2,"name":"Colis\u00e3o frontal na BR-402 matou 5 e deixou 11 feridos; motorista de van estaria alcoolizado"}]},{"@type":"WebSite","@id":"https:\/\/www.blogsoestado.com\/danielmatos\/#website","url":"https:\/\/www.blogsoestado.com\/danielmatos\/","name":"Daniel Matos","description":"","potentialAction":[{"@type":"SearchAction","target":{"@type":"EntryPoint","urlTemplate":"https:\/\/www.blogsoestado.com\/danielmatos\/?s={search_term_string}"},"query-input":{"@type":"PropertyValueSpecification","valueRequired":true,"valueName":"search_term_string"}}],"inLanguage":"pt-BR"}]}},"jetpack_featured_media_url":"","_links":{"self":[{"href":"https:\/\/www.blogsoestado.com\/danielmatos\/wp-json\/wp\/v2\/posts\/59970","targetHints":{"allow":["GET"]}}],"collection":[{"href":"https:\/\/www.blogsoestado.com\/danielmatos\/wp-json\/wp\/v2\/posts"}],"about":[{"href":"https:\/\/www.blogsoestado.com\/danielmatos\/wp-json\/wp\/v2\/types\/post"}],"replies":[{"embeddable":true,"href":"https:\/\/www.blogsoestado.com\/danielmatos\/wp-json\/wp\/v2\/comments?post=59970"}],"version-history":[{"count":0,"href":"https:\/\/www.blogsoestado.com\/danielmatos\/wp-json\/wp\/v2\/posts\/59970\/revisions"}],"wp:attachment":[{"href":"https:\/\/www.blogsoestado.com\/danielmatos\/wp-json\/wp\/v2\/media?parent=59970"}],"wp:term":[{"taxonomy":"category","embeddable":true,"href":"https:\/\/www.blogsoestado.com\/danielmatos\/wp-json\/wp\/v2\/categories?post=59970"},{"taxonomy":"post_tag","embeddable":true,"href":"https:\/\/www.blogsoestado.com\/danielmatos\/wp-json\/wp\/v2\/tags?post=59970"}],"curies":[{"name":"wp","href":"https:\/\/api.w.org\/{rel}","templated":true}]}}