{"id":59981,"date":"2019-01-31T22:12:37","date_gmt":"2019-02-01T01:12:37","guid":{"rendered":"https:\/\/www.blogsoestado.com\/danielmatos\/?p=59981"},"modified":"2019-01-31T22:12:37","modified_gmt":"2019-02-01T01:12:37","slug":"cerimonia-de-posse-dos-deputados-e-eleicao-da-nova-mesa-diretora-serao-nesta-sexta-feira","status":"publish","type":"post","link":"https:\/\/www.blogsoestado.com\/danielmatos\/cerimonia-de-posse-dos-deputados-e-eleicao-da-nova-mesa-diretora-serao-nesta-sexta-feira\/","title":{"rendered":"Cerim\u00f4nia de posse dos deputados e elei\u00e7\u00e3o da nova Mesa Diretora ser\u00e3o nesta sexta-feira"},"content":{"rendered":"\n<div class=\"wp-block-image\"><figure class=\"aligncenter\"><img decoding=\"async\" src=\"https:\/\/www.blogsoestado.com\/danielmatos\/files\/2019\/01\/Posse-1024x683.jpg\" alt=\"\" class=\"wp-image-59983\"\/><figcaption>Plen\u00e1rio da Assembleia Legislativa preparado para o posse e a elei\u00e7\u00e3o da Mesa<\/figcaption><\/figure><\/div>\n\n\n\n<p>Os 42 deputados estaduais eleitos para a 19\u00aa Legislatura da Assembleia Legislativa do Maranh\u00e3o ser\u00e3o empossados, nesta sexta-feira (1\u00ba), \u00e0s 9h30, no Plen\u00e1rio Nagib Haickel. Logo em seguida, \u00e0s 11h30, tamb\u00e9m acontecer\u00e1 a elei\u00e7\u00e3o da nova Mesa Diretora, que dever\u00e1 comandar o Legislativo estadual pelos pr\u00f3ximos dois anos.<br><\/p>\n\n\n\n<p>A cerim\u00f4nia de posse ser\u00e1 presidida pelo deputado Rigo Teles (PV), que \u00e9 o decano entre os parlamentares, com seis mandatos. No rito, os deputados eleitos prestar\u00e3o o compromisso de manter, defender e cumprir a Constitui\u00e7\u00e3o do Brasil e a Constitui\u00e7\u00e3o do Estado, observar as leis e desempenhar com lealdade, dedica\u00e7\u00e3o e \u00e9tica o mandato a que lhes foi confiado pelo povo do Maranh\u00e3o.<\/p>\n\n\n\n<p>O governador Fl\u00e1vio Dino (PCdoB) tamb\u00e9m confirmou presen\u00e7a e far\u00e1 um discurso antes do encerramento da cerim\u00f4nia.<\/p>\n\n\n\n<p>A elei\u00e7\u00e3o da nova Mesa Diretora tamb\u00e9m ser\u00e1 comandada pelo deputado Rigo Teles, logo ap\u00f3s a posse dos parlamentares. Eles dever\u00e3o escolher, entre seus pares, aqueles que ocupar\u00e3o os cargos de presidente da Assembleia, 1\u00ba vice-presidente, 2\u00ba vice-presidente, 3\u00ba vice-presidente e 4\u00ba vice-presidente; 1\u00ba secret\u00e1rio, 2\u00ba secret\u00e1rio, 3\u00ba secret\u00e1rio e 4\u00ba secret\u00e1rio, e para o cargo de Procuradora da Mulher.<\/p>\n\n\n\n<p>Ao final da elei\u00e7\u00e3o, os membros da Mesa Diretora eleita dever\u00e3o dar entrevista coletiva \u00e0 imprensa, no hall do Plen\u00e1rio Nagib Haickel.<\/p>\n\n\n\n<p><strong>Abertura dos trabalhos<\/strong><\/p>\n\n\n\n<p>J\u00e1 na segunda-feira (4), \u00e0s 16h, acontecer\u00e1 a cerim\u00f4nia de abertura dos trabalhos. De acordo com a chefe do Cerimonial da Casa, Arist\u00e9ia Rabelo Machado, logo no in\u00edcio da cerim\u00f4nia, os participantes da sess\u00e3o solene se deslocar\u00e3o para o hall de entrada da Assembleia Legislativa, onde acontecer\u00e1 a cerim\u00f4nia militar.<\/p>\n\n\n\n<p>A sess\u00e3o solene, que marcar\u00e1 o in\u00edcio do Ano Legislativo de 2019, dever\u00e1 ser iniciada com a leitura da Mensagem Governamental. Em seguida, o presidente eleito da Assembleia Legislativa far\u00e1 discurso, com o qual dever\u00e1 ser encerrada a sess\u00e3o solene.<\/p>\n\n\n\n<p><strong>Transmiss\u00e3o ao vivo<\/strong><\/p>\n\n\n\n<p>Tanto a cerim\u00f4nia de posse e elei\u00e7\u00e3o da nova Mesa Diretora, quanto a abertura dos trabalhos ser\u00e3o transmitidos, ao vivo, pela TV Assembleia (canal aberto 51.2 \/ 17 TVN) e pelo site&nbsp;<a href=\"http:\/\/www.al.ma.leg.br\/tv\" target=\"_blank\" rel=\"noreferrer noopener\">www.al.ma.leg.br\/tv<\/a>. Os internautas tamb\u00e9m poder\u00e3o acompanhar a cobertura das solenidades pelas redes sociais da TV Assembleia e Ag\u00eancia Assembleia.<\/p>\n","protected":false},"excerpt":{"rendered":"<p>Os 42 deputados estaduais eleitos para a 19\u00aa Legislatura da Assembleia Legislativa do Maranh\u00e3o ser\u00e3o empossados, nesta sexta-feira (1\u00ba), \u00e0s [&hellip;]<\/p>\n","protected":false},"author":0,"featured_media":0,"comment_status":"open","ping_status":"open","sticky":false,"template":"","format":"standard","meta":{"site-sidebar-layout":"default","site-content-layout":"","ast-site-content-layout":"default","site-content-style":"default","site-sidebar-style":"default","ast-global-header-display":"","ast-banner-title-visibility":"","ast-main-header-display":"","ast-hfb-above-header-display":"","ast-hfb-below-header-display":"","ast-hfb-mobile-header-display":"","site-post-title":"","ast-breadcrumbs-content":"","ast-featured-img":"","footer-sml-layout":"","ast-disable-related-posts":"","theme-transparent-header-meta":"","adv-header-id-meta":"","stick-header-meta":"","header-above-stick-meta":"","header-main-stick-meta":"","header-below-stick-meta":"","astra-migrate-meta-layouts":"default","ast-page-background-enabled":"default","ast-page-background-meta":{"desktop":{"background-color":"var(--ast-global-color-5)","background-image":"","background-repeat":"repeat","background-position":"center center","background-size":"auto","background-attachment":"scroll","background-type":"","background-media":"","overlay-type":"","overlay-color":"","overlay-opacity":"","overlay-gradient":""},"tablet":{"background-color":"","background-image":"","background-repeat":"repeat","background-position":"center center","background-size":"auto","background-attachment":"scroll","background-type":"","background-media":"","overlay-type":"","overlay-color":"","overlay-opacity":"","overlay-gradient":""},"mobile":{"background-color":"","background-image":"","background-repeat":"repeat","background-position":"center center","background-size":"auto","background-attachment":"scroll","background-type":"","background-media":"","overlay-type":"","overlay-color":"","overlay-opacity":"","overlay-gradient":""}},"ast-content-background-meta":{"desktop":{"background-color":"var(--ast-global-color-4)","background-image":"","background-repeat":"repeat","background-position":"center center","background-size":"auto","background-attachment":"scroll","background-type":"","background-media":"","overlay-type":"","overlay-color":"","overlay-opacity":"","overlay-gradient":""},"tablet":{"background-color":"var(--ast-global-color-4)","background-image":"","background-repeat":"repeat","background-position":"center center","background-size":"auto","background-attachment":"scroll","background-type":"","background-media":"","overlay-type":"","overlay-color":"","overlay-opacity":"","overlay-gradient":""},"mobile":{"background-color":"var(--ast-global-color-4)","background-image":"","background-repeat":"repeat","background-position":"center center","background-size":"auto","background-attachment":"scroll","background-type":"","background-media":"","overlay-type":"","overlay-color":"","overlay-opacity":"","overlay-gradient":""}},"footnotes":""},"categories":[1],"tags":[],"class_list":["post-59981","post","type-post","status-publish","format-standard","hentry","category-sem-categoria"],"yoast_head":"<!-- This site is optimized with the Yoast SEO plugin v26.6 - https:\/\/yoast.com\/wordpress\/plugins\/seo\/ -->\n<title>Cerim\u00f4nia de posse dos deputados e elei\u00e7\u00e3o da nova Mesa Diretora ser\u00e3o nesta sexta-feira - Daniel Matos<\/title>\n<meta name=\"robots\" content=\"index, follow, max-snippet:-1, max-image-preview:large, max-video-preview:-1\" \/>\n<link rel=\"canonical\" href=\"https:\/\/www.blogsoestado.com\/danielmatos\/cerimonia-de-posse-dos-deputados-e-eleicao-da-nova-mesa-diretora-serao-nesta-sexta-feira\/\" \/>\n<meta property=\"og:locale\" content=\"pt_BR\" \/>\n<meta property=\"og:type\" content=\"article\" \/>\n<meta property=\"og:title\" content=\"Cerim\u00f4nia de posse dos deputados e elei\u00e7\u00e3o da nova Mesa Diretora ser\u00e3o nesta sexta-feira - Daniel Matos\" \/>\n<meta property=\"og:description\" content=\"Os 42 deputados estaduais eleitos para a 19\u00aa Legislatura da Assembleia Legislativa do Maranh\u00e3o ser\u00e3o empossados, nesta sexta-feira (1\u00ba), \u00e0s [&hellip;]\" \/>\n<meta property=\"og:url\" content=\"https:\/\/www.blogsoestado.com\/danielmatos\/cerimonia-de-posse-dos-deputados-e-eleicao-da-nova-mesa-diretora-serao-nesta-sexta-feira\/\" \/>\n<meta property=\"og:site_name\" content=\"Daniel Matos\" \/>\n<meta property=\"article:published_time\" content=\"2019-02-01T01:12:37+00:00\" \/>\n<meta property=\"og:image\" content=\"https:\/\/www.blogsoestado.com\/danielmatos\/files\/2019\/01\/Posse-1024x683.jpg\" \/>\n<meta name=\"twitter:card\" content=\"summary_large_image\" \/>\n<meta name=\"twitter:label1\" content=\"Est. tempo de leitura\" \/>\n\t<meta name=\"twitter:data1\" content=\"2 minutos\" \/>\n<script type=\"application\/ld+json\" class=\"yoast-schema-graph\">{\"@context\":\"https:\/\/schema.org\",\"@graph\":[{\"@type\":\"WebPage\",\"@id\":\"https:\/\/www.blogsoestado.com\/danielmatos\/cerimonia-de-posse-dos-deputados-e-eleicao-da-nova-mesa-diretora-serao-nesta-sexta-feira\/\",\"url\":\"https:\/\/www.blogsoestado.com\/danielmatos\/cerimonia-de-posse-dos-deputados-e-eleicao-da-nova-mesa-diretora-serao-nesta-sexta-feira\/\",\"name\":\"Cerim\u00f4nia de posse dos deputados e elei\u00e7\u00e3o da nova Mesa Diretora ser\u00e3o nesta sexta-feira - Daniel Matos\",\"isPartOf\":{\"@id\":\"https:\/\/www.blogsoestado.com\/danielmatos\/#website\"},\"primaryImageOfPage\":{\"@id\":\"https:\/\/www.blogsoestado.com\/danielmatos\/cerimonia-de-posse-dos-deputados-e-eleicao-da-nova-mesa-diretora-serao-nesta-sexta-feira\/#primaryimage\"},\"image\":{\"@id\":\"https:\/\/www.blogsoestado.com\/danielmatos\/cerimonia-de-posse-dos-deputados-e-eleicao-da-nova-mesa-diretora-serao-nesta-sexta-feira\/#primaryimage\"},\"thumbnailUrl\":\"https:\/\/www.blogsoestado.com\/danielmatos\/files\/2019\/01\/Posse-1024x683.jpg\",\"datePublished\":\"2019-02-01T01:12:37+00:00\",\"author\":{\"@id\":\"\"},\"breadcrumb\":{\"@id\":\"https:\/\/www.blogsoestado.com\/danielmatos\/cerimonia-de-posse-dos-deputados-e-eleicao-da-nova-mesa-diretora-serao-nesta-sexta-feira\/#breadcrumb\"},\"inLanguage\":\"pt-BR\",\"potentialAction\":[{\"@type\":\"ReadAction\",\"target\":[\"https:\/\/www.blogsoestado.com\/danielmatos\/cerimonia-de-posse-dos-deputados-e-eleicao-da-nova-mesa-diretora-serao-nesta-sexta-feira\/\"]}]},{\"@type\":\"ImageObject\",\"inLanguage\":\"pt-BR\",\"@id\":\"https:\/\/www.blogsoestado.com\/danielmatos\/cerimonia-de-posse-dos-deputados-e-eleicao-da-nova-mesa-diretora-serao-nesta-sexta-feira\/#primaryimage\",\"url\":\"https:\/\/www.blogsoestado.com\/danielmatos\/files\/2019\/01\/Posse-1024x683.jpg\",\"contentUrl\":\"https:\/\/www.blogsoestado.com\/danielmatos\/files\/2019\/01\/Posse-1024x683.jpg\"},{\"@type\":\"BreadcrumbList\",\"@id\":\"https:\/\/www.blogsoestado.com\/danielmatos\/cerimonia-de-posse-dos-deputados-e-eleicao-da-nova-mesa-diretora-serao-nesta-sexta-feira\/#breadcrumb\",\"itemListElement\":[{\"@type\":\"ListItem\",\"position\":1,\"name\":\"In\u00edcio\",\"item\":\"https:\/\/www.blogsoestado.com\/danielmatos\/\"},{\"@type\":\"ListItem\",\"position\":2,\"name\":\"Cerim\u00f4nia de posse dos deputados e elei\u00e7\u00e3o da nova Mesa Diretora ser\u00e3o nesta sexta-feira\"}]},{\"@type\":\"WebSite\",\"@id\":\"https:\/\/www.blogsoestado.com\/danielmatos\/#website\",\"url\":\"https:\/\/www.blogsoestado.com\/danielmatos\/\",\"name\":\"Daniel Matos\",\"description\":\"\",\"potentialAction\":[{\"@type\":\"SearchAction\",\"target\":{\"@type\":\"EntryPoint\",\"urlTemplate\":\"https:\/\/www.blogsoestado.com\/danielmatos\/?s={search_term_string}\"},\"query-input\":{\"@type\":\"PropertyValueSpecification\",\"valueRequired\":true,\"valueName\":\"search_term_string\"}}],\"inLanguage\":\"pt-BR\"}]}<\/script>\n<!-- \/ Yoast SEO plugin. -->","yoast_head_json":{"title":"Cerim\u00f4nia de posse dos deputados e elei\u00e7\u00e3o da nova Mesa Diretora ser\u00e3o nesta sexta-feira - Daniel Matos","robots":{"index":"index","follow":"follow","max-snippet":"max-snippet:-1","max-image-preview":"max-image-preview:large","max-video-preview":"max-video-preview:-1"},"canonical":"https:\/\/www.blogsoestado.com\/danielmatos\/cerimonia-de-posse-dos-deputados-e-eleicao-da-nova-mesa-diretora-serao-nesta-sexta-feira\/","og_locale":"pt_BR","og_type":"article","og_title":"Cerim\u00f4nia de posse dos deputados e elei\u00e7\u00e3o da nova Mesa Diretora ser\u00e3o nesta sexta-feira - Daniel Matos","og_description":"Os 42 deputados estaduais eleitos para a 19\u00aa Legislatura da Assembleia Legislativa do Maranh\u00e3o ser\u00e3o empossados, nesta sexta-feira (1\u00ba), \u00e0s [&hellip;]","og_url":"https:\/\/www.blogsoestado.com\/danielmatos\/cerimonia-de-posse-dos-deputados-e-eleicao-da-nova-mesa-diretora-serao-nesta-sexta-feira\/","og_site_name":"Daniel Matos","article_published_time":"2019-02-01T01:12:37+00:00","og_image":[{"url":"https:\/\/www.blogsoestado.com\/danielmatos\/files\/2019\/01\/Posse-1024x683.jpg","type":"","width":"","height":""}],"twitter_card":"summary_large_image","twitter_misc":{"Est. tempo de leitura":"2 minutos"},"schema":{"@context":"https:\/\/schema.org","@graph":[{"@type":"WebPage","@id":"https:\/\/www.blogsoestado.com\/danielmatos\/cerimonia-de-posse-dos-deputados-e-eleicao-da-nova-mesa-diretora-serao-nesta-sexta-feira\/","url":"https:\/\/www.blogsoestado.com\/danielmatos\/cerimonia-de-posse-dos-deputados-e-eleicao-da-nova-mesa-diretora-serao-nesta-sexta-feira\/","name":"Cerim\u00f4nia de posse dos deputados e elei\u00e7\u00e3o da nova Mesa Diretora ser\u00e3o nesta sexta-feira - Daniel Matos","isPartOf":{"@id":"https:\/\/www.blogsoestado.com\/danielmatos\/#website"},"primaryImageOfPage":{"@id":"https:\/\/www.blogsoestado.com\/danielmatos\/cerimonia-de-posse-dos-deputados-e-eleicao-da-nova-mesa-diretora-serao-nesta-sexta-feira\/#primaryimage"},"image":{"@id":"https:\/\/www.blogsoestado.com\/danielmatos\/cerimonia-de-posse-dos-deputados-e-eleicao-da-nova-mesa-diretora-serao-nesta-sexta-feira\/#primaryimage"},"thumbnailUrl":"https:\/\/www.blogsoestado.com\/danielmatos\/files\/2019\/01\/Posse-1024x683.jpg","datePublished":"2019-02-01T01:12:37+00:00","author":{"@id":""},"breadcrumb":{"@id":"https:\/\/www.blogsoestado.com\/danielmatos\/cerimonia-de-posse-dos-deputados-e-eleicao-da-nova-mesa-diretora-serao-nesta-sexta-feira\/#breadcrumb"},"inLanguage":"pt-BR","potentialAction":[{"@type":"ReadAction","target":["https:\/\/www.blogsoestado.com\/danielmatos\/cerimonia-de-posse-dos-deputados-e-eleicao-da-nova-mesa-diretora-serao-nesta-sexta-feira\/"]}]},{"@type":"ImageObject","inLanguage":"pt-BR","@id":"https:\/\/www.blogsoestado.com\/danielmatos\/cerimonia-de-posse-dos-deputados-e-eleicao-da-nova-mesa-diretora-serao-nesta-sexta-feira\/#primaryimage","url":"https:\/\/www.blogsoestado.com\/danielmatos\/files\/2019\/01\/Posse-1024x683.jpg","contentUrl":"https:\/\/www.blogsoestado.com\/danielmatos\/files\/2019\/01\/Posse-1024x683.jpg"},{"@type":"BreadcrumbList","@id":"https:\/\/www.blogsoestado.com\/danielmatos\/cerimonia-de-posse-dos-deputados-e-eleicao-da-nova-mesa-diretora-serao-nesta-sexta-feira\/#breadcrumb","itemListElement":[{"@type":"ListItem","position":1,"name":"In\u00edcio","item":"https:\/\/www.blogsoestado.com\/danielmatos\/"},{"@type":"ListItem","position":2,"name":"Cerim\u00f4nia de posse dos deputados e elei\u00e7\u00e3o da nova Mesa Diretora ser\u00e3o nesta sexta-feira"}]},{"@type":"WebSite","@id":"https:\/\/www.blogsoestado.com\/danielmatos\/#website","url":"https:\/\/www.blogsoestado.com\/danielmatos\/","name":"Daniel Matos","description":"","potentialAction":[{"@type":"SearchAction","target":{"@type":"EntryPoint","urlTemplate":"https:\/\/www.blogsoestado.com\/danielmatos\/?s={search_term_string}"},"query-input":{"@type":"PropertyValueSpecification","valueRequired":true,"valueName":"search_term_string"}}],"inLanguage":"pt-BR"}]}},"jetpack_featured_media_url":"","_links":{"self":[{"href":"https:\/\/www.blogsoestado.com\/danielmatos\/wp-json\/wp\/v2\/posts\/59981","targetHints":{"allow":["GET"]}}],"collection":[{"href":"https:\/\/www.blogsoestado.com\/danielmatos\/wp-json\/wp\/v2\/posts"}],"about":[{"href":"https:\/\/www.blogsoestado.com\/danielmatos\/wp-json\/wp\/v2\/types\/post"}],"replies":[{"embeddable":true,"href":"https:\/\/www.blogsoestado.com\/danielmatos\/wp-json\/wp\/v2\/comments?post=59981"}],"version-history":[{"count":0,"href":"https:\/\/www.blogsoestado.com\/danielmatos\/wp-json\/wp\/v2\/posts\/59981\/revisions"}],"wp:attachment":[{"href":"https:\/\/www.blogsoestado.com\/danielmatos\/wp-json\/wp\/v2\/media?parent=59981"}],"wp:term":[{"taxonomy":"category","embeddable":true,"href":"https:\/\/www.blogsoestado.com\/danielmatos\/wp-json\/wp\/v2\/categories?post=59981"},{"taxonomy":"post_tag","embeddable":true,"href":"https:\/\/www.blogsoestado.com\/danielmatos\/wp-json\/wp\/v2\/tags?post=59981"}],"curies":[{"name":"wp","href":"https:\/\/api.w.org\/{rel}","templated":true}]}}