{"id":59990,"date":"2019-02-01T06:14:38","date_gmt":"2019-02-01T09:14:38","guid":{"rendered":"https:\/\/www.blogsoestado.com\/danielmatos\/?p=59990"},"modified":"2019-02-01T06:14:38","modified_gmt":"2019-02-01T09:14:38","slug":"coquetel-marca-inauguracao-do-escritorio-de-advocacia-correa-lima-saad-e-santos","status":"publish","type":"post","link":"https:\/\/www.blogsoestado.com\/danielmatos\/coquetel-marca-inauguracao-do-escritorio-de-advocacia-correa-lima-saad-e-santos\/","title":{"rendered":"Coquetel marca inaugura\u00e7\u00e3o do escrit\u00f3rio de advocacia Corr\u00eaa Lima, Saad &#038; Santos"},"content":{"rendered":"\n<figure class=\"wp-block-image\"><img decoding=\"async\" src=\"https:\/\/www.blogsoestado.com\/danielmatos\/files\/2019\/02\/IMG-20190201-WA0000-1024x682.jpg\" alt=\"\" class=\"wp-image-59991\"\/><figcaption>Os s\u00f3cios Tufi Maluf Saad, Adriano Santos e Itamargarethe Corr\u00eaa Lima<\/figcaption><\/figure>\n\n\n\n<p>Noite de realiza\u00e7\u00e3o, expectativa e muito alto-astral marcaram a inaugura\u00e7\u00e3o da sede do escrit\u00f3rio Corr\u00eaa Lima, Saad &amp; Santos Advogados Associados, na noite desta quinta-feira (31). O badalado coquetel oferecido pelos advogados Adriano Santos Ara\u00fajo, Itamargarethe Corr\u00eaa Lima e Tufi Maluf Saad com direito a buffet, deu o tom do brinde com familiares, amigos, lideran\u00e7as pol\u00edticas e empresariais da cidade, advogados e profissionais da imprensa maranhense.<\/p>\n\n\n\n<p> <\/p>\n\n\n\n<figure class=\"wp-block-image\"><img decoding=\"async\" src=\"https:\/\/www.blogsoestado.com\/danielmatos\/files\/2019\/02\/IMG-20190201-WA0002-1024x682.jpg\" alt=\"\" class=\"wp-image-59996\"\/><figcaption>Itamargarethe Corr\u00eaa Lima com assessoras do vereador Astro de Ogum<\/figcaption><\/figure>\n\n\n\n<p>Localizado em um dos mais nobres endere\u00e7os da capital maranhense, a empresa est\u00e1 instalada no edif\u00edcio Century Multiempresarial, nas salas 803\/804, na Avenida dos Holandeses, no Calhau. O local traz especialistas em diversas \u00e1reas. \u201cA miss\u00e3o \u00e9 prestar servi\u00e7os jur\u00eddicos, oferecendo solu\u00e7\u00f5es inovadoras para resultados expressivos que garantam a satisfa\u00e7\u00e3o dos clientes e colaboradores\u201d, afirmou um dos s\u00f3cios, o advogado Adriano Santos Ara\u00fajo.<\/p>\n\n\n\n<figure class=\"wp-block-image\"><img decoding=\"async\" src=\"https:\/\/www.blogsoestado.com\/danielmatos\/files\/2019\/02\/IMG-20190201-WA0005-1024x682.jpg\" alt=\"\" class=\"wp-image-59992\"\/><figcaption>Itamargarethe com o prefeito de Anajatuba, Sidney Pereira, e esposa<\/figcaption><\/figure>\n\n\n\n<p>Entre os diferenciais, ele aponta o atendimento r\u00e1pido e eficaz como ponto alto da atua\u00e7\u00e3o de sucesso. &#8220;A partir de hoje estamos iniciando nossas atividades. Atuaremos com sigilo, descri\u00e7\u00e3o e responsabilidade, para, em sua plenitude, satisfazer todas aquelas pessoas que nos confiarem suas demandas, contribuindo de forma plena e efetiva para o exerc\u00edcio e busca da Justi\u00e7a em nosso Estado&#8221;, destacou.<\/p>\n\n\n\n<figure class=\"wp-block-image\"><img decoding=\"async\" src=\"https:\/\/www.blogsoestado.com\/danielmatos\/files\/2019\/02\/IMG-20190201-WA0008-682x1024.jpg\" alt=\"\" class=\"wp-image-59995\"\/><figcaption>Itamargarethe com os filhos na inaugura\u00e7\u00e3o do escrit\u00f3rio<\/figcaption><\/figure>\n\n\n\n<p>O coquetel refinado, regado a Chandom, U\u00edsque e Vinho, al\u00e9m de apetitosos canap\u00e9s, foi prestigiado por autoridades n\u00e3o apenas do mundo jur\u00eddico, mas, tamb\u00e9m, professores universit\u00e1rios e autoridades do legislativo, executivo e judici\u00e1rio.<\/p>\n\n\n\n<figure class=\"wp-block-image\"><img decoding=\"async\" src=\"https:\/\/www.blogsoestado.com\/danielmatos\/files\/2019\/02\/IMG-20190201-WA0007-1024x682.jpg\" alt=\"\" class=\"wp-image-59993\"\/><figcaption>O advogado Tufi Maluf Saad com familiares no coquetel de inaugura\u00e7\u00e3o<\/figcaption><\/figure>\n\n\n\n<p>Com uma proposta diferenciada, a presta\u00e7\u00e3o de servi\u00e7o ser\u00e1 direcionada para ramos do direito com escassez no mercado local, como direito mar\u00edtimo, agr\u00e1rio e tribut\u00e1rio, sem contar, ainda, com a produ\u00e7\u00e3o de provas para algumas \u00e1reas, em especial o penal, o que figura como uma grande novidade na advocacia maranhense. &#8220;Antes de efetivar a nossa sociedade, foi necess\u00e1rio algumas reuni\u00f5es e pesquisa de mercado. Levamos em conta, tamb\u00e9m, o pensamento coletivo dos s\u00f3cios, fator primordial para o sucesso de qualquer empreendimento&#8221;, explicitou o advogado Tufi Maluf Saad.<\/p>\n\n\n\n<p>O escrit\u00f3rio Corr\u00eaa Lima, Saad &amp; Santos ter\u00e1 como miss\u00e3o prec\u00edpua oferecer um servi\u00e7o, tendo como escopo o compromisso na busca pela Justi\u00e7a, em sua plenitude, respeitando o primado da lei. <\/p>\n\n\n\n<figure class=\"wp-block-image\"><img decoding=\"async\" src=\"https:\/\/www.blogsoestado.com\/danielmatos\/files\/2019\/02\/IMG-20190201-WA0001-1024x682.jpg\" alt=\"\" class=\"wp-image-59994\"\/><figcaption>Advogado Adriano Santos e esposa celebraram a sociedade<\/figcaption><\/figure>\n\n\n\n<p>&#8220;Embora n\u00e3o esconda e exercite diariamente o jornalismo, que embebece minha alma, venho de uma fam\u00edlia com o vi\u00e9s jur\u00eddico muito grande, que come\u00e7ou com o meu pai, o advogado Itamar Corr\u00eaa Lima, com quase 50 anos de experi\u00eancia profissional. Tenho nele, um homem negro e de origem muito humilde, que alicer\u00e7ou sua trajet\u00f3ria em um modelo de advocacia bem diferente do que \u00e9 exercitado atualmente, como meu grande exemplo. Assim como no jornalismo, espero chegar onde quero chegar no exerc\u00edcio do Direito, sem precisar passar por cima das pessoas, mentir ou enganar quem quer que seja, respeitando o direito dos outros e tendo os meus respeitados&#8221;, finalizou a advogada Itamargarethe Lima, que tamb\u00e9m \u00e9 jornalista, e uma das s\u00f3cias do escrit\u00f3rio.<\/p>\n","protected":false},"excerpt":{"rendered":"<p>Noite de realiza\u00e7\u00e3o, expectativa e muito alto-astral marcaram a inaugura\u00e7\u00e3o da sede do escrit\u00f3rio Corr\u00eaa Lima, Saad &amp; Santos Advogados [&hellip;]<\/p>\n","protected":false},"author":0,"featured_media":0,"comment_status":"open","ping_status":"open","sticky":false,"template":"","format":"standard","meta":{"site-sidebar-layout":"default","site-content-layout":"","ast-site-content-layout":"default","site-content-style":"default","site-sidebar-style":"default","ast-global-header-display":"","ast-banner-title-visibility":"","ast-main-header-display":"","ast-hfb-above-header-display":"","ast-hfb-below-header-display":"","ast-hfb-mobile-header-display":"","site-post-title":"","ast-breadcrumbs-content":"","ast-featured-img":"","footer-sml-layout":"","ast-disable-related-posts":"","theme-transparent-header-meta":"","adv-header-id-meta":"","stick-header-meta":"","header-above-stick-meta":"","header-main-stick-meta":"","header-below-stick-meta":"","astra-migrate-meta-layouts":"default","ast-page-background-enabled":"default","ast-page-background-meta":{"desktop":{"background-color":"var(--ast-global-color-5)","background-image":"","background-repeat":"repeat","background-position":"center center","background-size":"auto","background-attachment":"scroll","background-type":"","background-media":"","overlay-type":"","overlay-color":"","overlay-opacity":"","overlay-gradient":""},"tablet":{"background-color":"","background-image":"","background-repeat":"repeat","background-position":"center center","background-size":"auto","background-attachment":"scroll","background-type":"","background-media":"","overlay-type":"","overlay-color":"","overlay-opacity":"","overlay-gradient":""},"mobile":{"background-color":"","background-image":"","background-repeat":"repeat","background-position":"center center","background-size":"auto","background-attachment":"scroll","background-type":"","background-media":"","overlay-type":"","overlay-color":"","overlay-opacity":"","overlay-gradient":""}},"ast-content-background-meta":{"desktop":{"background-color":"var(--ast-global-color-4)","background-image":"","background-repeat":"repeat","background-position":"center center","background-size":"auto","background-attachment":"scroll","background-type":"","background-media":"","overlay-type":"","overlay-color":"","overlay-opacity":"","overlay-gradient":""},"tablet":{"background-color":"var(--ast-global-color-4)","background-image":"","background-repeat":"repeat","background-position":"center center","background-size":"auto","background-attachment":"scroll","background-type":"","background-media":"","overlay-type":"","overlay-color":"","overlay-opacity":"","overlay-gradient":""},"mobile":{"background-color":"var(--ast-global-color-4)","background-image":"","background-repeat":"repeat","background-position":"center center","background-size":"auto","background-attachment":"scroll","background-type":"","background-media":"","overlay-type":"","overlay-color":"","overlay-opacity":"","overlay-gradient":""}},"footnotes":""},"categories":[1],"tags":[],"class_list":["post-59990","post","type-post","status-publish","format-standard","hentry","category-sem-categoria"],"yoast_head":"<!-- This site is optimized with the Yoast SEO plugin v26.6 - https:\/\/yoast.com\/wordpress\/plugins\/seo\/ -->\n<title>Coquetel marca inaugura\u00e7\u00e3o do escrit\u00f3rio de advocacia Corr\u00eaa Lima, Saad &amp; Santos - Daniel Matos<\/title>\n<meta name=\"robots\" content=\"index, follow, max-snippet:-1, max-image-preview:large, max-video-preview:-1\" \/>\n<link rel=\"canonical\" href=\"https:\/\/www.blogsoestado.com\/danielmatos\/coquetel-marca-inauguracao-do-escritorio-de-advocacia-correa-lima-saad-e-santos\/\" \/>\n<meta property=\"og:locale\" content=\"pt_BR\" \/>\n<meta property=\"og:type\" content=\"article\" \/>\n<meta property=\"og:title\" content=\"Coquetel marca inaugura\u00e7\u00e3o do escrit\u00f3rio de advocacia Corr\u00eaa Lima, Saad &amp; Santos - Daniel Matos\" \/>\n<meta property=\"og:description\" content=\"Noite de realiza\u00e7\u00e3o, expectativa e muito alto-astral marcaram a inaugura\u00e7\u00e3o da sede do escrit\u00f3rio Corr\u00eaa Lima, Saad &amp; Santos Advogados [&hellip;]\" \/>\n<meta property=\"og:url\" content=\"https:\/\/www.blogsoestado.com\/danielmatos\/coquetel-marca-inauguracao-do-escritorio-de-advocacia-correa-lima-saad-e-santos\/\" \/>\n<meta property=\"og:site_name\" content=\"Daniel Matos\" \/>\n<meta property=\"article:published_time\" content=\"2019-02-01T09:14:38+00:00\" \/>\n<meta property=\"og:image\" content=\"https:\/\/www.blogsoestado.com\/danielmatos\/files\/2019\/02\/IMG-20190201-WA0000-1024x682.jpg\" \/>\n<meta name=\"twitter:card\" content=\"summary_large_image\" \/>\n<meta name=\"twitter:label1\" content=\"Est. tempo de leitura\" \/>\n\t<meta name=\"twitter:data1\" content=\"3 minutos\" \/>\n<script type=\"application\/ld+json\" class=\"yoast-schema-graph\">{\"@context\":\"https:\/\/schema.org\",\"@graph\":[{\"@type\":\"WebPage\",\"@id\":\"https:\/\/www.blogsoestado.com\/danielmatos\/coquetel-marca-inauguracao-do-escritorio-de-advocacia-correa-lima-saad-e-santos\/\",\"url\":\"https:\/\/www.blogsoestado.com\/danielmatos\/coquetel-marca-inauguracao-do-escritorio-de-advocacia-correa-lima-saad-e-santos\/\",\"name\":\"Coquetel marca inaugura\u00e7\u00e3o do escrit\u00f3rio de advocacia Corr\u00eaa Lima, Saad & Santos - Daniel Matos\",\"isPartOf\":{\"@id\":\"https:\/\/www.blogsoestado.com\/danielmatos\/#website\"},\"primaryImageOfPage\":{\"@id\":\"https:\/\/www.blogsoestado.com\/danielmatos\/coquetel-marca-inauguracao-do-escritorio-de-advocacia-correa-lima-saad-e-santos\/#primaryimage\"},\"image\":{\"@id\":\"https:\/\/www.blogsoestado.com\/danielmatos\/coquetel-marca-inauguracao-do-escritorio-de-advocacia-correa-lima-saad-e-santos\/#primaryimage\"},\"thumbnailUrl\":\"https:\/\/www.blogsoestado.com\/danielmatos\/files\/2019\/02\/IMG-20190201-WA0000-1024x682.jpg\",\"datePublished\":\"2019-02-01T09:14:38+00:00\",\"author\":{\"@id\":\"\"},\"breadcrumb\":{\"@id\":\"https:\/\/www.blogsoestado.com\/danielmatos\/coquetel-marca-inauguracao-do-escritorio-de-advocacia-correa-lima-saad-e-santos\/#breadcrumb\"},\"inLanguage\":\"pt-BR\",\"potentialAction\":[{\"@type\":\"ReadAction\",\"target\":[\"https:\/\/www.blogsoestado.com\/danielmatos\/coquetel-marca-inauguracao-do-escritorio-de-advocacia-correa-lima-saad-e-santos\/\"]}]},{\"@type\":\"ImageObject\",\"inLanguage\":\"pt-BR\",\"@id\":\"https:\/\/www.blogsoestado.com\/danielmatos\/coquetel-marca-inauguracao-do-escritorio-de-advocacia-correa-lima-saad-e-santos\/#primaryimage\",\"url\":\"https:\/\/www.blogsoestado.com\/danielmatos\/files\/2019\/02\/IMG-20190201-WA0000-1024x682.jpg\",\"contentUrl\":\"https:\/\/www.blogsoestado.com\/danielmatos\/files\/2019\/02\/IMG-20190201-WA0000-1024x682.jpg\"},{\"@type\":\"BreadcrumbList\",\"@id\":\"https:\/\/www.blogsoestado.com\/danielmatos\/coquetel-marca-inauguracao-do-escritorio-de-advocacia-correa-lima-saad-e-santos\/#breadcrumb\",\"itemListElement\":[{\"@type\":\"ListItem\",\"position\":1,\"name\":\"In\u00edcio\",\"item\":\"https:\/\/www.blogsoestado.com\/danielmatos\/\"},{\"@type\":\"ListItem\",\"position\":2,\"name\":\"Coquetel marca inaugura\u00e7\u00e3o do escrit\u00f3rio de advocacia Corr\u00eaa Lima, Saad &#038; Santos\"}]},{\"@type\":\"WebSite\",\"@id\":\"https:\/\/www.blogsoestado.com\/danielmatos\/#website\",\"url\":\"https:\/\/www.blogsoestado.com\/danielmatos\/\",\"name\":\"Daniel Matos\",\"description\":\"\",\"potentialAction\":[{\"@type\":\"SearchAction\",\"target\":{\"@type\":\"EntryPoint\",\"urlTemplate\":\"https:\/\/www.blogsoestado.com\/danielmatos\/?s={search_term_string}\"},\"query-input\":{\"@type\":\"PropertyValueSpecification\",\"valueRequired\":true,\"valueName\":\"search_term_string\"}}],\"inLanguage\":\"pt-BR\"}]}<\/script>\n<!-- \/ Yoast SEO plugin. -->","yoast_head_json":{"title":"Coquetel marca inaugura\u00e7\u00e3o do escrit\u00f3rio de advocacia Corr\u00eaa Lima, Saad & Santos - Daniel Matos","robots":{"index":"index","follow":"follow","max-snippet":"max-snippet:-1","max-image-preview":"max-image-preview:large","max-video-preview":"max-video-preview:-1"},"canonical":"https:\/\/www.blogsoestado.com\/danielmatos\/coquetel-marca-inauguracao-do-escritorio-de-advocacia-correa-lima-saad-e-santos\/","og_locale":"pt_BR","og_type":"article","og_title":"Coquetel marca inaugura\u00e7\u00e3o do escrit\u00f3rio de advocacia Corr\u00eaa Lima, Saad & Santos - Daniel Matos","og_description":"Noite de realiza\u00e7\u00e3o, expectativa e muito alto-astral marcaram a inaugura\u00e7\u00e3o da sede do escrit\u00f3rio Corr\u00eaa Lima, Saad &amp; Santos Advogados [&hellip;]","og_url":"https:\/\/www.blogsoestado.com\/danielmatos\/coquetel-marca-inauguracao-do-escritorio-de-advocacia-correa-lima-saad-e-santos\/","og_site_name":"Daniel Matos","article_published_time":"2019-02-01T09:14:38+00:00","og_image":[{"url":"https:\/\/www.blogsoestado.com\/danielmatos\/files\/2019\/02\/IMG-20190201-WA0000-1024x682.jpg","type":"","width":"","height":""}],"twitter_card":"summary_large_image","twitter_misc":{"Est. tempo de leitura":"3 minutos"},"schema":{"@context":"https:\/\/schema.org","@graph":[{"@type":"WebPage","@id":"https:\/\/www.blogsoestado.com\/danielmatos\/coquetel-marca-inauguracao-do-escritorio-de-advocacia-correa-lima-saad-e-santos\/","url":"https:\/\/www.blogsoestado.com\/danielmatos\/coquetel-marca-inauguracao-do-escritorio-de-advocacia-correa-lima-saad-e-santos\/","name":"Coquetel marca inaugura\u00e7\u00e3o do escrit\u00f3rio de advocacia Corr\u00eaa Lima, Saad & Santos - Daniel Matos","isPartOf":{"@id":"https:\/\/www.blogsoestado.com\/danielmatos\/#website"},"primaryImageOfPage":{"@id":"https:\/\/www.blogsoestado.com\/danielmatos\/coquetel-marca-inauguracao-do-escritorio-de-advocacia-correa-lima-saad-e-santos\/#primaryimage"},"image":{"@id":"https:\/\/www.blogsoestado.com\/danielmatos\/coquetel-marca-inauguracao-do-escritorio-de-advocacia-correa-lima-saad-e-santos\/#primaryimage"},"thumbnailUrl":"https:\/\/www.blogsoestado.com\/danielmatos\/files\/2019\/02\/IMG-20190201-WA0000-1024x682.jpg","datePublished":"2019-02-01T09:14:38+00:00","author":{"@id":""},"breadcrumb":{"@id":"https:\/\/www.blogsoestado.com\/danielmatos\/coquetel-marca-inauguracao-do-escritorio-de-advocacia-correa-lima-saad-e-santos\/#breadcrumb"},"inLanguage":"pt-BR","potentialAction":[{"@type":"ReadAction","target":["https:\/\/www.blogsoestado.com\/danielmatos\/coquetel-marca-inauguracao-do-escritorio-de-advocacia-correa-lima-saad-e-santos\/"]}]},{"@type":"ImageObject","inLanguage":"pt-BR","@id":"https:\/\/www.blogsoestado.com\/danielmatos\/coquetel-marca-inauguracao-do-escritorio-de-advocacia-correa-lima-saad-e-santos\/#primaryimage","url":"https:\/\/www.blogsoestado.com\/danielmatos\/files\/2019\/02\/IMG-20190201-WA0000-1024x682.jpg","contentUrl":"https:\/\/www.blogsoestado.com\/danielmatos\/files\/2019\/02\/IMG-20190201-WA0000-1024x682.jpg"},{"@type":"BreadcrumbList","@id":"https:\/\/www.blogsoestado.com\/danielmatos\/coquetel-marca-inauguracao-do-escritorio-de-advocacia-correa-lima-saad-e-santos\/#breadcrumb","itemListElement":[{"@type":"ListItem","position":1,"name":"In\u00edcio","item":"https:\/\/www.blogsoestado.com\/danielmatos\/"},{"@type":"ListItem","position":2,"name":"Coquetel marca inaugura\u00e7\u00e3o do escrit\u00f3rio de advocacia Corr\u00eaa Lima, Saad &#038; Santos"}]},{"@type":"WebSite","@id":"https:\/\/www.blogsoestado.com\/danielmatos\/#website","url":"https:\/\/www.blogsoestado.com\/danielmatos\/","name":"Daniel Matos","description":"","potentialAction":[{"@type":"SearchAction","target":{"@type":"EntryPoint","urlTemplate":"https:\/\/www.blogsoestado.com\/danielmatos\/?s={search_term_string}"},"query-input":{"@type":"PropertyValueSpecification","valueRequired":true,"valueName":"search_term_string"}}],"inLanguage":"pt-BR"}]}},"jetpack_featured_media_url":"","_links":{"self":[{"href":"https:\/\/www.blogsoestado.com\/danielmatos\/wp-json\/wp\/v2\/posts\/59990","targetHints":{"allow":["GET"]}}],"collection":[{"href":"https:\/\/www.blogsoestado.com\/danielmatos\/wp-json\/wp\/v2\/posts"}],"about":[{"href":"https:\/\/www.blogsoestado.com\/danielmatos\/wp-json\/wp\/v2\/types\/post"}],"replies":[{"embeddable":true,"href":"https:\/\/www.blogsoestado.com\/danielmatos\/wp-json\/wp\/v2\/comments?post=59990"}],"version-history":[{"count":0,"href":"https:\/\/www.blogsoestado.com\/danielmatos\/wp-json\/wp\/v2\/posts\/59990\/revisions"}],"wp:attachment":[{"href":"https:\/\/www.blogsoestado.com\/danielmatos\/wp-json\/wp\/v2\/media?parent=59990"}],"wp:term":[{"taxonomy":"category","embeddable":true,"href":"https:\/\/www.blogsoestado.com\/danielmatos\/wp-json\/wp\/v2\/categories?post=59990"},{"taxonomy":"post_tag","embeddable":true,"href":"https:\/\/www.blogsoestado.com\/danielmatos\/wp-json\/wp\/v2\/tags?post=59990"}],"curies":[{"name":"wp","href":"https:\/\/api.w.org\/{rel}","templated":true}]}}