{"id":59999,"date":"2019-02-01T14:50:51","date_gmt":"2019-02-01T17:50:51","guid":{"rendered":"https:\/\/www.blogsoestado.com\/danielmatos\/?p=59999"},"modified":"2019-02-01T14:50:51","modified_gmt":"2019-02-01T17:50:51","slug":"vereadores-e-tecnicos-vistoriam-barragens-de-residuos-da-alumar","status":"publish","type":"post","link":"https:\/\/www.blogsoestado.com\/danielmatos\/vereadores-e-tecnicos-vistoriam-barragens-de-residuos-da-alumar\/","title":{"rendered":"Vereadores e t\u00e9cnicos vistoriam barragens de res\u00edduos da Alumar"},"content":{"rendered":"\n<p class=\"has-text-color has-medium-font-size has-vivid-red-color\">Audi\u00eancia p\u00fablica e relat\u00f3rio detalhado foram alguns dos encaminhamentos definidos durante a inspe\u00e7\u00e3o realizada nesta quinta-feira<\/p>\n\n\n\n<figure class=\"wp-block-image\"><img decoding=\"async\" src=\"https:\/\/www.blogsoestado.com\/danielmatos\/files\/2019\/02\/vereadores-alumar.jpg\" alt=\"\" class=\"wp-image-60000\"\/><figcaption>Comitiva de vereadores, acompanhada por t\u00e9cnicos, inspecionou o lago de rejeitos da Alumar <\/figcaption><\/figure>\n\n\n\n<p>Uma comiss\u00e3o formada por 21 vereadores, liderada pelo presidente da C\u00e2mara de S\u00e3o Lu\u00eds, Osmar Filho (PDT), vistoriou, nesta \u00faltima quinta-feira (31), barragens de res\u00edduos do Cons\u00f3rcio de Alum\u00ednio do Maranh\u00e3o S\/A (Alumar).<\/p>\n\n\n\n<p>A comitiva contou com participa\u00e7\u00e3o de t\u00e9cnicos do Conselho Regional de Qu\u00edmica do Maranh\u00e3o (CRQ-MA); de professores do Instituto Federal do Maranh\u00e3o (IFMA); e da Associa\u00e7\u00e3o Maranhense dos Engenheiros Ambientais (AMEA).<\/p>\n\n\n\n<p>De acordo com o vereador Genival Alves, presidente da Comiss\u00e3o de Meio Ambiente da Casa, a visita proposta pelo chefe do legislativo ludovicense teve tr\u00eas objetivos: verificar a regularidade do funcionamento das barragens em opera\u00e7\u00e3o; checar se elas est\u00e3o em  conformidade com a Pol\u00edtica Nacional de Seguran\u00e7a de Barragens; e, por fim, identificar eventuais perigos que estes locais onde s\u00e3o despejados rejeitos de bauxita &#8211; subst\u00e2ncia prejudicial aos seres humanos, a fauna e a flora &#8211; podem representar para a popula\u00e7\u00e3o e  meio ambiente.<\/p>\n\n\n\n<p>&#8220;Foi uma agenda muito positiva do nosso presidente Osmar Filho que serviu para a tomada de alguns encaminhamentos. Infelizmente, por conta <br>da trag\u00e9dia ocorrida na cidade de Brumadinho, em Minas Gerais, despertou <br>o interesse da C\u00e2mara em conhecer o funcionamento deste tipo de <br>equipamento, em fun\u00e7\u00e3o de uma preocupa\u00e7\u00e3o por parte da popula\u00e7\u00e3o ludovicense. E essa visita serviu para estabelecermos o di\u00e1logo permanente com entidades e \u00f3rg\u00e3os respons\u00e1veis pela seguran\u00e7a e fiscaliza\u00e7\u00e3o da empresa&#8221;, informou.<\/p>\n\n\n\n<figure class=\"wp-block-image\"><img decoding=\"async\" src=\"https:\/\/www.blogsoestado.com\/danielmatos\/files\/2019\/02\/vereadores-alumar2.jpg\" alt=\"\" class=\"wp-image-60001\"\/><figcaption>Vereadores em ponto de observa\u00e7\u00e3o da barragem de res\u00edduos da companhia<\/figcaption><\/figure>\n\n\n\n<p>Antes da visita, in loco, as barragens de res\u00edduos, os vereadores e t\u00e9cnicos participaram de uma apresenta\u00e7\u00e3o institucional conduzida pelo diretor da Alumar, Helder Teixeira.<\/p>\n\n\n\n<p>Na oportunidade, o executivo detalhou a Metodologia Construtiva, Plano de Seguran\u00e7a de Barragens e Plano de Emerg\u00eancias Ambientais.<\/p>\n\n\n\n<p>Logo ap\u00f3s a inspe\u00e7\u00e3o, Osmar Filho relatou os principais encaminhamentos a serem dados. Ele destacou a realiza\u00e7\u00e3o de uma audi\u00eancia p\u00fablica e a elabora\u00e7\u00e3o de um relat\u00f3rio que ser\u00e1 produzido pelos t\u00e9cnicos convidados pela Casa, a pedido da Comiss\u00e3o de Meio Ambiente da Casa.<\/p>\n\n\n\n<p>&#8220;Este \u00e9 um novo momento no qual C\u00e2mara mostra-se atenta a tudo e <br> qualquer coisa que diz respeito \u00e0 cidade. Tivemos uma explica\u00e7\u00e3o <br> t\u00e9cnica, uma reuni\u00e3o ilustrativa e em seguida fizemos uma visita aos <br> lagos de res\u00edduos de bauxitas. A partir de agora, vamos fazer alguns <br> encaminhamentos para que possamos tranquilizar a popula\u00e7\u00e3o. Os t\u00e9cnicos convidados pelo legislativo v\u00e3o produzir um relat\u00f3rio que ser\u00e1 <br> apresentado a sociedade em audi\u00eancia p\u00fablica que ser\u00e1 realizada na Casa <br> Legislativa&#8221;, destacou.<\/p>\n\n\n\n<p>O professor do IFMA, Rog\u00e9rio Teles, disse que a iniciativa serviu para informar e tranquilizar a sociedade. &#8220;Foi uma iniciativa muito boa por parte do presidente Osmar e dos vereadores que serviu para informar, esclarecer acerca da realidade das lagoas&#8221;.<\/p>\n\n\n\n<p>O qu\u00edmico Peron Figueiredo, que \u00e9 delegado do Conselho Regional de Qu\u00edmica (CRQ-MA), tamb\u00e9m fez uma avalia\u00e7\u00e3o positiva da agenda. De acordo com ele, a atividade foi importante porque reuniu autoridades, <br>executivos e t\u00e9cnicos para uma avalia\u00e7\u00e3o detalhada.<\/p>\n\n\n\n<p>Tamb\u00e9m participaram da comitiva os vereadores Cezar Bombeiro (PSD), <br>Paulo Victor (PTC), Nato J\u00fanior (PP), Estev\u00e3o Arag\u00e3o (PSDB), Raimundo <br>Penha (PDT), Ant\u00f4nio Garcez (PTC), Marquinhos (DEM), Aldir J\u00fanior (PR), <br>Beto Castro (PROS), S\u00e1 Marques (PHS), Barbara Soeiro (PSC), Marcelo <br>Poeta (PCdoB), Jo\u00e3ozinho Freitas (PTB), F\u00e1tima Ara\u00fajo (PCdoB), <br>Chaguinhas (PP), Concita Pinto (Patriota), Pereirinha (PSL), Ricardo <br>Diniz (PRTB) e Silvino Abreu (PRTB).<\/p>\n\n\n\n<p>Uma comiss\u00e3o formada por 21 vereadores, liderada pelo presidente da <br>C\u00e2mara de S\u00e3o Lu\u00eds, Osmar Filho (PDT), vistoriou, nesta \u00faltima <br>quinta-feira (31), barragens de res\u00edduos do Cons\u00f3rcio de Alum\u00ednio do Maranh\u00e3o S\/A (Alumar).<\/p>\n\n\n\n<p>A comitiva contou com participa\u00e7\u00e3o de t\u00e9cnicos do Conselho Regional de <br>Qu\u00edmica do Maranh\u00e3o (CRQ-MA); de professores do Instituto Federal do <br>Maranh\u00e3o (IFMA); e da Associa\u00e7\u00e3o Maranhense dos Engenheiros Ambientais (AMEA).<\/p>\n\n\n\n<figure class=\"wp-block-image\"><img decoding=\"async\" src=\"https:\/\/www.blogsoestado.com\/danielmatos\/files\/2019\/02\/vereadores-alumar3.jpg\" alt=\"\" class=\"wp-image-60002\"\/><figcaption> <br>Antes da visita, in loco, as barragens de res\u00edduos, os vereadores e t\u00e9cnicos participaram de uma apresenta\u00e7\u00e3o institucional conduzida pelo diretor da Alumar, Helder Teixeira <\/figcaption><\/figure>\n\n\n\n<p>De acordo com o vereador Genival Alves, presidente da Comiss\u00e3o de Meio <br>Ambiente da Casa, a visita proposta pelo chefe do legislativo ludovicense teve tr\u00eas objetivos: verificar a regularidade do funcionamento das barragens em opera\u00e7\u00e3o; checar se elas est\u00e3o em conformidade com a Pol\u00edtica Nacional de Seguran\u00e7a de Barragens; e, por fim, identificar eventuais perigos que estes locais onde s\u00e3o despejados rejeitos de bauxita &#8211; subst\u00e2ncia prejudicial aos seres humanos, a fauna e a flora &#8211; podem representar para a popula\u00e7\u00e3o e  meio ambiente.<\/p>\n\n\n\n<p>&#8220;Foi uma agenda muito positiva do nosso presidente Osmar Filho que <br>serviu para a tomada de alguns encaminhamentos. Infelizmente, por conta <br>da trag\u00e9dia ocorrida na cidade de Brumadinho, em Minas Gerais, despertou <br>o interesse da C\u00e2mara em conhecer o funcionamento deste tipo de equipamento, em fun\u00e7\u00e3o de uma preocupa\u00e7\u00e3o por parte da popula\u00e7\u00e3o <br>ludovicense. E essa visita serviu para estabelecermos o di\u00e1logo permanente com entidades e \u00f3rg\u00e3os respons\u00e1veis pela seguran\u00e7a e fiscaliza\u00e7\u00e3o da empresa&#8221;, informou.<\/p>\n\n\n\n<p>Antes da visita, in loco, as barragens de res\u00edduos, os vereadores e t\u00e9cnicos participaram de uma apresenta\u00e7\u00e3o institucional conduzida pelo diretor da Alumar, Helder Teixeira.<\/p>\n\n\n\n<p>Na oportunidade, o executivo detalhou a Metodologia Construtiva, Plano de Seguran\u00e7a de Barragens e Plano de Emerg\u00eancias Ambientais.<\/p>\n\n\n\n<p>Logo ap\u00f3s a inspe\u00e7\u00e3o, Osmar Filho relatou os principais encaminhamentos <br>a serem dados. Ele destacou a realiza\u00e7\u00e3o de uma audi\u00eancia p\u00fablica e a <br>elabora\u00e7\u00e3o de um relat\u00f3rio que ser\u00e1 produzido pelos t\u00e9cnicos convidados <br>pela Casa, a pedido da Comiss\u00e3o de Meio Ambiente da Casa.<\/p>\n\n\n\n<p>&#8220;Este \u00e9 um novo momento no qual C\u00e2mara mostra-se atenta a tudo e <br>qualquer coisa que diz respeito \u00e0 cidade. Tivemos uma explica\u00e7\u00e3o <br>t\u00e9cnica, uma reuni\u00e3o ilustrativa e em seguida fizemos uma visita aos <br>lagos de res\u00edduos de bauxitas. A partir de agora, vamos fazer alguns <br>encaminhamentos para que possamos tranquilizar a popula\u00e7\u00e3o. Os t\u00e9cnicos <br>convidados pelo legislativo v\u00e3o produzir um relat\u00f3rio que ser\u00e1 apresentado a sociedade em audi\u00eancia p\u00fablica que ser\u00e1 realizada na Casa Legislativa&#8221;, destacou.<\/p>\n\n\n\n<p>O professor do IFMA, Rog\u00e9rio Teles, disse que a iniciativa serviu para <br>informar e tranquilizar a sociedade.<\/p>\n\n\n\n<p>&#8220;Foi uma iniciativa muito boa por parte do presidente Osmar e dos <br>vereadores que serviu para informar, esclarecer acerca da realidade das <br>lagoas&#8221;.<\/p>\n\n\n\n<p>O qu\u00edmico Peron Figueiredo, que \u00e9 delegado do Conselho Regional de <br>Qu\u00edmica (CRQ-MA), tamb\u00e9m fez uma avalia\u00e7\u00e3o positiva da agenda. De acordo com ele, a atividade foi importante porque reuniu autoridades, <br>executivos e t\u00e9cnicos para uma avalia\u00e7\u00e3o detalhada.<\/p>\n\n\n\n<p>Tamb\u00e9m participaram da comitiva os vereadores Cezar Bombeiro (PSD), <br>Paulo Victor (PTC), Nato J\u00fanior (PP), Estev\u00e3o Arag\u00e3o (PSDB), Raimundo <br>Penha (PDT), Ant\u00f4nio Garcez (PTC), Marquinhos (DEM), Aldir J\u00fanior (PR), <br>Beto Castro (PROS), S\u00e1 Marques (PHS), Barbara Soeiro (PSC), Marcelo <br>Poeta (PCdoB), Jo\u00e3ozinho Freitas (PTB), F\u00e1tima Ara\u00fajo (PCdoB), Chaguinhas (PP), Concita Pinto (Patriota), Pereirinha (PSL), Ricardo Diniz (PRTB) e Silvino Abreu (PRTB).<\/p>\n","protected":false},"excerpt":{"rendered":"<p>Audi\u00eancia p\u00fablica e relat\u00f3rio detalhado foram alguns dos encaminhamentos definidos durante a inspe\u00e7\u00e3o realizada nesta quinta-feira Uma comiss\u00e3o formada por [&hellip;]<\/p>\n","protected":false},"author":0,"featured_media":0,"comment_status":"open","ping_status":"open","sticky":false,"template":"","format":"standard","meta":{"site-sidebar-layout":"default","site-content-layout":"","ast-site-content-layout":"default","site-content-style":"default","site-sidebar-style":"default","ast-global-header-display":"","ast-banner-title-visibility":"","ast-main-header-display":"","ast-hfb-above-header-display":"","ast-hfb-below-header-display":"","ast-hfb-mobile-header-display":"","site-post-title":"","ast-breadcrumbs-content":"","ast-featured-img":"","footer-sml-layout":"","ast-disable-related-posts":"","theme-transparent-header-meta":"","adv-header-id-meta":"","stick-header-meta":"","header-above-stick-meta":"","header-main-stick-meta":"","header-below-stick-meta":"","astra-migrate-meta-layouts":"default","ast-page-background-enabled":"default","ast-page-background-meta":{"desktop":{"background-color":"var(--ast-global-color-5)","background-image":"","background-repeat":"repeat","background-position":"center center","background-size":"auto","background-attachment":"scroll","background-type":"","background-media":"","overlay-type":"","overlay-color":"","overlay-opacity":"","overlay-gradient":""},"tablet":{"background-color":"","background-image":"","background-repeat":"repeat","background-position":"center center","background-size":"auto","background-attachment":"scroll","background-type":"","background-media":"","overlay-type":"","overlay-color":"","overlay-opacity":"","overlay-gradient":""},"mobile":{"background-color":"","background-image":"","background-repeat":"repeat","background-position":"center center","background-size":"auto","background-attachment":"scroll","background-type":"","background-media":"","overlay-type":"","overlay-color":"","overlay-opacity":"","overlay-gradient":""}},"ast-content-background-meta":{"desktop":{"background-color":"var(--ast-global-color-4)","background-image":"","background-repeat":"repeat","background-position":"center center","background-size":"auto","background-attachment":"scroll","background-type":"","background-media":"","overlay-type":"","overlay-color":"","overlay-opacity":"","overlay-gradient":""},"tablet":{"background-color":"var(--ast-global-color-4)","background-image":"","background-repeat":"repeat","background-position":"center center","background-size":"auto","background-attachment":"scroll","background-type":"","background-media":"","overlay-type":"","overlay-color":"","overlay-opacity":"","overlay-gradient":""},"mobile":{"background-color":"var(--ast-global-color-4)","background-image":"","background-repeat":"repeat","background-position":"center center","background-size":"auto","background-attachment":"scroll","background-type":"","background-media":"","overlay-type":"","overlay-color":"","overlay-opacity":"","overlay-gradient":""}},"footnotes":""},"categories":[1],"tags":[],"class_list":["post-59999","post","type-post","status-publish","format-standard","hentry","category-sem-categoria"],"yoast_head":"<!-- This site is optimized with the Yoast SEO plugin v26.6 - https:\/\/yoast.com\/wordpress\/plugins\/seo\/ -->\n<title>Vereadores e t\u00e9cnicos vistoriam barragens de res\u00edduos da Alumar - Daniel Matos<\/title>\n<meta name=\"robots\" content=\"index, follow, max-snippet:-1, max-image-preview:large, max-video-preview:-1\" \/>\n<link rel=\"canonical\" href=\"https:\/\/www.blogsoestado.com\/danielmatos\/vereadores-e-tecnicos-vistoriam-barragens-de-residuos-da-alumar\/\" \/>\n<meta property=\"og:locale\" content=\"pt_BR\" \/>\n<meta property=\"og:type\" content=\"article\" \/>\n<meta property=\"og:title\" content=\"Vereadores e t\u00e9cnicos vistoriam barragens de res\u00edduos da Alumar - Daniel Matos\" \/>\n<meta property=\"og:description\" content=\"Audi\u00eancia p\u00fablica e relat\u00f3rio detalhado foram alguns dos encaminhamentos definidos durante a inspe\u00e7\u00e3o realizada nesta quinta-feira Uma comiss\u00e3o formada por [&hellip;]\" \/>\n<meta property=\"og:url\" content=\"https:\/\/www.blogsoestado.com\/danielmatos\/vereadores-e-tecnicos-vistoriam-barragens-de-residuos-da-alumar\/\" \/>\n<meta property=\"og:site_name\" content=\"Daniel Matos\" \/>\n<meta property=\"article:published_time\" content=\"2019-02-01T17:50:51+00:00\" \/>\n<meta property=\"og:image\" content=\"https:\/\/www.blogsoestado.com\/danielmatos\/files\/2019\/02\/vereadores-alumar.jpg\" \/>\n<meta name=\"twitter:card\" content=\"summary_large_image\" \/>\n<meta name=\"twitter:label1\" content=\"Est. tempo de leitura\" \/>\n\t<meta name=\"twitter:data1\" content=\"6 minutos\" \/>\n<script type=\"application\/ld+json\" class=\"yoast-schema-graph\">{\"@context\":\"https:\/\/schema.org\",\"@graph\":[{\"@type\":\"WebPage\",\"@id\":\"https:\/\/www.blogsoestado.com\/danielmatos\/vereadores-e-tecnicos-vistoriam-barragens-de-residuos-da-alumar\/\",\"url\":\"https:\/\/www.blogsoestado.com\/danielmatos\/vereadores-e-tecnicos-vistoriam-barragens-de-residuos-da-alumar\/\",\"name\":\"Vereadores e t\u00e9cnicos vistoriam barragens de res\u00edduos da Alumar - Daniel Matos\",\"isPartOf\":{\"@id\":\"https:\/\/www.blogsoestado.com\/danielmatos\/#website\"},\"primaryImageOfPage\":{\"@id\":\"https:\/\/www.blogsoestado.com\/danielmatos\/vereadores-e-tecnicos-vistoriam-barragens-de-residuos-da-alumar\/#primaryimage\"},\"image\":{\"@id\":\"https:\/\/www.blogsoestado.com\/danielmatos\/vereadores-e-tecnicos-vistoriam-barragens-de-residuos-da-alumar\/#primaryimage\"},\"thumbnailUrl\":\"https:\/\/www.blogsoestado.com\/danielmatos\/files\/2019\/02\/vereadores-alumar.jpg\",\"datePublished\":\"2019-02-01T17:50:51+00:00\",\"author\":{\"@id\":\"\"},\"breadcrumb\":{\"@id\":\"https:\/\/www.blogsoestado.com\/danielmatos\/vereadores-e-tecnicos-vistoriam-barragens-de-residuos-da-alumar\/#breadcrumb\"},\"inLanguage\":\"pt-BR\",\"potentialAction\":[{\"@type\":\"ReadAction\",\"target\":[\"https:\/\/www.blogsoestado.com\/danielmatos\/vereadores-e-tecnicos-vistoriam-barragens-de-residuos-da-alumar\/\"]}]},{\"@type\":\"ImageObject\",\"inLanguage\":\"pt-BR\",\"@id\":\"https:\/\/www.blogsoestado.com\/danielmatos\/vereadores-e-tecnicos-vistoriam-barragens-de-residuos-da-alumar\/#primaryimage\",\"url\":\"https:\/\/www.blogsoestado.com\/danielmatos\/files\/2019\/02\/vereadores-alumar.jpg\",\"contentUrl\":\"https:\/\/www.blogsoestado.com\/danielmatos\/files\/2019\/02\/vereadores-alumar.jpg\"},{\"@type\":\"BreadcrumbList\",\"@id\":\"https:\/\/www.blogsoestado.com\/danielmatos\/vereadores-e-tecnicos-vistoriam-barragens-de-residuos-da-alumar\/#breadcrumb\",\"itemListElement\":[{\"@type\":\"ListItem\",\"position\":1,\"name\":\"In\u00edcio\",\"item\":\"https:\/\/www.blogsoestado.com\/danielmatos\/\"},{\"@type\":\"ListItem\",\"position\":2,\"name\":\"Vereadores e t\u00e9cnicos vistoriam barragens de res\u00edduos da Alumar\"}]},{\"@type\":\"WebSite\",\"@id\":\"https:\/\/www.blogsoestado.com\/danielmatos\/#website\",\"url\":\"https:\/\/www.blogsoestado.com\/danielmatos\/\",\"name\":\"Daniel Matos\",\"description\":\"\",\"potentialAction\":[{\"@type\":\"SearchAction\",\"target\":{\"@type\":\"EntryPoint\",\"urlTemplate\":\"https:\/\/www.blogsoestado.com\/danielmatos\/?s={search_term_string}\"},\"query-input\":{\"@type\":\"PropertyValueSpecification\",\"valueRequired\":true,\"valueName\":\"search_term_string\"}}],\"inLanguage\":\"pt-BR\"}]}<\/script>\n<!-- \/ Yoast SEO plugin. -->","yoast_head_json":{"title":"Vereadores e t\u00e9cnicos vistoriam barragens de res\u00edduos da Alumar - Daniel Matos","robots":{"index":"index","follow":"follow","max-snippet":"max-snippet:-1","max-image-preview":"max-image-preview:large","max-video-preview":"max-video-preview:-1"},"canonical":"https:\/\/www.blogsoestado.com\/danielmatos\/vereadores-e-tecnicos-vistoriam-barragens-de-residuos-da-alumar\/","og_locale":"pt_BR","og_type":"article","og_title":"Vereadores e t\u00e9cnicos vistoriam barragens de res\u00edduos da Alumar - Daniel Matos","og_description":"Audi\u00eancia p\u00fablica e relat\u00f3rio detalhado foram alguns dos encaminhamentos definidos durante a inspe\u00e7\u00e3o realizada nesta quinta-feira Uma comiss\u00e3o formada por [&hellip;]","og_url":"https:\/\/www.blogsoestado.com\/danielmatos\/vereadores-e-tecnicos-vistoriam-barragens-de-residuos-da-alumar\/","og_site_name":"Daniel Matos","article_published_time":"2019-02-01T17:50:51+00:00","og_image":[{"url":"https:\/\/www.blogsoestado.com\/danielmatos\/files\/2019\/02\/vereadores-alumar.jpg","type":"","width":"","height":""}],"twitter_card":"summary_large_image","twitter_misc":{"Est. tempo de leitura":"6 minutos"},"schema":{"@context":"https:\/\/schema.org","@graph":[{"@type":"WebPage","@id":"https:\/\/www.blogsoestado.com\/danielmatos\/vereadores-e-tecnicos-vistoriam-barragens-de-residuos-da-alumar\/","url":"https:\/\/www.blogsoestado.com\/danielmatos\/vereadores-e-tecnicos-vistoriam-barragens-de-residuos-da-alumar\/","name":"Vereadores e t\u00e9cnicos vistoriam barragens de res\u00edduos da Alumar - Daniel Matos","isPartOf":{"@id":"https:\/\/www.blogsoestado.com\/danielmatos\/#website"},"primaryImageOfPage":{"@id":"https:\/\/www.blogsoestado.com\/danielmatos\/vereadores-e-tecnicos-vistoriam-barragens-de-residuos-da-alumar\/#primaryimage"},"image":{"@id":"https:\/\/www.blogsoestado.com\/danielmatos\/vereadores-e-tecnicos-vistoriam-barragens-de-residuos-da-alumar\/#primaryimage"},"thumbnailUrl":"https:\/\/www.blogsoestado.com\/danielmatos\/files\/2019\/02\/vereadores-alumar.jpg","datePublished":"2019-02-01T17:50:51+00:00","author":{"@id":""},"breadcrumb":{"@id":"https:\/\/www.blogsoestado.com\/danielmatos\/vereadores-e-tecnicos-vistoriam-barragens-de-residuos-da-alumar\/#breadcrumb"},"inLanguage":"pt-BR","potentialAction":[{"@type":"ReadAction","target":["https:\/\/www.blogsoestado.com\/danielmatos\/vereadores-e-tecnicos-vistoriam-barragens-de-residuos-da-alumar\/"]}]},{"@type":"ImageObject","inLanguage":"pt-BR","@id":"https:\/\/www.blogsoestado.com\/danielmatos\/vereadores-e-tecnicos-vistoriam-barragens-de-residuos-da-alumar\/#primaryimage","url":"https:\/\/www.blogsoestado.com\/danielmatos\/files\/2019\/02\/vereadores-alumar.jpg","contentUrl":"https:\/\/www.blogsoestado.com\/danielmatos\/files\/2019\/02\/vereadores-alumar.jpg"},{"@type":"BreadcrumbList","@id":"https:\/\/www.blogsoestado.com\/danielmatos\/vereadores-e-tecnicos-vistoriam-barragens-de-residuos-da-alumar\/#breadcrumb","itemListElement":[{"@type":"ListItem","position":1,"name":"In\u00edcio","item":"https:\/\/www.blogsoestado.com\/danielmatos\/"},{"@type":"ListItem","position":2,"name":"Vereadores e t\u00e9cnicos vistoriam barragens de res\u00edduos da Alumar"}]},{"@type":"WebSite","@id":"https:\/\/www.blogsoestado.com\/danielmatos\/#website","url":"https:\/\/www.blogsoestado.com\/danielmatos\/","name":"Daniel Matos","description":"","potentialAction":[{"@type":"SearchAction","target":{"@type":"EntryPoint","urlTemplate":"https:\/\/www.blogsoestado.com\/danielmatos\/?s={search_term_string}"},"query-input":{"@type":"PropertyValueSpecification","valueRequired":true,"valueName":"search_term_string"}}],"inLanguage":"pt-BR"}]}},"jetpack_featured_media_url":"","_links":{"self":[{"href":"https:\/\/www.blogsoestado.com\/danielmatos\/wp-json\/wp\/v2\/posts\/59999","targetHints":{"allow":["GET"]}}],"collection":[{"href":"https:\/\/www.blogsoestado.com\/danielmatos\/wp-json\/wp\/v2\/posts"}],"about":[{"href":"https:\/\/www.blogsoestado.com\/danielmatos\/wp-json\/wp\/v2\/types\/post"}],"replies":[{"embeddable":true,"href":"https:\/\/www.blogsoestado.com\/danielmatos\/wp-json\/wp\/v2\/comments?post=59999"}],"version-history":[{"count":0,"href":"https:\/\/www.blogsoestado.com\/danielmatos\/wp-json\/wp\/v2\/posts\/59999\/revisions"}],"wp:attachment":[{"href":"https:\/\/www.blogsoestado.com\/danielmatos\/wp-json\/wp\/v2\/media?parent=59999"}],"wp:term":[{"taxonomy":"category","embeddable":true,"href":"https:\/\/www.blogsoestado.com\/danielmatos\/wp-json\/wp\/v2\/categories?post=59999"},{"taxonomy":"post_tag","embeddable":true,"href":"https:\/\/www.blogsoestado.com\/danielmatos\/wp-json\/wp\/v2\/tags?post=59999"}],"curies":[{"name":"wp","href":"https:\/\/api.w.org\/{rel}","templated":true}]}}