{"id":60004,"date":"2019-02-01T15:39:39","date_gmt":"2019-02-01T18:39:39","guid":{"rendered":"https:\/\/www.blogsoestado.com\/danielmatos\/?p=60004"},"modified":"2019-02-01T15:39:39","modified_gmt":"2019-02-01T18:39:39","slug":"deputado-estadual-ze-gentil-e-empossado-e-reafirma-compromissos","status":"publish","type":"post","link":"https:\/\/www.blogsoestado.com\/danielmatos\/deputado-estadual-ze-gentil-e-empossado-e-reafirma-compromissos\/","title":{"rendered":"Deputado estadual Z\u00e9 Gentil \u00e9 empossado e reafirma compromissos"},"content":{"rendered":"\n<figure class=\"wp-block-image\"><img decoding=\"async\" src=\"https:\/\/www.blogsoestado.com\/danielmatos\/files\/2019\/02\/posse-al4.jpg\" alt=\"\" class=\"wp-image-60005\"\/><figcaption>Z\u00e9 Gentil com o filho F\u00e1bio Gentil, no plen\u00e1rio da Assembleia, ap\u00f3s ser empossado<\/figcaption><\/figure>\n\n\n\n<p>O deputado Z\u00e9 Gentil (PRB) foi empossado nesta sexta-feira (1\u00ba) e prometeu usar toda a sua experi\u00eancia na vida p\u00fablica em favor dos maranhenses e, em especial, do povo de Caxias, ber\u00e7o pol\u00edtico. Um caravana formada por familiares e por centenas de apoiadores caxienses prestigiou a cerim\u00f4nia que marcou o retorno de Gentil ao parlamento estadual.<\/p>\n\n\n\n<figure class=\"wp-block-image\"><img decoding=\"async\" src=\"https:\/\/www.blogsoestado.com\/danielmatos\/files\/2019\/02\/posse-al2.jpg\" alt=\"\" class=\"wp-image-60006\"\/><figcaption>Z\u00e9 Gentil n\u00e3o escondeu sua satisfa\u00e7\u00e3o por assumir mais um mandato de deputado estadual<\/figcaption><\/figure>\n\n\n\n<p>Quarto mais votado entre os 42 deputados estaduais eleitos e reeleitos em outubro de 2018, Z\u00e9 Gentil se comprometeu para fazer valer cada um dos 62.364 votos que obteve, sendo mais da metade em Caxias. Pai do prefeito F\u00e1bio Gentil (PRB), ele diz que lutar\u00e1, durante o mandato, por conquistas para sua cidade de origem, sem esquecer de interceder pelos outros 216 munic\u00edpios.<\/p>\n\n\n\n<p>Z\u00e9 Gentil foi um dos deputados mais festejados durante a solenidade de posse. Nos momentos que antecederam a posse, o parlamentar fez quest\u00e3o de permanecer no gabinete para recepcionar pol\u00edticos e outras autoridades p\u00fablicas que foram cumpriment\u00e1-lo. Cidad\u00e3os comuns, muitos dos quais vindos de Caxias, tamb\u00e9m foram recebidos de forma calorosa.<\/p>\n\n\n\n<figure class=\"wp-block-image\"><img decoding=\"async\" src=\"https:\/\/www.blogsoestado.com\/danielmatos\/files\/2019\/02\/posse-al3.jpg\" alt=\"\" class=\"wp-image-60007\"\/><figcaption>Z\u00e9 Gentil e Cleide Coutinho fizeram quest\u00e3o de se cumprimentar: sintonia pelo bem de Caxias <\/figcaption><\/figure>\n\n\n\n<p>Presente \u00e0 cerim\u00f4nia, F\u00e1bio Gentil acompanhou de perto a posse do pai. Tamb\u00e9m aproveitou para falar sobre projetos importantes para Caxias e para o Maranh\u00e3o, como o porto seco, e disse que Z\u00e9 Gentil ter\u00e1 papel fundamental para que o empreendimento se torne realidade. O experiente parlamentar atuar\u00e1 como principal interlocutor junto ao Governo do Estado para que projeto saia do papel e se reverta na gera\u00e7\u00e3o de emprego e renda, principalmente para os caxienses que esperam ansiosos por essa oportunidade.<\/p>\n\n\n\n<figure class=\"wp-block-image\"><img decoding=\"async\" src=\"https:\/\/www.blogsoestado.com\/danielmatos\/files\/2019\/02\/posse-al.jpg\" alt=\"\" class=\"wp-image-60008\"\/><figcaption>Cerim\u00f4nia de posse dos 42 deputados estaduais foi bastante prestigiada<\/figcaption><\/figure>\n\n\n\n<p>Z\u00e9 Gentil tamb\u00e9m cumprimentou a deputada estadual Cleide Coutinho, vi\u00fava do ex-prefeito e ex-deputado Humberto Coutinho, sua conterr\u00e2nea. A troca de gentilezas mostrou que as diferen\u00e7as entre os pol\u00edticos conterr\u00e2neos que marcaram a \u00faltima elei\u00e7\u00e3o ser\u00e3o deixadas de lada, em prol de um trabalho harmonioso no parlamento. Com tamanha sintonia, os caxienses s\u00f3 t\u00eam a ganhar.   <\/p>\n","protected":false},"excerpt":{"rendered":"<p>O deputado Z\u00e9 Gentil (PRB) foi empossado nesta sexta-feira (1\u00ba) e prometeu usar toda a sua experi\u00eancia na vida p\u00fablica [&hellip;]<\/p>\n","protected":false},"author":0,"featured_media":0,"comment_status":"open","ping_status":"open","sticky":false,"template":"","format":"standard","meta":{"site-sidebar-layout":"default","site-content-layout":"","ast-site-content-layout":"default","site-content-style":"default","site-sidebar-style":"default","ast-global-header-display":"","ast-banner-title-visibility":"","ast-main-header-display":"","ast-hfb-above-header-display":"","ast-hfb-below-header-display":"","ast-hfb-mobile-header-display":"","site-post-title":"","ast-breadcrumbs-content":"","ast-featured-img":"","footer-sml-layout":"","ast-disable-related-posts":"","theme-transparent-header-meta":"","adv-header-id-meta":"","stick-header-meta":"","header-above-stick-meta":"","header-main-stick-meta":"","header-below-stick-meta":"","astra-migrate-meta-layouts":"default","ast-page-background-enabled":"default","ast-page-background-meta":{"desktop":{"background-color":"var(--ast-global-color-5)","background-image":"","background-repeat":"repeat","background-position":"center center","background-size":"auto","background-attachment":"scroll","background-type":"","background-media":"","overlay-type":"","overlay-color":"","overlay-opacity":"","overlay-gradient":""},"tablet":{"background-color":"","background-image":"","background-repeat":"repeat","background-position":"center center","background-size":"auto","background-attachment":"scroll","background-type":"","background-media":"","overlay-type":"","overlay-color":"","overlay-opacity":"","overlay-gradient":""},"mobile":{"background-color":"","background-image":"","background-repeat":"repeat","background-position":"center center","background-size":"auto","background-attachment":"scroll","background-type":"","background-media":"","overlay-type":"","overlay-color":"","overlay-opacity":"","overlay-gradient":""}},"ast-content-background-meta":{"desktop":{"background-color":"var(--ast-global-color-4)","background-image":"","background-repeat":"repeat","background-position":"center center","background-size":"auto","background-attachment":"scroll","background-type":"","background-media":"","overlay-type":"","overlay-color":"","overlay-opacity":"","overlay-gradient":""},"tablet":{"background-color":"var(--ast-global-color-4)","background-image":"","background-repeat":"repeat","background-position":"center center","background-size":"auto","background-attachment":"scroll","background-type":"","background-media":"","overlay-type":"","overlay-color":"","overlay-opacity":"","overlay-gradient":""},"mobile":{"background-color":"var(--ast-global-color-4)","background-image":"","background-repeat":"repeat","background-position":"center center","background-size":"auto","background-attachment":"scroll","background-type":"","background-media":"","overlay-type":"","overlay-color":"","overlay-opacity":"","overlay-gradient":""}},"footnotes":""},"categories":[1],"tags":[],"class_list":["post-60004","post","type-post","status-publish","format-standard","hentry","category-sem-categoria"],"yoast_head":"<!-- This site is optimized with the Yoast SEO plugin v26.6 - https:\/\/yoast.com\/wordpress\/plugins\/seo\/ -->\n<title>Deputado estadual Z\u00e9 Gentil \u00e9 empossado e reafirma compromissos - Daniel Matos<\/title>\n<meta name=\"robots\" content=\"index, follow, max-snippet:-1, max-image-preview:large, max-video-preview:-1\" \/>\n<link rel=\"canonical\" href=\"https:\/\/www.blogsoestado.com\/danielmatos\/deputado-estadual-ze-gentil-e-empossado-e-reafirma-compromissos\/\" \/>\n<meta property=\"og:locale\" content=\"pt_BR\" \/>\n<meta property=\"og:type\" content=\"article\" \/>\n<meta property=\"og:title\" content=\"Deputado estadual Z\u00e9 Gentil \u00e9 empossado e reafirma compromissos - Daniel Matos\" \/>\n<meta property=\"og:description\" content=\"O deputado Z\u00e9 Gentil (PRB) foi empossado nesta sexta-feira (1\u00ba) e prometeu usar toda a sua experi\u00eancia na vida p\u00fablica [&hellip;]\" \/>\n<meta property=\"og:url\" content=\"https:\/\/www.blogsoestado.com\/danielmatos\/deputado-estadual-ze-gentil-e-empossado-e-reafirma-compromissos\/\" \/>\n<meta property=\"og:site_name\" content=\"Daniel Matos\" \/>\n<meta property=\"article:published_time\" content=\"2019-02-01T18:39:39+00:00\" \/>\n<meta property=\"og:image\" content=\"https:\/\/www.blogsoestado.com\/danielmatos\/files\/2019\/02\/posse-al4.jpg\" \/>\n<meta name=\"twitter:card\" content=\"summary_large_image\" \/>\n<meta name=\"twitter:label1\" content=\"Est. tempo de leitura\" \/>\n\t<meta name=\"twitter:data1\" content=\"2 minutos\" \/>\n<script type=\"application\/ld+json\" class=\"yoast-schema-graph\">{\"@context\":\"https:\/\/schema.org\",\"@graph\":[{\"@type\":\"WebPage\",\"@id\":\"https:\/\/www.blogsoestado.com\/danielmatos\/deputado-estadual-ze-gentil-e-empossado-e-reafirma-compromissos\/\",\"url\":\"https:\/\/www.blogsoestado.com\/danielmatos\/deputado-estadual-ze-gentil-e-empossado-e-reafirma-compromissos\/\",\"name\":\"Deputado estadual Z\u00e9 Gentil \u00e9 empossado e reafirma compromissos - Daniel Matos\",\"isPartOf\":{\"@id\":\"https:\/\/www.blogsoestado.com\/danielmatos\/#website\"},\"primaryImageOfPage\":{\"@id\":\"https:\/\/www.blogsoestado.com\/danielmatos\/deputado-estadual-ze-gentil-e-empossado-e-reafirma-compromissos\/#primaryimage\"},\"image\":{\"@id\":\"https:\/\/www.blogsoestado.com\/danielmatos\/deputado-estadual-ze-gentil-e-empossado-e-reafirma-compromissos\/#primaryimage\"},\"thumbnailUrl\":\"https:\/\/www.blogsoestado.com\/danielmatos\/files\/2019\/02\/posse-al4.jpg\",\"datePublished\":\"2019-02-01T18:39:39+00:00\",\"author\":{\"@id\":\"\"},\"breadcrumb\":{\"@id\":\"https:\/\/www.blogsoestado.com\/danielmatos\/deputado-estadual-ze-gentil-e-empossado-e-reafirma-compromissos\/#breadcrumb\"},\"inLanguage\":\"pt-BR\",\"potentialAction\":[{\"@type\":\"ReadAction\",\"target\":[\"https:\/\/www.blogsoestado.com\/danielmatos\/deputado-estadual-ze-gentil-e-empossado-e-reafirma-compromissos\/\"]}]},{\"@type\":\"ImageObject\",\"inLanguage\":\"pt-BR\",\"@id\":\"https:\/\/www.blogsoestado.com\/danielmatos\/deputado-estadual-ze-gentil-e-empossado-e-reafirma-compromissos\/#primaryimage\",\"url\":\"https:\/\/www.blogsoestado.com\/danielmatos\/files\/2019\/02\/posse-al4.jpg\",\"contentUrl\":\"https:\/\/www.blogsoestado.com\/danielmatos\/files\/2019\/02\/posse-al4.jpg\"},{\"@type\":\"BreadcrumbList\",\"@id\":\"https:\/\/www.blogsoestado.com\/danielmatos\/deputado-estadual-ze-gentil-e-empossado-e-reafirma-compromissos\/#breadcrumb\",\"itemListElement\":[{\"@type\":\"ListItem\",\"position\":1,\"name\":\"In\u00edcio\",\"item\":\"https:\/\/www.blogsoestado.com\/danielmatos\/\"},{\"@type\":\"ListItem\",\"position\":2,\"name\":\"Deputado estadual Z\u00e9 Gentil \u00e9 empossado e reafirma compromissos\"}]},{\"@type\":\"WebSite\",\"@id\":\"https:\/\/www.blogsoestado.com\/danielmatos\/#website\",\"url\":\"https:\/\/www.blogsoestado.com\/danielmatos\/\",\"name\":\"Daniel Matos\",\"description\":\"\",\"potentialAction\":[{\"@type\":\"SearchAction\",\"target\":{\"@type\":\"EntryPoint\",\"urlTemplate\":\"https:\/\/www.blogsoestado.com\/danielmatos\/?s={search_term_string}\"},\"query-input\":{\"@type\":\"PropertyValueSpecification\",\"valueRequired\":true,\"valueName\":\"search_term_string\"}}],\"inLanguage\":\"pt-BR\"}]}<\/script>\n<!-- \/ Yoast SEO plugin. -->","yoast_head_json":{"title":"Deputado estadual Z\u00e9 Gentil \u00e9 empossado e reafirma compromissos - Daniel Matos","robots":{"index":"index","follow":"follow","max-snippet":"max-snippet:-1","max-image-preview":"max-image-preview:large","max-video-preview":"max-video-preview:-1"},"canonical":"https:\/\/www.blogsoestado.com\/danielmatos\/deputado-estadual-ze-gentil-e-empossado-e-reafirma-compromissos\/","og_locale":"pt_BR","og_type":"article","og_title":"Deputado estadual Z\u00e9 Gentil \u00e9 empossado e reafirma compromissos - Daniel Matos","og_description":"O deputado Z\u00e9 Gentil (PRB) foi empossado nesta sexta-feira (1\u00ba) e prometeu usar toda a sua experi\u00eancia na vida p\u00fablica [&hellip;]","og_url":"https:\/\/www.blogsoestado.com\/danielmatos\/deputado-estadual-ze-gentil-e-empossado-e-reafirma-compromissos\/","og_site_name":"Daniel Matos","article_published_time":"2019-02-01T18:39:39+00:00","og_image":[{"url":"https:\/\/www.blogsoestado.com\/danielmatos\/files\/2019\/02\/posse-al4.jpg","type":"","width":"","height":""}],"twitter_card":"summary_large_image","twitter_misc":{"Est. tempo de leitura":"2 minutos"},"schema":{"@context":"https:\/\/schema.org","@graph":[{"@type":"WebPage","@id":"https:\/\/www.blogsoestado.com\/danielmatos\/deputado-estadual-ze-gentil-e-empossado-e-reafirma-compromissos\/","url":"https:\/\/www.blogsoestado.com\/danielmatos\/deputado-estadual-ze-gentil-e-empossado-e-reafirma-compromissos\/","name":"Deputado estadual Z\u00e9 Gentil \u00e9 empossado e reafirma compromissos - Daniel Matos","isPartOf":{"@id":"https:\/\/www.blogsoestado.com\/danielmatos\/#website"},"primaryImageOfPage":{"@id":"https:\/\/www.blogsoestado.com\/danielmatos\/deputado-estadual-ze-gentil-e-empossado-e-reafirma-compromissos\/#primaryimage"},"image":{"@id":"https:\/\/www.blogsoestado.com\/danielmatos\/deputado-estadual-ze-gentil-e-empossado-e-reafirma-compromissos\/#primaryimage"},"thumbnailUrl":"https:\/\/www.blogsoestado.com\/danielmatos\/files\/2019\/02\/posse-al4.jpg","datePublished":"2019-02-01T18:39:39+00:00","author":{"@id":""},"breadcrumb":{"@id":"https:\/\/www.blogsoestado.com\/danielmatos\/deputado-estadual-ze-gentil-e-empossado-e-reafirma-compromissos\/#breadcrumb"},"inLanguage":"pt-BR","potentialAction":[{"@type":"ReadAction","target":["https:\/\/www.blogsoestado.com\/danielmatos\/deputado-estadual-ze-gentil-e-empossado-e-reafirma-compromissos\/"]}]},{"@type":"ImageObject","inLanguage":"pt-BR","@id":"https:\/\/www.blogsoestado.com\/danielmatos\/deputado-estadual-ze-gentil-e-empossado-e-reafirma-compromissos\/#primaryimage","url":"https:\/\/www.blogsoestado.com\/danielmatos\/files\/2019\/02\/posse-al4.jpg","contentUrl":"https:\/\/www.blogsoestado.com\/danielmatos\/files\/2019\/02\/posse-al4.jpg"},{"@type":"BreadcrumbList","@id":"https:\/\/www.blogsoestado.com\/danielmatos\/deputado-estadual-ze-gentil-e-empossado-e-reafirma-compromissos\/#breadcrumb","itemListElement":[{"@type":"ListItem","position":1,"name":"In\u00edcio","item":"https:\/\/www.blogsoestado.com\/danielmatos\/"},{"@type":"ListItem","position":2,"name":"Deputado estadual Z\u00e9 Gentil \u00e9 empossado e reafirma compromissos"}]},{"@type":"WebSite","@id":"https:\/\/www.blogsoestado.com\/danielmatos\/#website","url":"https:\/\/www.blogsoestado.com\/danielmatos\/","name":"Daniel Matos","description":"","potentialAction":[{"@type":"SearchAction","target":{"@type":"EntryPoint","urlTemplate":"https:\/\/www.blogsoestado.com\/danielmatos\/?s={search_term_string}"},"query-input":{"@type":"PropertyValueSpecification","valueRequired":true,"valueName":"search_term_string"}}],"inLanguage":"pt-BR"}]}},"jetpack_featured_media_url":"","_links":{"self":[{"href":"https:\/\/www.blogsoestado.com\/danielmatos\/wp-json\/wp\/v2\/posts\/60004","targetHints":{"allow":["GET"]}}],"collection":[{"href":"https:\/\/www.blogsoestado.com\/danielmatos\/wp-json\/wp\/v2\/posts"}],"about":[{"href":"https:\/\/www.blogsoestado.com\/danielmatos\/wp-json\/wp\/v2\/types\/post"}],"replies":[{"embeddable":true,"href":"https:\/\/www.blogsoestado.com\/danielmatos\/wp-json\/wp\/v2\/comments?post=60004"}],"version-history":[{"count":0,"href":"https:\/\/www.blogsoestado.com\/danielmatos\/wp-json\/wp\/v2\/posts\/60004\/revisions"}],"wp:attachment":[{"href":"https:\/\/www.blogsoestado.com\/danielmatos\/wp-json\/wp\/v2\/media?parent=60004"}],"wp:term":[{"taxonomy":"category","embeddable":true,"href":"https:\/\/www.blogsoestado.com\/danielmatos\/wp-json\/wp\/v2\/categories?post=60004"},{"taxonomy":"post_tag","embeddable":true,"href":"https:\/\/www.blogsoestado.com\/danielmatos\/wp-json\/wp\/v2\/tags?post=60004"}],"curies":[{"name":"wp","href":"https:\/\/api.w.org\/{rel}","templated":true}]}}