{"id":60011,"date":"2019-02-01T18:20:41","date_gmt":"2019-02-01T21:20:41","guid":{"rendered":"https:\/\/www.blogsoestado.com\/danielmatos\/?p=60011"},"modified":"2019-02-01T18:20:41","modified_gmt":"2019-02-01T21:20:41","slug":"o-trabalho-vai-continuar-em-defesa-do-povo-diz-wellington-ao-tomar-posse-para-segundo-mandato-de-deputado-estadual","status":"publish","type":"post","link":"https:\/\/www.blogsoestado.com\/danielmatos\/o-trabalho-vai-continuar-em-defesa-do-povo-diz-wellington-ao-tomar-posse-para-segundo-mandato-de-deputado-estadual\/","title":{"rendered":"&#8220;O trabalho vai continuar em defesa do povo&#8221;, diz Wellington ao tomar posse para segundo mandato de deputado estadual"},"content":{"rendered":"\n<p> <\/p>\n\n\n\n<figure class=\"wp-block-image\"><img decoding=\"async\" src=\"https:\/\/www.blogsoestado.com\/danielmatos\/files\/2019\/02\/IMG-20190201-WA0109.jpg\" alt=\"\" class=\"wp-image-60012\"\/><figcaption>Wellington s\u00f3 Curso prometeu continuar lutando em defesa do povo maranhense<\/figcaption><\/figure>\n\n\n\n<p>Wellington do Curso tomou posse, na manh\u00e3 desta sexta-feira (1\u00b0), na Assembleia Legislativa, para exercer o segundo mandato de deputado estadual. A solenidade ocorreu no Plen\u00e1rio e contou com a presen\u00e7a de todos os 42 deputados eleitos e\/ou reeleitos, al\u00e9m de diversas outras autoridades.<\/p>\n\n\n\n<p>Na ocasi\u00e3o, o deputado Wellington voltou a agradecer a Deus e a cada maranhense pela oportunidade de representar o povo do Maranh\u00e3o.<\/p>\n\n\n\n<p>\u201cCom a gra\u00e7a de Deus e com a confian\u00e7a do povo esse momento foi poss\u00edvel. Tivemos um primeiro mandato em defesa do povo do Maranh\u00e3o, priorizando a educa\u00e7\u00e3o, os servidores p\u00fablicos, os agentes de seguran\u00e7a p\u00fablica, a sa\u00fade\u2026priorizando a nossa popula\u00e7\u00e3o, principalmente, a parte mais carente. Muito j\u00e1 fizemos e podemos fazer mais. O trabalho vai continuar\u201d, disse o deputado Wellington, que foi eleito com votos limpos, honestos e conscientes.<\/p>\n","protected":false},"excerpt":{"rendered":"<p>Wellington do Curso tomou posse, na manh\u00e3 desta sexta-feira (1\u00b0), na Assembleia Legislativa, para exercer o segundo mandato de deputado [&hellip;]<\/p>\n","protected":false},"author":0,"featured_media":0,"comment_status":"open","ping_status":"open","sticky":false,"template":"","format":"standard","meta":{"site-sidebar-layout":"default","site-content-layout":"","ast-site-content-layout":"default","site-content-style":"default","site-sidebar-style":"default","ast-global-header-display":"","ast-banner-title-visibility":"","ast-main-header-display":"","ast-hfb-above-header-display":"","ast-hfb-below-header-display":"","ast-hfb-mobile-header-display":"","site-post-title":"","ast-breadcrumbs-content":"","ast-featured-img":"","footer-sml-layout":"","ast-disable-related-posts":"","theme-transparent-header-meta":"","adv-header-id-meta":"","stick-header-meta":"","header-above-stick-meta":"","header-main-stick-meta":"","header-below-stick-meta":"","astra-migrate-meta-layouts":"default","ast-page-background-enabled":"default","ast-page-background-meta":{"desktop":{"background-color":"var(--ast-global-color-5)","background-image":"","background-repeat":"repeat","background-position":"center center","background-size":"auto","background-attachment":"scroll","background-type":"","background-media":"","overlay-type":"","overlay-color":"","overlay-opacity":"","overlay-gradient":""},"tablet":{"background-color":"","background-image":"","background-repeat":"repeat","background-position":"center center","background-size":"auto","background-attachment":"scroll","background-type":"","background-media":"","overlay-type":"","overlay-color":"","overlay-opacity":"","overlay-gradient":""},"mobile":{"background-color":"","background-image":"","background-repeat":"repeat","background-position":"center center","background-size":"auto","background-attachment":"scroll","background-type":"","background-media":"","overlay-type":"","overlay-color":"","overlay-opacity":"","overlay-gradient":""}},"ast-content-background-meta":{"desktop":{"background-color":"var(--ast-global-color-4)","background-image":"","background-repeat":"repeat","background-position":"center center","background-size":"auto","background-attachment":"scroll","background-type":"","background-media":"","overlay-type":"","overlay-color":"","overlay-opacity":"","overlay-gradient":""},"tablet":{"background-color":"var(--ast-global-color-4)","background-image":"","background-repeat":"repeat","background-position":"center center","background-size":"auto","background-attachment":"scroll","background-type":"","background-media":"","overlay-type":"","overlay-color":"","overlay-opacity":"","overlay-gradient":""},"mobile":{"background-color":"var(--ast-global-color-4)","background-image":"","background-repeat":"repeat","background-position":"center center","background-size":"auto","background-attachment":"scroll","background-type":"","background-media":"","overlay-type":"","overlay-color":"","overlay-opacity":"","overlay-gradient":""}},"footnotes":""},"categories":[1],"tags":[],"class_list":["post-60011","post","type-post","status-publish","format-standard","hentry","category-sem-categoria"],"yoast_head":"<!-- This site is optimized with the Yoast SEO plugin v26.6 - https:\/\/yoast.com\/wordpress\/plugins\/seo\/ -->\n<title>&quot;O trabalho vai continuar em defesa do povo&quot;, diz Wellington ao tomar posse para segundo mandato de deputado estadual - Daniel Matos<\/title>\n<meta name=\"robots\" content=\"index, follow, max-snippet:-1, max-image-preview:large, max-video-preview:-1\" \/>\n<link rel=\"canonical\" href=\"https:\/\/www.blogsoestado.com\/danielmatos\/o-trabalho-vai-continuar-em-defesa-do-povo-diz-wellington-ao-tomar-posse-para-segundo-mandato-de-deputado-estadual\/\" \/>\n<meta property=\"og:locale\" content=\"pt_BR\" \/>\n<meta property=\"og:type\" content=\"article\" \/>\n<meta property=\"og:title\" content=\"&quot;O trabalho vai continuar em defesa do povo&quot;, diz Wellington ao tomar posse para segundo mandato de deputado estadual - Daniel Matos\" \/>\n<meta property=\"og:description\" content=\"Wellington do Curso tomou posse, na manh\u00e3 desta sexta-feira (1\u00b0), na Assembleia Legislativa, para exercer o segundo mandato de deputado [&hellip;]\" \/>\n<meta property=\"og:url\" content=\"https:\/\/www.blogsoestado.com\/danielmatos\/o-trabalho-vai-continuar-em-defesa-do-povo-diz-wellington-ao-tomar-posse-para-segundo-mandato-de-deputado-estadual\/\" \/>\n<meta property=\"og:site_name\" content=\"Daniel Matos\" \/>\n<meta property=\"article:published_time\" content=\"2019-02-01T21:20:41+00:00\" \/>\n<meta property=\"og:image\" content=\"https:\/\/www.blogsoestado.com\/danielmatos\/files\/2019\/02\/IMG-20190201-WA0109.jpg\" \/>\n<meta name=\"twitter:card\" content=\"summary_large_image\" \/>\n<meta name=\"twitter:label1\" content=\"Est. tempo de leitura\" \/>\n\t<meta name=\"twitter:data1\" content=\"1 minuto\" \/>\n<script type=\"application\/ld+json\" class=\"yoast-schema-graph\">{\"@context\":\"https:\/\/schema.org\",\"@graph\":[{\"@type\":\"WebPage\",\"@id\":\"https:\/\/www.blogsoestado.com\/danielmatos\/o-trabalho-vai-continuar-em-defesa-do-povo-diz-wellington-ao-tomar-posse-para-segundo-mandato-de-deputado-estadual\/\",\"url\":\"https:\/\/www.blogsoestado.com\/danielmatos\/o-trabalho-vai-continuar-em-defesa-do-povo-diz-wellington-ao-tomar-posse-para-segundo-mandato-de-deputado-estadual\/\",\"name\":\"\\\"O trabalho vai continuar em defesa do povo\\\", diz Wellington ao tomar posse para segundo mandato de deputado estadual - Daniel Matos\",\"isPartOf\":{\"@id\":\"https:\/\/www.blogsoestado.com\/danielmatos\/#website\"},\"primaryImageOfPage\":{\"@id\":\"https:\/\/www.blogsoestado.com\/danielmatos\/o-trabalho-vai-continuar-em-defesa-do-povo-diz-wellington-ao-tomar-posse-para-segundo-mandato-de-deputado-estadual\/#primaryimage\"},\"image\":{\"@id\":\"https:\/\/www.blogsoestado.com\/danielmatos\/o-trabalho-vai-continuar-em-defesa-do-povo-diz-wellington-ao-tomar-posse-para-segundo-mandato-de-deputado-estadual\/#primaryimage\"},\"thumbnailUrl\":\"https:\/\/www.blogsoestado.com\/danielmatos\/files\/2019\/02\/IMG-20190201-WA0109.jpg\",\"datePublished\":\"2019-02-01T21:20:41+00:00\",\"author\":{\"@id\":\"\"},\"breadcrumb\":{\"@id\":\"https:\/\/www.blogsoestado.com\/danielmatos\/o-trabalho-vai-continuar-em-defesa-do-povo-diz-wellington-ao-tomar-posse-para-segundo-mandato-de-deputado-estadual\/#breadcrumb\"},\"inLanguage\":\"pt-BR\",\"potentialAction\":[{\"@type\":\"ReadAction\",\"target\":[\"https:\/\/www.blogsoestado.com\/danielmatos\/o-trabalho-vai-continuar-em-defesa-do-povo-diz-wellington-ao-tomar-posse-para-segundo-mandato-de-deputado-estadual\/\"]}]},{\"@type\":\"ImageObject\",\"inLanguage\":\"pt-BR\",\"@id\":\"https:\/\/www.blogsoestado.com\/danielmatos\/o-trabalho-vai-continuar-em-defesa-do-povo-diz-wellington-ao-tomar-posse-para-segundo-mandato-de-deputado-estadual\/#primaryimage\",\"url\":\"https:\/\/www.blogsoestado.com\/danielmatos\/files\/2019\/02\/IMG-20190201-WA0109.jpg\",\"contentUrl\":\"https:\/\/www.blogsoestado.com\/danielmatos\/files\/2019\/02\/IMG-20190201-WA0109.jpg\"},{\"@type\":\"BreadcrumbList\",\"@id\":\"https:\/\/www.blogsoestado.com\/danielmatos\/o-trabalho-vai-continuar-em-defesa-do-povo-diz-wellington-ao-tomar-posse-para-segundo-mandato-de-deputado-estadual\/#breadcrumb\",\"itemListElement\":[{\"@type\":\"ListItem\",\"position\":1,\"name\":\"In\u00edcio\",\"item\":\"https:\/\/www.blogsoestado.com\/danielmatos\/\"},{\"@type\":\"ListItem\",\"position\":2,\"name\":\"&#8220;O trabalho vai continuar em defesa do povo&#8221;, diz Wellington ao tomar posse para segundo mandato de deputado estadual\"}]},{\"@type\":\"WebSite\",\"@id\":\"https:\/\/www.blogsoestado.com\/danielmatos\/#website\",\"url\":\"https:\/\/www.blogsoestado.com\/danielmatos\/\",\"name\":\"Daniel Matos\",\"description\":\"\",\"potentialAction\":[{\"@type\":\"SearchAction\",\"target\":{\"@type\":\"EntryPoint\",\"urlTemplate\":\"https:\/\/www.blogsoestado.com\/danielmatos\/?s={search_term_string}\"},\"query-input\":{\"@type\":\"PropertyValueSpecification\",\"valueRequired\":true,\"valueName\":\"search_term_string\"}}],\"inLanguage\":\"pt-BR\"}]}<\/script>\n<!-- \/ Yoast SEO plugin. -->","yoast_head_json":{"title":"\"O trabalho vai continuar em defesa do povo\", diz Wellington ao tomar posse para segundo mandato de deputado estadual - Daniel Matos","robots":{"index":"index","follow":"follow","max-snippet":"max-snippet:-1","max-image-preview":"max-image-preview:large","max-video-preview":"max-video-preview:-1"},"canonical":"https:\/\/www.blogsoestado.com\/danielmatos\/o-trabalho-vai-continuar-em-defesa-do-povo-diz-wellington-ao-tomar-posse-para-segundo-mandato-de-deputado-estadual\/","og_locale":"pt_BR","og_type":"article","og_title":"\"O trabalho vai continuar em defesa do povo\", diz Wellington ao tomar posse para segundo mandato de deputado estadual - Daniel Matos","og_description":"Wellington do Curso tomou posse, na manh\u00e3 desta sexta-feira (1\u00b0), na Assembleia Legislativa, para exercer o segundo mandato de deputado [&hellip;]","og_url":"https:\/\/www.blogsoestado.com\/danielmatos\/o-trabalho-vai-continuar-em-defesa-do-povo-diz-wellington-ao-tomar-posse-para-segundo-mandato-de-deputado-estadual\/","og_site_name":"Daniel Matos","article_published_time":"2019-02-01T21:20:41+00:00","og_image":[{"url":"https:\/\/www.blogsoestado.com\/danielmatos\/files\/2019\/02\/IMG-20190201-WA0109.jpg","type":"","width":"","height":""}],"twitter_card":"summary_large_image","twitter_misc":{"Est. tempo de leitura":"1 minuto"},"schema":{"@context":"https:\/\/schema.org","@graph":[{"@type":"WebPage","@id":"https:\/\/www.blogsoestado.com\/danielmatos\/o-trabalho-vai-continuar-em-defesa-do-povo-diz-wellington-ao-tomar-posse-para-segundo-mandato-de-deputado-estadual\/","url":"https:\/\/www.blogsoestado.com\/danielmatos\/o-trabalho-vai-continuar-em-defesa-do-povo-diz-wellington-ao-tomar-posse-para-segundo-mandato-de-deputado-estadual\/","name":"\"O trabalho vai continuar em defesa do povo\", diz Wellington ao tomar posse para segundo mandato de deputado estadual - Daniel Matos","isPartOf":{"@id":"https:\/\/www.blogsoestado.com\/danielmatos\/#website"},"primaryImageOfPage":{"@id":"https:\/\/www.blogsoestado.com\/danielmatos\/o-trabalho-vai-continuar-em-defesa-do-povo-diz-wellington-ao-tomar-posse-para-segundo-mandato-de-deputado-estadual\/#primaryimage"},"image":{"@id":"https:\/\/www.blogsoestado.com\/danielmatos\/o-trabalho-vai-continuar-em-defesa-do-povo-diz-wellington-ao-tomar-posse-para-segundo-mandato-de-deputado-estadual\/#primaryimage"},"thumbnailUrl":"https:\/\/www.blogsoestado.com\/danielmatos\/files\/2019\/02\/IMG-20190201-WA0109.jpg","datePublished":"2019-02-01T21:20:41+00:00","author":{"@id":""},"breadcrumb":{"@id":"https:\/\/www.blogsoestado.com\/danielmatos\/o-trabalho-vai-continuar-em-defesa-do-povo-diz-wellington-ao-tomar-posse-para-segundo-mandato-de-deputado-estadual\/#breadcrumb"},"inLanguage":"pt-BR","potentialAction":[{"@type":"ReadAction","target":["https:\/\/www.blogsoestado.com\/danielmatos\/o-trabalho-vai-continuar-em-defesa-do-povo-diz-wellington-ao-tomar-posse-para-segundo-mandato-de-deputado-estadual\/"]}]},{"@type":"ImageObject","inLanguage":"pt-BR","@id":"https:\/\/www.blogsoestado.com\/danielmatos\/o-trabalho-vai-continuar-em-defesa-do-povo-diz-wellington-ao-tomar-posse-para-segundo-mandato-de-deputado-estadual\/#primaryimage","url":"https:\/\/www.blogsoestado.com\/danielmatos\/files\/2019\/02\/IMG-20190201-WA0109.jpg","contentUrl":"https:\/\/www.blogsoestado.com\/danielmatos\/files\/2019\/02\/IMG-20190201-WA0109.jpg"},{"@type":"BreadcrumbList","@id":"https:\/\/www.blogsoestado.com\/danielmatos\/o-trabalho-vai-continuar-em-defesa-do-povo-diz-wellington-ao-tomar-posse-para-segundo-mandato-de-deputado-estadual\/#breadcrumb","itemListElement":[{"@type":"ListItem","position":1,"name":"In\u00edcio","item":"https:\/\/www.blogsoestado.com\/danielmatos\/"},{"@type":"ListItem","position":2,"name":"&#8220;O trabalho vai continuar em defesa do povo&#8221;, diz Wellington ao tomar posse para segundo mandato de deputado estadual"}]},{"@type":"WebSite","@id":"https:\/\/www.blogsoestado.com\/danielmatos\/#website","url":"https:\/\/www.blogsoestado.com\/danielmatos\/","name":"Daniel Matos","description":"","potentialAction":[{"@type":"SearchAction","target":{"@type":"EntryPoint","urlTemplate":"https:\/\/www.blogsoestado.com\/danielmatos\/?s={search_term_string}"},"query-input":{"@type":"PropertyValueSpecification","valueRequired":true,"valueName":"search_term_string"}}],"inLanguage":"pt-BR"}]}},"jetpack_featured_media_url":"","_links":{"self":[{"href":"https:\/\/www.blogsoestado.com\/danielmatos\/wp-json\/wp\/v2\/posts\/60011","targetHints":{"allow":["GET"]}}],"collection":[{"href":"https:\/\/www.blogsoestado.com\/danielmatos\/wp-json\/wp\/v2\/posts"}],"about":[{"href":"https:\/\/www.blogsoestado.com\/danielmatos\/wp-json\/wp\/v2\/types\/post"}],"replies":[{"embeddable":true,"href":"https:\/\/www.blogsoestado.com\/danielmatos\/wp-json\/wp\/v2\/comments?post=60011"}],"version-history":[{"count":0,"href":"https:\/\/www.blogsoestado.com\/danielmatos\/wp-json\/wp\/v2\/posts\/60011\/revisions"}],"wp:attachment":[{"href":"https:\/\/www.blogsoestado.com\/danielmatos\/wp-json\/wp\/v2\/media?parent=60011"}],"wp:term":[{"taxonomy":"category","embeddable":true,"href":"https:\/\/www.blogsoestado.com\/danielmatos\/wp-json\/wp\/v2\/categories?post=60011"},{"taxonomy":"post_tag","embeddable":true,"href":"https:\/\/www.blogsoestado.com\/danielmatos\/wp-json\/wp\/v2\/tags?post=60011"}],"curies":[{"name":"wp","href":"https:\/\/api.w.org\/{rel}","templated":true}]}}