{"id":60015,"date":"2019-02-01T19:05:25","date_gmt":"2019-02-01T22:05:25","guid":{"rendered":"https:\/\/www.blogsoestado.com\/danielmatos\/?p=60015"},"modified":"2019-02-01T19:05:25","modified_gmt":"2019-02-01T22:05:25","slug":"othelino-neto-e-eleito-por-unanimidade-presidente-da-assembleia","status":"publish","type":"post","link":"https:\/\/www.blogsoestado.com\/danielmatos\/othelino-neto-e-eleito-por-unanimidade-presidente-da-assembleia\/","title":{"rendered":"Othelino Neto \u00e9 eleito por unanimidade presidente da Assembleia"},"content":{"rendered":"\n<figure class=\"wp-block-image\"><img decoding=\"async\" src=\"https:\/\/www.blogsoestado.com\/danielmatos\/files\/2019\/02\/Othelino-Neto-1024x683.jpg\" alt=\"\" class=\"wp-image-60016\"\/><figcaption>Othelino continuar\u00e1 presidindo a Assembleia no bi\u00eanio 2019-2020<\/figcaption><\/figure>\n\n\n\n<p>O deputado estadual Othelino Neto (PCdoB) foi eleito, na manh\u00e3 desta sexta-feira (1\u00ba), presidente da Assembleia Legislativa do Estado do Maranh\u00e3o, para o bi\u00eanio 2019-2020 (19\u00ba Legislatura). Ele cumprir\u00e1 o segundo mandato \u00e0 frente do Legislativo Estadual. A elei\u00e7\u00e3o aconteceu no Plen\u00e1rio Nagib Haickel, logo ap\u00f3s a solenidade de posse dos 42 deputados.<\/p>\n\n\n\n<p>Othelino integrava a chapa \u201cIgualdade e Democracia\u201d, composta, tamb\u00e9m, pelos deputados Glalbert Cutrim (1\u00ba vice-presidente), Detinha (2\u00aa vice-presidente), Dra. Tha\u00edza Hortegal (3\u00aa vice-presidente), Roberto Costa (4\u00ba vice-presidente), Andreia Rezende (1\u00aa secret\u00e1ria), Cleide Coutinho (2\u00aa secret\u00e1ria), Par\u00e1 Figueiredo (3\u00ba secret\u00e1rio) e Daniella Tema (4\u00ba secret\u00e1rio).&nbsp;<\/p>\n\n\n\n<p>O deputado comunista, formado em Economia e Jornalismo, tem p\u00f3s-gradua\u00e7\u00e3o em Marketing Pol\u00edtico e come\u00e7ou cedo na milit\u00e2ncia. Os primeiros passos na pol\u00edtica foram dados ainda na juventude, na Universidade Federal do Maranh\u00e3o, onde ele foi dirigente acad\u00eamico do curso de Jornalismo.&nbsp;<\/p>\n\n\n\n<p>Em 2010, Othelino Neto candidatou-se a deputado estadual pelo Partido Popular Socialista (PPS), obtendo 29.701 votos e permanecendo na supl\u00eancia. No entanto, assumiria o cargo em 2012, definitivamente.&nbsp;<\/p>\n\n\n\n<p>Na elei\u00e7\u00e3o de 2014, ele foi eleito pelo Partido Comunista do Brasil (PCdoB) com 30.196 votos. Na composi\u00e7\u00e3o da Mesa-Diretora, foi escolhido entre os colegas de parlamento como 1\u00ba vice-presidente da Assembleia Legislativa. Mais tarde, com o falecimento do deputado Humberto Coutinho, ent\u00e3o presidente do Legislativo Estadual, passaria a ocupar o cargo de presidente. A solenidade de posse aconteceu em 4 de janeiro de 2018.&nbsp;<\/p>\n\n\n\n<p>Nas \u00faltimas elei\u00e7\u00f5es, em outubro de 2018, Othelino Neto foi candidato pelo PCdoB e obteve 60.386 votos, totalizando 1,86% dos votos v\u00e1lidos e sendo o quinto candidato mais votado do Maranh\u00e3o.<\/p>\n","protected":false},"excerpt":{"rendered":"<p>O deputado estadual Othelino Neto (PCdoB) foi eleito, na manh\u00e3 desta sexta-feira (1\u00ba), presidente da Assembleia Legislativa do Estado do [&hellip;]<\/p>\n","protected":false},"author":0,"featured_media":0,"comment_status":"open","ping_status":"open","sticky":false,"template":"","format":"standard","meta":{"site-sidebar-layout":"default","site-content-layout":"","ast-site-content-layout":"default","site-content-style":"default","site-sidebar-style":"default","ast-global-header-display":"","ast-banner-title-visibility":"","ast-main-header-display":"","ast-hfb-above-header-display":"","ast-hfb-below-header-display":"","ast-hfb-mobile-header-display":"","site-post-title":"","ast-breadcrumbs-content":"","ast-featured-img":"","footer-sml-layout":"","ast-disable-related-posts":"","theme-transparent-header-meta":"","adv-header-id-meta":"","stick-header-meta":"","header-above-stick-meta":"","header-main-stick-meta":"","header-below-stick-meta":"","astra-migrate-meta-layouts":"default","ast-page-background-enabled":"default","ast-page-background-meta":{"desktop":{"background-color":"var(--ast-global-color-5)","background-image":"","background-repeat":"repeat","background-position":"center center","background-size":"auto","background-attachment":"scroll","background-type":"","background-media":"","overlay-type":"","overlay-color":"","overlay-opacity":"","overlay-gradient":""},"tablet":{"background-color":"","background-image":"","background-repeat":"repeat","background-position":"center center","background-size":"auto","background-attachment":"scroll","background-type":"","background-media":"","overlay-type":"","overlay-color":"","overlay-opacity":"","overlay-gradient":""},"mobile":{"background-color":"","background-image":"","background-repeat":"repeat","background-position":"center center","background-size":"auto","background-attachment":"scroll","background-type":"","background-media":"","overlay-type":"","overlay-color":"","overlay-opacity":"","overlay-gradient":""}},"ast-content-background-meta":{"desktop":{"background-color":"var(--ast-global-color-4)","background-image":"","background-repeat":"repeat","background-position":"center center","background-size":"auto","background-attachment":"scroll","background-type":"","background-media":"","overlay-type":"","overlay-color":"","overlay-opacity":"","overlay-gradient":""},"tablet":{"background-color":"var(--ast-global-color-4)","background-image":"","background-repeat":"repeat","background-position":"center center","background-size":"auto","background-attachment":"scroll","background-type":"","background-media":"","overlay-type":"","overlay-color":"","overlay-opacity":"","overlay-gradient":""},"mobile":{"background-color":"var(--ast-global-color-4)","background-image":"","background-repeat":"repeat","background-position":"center center","background-size":"auto","background-attachment":"scroll","background-type":"","background-media":"","overlay-type":"","overlay-color":"","overlay-opacity":"","overlay-gradient":""}},"footnotes":""},"categories":[1],"tags":[],"class_list":["post-60015","post","type-post","status-publish","format-standard","hentry","category-sem-categoria"],"yoast_head":"<!-- This site is optimized with the Yoast SEO plugin v26.6 - https:\/\/yoast.com\/wordpress\/plugins\/seo\/ -->\n<title>Othelino Neto \u00e9 eleito por unanimidade presidente da Assembleia - Daniel Matos<\/title>\n<meta name=\"robots\" content=\"index, follow, max-snippet:-1, max-image-preview:large, max-video-preview:-1\" \/>\n<link rel=\"canonical\" href=\"https:\/\/www.blogsoestado.com\/danielmatos\/othelino-neto-e-eleito-por-unanimidade-presidente-da-assembleia\/\" \/>\n<meta property=\"og:locale\" content=\"pt_BR\" \/>\n<meta property=\"og:type\" content=\"article\" \/>\n<meta property=\"og:title\" content=\"Othelino Neto \u00e9 eleito por unanimidade presidente da Assembleia - Daniel Matos\" \/>\n<meta property=\"og:description\" content=\"O deputado estadual Othelino Neto (PCdoB) foi eleito, na manh\u00e3 desta sexta-feira (1\u00ba), presidente da Assembleia Legislativa do Estado do [&hellip;]\" \/>\n<meta property=\"og:url\" content=\"https:\/\/www.blogsoestado.com\/danielmatos\/othelino-neto-e-eleito-por-unanimidade-presidente-da-assembleia\/\" \/>\n<meta property=\"og:site_name\" content=\"Daniel Matos\" \/>\n<meta property=\"article:published_time\" content=\"2019-02-01T22:05:25+00:00\" \/>\n<meta property=\"og:image\" content=\"https:\/\/www.blogsoestado.com\/danielmatos\/files\/2019\/02\/Othelino-Neto-1024x683.jpg\" \/>\n<meta name=\"twitter:card\" content=\"summary_large_image\" \/>\n<meta name=\"twitter:label1\" content=\"Est. tempo de leitura\" \/>\n\t<meta name=\"twitter:data1\" content=\"1 minuto\" \/>\n<script type=\"application\/ld+json\" class=\"yoast-schema-graph\">{\"@context\":\"https:\/\/schema.org\",\"@graph\":[{\"@type\":\"WebPage\",\"@id\":\"https:\/\/www.blogsoestado.com\/danielmatos\/othelino-neto-e-eleito-por-unanimidade-presidente-da-assembleia\/\",\"url\":\"https:\/\/www.blogsoestado.com\/danielmatos\/othelino-neto-e-eleito-por-unanimidade-presidente-da-assembleia\/\",\"name\":\"Othelino Neto \u00e9 eleito por unanimidade presidente da Assembleia - Daniel Matos\",\"isPartOf\":{\"@id\":\"https:\/\/www.blogsoestado.com\/danielmatos\/#website\"},\"primaryImageOfPage\":{\"@id\":\"https:\/\/www.blogsoestado.com\/danielmatos\/othelino-neto-e-eleito-por-unanimidade-presidente-da-assembleia\/#primaryimage\"},\"image\":{\"@id\":\"https:\/\/www.blogsoestado.com\/danielmatos\/othelino-neto-e-eleito-por-unanimidade-presidente-da-assembleia\/#primaryimage\"},\"thumbnailUrl\":\"https:\/\/www.blogsoestado.com\/danielmatos\/files\/2019\/02\/Othelino-Neto-1024x683.jpg\",\"datePublished\":\"2019-02-01T22:05:25+00:00\",\"author\":{\"@id\":\"\"},\"breadcrumb\":{\"@id\":\"https:\/\/www.blogsoestado.com\/danielmatos\/othelino-neto-e-eleito-por-unanimidade-presidente-da-assembleia\/#breadcrumb\"},\"inLanguage\":\"pt-BR\",\"potentialAction\":[{\"@type\":\"ReadAction\",\"target\":[\"https:\/\/www.blogsoestado.com\/danielmatos\/othelino-neto-e-eleito-por-unanimidade-presidente-da-assembleia\/\"]}]},{\"@type\":\"ImageObject\",\"inLanguage\":\"pt-BR\",\"@id\":\"https:\/\/www.blogsoestado.com\/danielmatos\/othelino-neto-e-eleito-por-unanimidade-presidente-da-assembleia\/#primaryimage\",\"url\":\"https:\/\/www.blogsoestado.com\/danielmatos\/files\/2019\/02\/Othelino-Neto-1024x683.jpg\",\"contentUrl\":\"https:\/\/www.blogsoestado.com\/danielmatos\/files\/2019\/02\/Othelino-Neto-1024x683.jpg\"},{\"@type\":\"BreadcrumbList\",\"@id\":\"https:\/\/www.blogsoestado.com\/danielmatos\/othelino-neto-e-eleito-por-unanimidade-presidente-da-assembleia\/#breadcrumb\",\"itemListElement\":[{\"@type\":\"ListItem\",\"position\":1,\"name\":\"In\u00edcio\",\"item\":\"https:\/\/www.blogsoestado.com\/danielmatos\/\"},{\"@type\":\"ListItem\",\"position\":2,\"name\":\"Othelino Neto \u00e9 eleito por unanimidade presidente da Assembleia\"}]},{\"@type\":\"WebSite\",\"@id\":\"https:\/\/www.blogsoestado.com\/danielmatos\/#website\",\"url\":\"https:\/\/www.blogsoestado.com\/danielmatos\/\",\"name\":\"Daniel Matos\",\"description\":\"\",\"potentialAction\":[{\"@type\":\"SearchAction\",\"target\":{\"@type\":\"EntryPoint\",\"urlTemplate\":\"https:\/\/www.blogsoestado.com\/danielmatos\/?s={search_term_string}\"},\"query-input\":{\"@type\":\"PropertyValueSpecification\",\"valueRequired\":true,\"valueName\":\"search_term_string\"}}],\"inLanguage\":\"pt-BR\"}]}<\/script>\n<!-- \/ Yoast SEO plugin. -->","yoast_head_json":{"title":"Othelino Neto \u00e9 eleito por unanimidade presidente da Assembleia - Daniel Matos","robots":{"index":"index","follow":"follow","max-snippet":"max-snippet:-1","max-image-preview":"max-image-preview:large","max-video-preview":"max-video-preview:-1"},"canonical":"https:\/\/www.blogsoestado.com\/danielmatos\/othelino-neto-e-eleito-por-unanimidade-presidente-da-assembleia\/","og_locale":"pt_BR","og_type":"article","og_title":"Othelino Neto \u00e9 eleito por unanimidade presidente da Assembleia - Daniel Matos","og_description":"O deputado estadual Othelino Neto (PCdoB) foi eleito, na manh\u00e3 desta sexta-feira (1\u00ba), presidente da Assembleia Legislativa do Estado do [&hellip;]","og_url":"https:\/\/www.blogsoestado.com\/danielmatos\/othelino-neto-e-eleito-por-unanimidade-presidente-da-assembleia\/","og_site_name":"Daniel Matos","article_published_time":"2019-02-01T22:05:25+00:00","og_image":[{"url":"https:\/\/www.blogsoestado.com\/danielmatos\/files\/2019\/02\/Othelino-Neto-1024x683.jpg","type":"","width":"","height":""}],"twitter_card":"summary_large_image","twitter_misc":{"Est. tempo de leitura":"1 minuto"},"schema":{"@context":"https:\/\/schema.org","@graph":[{"@type":"WebPage","@id":"https:\/\/www.blogsoestado.com\/danielmatos\/othelino-neto-e-eleito-por-unanimidade-presidente-da-assembleia\/","url":"https:\/\/www.blogsoestado.com\/danielmatos\/othelino-neto-e-eleito-por-unanimidade-presidente-da-assembleia\/","name":"Othelino Neto \u00e9 eleito por unanimidade presidente da Assembleia - Daniel Matos","isPartOf":{"@id":"https:\/\/www.blogsoestado.com\/danielmatos\/#website"},"primaryImageOfPage":{"@id":"https:\/\/www.blogsoestado.com\/danielmatos\/othelino-neto-e-eleito-por-unanimidade-presidente-da-assembleia\/#primaryimage"},"image":{"@id":"https:\/\/www.blogsoestado.com\/danielmatos\/othelino-neto-e-eleito-por-unanimidade-presidente-da-assembleia\/#primaryimage"},"thumbnailUrl":"https:\/\/www.blogsoestado.com\/danielmatos\/files\/2019\/02\/Othelino-Neto-1024x683.jpg","datePublished":"2019-02-01T22:05:25+00:00","author":{"@id":""},"breadcrumb":{"@id":"https:\/\/www.blogsoestado.com\/danielmatos\/othelino-neto-e-eleito-por-unanimidade-presidente-da-assembleia\/#breadcrumb"},"inLanguage":"pt-BR","potentialAction":[{"@type":"ReadAction","target":["https:\/\/www.blogsoestado.com\/danielmatos\/othelino-neto-e-eleito-por-unanimidade-presidente-da-assembleia\/"]}]},{"@type":"ImageObject","inLanguage":"pt-BR","@id":"https:\/\/www.blogsoestado.com\/danielmatos\/othelino-neto-e-eleito-por-unanimidade-presidente-da-assembleia\/#primaryimage","url":"https:\/\/www.blogsoestado.com\/danielmatos\/files\/2019\/02\/Othelino-Neto-1024x683.jpg","contentUrl":"https:\/\/www.blogsoestado.com\/danielmatos\/files\/2019\/02\/Othelino-Neto-1024x683.jpg"},{"@type":"BreadcrumbList","@id":"https:\/\/www.blogsoestado.com\/danielmatos\/othelino-neto-e-eleito-por-unanimidade-presidente-da-assembleia\/#breadcrumb","itemListElement":[{"@type":"ListItem","position":1,"name":"In\u00edcio","item":"https:\/\/www.blogsoestado.com\/danielmatos\/"},{"@type":"ListItem","position":2,"name":"Othelino Neto \u00e9 eleito por unanimidade presidente da Assembleia"}]},{"@type":"WebSite","@id":"https:\/\/www.blogsoestado.com\/danielmatos\/#website","url":"https:\/\/www.blogsoestado.com\/danielmatos\/","name":"Daniel Matos","description":"","potentialAction":[{"@type":"SearchAction","target":{"@type":"EntryPoint","urlTemplate":"https:\/\/www.blogsoestado.com\/danielmatos\/?s={search_term_string}"},"query-input":{"@type":"PropertyValueSpecification","valueRequired":true,"valueName":"search_term_string"}}],"inLanguage":"pt-BR"}]}},"jetpack_featured_media_url":"","_links":{"self":[{"href":"https:\/\/www.blogsoestado.com\/danielmatos\/wp-json\/wp\/v2\/posts\/60015","targetHints":{"allow":["GET"]}}],"collection":[{"href":"https:\/\/www.blogsoestado.com\/danielmatos\/wp-json\/wp\/v2\/posts"}],"about":[{"href":"https:\/\/www.blogsoestado.com\/danielmatos\/wp-json\/wp\/v2\/types\/post"}],"replies":[{"embeddable":true,"href":"https:\/\/www.blogsoestado.com\/danielmatos\/wp-json\/wp\/v2\/comments?post=60015"}],"version-history":[{"count":0,"href":"https:\/\/www.blogsoestado.com\/danielmatos\/wp-json\/wp\/v2\/posts\/60015\/revisions"}],"wp:attachment":[{"href":"https:\/\/www.blogsoestado.com\/danielmatos\/wp-json\/wp\/v2\/media?parent=60015"}],"wp:term":[{"taxonomy":"category","embeddable":true,"href":"https:\/\/www.blogsoestado.com\/danielmatos\/wp-json\/wp\/v2\/categories?post=60015"},{"taxonomy":"post_tag","embeddable":true,"href":"https:\/\/www.blogsoestado.com\/danielmatos\/wp-json\/wp\/v2\/tags?post=60015"}],"curies":[{"name":"wp","href":"https:\/\/api.w.org\/{rel}","templated":true}]}}