{"id":60022,"date":"2019-02-02T09:34:37","date_gmt":"2019-02-02T12:34:37","guid":{"rendered":"https:\/\/www.blogsoestado.com\/danielmatos\/?p=60022"},"modified":"2019-02-02T09:34:37","modified_gmt":"2019-02-02T12:34:37","slug":"dr-yglesio-toma-posse-e-apresenta-importante-projeto-de-incentivo-fiscal-em-beneficio-da-saude-do-maranhao","status":"publish","type":"post","link":"https:\/\/www.blogsoestado.com\/danielmatos\/dr-yglesio-toma-posse-e-apresenta-importante-projeto-de-incentivo-fiscal-em-beneficio-da-saude-do-maranhao\/","title":{"rendered":"Dr. Ygl\u00e9sio toma posse e apresenta importante projeto de incentivo fiscal em benef\u00edcio da sa\u00fade do Maranh\u00e3o"},"content":{"rendered":"\n<p><em>M\u00e9dico, ele assume o cargo com o compromisso de cuidar da vida das pessoas e de exercer com transpar\u00eancia e lisura o mandato parlamentar<\/em><\/p>\n\n\n\n<figure class=\"wp-block-image\"><img decoding=\"async\" src=\"https:\/\/www.blogsoestado.com\/danielmatos\/files\/2019\/02\/DR-YGL\u00c9SIO-POSSE2-NESTOR-BEZERRA-786x1024.jpeg\" alt=\"\" class=\"wp-image-60023\"\/><figcaption>Dr. Ygl\u00e9sio \u00e9 cumprimentado pelo presidente da Assembleia, Othelino Neto, ao tomar posse<\/figcaption><\/figure>\n\n\n\n<p>O deputado estadual Dr. Ygl\u00e9sio (PDT), eleito em 2018, tomou posse nesta sexta-feira (1\u00ba), em sess\u00e3o solene realizada no Plen\u00e1rio Nagib Haickel da Assembleia Legislativa, em S\u00e3o Lu\u00eds. Ele inicia sua trajet\u00f3ria como parlamentar, apresentando o primeiro Projeto de Lei de 2019, que trata da oferta e cria\u00e7\u00e3o de servi\u00e7os p\u00fablicos de Sa\u00fade, a partir de incentivos fiscais.<\/p>\n\n\n\n<p>O parlamentar esteve acompanhado da fam\u00edlia, amigos e correligion\u00e1rios, e, emocionado, falou das perspectivas para o mandato no Legislativo estadual: \u201c\u00c9 um momento hist\u00f3rico e de muita emo\u00e7\u00e3o, que simboliza uma luta de seis anos em favor dos maranhenses, e que agora ganha ainda mais for\u00e7a e voz com a nossa chegada a este Parlamento. Vamos manter uma boa interlocu\u00e7\u00e3o entre os poderes, n\u00e3o deixando de cumprir com nosso papel e com a miss\u00e3o de fiscalizar, acompanhar e sugerir a\u00e7\u00f5es propositivas ao Executivo, e que impactem diretamente na melhoria de vida dos maranhenses. Nosso mandato ser\u00e1 constru\u00eddo nas ruas, ouvindo e cuidando das pessoas, buscando solu\u00e7\u00f5es que promovam o desenvolvimento do Maranh\u00e3o\u201d.<\/p>\n\n\n\n<p>Ainda durante a manh\u00e3, Dr. Ygl\u00e9sio participou da elei\u00e7\u00e3o da Mesa Diretora, que reconduziu \u00e0 presid\u00eancia do Legislativo estadual pelos pr\u00f3ximos dois anos, o deputado Othelino Neto (PCdoB).<\/p>\n\n\n\n<p><strong>Deputado sai na frente como autor primeiro Projeto de Lei da Casa Parlamentar, em 2019<\/strong><\/p>\n\n\n\n<p>O primeiro Projeto de Lei (PL) do ano de 2019 recebido pela Casa Parlamentar, de autoria do deputado Dr. Ygl\u00e9sio, trata da concess\u00e3o incentivo fiscal a empresas que se apoiem o financiamento de projetos para desenvolvimento do servi\u00e7o p\u00fablico de sa\u00fade estadual, na aquisi\u00e7\u00e3o de equipamentos m\u00e9dico-hospitalares e no custeio de tratamentos m\u00e9dicos de alta complexidade desempenhados pelo sistema p\u00fablico estadual.&nbsp;<\/p>\n\n\n\n<p>Dr. Ygl\u00e9sio, na oportunidade, fez tamb\u00e9m uma indica\u00e7\u00e3o de Mo\u00e7\u00e3o de Aplausos ao Corpo de Bombeiros Militar do Maranh\u00e3o (CBMMA) pelo envio de equipe que integram as opera\u00e7\u00f5es de busca e resgate na trag\u00e9dia de Brumadinho (MG). As duas mat\u00e9rias dever\u00e3o passar pela aprecia\u00e7\u00e3o da Casa.<\/p>\n\n\n\n<p><strong>INFOGR\u00c1FICO \u2013 Perfil (SUGEST\u00c3O)<\/strong><\/p>\n\n\n\n<p>M\u00e9dico e professor universit\u00e1rio, Ygl\u00e9sio Luciano Moyses Silva de Souza, conhecido como Dr. Ygl\u00e9sio tem 38 anos, \u00e9 casado e pai de dois filhos. Ele chega ao seu primeiro mandato com a vota\u00e7\u00e3o expressiva de 39.804 eleitores para o quadri\u00eanio 2019-2022, pelo Partido Democr\u00e1tico Trabalhista (PDT).<\/p>\n\n\n\n<p>Em 2014, ficou como primeiro suplente pelo Partido dos Trabalhadores (PT), com 16.032 votos. Al\u00e9m disso, ele tamb\u00e9m disputou elei\u00e7\u00e3o de vereador em S\u00e3o Lu\u00eds em 2012, obtendo 1432 votos.<\/p>\n","protected":false},"excerpt":{"rendered":"<p>M\u00e9dico, ele assume o cargo com o compromisso de cuidar da vida das pessoas e de exercer com transpar\u00eancia e [&hellip;]<\/p>\n","protected":false},"author":0,"featured_media":0,"comment_status":"open","ping_status":"open","sticky":false,"template":"","format":"standard","meta":{"site-sidebar-layout":"default","site-content-layout":"","ast-site-content-layout":"default","site-content-style":"default","site-sidebar-style":"default","ast-global-header-display":"","ast-banner-title-visibility":"","ast-main-header-display":"","ast-hfb-above-header-display":"","ast-hfb-below-header-display":"","ast-hfb-mobile-header-display":"","site-post-title":"","ast-breadcrumbs-content":"","ast-featured-img":"","footer-sml-layout":"","ast-disable-related-posts":"","theme-transparent-header-meta":"","adv-header-id-meta":"","stick-header-meta":"","header-above-stick-meta":"","header-main-stick-meta":"","header-below-stick-meta":"","astra-migrate-meta-layouts":"default","ast-page-background-enabled":"default","ast-page-background-meta":{"desktop":{"background-color":"var(--ast-global-color-5)","background-image":"","background-repeat":"repeat","background-position":"center center","background-size":"auto","background-attachment":"scroll","background-type":"","background-media":"","overlay-type":"","overlay-color":"","overlay-opacity":"","overlay-gradient":""},"tablet":{"background-color":"","background-image":"","background-repeat":"repeat","background-position":"center center","background-size":"auto","background-attachment":"scroll","background-type":"","background-media":"","overlay-type":"","overlay-color":"","overlay-opacity":"","overlay-gradient":""},"mobile":{"background-color":"","background-image":"","background-repeat":"repeat","background-position":"center center","background-size":"auto","background-attachment":"scroll","background-type":"","background-media":"","overlay-type":"","overlay-color":"","overlay-opacity":"","overlay-gradient":""}},"ast-content-background-meta":{"desktop":{"background-color":"var(--ast-global-color-4)","background-image":"","background-repeat":"repeat","background-position":"center center","background-size":"auto","background-attachment":"scroll","background-type":"","background-media":"","overlay-type":"","overlay-color":"","overlay-opacity":"","overlay-gradient":""},"tablet":{"background-color":"var(--ast-global-color-4)","background-image":"","background-repeat":"repeat","background-position":"center center","background-size":"auto","background-attachment":"scroll","background-type":"","background-media":"","overlay-type":"","overlay-color":"","overlay-opacity":"","overlay-gradient":""},"mobile":{"background-color":"var(--ast-global-color-4)","background-image":"","background-repeat":"repeat","background-position":"center center","background-size":"auto","background-attachment":"scroll","background-type":"","background-media":"","overlay-type":"","overlay-color":"","overlay-opacity":"","overlay-gradient":""}},"footnotes":""},"categories":[1],"tags":[],"class_list":["post-60022","post","type-post","status-publish","format-standard","hentry","category-sem-categoria"],"yoast_head":"<!-- This site is optimized with the Yoast SEO plugin v26.6 - https:\/\/yoast.com\/wordpress\/plugins\/seo\/ -->\n<title>Dr. Ygl\u00e9sio toma posse e apresenta importante projeto de incentivo fiscal em benef\u00edcio da sa\u00fade do Maranh\u00e3o - Daniel Matos<\/title>\n<meta name=\"robots\" content=\"index, follow, max-snippet:-1, max-image-preview:large, max-video-preview:-1\" \/>\n<link rel=\"canonical\" href=\"https:\/\/www.blogsoestado.com\/danielmatos\/dr-yglesio-toma-posse-e-apresenta-importante-projeto-de-incentivo-fiscal-em-beneficio-da-saude-do-maranhao\/\" \/>\n<meta property=\"og:locale\" content=\"pt_BR\" \/>\n<meta property=\"og:type\" content=\"article\" \/>\n<meta property=\"og:title\" content=\"Dr. Ygl\u00e9sio toma posse e apresenta importante projeto de incentivo fiscal em benef\u00edcio da sa\u00fade do Maranh\u00e3o - Daniel Matos\" \/>\n<meta property=\"og:description\" content=\"M\u00e9dico, ele assume o cargo com o compromisso de cuidar da vida das pessoas e de exercer com transpar\u00eancia e [&hellip;]\" \/>\n<meta property=\"og:url\" content=\"https:\/\/www.blogsoestado.com\/danielmatos\/dr-yglesio-toma-posse-e-apresenta-importante-projeto-de-incentivo-fiscal-em-beneficio-da-saude-do-maranhao\/\" \/>\n<meta property=\"og:site_name\" content=\"Daniel Matos\" \/>\n<meta property=\"article:published_time\" content=\"2019-02-02T12:34:37+00:00\" \/>\n<meta name=\"twitter:card\" content=\"summary_large_image\" \/>\n<meta name=\"twitter:label1\" content=\"Est. tempo de leitura\" \/>\n\t<meta name=\"twitter:data1\" content=\"2 minutos\" \/>\n<script type=\"application\/ld+json\" class=\"yoast-schema-graph\">{\"@context\":\"https:\/\/schema.org\",\"@graph\":[{\"@type\":\"WebPage\",\"@id\":\"https:\/\/www.blogsoestado.com\/danielmatos\/dr-yglesio-toma-posse-e-apresenta-importante-projeto-de-incentivo-fiscal-em-beneficio-da-saude-do-maranhao\/\",\"url\":\"https:\/\/www.blogsoestado.com\/danielmatos\/dr-yglesio-toma-posse-e-apresenta-importante-projeto-de-incentivo-fiscal-em-beneficio-da-saude-do-maranhao\/\",\"name\":\"Dr. Ygl\u00e9sio toma posse e apresenta importante projeto de incentivo fiscal em benef\u00edcio da sa\u00fade do Maranh\u00e3o - Daniel Matos\",\"isPartOf\":{\"@id\":\"https:\/\/www.blogsoestado.com\/danielmatos\/#website\"},\"datePublished\":\"2019-02-02T12:34:37+00:00\",\"author\":{\"@id\":\"\"},\"breadcrumb\":{\"@id\":\"https:\/\/www.blogsoestado.com\/danielmatos\/dr-yglesio-toma-posse-e-apresenta-importante-projeto-de-incentivo-fiscal-em-beneficio-da-saude-do-maranhao\/#breadcrumb\"},\"inLanguage\":\"pt-BR\",\"potentialAction\":[{\"@type\":\"ReadAction\",\"target\":[\"https:\/\/www.blogsoestado.com\/danielmatos\/dr-yglesio-toma-posse-e-apresenta-importante-projeto-de-incentivo-fiscal-em-beneficio-da-saude-do-maranhao\/\"]}]},{\"@type\":\"BreadcrumbList\",\"@id\":\"https:\/\/www.blogsoestado.com\/danielmatos\/dr-yglesio-toma-posse-e-apresenta-importante-projeto-de-incentivo-fiscal-em-beneficio-da-saude-do-maranhao\/#breadcrumb\",\"itemListElement\":[{\"@type\":\"ListItem\",\"position\":1,\"name\":\"In\u00edcio\",\"item\":\"https:\/\/www.blogsoestado.com\/danielmatos\/\"},{\"@type\":\"ListItem\",\"position\":2,\"name\":\"Dr. Ygl\u00e9sio toma posse e apresenta importante projeto de incentivo fiscal em benef\u00edcio da sa\u00fade do Maranh\u00e3o\"}]},{\"@type\":\"WebSite\",\"@id\":\"https:\/\/www.blogsoestado.com\/danielmatos\/#website\",\"url\":\"https:\/\/www.blogsoestado.com\/danielmatos\/\",\"name\":\"Daniel Matos\",\"description\":\"\",\"potentialAction\":[{\"@type\":\"SearchAction\",\"target\":{\"@type\":\"EntryPoint\",\"urlTemplate\":\"https:\/\/www.blogsoestado.com\/danielmatos\/?s={search_term_string}\"},\"query-input\":{\"@type\":\"PropertyValueSpecification\",\"valueRequired\":true,\"valueName\":\"search_term_string\"}}],\"inLanguage\":\"pt-BR\"}]}<\/script>\n<!-- \/ Yoast SEO plugin. -->","yoast_head_json":{"title":"Dr. Ygl\u00e9sio toma posse e apresenta importante projeto de incentivo fiscal em benef\u00edcio da sa\u00fade do Maranh\u00e3o - Daniel Matos","robots":{"index":"index","follow":"follow","max-snippet":"max-snippet:-1","max-image-preview":"max-image-preview:large","max-video-preview":"max-video-preview:-1"},"canonical":"https:\/\/www.blogsoestado.com\/danielmatos\/dr-yglesio-toma-posse-e-apresenta-importante-projeto-de-incentivo-fiscal-em-beneficio-da-saude-do-maranhao\/","og_locale":"pt_BR","og_type":"article","og_title":"Dr. Ygl\u00e9sio toma posse e apresenta importante projeto de incentivo fiscal em benef\u00edcio da sa\u00fade do Maranh\u00e3o - Daniel Matos","og_description":"M\u00e9dico, ele assume o cargo com o compromisso de cuidar da vida das pessoas e de exercer com transpar\u00eancia e [&hellip;]","og_url":"https:\/\/www.blogsoestado.com\/danielmatos\/dr-yglesio-toma-posse-e-apresenta-importante-projeto-de-incentivo-fiscal-em-beneficio-da-saude-do-maranhao\/","og_site_name":"Daniel Matos","article_published_time":"2019-02-02T12:34:37+00:00","twitter_card":"summary_large_image","twitter_misc":{"Est. tempo de leitura":"2 minutos"},"schema":{"@context":"https:\/\/schema.org","@graph":[{"@type":"WebPage","@id":"https:\/\/www.blogsoestado.com\/danielmatos\/dr-yglesio-toma-posse-e-apresenta-importante-projeto-de-incentivo-fiscal-em-beneficio-da-saude-do-maranhao\/","url":"https:\/\/www.blogsoestado.com\/danielmatos\/dr-yglesio-toma-posse-e-apresenta-importante-projeto-de-incentivo-fiscal-em-beneficio-da-saude-do-maranhao\/","name":"Dr. Ygl\u00e9sio toma posse e apresenta importante projeto de incentivo fiscal em benef\u00edcio da sa\u00fade do Maranh\u00e3o - Daniel Matos","isPartOf":{"@id":"https:\/\/www.blogsoestado.com\/danielmatos\/#website"},"datePublished":"2019-02-02T12:34:37+00:00","author":{"@id":""},"breadcrumb":{"@id":"https:\/\/www.blogsoestado.com\/danielmatos\/dr-yglesio-toma-posse-e-apresenta-importante-projeto-de-incentivo-fiscal-em-beneficio-da-saude-do-maranhao\/#breadcrumb"},"inLanguage":"pt-BR","potentialAction":[{"@type":"ReadAction","target":["https:\/\/www.blogsoestado.com\/danielmatos\/dr-yglesio-toma-posse-e-apresenta-importante-projeto-de-incentivo-fiscal-em-beneficio-da-saude-do-maranhao\/"]}]},{"@type":"BreadcrumbList","@id":"https:\/\/www.blogsoestado.com\/danielmatos\/dr-yglesio-toma-posse-e-apresenta-importante-projeto-de-incentivo-fiscal-em-beneficio-da-saude-do-maranhao\/#breadcrumb","itemListElement":[{"@type":"ListItem","position":1,"name":"In\u00edcio","item":"https:\/\/www.blogsoestado.com\/danielmatos\/"},{"@type":"ListItem","position":2,"name":"Dr. Ygl\u00e9sio toma posse e apresenta importante projeto de incentivo fiscal em benef\u00edcio da sa\u00fade do Maranh\u00e3o"}]},{"@type":"WebSite","@id":"https:\/\/www.blogsoestado.com\/danielmatos\/#website","url":"https:\/\/www.blogsoestado.com\/danielmatos\/","name":"Daniel Matos","description":"","potentialAction":[{"@type":"SearchAction","target":{"@type":"EntryPoint","urlTemplate":"https:\/\/www.blogsoestado.com\/danielmatos\/?s={search_term_string}"},"query-input":{"@type":"PropertyValueSpecification","valueRequired":true,"valueName":"search_term_string"}}],"inLanguage":"pt-BR"}]}},"jetpack_featured_media_url":"","_links":{"self":[{"href":"https:\/\/www.blogsoestado.com\/danielmatos\/wp-json\/wp\/v2\/posts\/60022","targetHints":{"allow":["GET"]}}],"collection":[{"href":"https:\/\/www.blogsoestado.com\/danielmatos\/wp-json\/wp\/v2\/posts"}],"about":[{"href":"https:\/\/www.blogsoestado.com\/danielmatos\/wp-json\/wp\/v2\/types\/post"}],"replies":[{"embeddable":true,"href":"https:\/\/www.blogsoestado.com\/danielmatos\/wp-json\/wp\/v2\/comments?post=60022"}],"version-history":[{"count":0,"href":"https:\/\/www.blogsoestado.com\/danielmatos\/wp-json\/wp\/v2\/posts\/60022\/revisions"}],"wp:attachment":[{"href":"https:\/\/www.blogsoestado.com\/danielmatos\/wp-json\/wp\/v2\/media?parent=60022"}],"wp:term":[{"taxonomy":"category","embeddable":true,"href":"https:\/\/www.blogsoestado.com\/danielmatos\/wp-json\/wp\/v2\/categories?post=60022"},{"taxonomy":"post_tag","embeddable":true,"href":"https:\/\/www.blogsoestado.com\/danielmatos\/wp-json\/wp\/v2\/tags?post=60022"}],"curies":[{"name":"wp","href":"https:\/\/api.w.org\/{rel}","templated":true}]}}