{"id":60029,"date":"2019-02-03T09:46:29","date_gmt":"2019-02-03T12:46:29","guid":{"rendered":"https:\/\/www.blogsoestado.com\/danielmatos\/?p=60029"},"modified":"2019-02-03T09:46:29","modified_gmt":"2019-02-03T12:46:29","slug":"joaozinho-freitas-assume-mandato-na-camara-de-sao-luis","status":"publish","type":"post","link":"https:\/\/www.blogsoestado.com\/danielmatos\/joaozinho-freitas-assume-mandato-na-camara-de-sao-luis\/","title":{"rendered":"Jo\u00e3ozinho Freitas assume mandato na C\u00e2mara de S\u00e3o Lu\u00eds"},"content":{"rendered":"\n<div class=\"wp-block-image\"><figure class=\"alignright\"><img decoding=\"async\" src=\"https:\/\/www.blogsoestado.com\/danielmatos\/files\/2019\/02\/joaozinho-assume.jpg\" alt=\"\" class=\"wp-image-60030\"\/><figcaption>Jo\u00e3ozinho Freitas \u00e9 cumprimentado pelo presidente da C\u00e2mara, Osmar Filho, no ato de posse <\/figcaption><\/figure><\/div>\n\n\n\n<p>Tomou posse nesta \u00faltima sexta-feira (01), na C\u00e2mara Municipal de S\u00e3o Lu\u00eds, o vereador Jo\u00e3ozinho Freitas (PTB).<\/p>\n\n\n\n<p>O parlamentar assumiu a titularidade do mandato no lugar de Pedro Lucas Fernandes (PTB), que renunciou ao cargo para assumir vaga na C\u00e2mara Federal, em Bras\u00edlia.<\/p>\n\n\n\n<p>Prestigiaram a solenidade, que ocorreu na sala Vip da C\u00e2mara, o presidente e vice-presidente do Legislativo Municipal, Osmar Filho (PDT) e Astro de Ogum (PR), respectivamente; o secret\u00e1rio Municipal de Educa\u00e7\u00e3o, Moacir Feitosa, representando a Prefeitura de S\u00e3o Lu\u00eds; vereadores, familiares, amigos e representantes comunit\u00e1rios. Durante o ato simb\u00f3lico, Jo\u00e3ozinho Freitas agradeceu a popula\u00e7\u00e3o de S\u00e3o Lu\u00eds e a manifesta\u00e7\u00e3o de apoio dos colegas parlamentares.<\/p>\n\n\n\n<p>\u201cQuero primeiro agradecer a Deus por estar retornando a este parlamento, <br>pois representamos muito bem o PTB. Fico muito grato pela recep\u00e7\u00e3o feita <br>pelo presidente Osmar Filho. \u00c9 um momento impar e uma satisfa\u00e7\u00e3o imensa estar aqui, agora de fato vereador de S\u00e3o Lu\u00eds. Espero que nestes pr\u00f3ximos dois anos possam da continuidade aos projetos, indica\u00e7\u00f5es e requerimentos j\u00e1 encaminhados por mim em outras oportunidades, em <br>destaque o requerimento da reforma da feira do bairro Fialho, recupera\u00e7\u00e3o asf\u00e1ltica dos bairros Vicente Fialho, Mat\u00f5es Turu, constru\u00e7\u00e3o da pra\u00e7a no Cohajali, al\u00e9m de outros trabalhamos mais comunit\u00e1rio. Vamos trabalhar com projetos voltado para a \u00e1rea do esporte e educa\u00e7\u00e3o\u201d, disse.<\/p>\n\n\n\n<p><strong>Base<\/strong><\/p>\n\n\n\n<figure class=\"wp-block-image\"><img decoding=\"async\" src=\"https:\/\/www.blogsoestado.com\/danielmatos\/files\/2019\/02\/joaozinho-assume2.jpg\" alt=\"\" class=\"wp-image-60031\"\/><figcaption>Posse de Jo\u00e3ozinho Freitas foi prestigiada pelo secret\u00e1rio municipal de Educa\u00e7\u00e3o, Moacir Feitosa, e pelos vereadores Osmar Filho, Astro de Ogum, Paulo Victor, Pereirinha, Concita Pinto e C\u00e9zar Bombeiro<\/figcaption><\/figure>\n\n\n\n<p>Freitas atua nas comunidades que comp\u00f5e a regi\u00e3o do bairro Vicente <br> Fialho, onde milita politicamente. Ficou na primeira supl\u00eancia no pleito <br> municipal 2016, ap\u00f3s obter 3.675 votos.<\/p>\n\n\n\n<p>Assumiu o mandato pela primeira vez em mar\u00e7o de 2017 e permaneceu por um ano e dois meses, ap\u00f3s a nomea\u00e7\u00e3o do titular da vaga para uma institui\u00e7\u00e3o do Governo do Estado.  Durante a campanha eleitoral majorit\u00e1ria de 2018 assumiu pela segunda vez o cargo. Desta vez, Jo\u00e3ozinho assume a vaga definitivamente.<\/p>\n\n\n\n<p>Sobre as expectativas para o mandato, Jo\u00e3ozinho afirma que as inten\u00e7\u00f5es s\u00e3o as melhores poss\u00edveis, principalmente, para a \u00e1rea da educa\u00e7\u00e3o. \u201cPretendo desenvolver um projeto para reativar os policiais militares que est\u00e3o na reserva aptos a exercer a fun\u00e7\u00e3o dentro das escolas municipais, em parceria com o Munic\u00edpio e Estado, orientando os estudantes sobre hierarquia e disciplina. Este projeto j\u00e1 \u00e9 desenvolvido em escolas militares da capital. Claro, que vamos desenvolver a ideia, estudar a possibilidade para montar um projeto piloto que ser\u00e1 aplicado na comunidade Olinda Desterro\u201d, explicou.<\/p>\n","protected":false},"excerpt":{"rendered":"<p>Tomou posse nesta \u00faltima sexta-feira (01), na C\u00e2mara Municipal de S\u00e3o Lu\u00eds, o vereador Jo\u00e3ozinho Freitas (PTB). O parlamentar assumiu [&hellip;]<\/p>\n","protected":false},"author":0,"featured_media":0,"comment_status":"open","ping_status":"open","sticky":false,"template":"","format":"standard","meta":{"site-sidebar-layout":"default","site-content-layout":"","ast-site-content-layout":"default","site-content-style":"default","site-sidebar-style":"default","ast-global-header-display":"","ast-banner-title-visibility":"","ast-main-header-display":"","ast-hfb-above-header-display":"","ast-hfb-below-header-display":"","ast-hfb-mobile-header-display":"","site-post-title":"","ast-breadcrumbs-content":"","ast-featured-img":"","footer-sml-layout":"","ast-disable-related-posts":"","theme-transparent-header-meta":"","adv-header-id-meta":"","stick-header-meta":"","header-above-stick-meta":"","header-main-stick-meta":"","header-below-stick-meta":"","astra-migrate-meta-layouts":"default","ast-page-background-enabled":"default","ast-page-background-meta":{"desktop":{"background-color":"var(--ast-global-color-5)","background-image":"","background-repeat":"repeat","background-position":"center center","background-size":"auto","background-attachment":"scroll","background-type":"","background-media":"","overlay-type":"","overlay-color":"","overlay-opacity":"","overlay-gradient":""},"tablet":{"background-color":"","background-image":"","background-repeat":"repeat","background-position":"center center","background-size":"auto","background-attachment":"scroll","background-type":"","background-media":"","overlay-type":"","overlay-color":"","overlay-opacity":"","overlay-gradient":""},"mobile":{"background-color":"","background-image":"","background-repeat":"repeat","background-position":"center center","background-size":"auto","background-attachment":"scroll","background-type":"","background-media":"","overlay-type":"","overlay-color":"","overlay-opacity":"","overlay-gradient":""}},"ast-content-background-meta":{"desktop":{"background-color":"var(--ast-global-color-4)","background-image":"","background-repeat":"repeat","background-position":"center center","background-size":"auto","background-attachment":"scroll","background-type":"","background-media":"","overlay-type":"","overlay-color":"","overlay-opacity":"","overlay-gradient":""},"tablet":{"background-color":"var(--ast-global-color-4)","background-image":"","background-repeat":"repeat","background-position":"center center","background-size":"auto","background-attachment":"scroll","background-type":"","background-media":"","overlay-type":"","overlay-color":"","overlay-opacity":"","overlay-gradient":""},"mobile":{"background-color":"var(--ast-global-color-4)","background-image":"","background-repeat":"repeat","background-position":"center center","background-size":"auto","background-attachment":"scroll","background-type":"","background-media":"","overlay-type":"","overlay-color":"","overlay-opacity":"","overlay-gradient":""}},"footnotes":""},"categories":[1],"tags":[],"class_list":["post-60029","post","type-post","status-publish","format-standard","hentry","category-sem-categoria"],"yoast_head":"<!-- This site is optimized with the Yoast SEO plugin v26.6 - https:\/\/yoast.com\/wordpress\/plugins\/seo\/ -->\n<title>Jo\u00e3ozinho Freitas assume mandato na C\u00e2mara de S\u00e3o Lu\u00eds - Daniel Matos<\/title>\n<meta name=\"robots\" content=\"index, follow, max-snippet:-1, max-image-preview:large, max-video-preview:-1\" \/>\n<link rel=\"canonical\" href=\"https:\/\/www.blogsoestado.com\/danielmatos\/joaozinho-freitas-assume-mandato-na-camara-de-sao-luis\/\" \/>\n<meta property=\"og:locale\" content=\"pt_BR\" \/>\n<meta property=\"og:type\" content=\"article\" \/>\n<meta property=\"og:title\" content=\"Jo\u00e3ozinho Freitas assume mandato na C\u00e2mara de S\u00e3o Lu\u00eds - Daniel Matos\" \/>\n<meta property=\"og:description\" content=\"Tomou posse nesta \u00faltima sexta-feira (01), na C\u00e2mara Municipal de S\u00e3o Lu\u00eds, o vereador Jo\u00e3ozinho Freitas (PTB). O parlamentar assumiu [&hellip;]\" \/>\n<meta property=\"og:url\" content=\"https:\/\/www.blogsoestado.com\/danielmatos\/joaozinho-freitas-assume-mandato-na-camara-de-sao-luis\/\" \/>\n<meta property=\"og:site_name\" content=\"Daniel Matos\" \/>\n<meta property=\"article:published_time\" content=\"2019-02-03T12:46:29+00:00\" \/>\n<meta property=\"og:image\" content=\"https:\/\/www.blogsoestado.com\/danielmatos\/files\/2019\/02\/joaozinho-assume.jpg\" \/>\n<meta name=\"twitter:card\" content=\"summary_large_image\" \/>\n<meta name=\"twitter:label1\" content=\"Est. tempo de leitura\" \/>\n\t<meta name=\"twitter:data1\" content=\"2 minutos\" \/>\n<script type=\"application\/ld+json\" class=\"yoast-schema-graph\">{\"@context\":\"https:\/\/schema.org\",\"@graph\":[{\"@type\":\"WebPage\",\"@id\":\"https:\/\/www.blogsoestado.com\/danielmatos\/joaozinho-freitas-assume-mandato-na-camara-de-sao-luis\/\",\"url\":\"https:\/\/www.blogsoestado.com\/danielmatos\/joaozinho-freitas-assume-mandato-na-camara-de-sao-luis\/\",\"name\":\"Jo\u00e3ozinho Freitas assume mandato na C\u00e2mara de S\u00e3o Lu\u00eds - Daniel Matos\",\"isPartOf\":{\"@id\":\"https:\/\/www.blogsoestado.com\/danielmatos\/#website\"},\"primaryImageOfPage\":{\"@id\":\"https:\/\/www.blogsoestado.com\/danielmatos\/joaozinho-freitas-assume-mandato-na-camara-de-sao-luis\/#primaryimage\"},\"image\":{\"@id\":\"https:\/\/www.blogsoestado.com\/danielmatos\/joaozinho-freitas-assume-mandato-na-camara-de-sao-luis\/#primaryimage\"},\"thumbnailUrl\":\"https:\/\/www.blogsoestado.com\/danielmatos\/files\/2019\/02\/joaozinho-assume.jpg\",\"datePublished\":\"2019-02-03T12:46:29+00:00\",\"author\":{\"@id\":\"\"},\"breadcrumb\":{\"@id\":\"https:\/\/www.blogsoestado.com\/danielmatos\/joaozinho-freitas-assume-mandato-na-camara-de-sao-luis\/#breadcrumb\"},\"inLanguage\":\"pt-BR\",\"potentialAction\":[{\"@type\":\"ReadAction\",\"target\":[\"https:\/\/www.blogsoestado.com\/danielmatos\/joaozinho-freitas-assume-mandato-na-camara-de-sao-luis\/\"]}]},{\"@type\":\"ImageObject\",\"inLanguage\":\"pt-BR\",\"@id\":\"https:\/\/www.blogsoestado.com\/danielmatos\/joaozinho-freitas-assume-mandato-na-camara-de-sao-luis\/#primaryimage\",\"url\":\"https:\/\/www.blogsoestado.com\/danielmatos\/files\/2019\/02\/joaozinho-assume.jpg\",\"contentUrl\":\"https:\/\/www.blogsoestado.com\/danielmatos\/files\/2019\/02\/joaozinho-assume.jpg\"},{\"@type\":\"BreadcrumbList\",\"@id\":\"https:\/\/www.blogsoestado.com\/danielmatos\/joaozinho-freitas-assume-mandato-na-camara-de-sao-luis\/#breadcrumb\",\"itemListElement\":[{\"@type\":\"ListItem\",\"position\":1,\"name\":\"In\u00edcio\",\"item\":\"https:\/\/www.blogsoestado.com\/danielmatos\/\"},{\"@type\":\"ListItem\",\"position\":2,\"name\":\"Jo\u00e3ozinho Freitas assume mandato na C\u00e2mara de S\u00e3o Lu\u00eds\"}]},{\"@type\":\"WebSite\",\"@id\":\"https:\/\/www.blogsoestado.com\/danielmatos\/#website\",\"url\":\"https:\/\/www.blogsoestado.com\/danielmatos\/\",\"name\":\"Daniel Matos\",\"description\":\"\",\"potentialAction\":[{\"@type\":\"SearchAction\",\"target\":{\"@type\":\"EntryPoint\",\"urlTemplate\":\"https:\/\/www.blogsoestado.com\/danielmatos\/?s={search_term_string}\"},\"query-input\":{\"@type\":\"PropertyValueSpecification\",\"valueRequired\":true,\"valueName\":\"search_term_string\"}}],\"inLanguage\":\"pt-BR\"}]}<\/script>\n<!-- \/ Yoast SEO plugin. -->","yoast_head_json":{"title":"Jo\u00e3ozinho Freitas assume mandato na C\u00e2mara de S\u00e3o Lu\u00eds - Daniel Matos","robots":{"index":"index","follow":"follow","max-snippet":"max-snippet:-1","max-image-preview":"max-image-preview:large","max-video-preview":"max-video-preview:-1"},"canonical":"https:\/\/www.blogsoestado.com\/danielmatos\/joaozinho-freitas-assume-mandato-na-camara-de-sao-luis\/","og_locale":"pt_BR","og_type":"article","og_title":"Jo\u00e3ozinho Freitas assume mandato na C\u00e2mara de S\u00e3o Lu\u00eds - Daniel Matos","og_description":"Tomou posse nesta \u00faltima sexta-feira (01), na C\u00e2mara Municipal de S\u00e3o Lu\u00eds, o vereador Jo\u00e3ozinho Freitas (PTB). O parlamentar assumiu [&hellip;]","og_url":"https:\/\/www.blogsoestado.com\/danielmatos\/joaozinho-freitas-assume-mandato-na-camara-de-sao-luis\/","og_site_name":"Daniel Matos","article_published_time":"2019-02-03T12:46:29+00:00","og_image":[{"url":"https:\/\/www.blogsoestado.com\/danielmatos\/files\/2019\/02\/joaozinho-assume.jpg","type":"","width":"","height":""}],"twitter_card":"summary_large_image","twitter_misc":{"Est. tempo de leitura":"2 minutos"},"schema":{"@context":"https:\/\/schema.org","@graph":[{"@type":"WebPage","@id":"https:\/\/www.blogsoestado.com\/danielmatos\/joaozinho-freitas-assume-mandato-na-camara-de-sao-luis\/","url":"https:\/\/www.blogsoestado.com\/danielmatos\/joaozinho-freitas-assume-mandato-na-camara-de-sao-luis\/","name":"Jo\u00e3ozinho Freitas assume mandato na C\u00e2mara de S\u00e3o Lu\u00eds - Daniel Matos","isPartOf":{"@id":"https:\/\/www.blogsoestado.com\/danielmatos\/#website"},"primaryImageOfPage":{"@id":"https:\/\/www.blogsoestado.com\/danielmatos\/joaozinho-freitas-assume-mandato-na-camara-de-sao-luis\/#primaryimage"},"image":{"@id":"https:\/\/www.blogsoestado.com\/danielmatos\/joaozinho-freitas-assume-mandato-na-camara-de-sao-luis\/#primaryimage"},"thumbnailUrl":"https:\/\/www.blogsoestado.com\/danielmatos\/files\/2019\/02\/joaozinho-assume.jpg","datePublished":"2019-02-03T12:46:29+00:00","author":{"@id":""},"breadcrumb":{"@id":"https:\/\/www.blogsoestado.com\/danielmatos\/joaozinho-freitas-assume-mandato-na-camara-de-sao-luis\/#breadcrumb"},"inLanguage":"pt-BR","potentialAction":[{"@type":"ReadAction","target":["https:\/\/www.blogsoestado.com\/danielmatos\/joaozinho-freitas-assume-mandato-na-camara-de-sao-luis\/"]}]},{"@type":"ImageObject","inLanguage":"pt-BR","@id":"https:\/\/www.blogsoestado.com\/danielmatos\/joaozinho-freitas-assume-mandato-na-camara-de-sao-luis\/#primaryimage","url":"https:\/\/www.blogsoestado.com\/danielmatos\/files\/2019\/02\/joaozinho-assume.jpg","contentUrl":"https:\/\/www.blogsoestado.com\/danielmatos\/files\/2019\/02\/joaozinho-assume.jpg"},{"@type":"BreadcrumbList","@id":"https:\/\/www.blogsoestado.com\/danielmatos\/joaozinho-freitas-assume-mandato-na-camara-de-sao-luis\/#breadcrumb","itemListElement":[{"@type":"ListItem","position":1,"name":"In\u00edcio","item":"https:\/\/www.blogsoestado.com\/danielmatos\/"},{"@type":"ListItem","position":2,"name":"Jo\u00e3ozinho Freitas assume mandato na C\u00e2mara de S\u00e3o Lu\u00eds"}]},{"@type":"WebSite","@id":"https:\/\/www.blogsoestado.com\/danielmatos\/#website","url":"https:\/\/www.blogsoestado.com\/danielmatos\/","name":"Daniel Matos","description":"","potentialAction":[{"@type":"SearchAction","target":{"@type":"EntryPoint","urlTemplate":"https:\/\/www.blogsoestado.com\/danielmatos\/?s={search_term_string}"},"query-input":{"@type":"PropertyValueSpecification","valueRequired":true,"valueName":"search_term_string"}}],"inLanguage":"pt-BR"}]}},"jetpack_featured_media_url":"","_links":{"self":[{"href":"https:\/\/www.blogsoestado.com\/danielmatos\/wp-json\/wp\/v2\/posts\/60029","targetHints":{"allow":["GET"]}}],"collection":[{"href":"https:\/\/www.blogsoestado.com\/danielmatos\/wp-json\/wp\/v2\/posts"}],"about":[{"href":"https:\/\/www.blogsoestado.com\/danielmatos\/wp-json\/wp\/v2\/types\/post"}],"replies":[{"embeddable":true,"href":"https:\/\/www.blogsoestado.com\/danielmatos\/wp-json\/wp\/v2\/comments?post=60029"}],"version-history":[{"count":0,"href":"https:\/\/www.blogsoestado.com\/danielmatos\/wp-json\/wp\/v2\/posts\/60029\/revisions"}],"wp:attachment":[{"href":"https:\/\/www.blogsoestado.com\/danielmatos\/wp-json\/wp\/v2\/media?parent=60029"}],"wp:term":[{"taxonomy":"category","embeddable":true,"href":"https:\/\/www.blogsoestado.com\/danielmatos\/wp-json\/wp\/v2\/categories?post=60029"},{"taxonomy":"post_tag","embeddable":true,"href":"https:\/\/www.blogsoestado.com\/danielmatos\/wp-json\/wp\/v2\/tags?post=60029"}],"curies":[{"name":"wp","href":"https:\/\/api.w.org\/{rel}","templated":true}]}}