{"id":60041,"date":"2019-02-04T10:50:41","date_gmt":"2019-02-04T13:50:41","guid":{"rendered":"https:\/\/www.blogsoestado.com\/danielmatos\/?p=60041"},"modified":"2019-02-04T10:50:41","modified_gmt":"2019-02-04T13:50:41","slug":"camara-de-sao-luis-reinicia-atividades-nesta-segunda-feira","status":"publish","type":"post","link":"https:\/\/www.blogsoestado.com\/danielmatos\/camara-de-sao-luis-reinicia-atividades-nesta-segunda-feira\/","title":{"rendered":"C\u00e2mara de S\u00e3o Lu\u00eds reinicia atividades nesta segunda-feira"},"content":{"rendered":"\n<p>A C\u00e2mara Municipal de S\u00e3o Lu\u00eds reinicia, nesta segunda-feira (04), suas atividades referentes ao 19\u00ba per\u00edodo legislativo.<\/p>\n\n\n\n<div class=\"wp-block-image\"><figure class=\"alignright\"><img decoding=\"async\" src=\"https:\/\/www.blogsoestado.com\/danielmatos\/files\/2019\/02\/osmar-inicia.jpg\" alt=\"\" class=\"wp-image-60042\"\/><figcaption> <br>Osmar Filho conduzir\u00e1 sess\u00e3o solene de reinicio dos\u00a0trabalhos <\/figcaption><\/figure><\/div>\n\n\n\n<p>A retomada dos trabalhos ser\u00e1 marcada por uma sess\u00e3o solene que ter\u00e1 in\u00edcio \u00e0s 10h, no plen\u00e1rio Sim\u00e3o Est\u00e1cio da Silveira, e que ser\u00e1 comandada pelo presidente Osmar Filho (PDT). Diversas autoridades ir\u00e3o participar da cerim\u00f4nia. Este ano, a Casa comemora 400 anos de exist\u00eancia. Ao longo dos pr\u00f3ximos meses ser\u00e1 desenvolvida uma vasta programa\u00e7\u00e3o em alus\u00e3o \u00e0 data.<\/p>\n\n\n\n<p>A C\u00e2mara analisar\u00e1 importantes mat\u00e9rias, tais como o projeto de lei que institui o programa \u201cEscola sem Partido\u201d e a proposta que regulamenta o servi\u00e7o privado de transporte individual de passageiros, o Uber.<\/p>\n\n\n\n<p>A lista de assuntos inclui, ainda, mudan\u00e7as no Plano Diretor na capital maranhense, que est\u00e1 na fase das audi\u00eancias p\u00fablicas; Lei de Diretrizes Or\u00e7ament\u00e1rias (LDO), que estabelece orienta\u00e7\u00f5es para a confec\u00e7\u00e3o da Lei Or\u00e7ament\u00e1ria Anual (LOA); e tamb\u00e9m vota\u00e7\u00e3o de presta\u00e7\u00e3o de contas de ex-prefeitos.<\/p>\n\n\n\n<p>Aproxima\u00e7\u00e3o \u2013 Eleito, ainda no ano passado, presidente da nova Mesa Diretora, o vereador Osmar Filho tem como principal meta o incentivo \u00e0 participa\u00e7\u00e3o popular no processo legislativo.<\/p>\n\n\n\n<p>A integra\u00e7\u00e3o dos parlamentos dos munic\u00edpios da regi\u00e3o metropolitana e a itiner\u00e2ncia das sess\u00f5es nos bairros, com uso dos meios de comunica\u00e7\u00f5es, tamb\u00e9m s\u00e3o prioridades.<\/p>\n\n\n\n<p>\u201cO objetivo \u00e9 levar a C\u00e2mara para dentro dos bairros, onde n\u00f3s, vereadores, poderemos conversar diretamente com o cidad\u00e3o, ouvir suas reivindica\u00e7\u00f5es e trabalhar para transform\u00e1-las em realidade&#8221;, destacou Osmar, ressaltando a import\u00e2ncia de fortalecer instrumentos de participa\u00e7\u00e3o popular, como as audi\u00eancias p\u00fablicas, e constituir novos canais, inclusive digitais, que viabilizem o di\u00e1logo com o cidad\u00e3o no ano no qual a Casa de Leis completar\u00e1 quatro s\u00e9culos e se estabelecer\u00e1  como uma das institui\u00e7\u00f5es p\u00fablicas mais antigas do Norte e Nordeste.<\/p>\n\n\n\n<p>Visando aumentar a aproxima\u00e7\u00e3o da sociedade com a C\u00e2mara, Osmar Filho informou que o planejamento \u00e9 usar todos os meios de comunica\u00e7\u00f5es atuais para que o cidad\u00e3o acompanhe a Casa e, logo, o trabalho de todos os vereadores. <br>\nOutra meta \u00e9 integrar os parlamentos dos munic\u00edpios que comp\u00f5em a Grande Ilha. A ideia, segundo o pedetista, \u00e9 a realiza\u00e7\u00e3o de sess\u00f5es com todos os vereadores para debater os problemas comuns que afligem as popula\u00e7\u00f5es da Grande S\u00e3o Lu\u00eds.<\/p>\n\n\n\n<p>O novo presidente da C\u00e2mara Municipal pretende marcar sua gest\u00e3o aproximando a popula\u00e7\u00e3o do parlamento.  Para isso, vai implantar o projeto C\u00e2mara Itinerante, iniciativa cujo objetivo \u00e9 aproximar a sociedade dos vereadores, fazendo com que as pessoas sejam mais ativas em seu papel de cidad\u00e3o, promovendo tamb\u00e9m uma integra\u00e7\u00e3o entre o Poder Legislativo e a comunidade.<\/p>\n\n\n\n<p>O parlamentar tamb\u00e9m destacou v\u00e1rias transforma\u00e7\u00f5es, em n\u00edvel estrutural, realizadas na C\u00e2mara, visando tornar a Casa Legislativa mais moderna e din\u00e2mica objetivando prestar um servi\u00e7o de qualidade aos parlamentares e \u00e0 popula\u00e7\u00e3o.<\/p>\n\n\n\n<p>Para isso, o pedetista implantou o setor de Gest\u00e3o de Qualidade Administrativa, que opera com a meta de unificar as demais coordena\u00e7\u00f5es e secretarias visando estabelecer um procedimento administrativo uniforme e que atenda aos requisitos de certifica\u00e7\u00e3o de qualidade do ISO 9001.<\/p>\n","protected":false},"excerpt":{"rendered":"<p>A C\u00e2mara Municipal de S\u00e3o Lu\u00eds reinicia, nesta segunda-feira (04), suas atividades referentes ao 19\u00ba per\u00edodo legislativo. A retomada dos [&hellip;]<\/p>\n","protected":false},"author":0,"featured_media":0,"comment_status":"open","ping_status":"open","sticky":false,"template":"","format":"standard","meta":{"site-sidebar-layout":"default","site-content-layout":"","ast-site-content-layout":"default","site-content-style":"default","site-sidebar-style":"default","ast-global-header-display":"","ast-banner-title-visibility":"","ast-main-header-display":"","ast-hfb-above-header-display":"","ast-hfb-below-header-display":"","ast-hfb-mobile-header-display":"","site-post-title":"","ast-breadcrumbs-content":"","ast-featured-img":"","footer-sml-layout":"","ast-disable-related-posts":"","theme-transparent-header-meta":"","adv-header-id-meta":"","stick-header-meta":"","header-above-stick-meta":"","header-main-stick-meta":"","header-below-stick-meta":"","astra-migrate-meta-layouts":"default","ast-page-background-enabled":"default","ast-page-background-meta":{"desktop":{"background-color":"var(--ast-global-color-5)","background-image":"","background-repeat":"repeat","background-position":"center center","background-size":"auto","background-attachment":"scroll","background-type":"","background-media":"","overlay-type":"","overlay-color":"","overlay-opacity":"","overlay-gradient":""},"tablet":{"background-color":"","background-image":"","background-repeat":"repeat","background-position":"center center","background-size":"auto","background-attachment":"scroll","background-type":"","background-media":"","overlay-type":"","overlay-color":"","overlay-opacity":"","overlay-gradient":""},"mobile":{"background-color":"","background-image":"","background-repeat":"repeat","background-position":"center center","background-size":"auto","background-attachment":"scroll","background-type":"","background-media":"","overlay-type":"","overlay-color":"","overlay-opacity":"","overlay-gradient":""}},"ast-content-background-meta":{"desktop":{"background-color":"var(--ast-global-color-4)","background-image":"","background-repeat":"repeat","background-position":"center center","background-size":"auto","background-attachment":"scroll","background-type":"","background-media":"","overlay-type":"","overlay-color":"","overlay-opacity":"","overlay-gradient":""},"tablet":{"background-color":"var(--ast-global-color-4)","background-image":"","background-repeat":"repeat","background-position":"center center","background-size":"auto","background-attachment":"scroll","background-type":"","background-media":"","overlay-type":"","overlay-color":"","overlay-opacity":"","overlay-gradient":""},"mobile":{"background-color":"var(--ast-global-color-4)","background-image":"","background-repeat":"repeat","background-position":"center center","background-size":"auto","background-attachment":"scroll","background-type":"","background-media":"","overlay-type":"","overlay-color":"","overlay-opacity":"","overlay-gradient":""}},"footnotes":""},"categories":[1],"tags":[],"class_list":["post-60041","post","type-post","status-publish","format-standard","hentry","category-sem-categoria"],"yoast_head":"<!-- This site is optimized with the Yoast SEO plugin v26.6 - https:\/\/yoast.com\/wordpress\/plugins\/seo\/ -->\n<title>C\u00e2mara de S\u00e3o Lu\u00eds reinicia atividades nesta segunda-feira - Daniel Matos<\/title>\n<meta name=\"robots\" content=\"index, follow, max-snippet:-1, max-image-preview:large, max-video-preview:-1\" \/>\n<link rel=\"canonical\" href=\"https:\/\/www.blogsoestado.com\/danielmatos\/camara-de-sao-luis-reinicia-atividades-nesta-segunda-feira\/\" \/>\n<meta property=\"og:locale\" content=\"pt_BR\" \/>\n<meta property=\"og:type\" content=\"article\" \/>\n<meta property=\"og:title\" content=\"C\u00e2mara de S\u00e3o Lu\u00eds reinicia atividades nesta segunda-feira - Daniel Matos\" \/>\n<meta property=\"og:description\" content=\"A C\u00e2mara Municipal de S\u00e3o Lu\u00eds reinicia, nesta segunda-feira (04), suas atividades referentes ao 19\u00ba per\u00edodo legislativo. A retomada dos [&hellip;]\" \/>\n<meta property=\"og:url\" content=\"https:\/\/www.blogsoestado.com\/danielmatos\/camara-de-sao-luis-reinicia-atividades-nesta-segunda-feira\/\" \/>\n<meta property=\"og:site_name\" content=\"Daniel Matos\" \/>\n<meta property=\"article:published_time\" content=\"2019-02-04T13:50:41+00:00\" \/>\n<meta property=\"og:image\" content=\"https:\/\/www.blogsoestado.com\/danielmatos\/files\/2019\/02\/osmar-inicia.jpg\" \/>\n<meta name=\"twitter:card\" content=\"summary_large_image\" \/>\n<meta name=\"twitter:label1\" content=\"Est. tempo de leitura\" \/>\n\t<meta name=\"twitter:data1\" content=\"3 minutos\" \/>\n<script type=\"application\/ld+json\" class=\"yoast-schema-graph\">{\"@context\":\"https:\/\/schema.org\",\"@graph\":[{\"@type\":\"WebPage\",\"@id\":\"https:\/\/www.blogsoestado.com\/danielmatos\/camara-de-sao-luis-reinicia-atividades-nesta-segunda-feira\/\",\"url\":\"https:\/\/www.blogsoestado.com\/danielmatos\/camara-de-sao-luis-reinicia-atividades-nesta-segunda-feira\/\",\"name\":\"C\u00e2mara de S\u00e3o Lu\u00eds reinicia atividades nesta segunda-feira - Daniel Matos\",\"isPartOf\":{\"@id\":\"https:\/\/www.blogsoestado.com\/danielmatos\/#website\"},\"primaryImageOfPage\":{\"@id\":\"https:\/\/www.blogsoestado.com\/danielmatos\/camara-de-sao-luis-reinicia-atividades-nesta-segunda-feira\/#primaryimage\"},\"image\":{\"@id\":\"https:\/\/www.blogsoestado.com\/danielmatos\/camara-de-sao-luis-reinicia-atividades-nesta-segunda-feira\/#primaryimage\"},\"thumbnailUrl\":\"https:\/\/www.blogsoestado.com\/danielmatos\/files\/2019\/02\/osmar-inicia.jpg\",\"datePublished\":\"2019-02-04T13:50:41+00:00\",\"author\":{\"@id\":\"\"},\"breadcrumb\":{\"@id\":\"https:\/\/www.blogsoestado.com\/danielmatos\/camara-de-sao-luis-reinicia-atividades-nesta-segunda-feira\/#breadcrumb\"},\"inLanguage\":\"pt-BR\",\"potentialAction\":[{\"@type\":\"ReadAction\",\"target\":[\"https:\/\/www.blogsoestado.com\/danielmatos\/camara-de-sao-luis-reinicia-atividades-nesta-segunda-feira\/\"]}]},{\"@type\":\"ImageObject\",\"inLanguage\":\"pt-BR\",\"@id\":\"https:\/\/www.blogsoestado.com\/danielmatos\/camara-de-sao-luis-reinicia-atividades-nesta-segunda-feira\/#primaryimage\",\"url\":\"https:\/\/www.blogsoestado.com\/danielmatos\/files\/2019\/02\/osmar-inicia.jpg\",\"contentUrl\":\"https:\/\/www.blogsoestado.com\/danielmatos\/files\/2019\/02\/osmar-inicia.jpg\"},{\"@type\":\"BreadcrumbList\",\"@id\":\"https:\/\/www.blogsoestado.com\/danielmatos\/camara-de-sao-luis-reinicia-atividades-nesta-segunda-feira\/#breadcrumb\",\"itemListElement\":[{\"@type\":\"ListItem\",\"position\":1,\"name\":\"In\u00edcio\",\"item\":\"https:\/\/www.blogsoestado.com\/danielmatos\/\"},{\"@type\":\"ListItem\",\"position\":2,\"name\":\"C\u00e2mara de S\u00e3o Lu\u00eds reinicia atividades nesta segunda-feira\"}]},{\"@type\":\"WebSite\",\"@id\":\"https:\/\/www.blogsoestado.com\/danielmatos\/#website\",\"url\":\"https:\/\/www.blogsoestado.com\/danielmatos\/\",\"name\":\"Daniel Matos\",\"description\":\"\",\"potentialAction\":[{\"@type\":\"SearchAction\",\"target\":{\"@type\":\"EntryPoint\",\"urlTemplate\":\"https:\/\/www.blogsoestado.com\/danielmatos\/?s={search_term_string}\"},\"query-input\":{\"@type\":\"PropertyValueSpecification\",\"valueRequired\":true,\"valueName\":\"search_term_string\"}}],\"inLanguage\":\"pt-BR\"}]}<\/script>\n<!-- \/ Yoast SEO plugin. -->","yoast_head_json":{"title":"C\u00e2mara de S\u00e3o Lu\u00eds reinicia atividades nesta segunda-feira - Daniel Matos","robots":{"index":"index","follow":"follow","max-snippet":"max-snippet:-1","max-image-preview":"max-image-preview:large","max-video-preview":"max-video-preview:-1"},"canonical":"https:\/\/www.blogsoestado.com\/danielmatos\/camara-de-sao-luis-reinicia-atividades-nesta-segunda-feira\/","og_locale":"pt_BR","og_type":"article","og_title":"C\u00e2mara de S\u00e3o Lu\u00eds reinicia atividades nesta segunda-feira - Daniel Matos","og_description":"A C\u00e2mara Municipal de S\u00e3o Lu\u00eds reinicia, nesta segunda-feira (04), suas atividades referentes ao 19\u00ba per\u00edodo legislativo. A retomada dos [&hellip;]","og_url":"https:\/\/www.blogsoestado.com\/danielmatos\/camara-de-sao-luis-reinicia-atividades-nesta-segunda-feira\/","og_site_name":"Daniel Matos","article_published_time":"2019-02-04T13:50:41+00:00","og_image":[{"url":"https:\/\/www.blogsoestado.com\/danielmatos\/files\/2019\/02\/osmar-inicia.jpg","type":"","width":"","height":""}],"twitter_card":"summary_large_image","twitter_misc":{"Est. tempo de leitura":"3 minutos"},"schema":{"@context":"https:\/\/schema.org","@graph":[{"@type":"WebPage","@id":"https:\/\/www.blogsoestado.com\/danielmatos\/camara-de-sao-luis-reinicia-atividades-nesta-segunda-feira\/","url":"https:\/\/www.blogsoestado.com\/danielmatos\/camara-de-sao-luis-reinicia-atividades-nesta-segunda-feira\/","name":"C\u00e2mara de S\u00e3o Lu\u00eds reinicia atividades nesta segunda-feira - Daniel Matos","isPartOf":{"@id":"https:\/\/www.blogsoestado.com\/danielmatos\/#website"},"primaryImageOfPage":{"@id":"https:\/\/www.blogsoestado.com\/danielmatos\/camara-de-sao-luis-reinicia-atividades-nesta-segunda-feira\/#primaryimage"},"image":{"@id":"https:\/\/www.blogsoestado.com\/danielmatos\/camara-de-sao-luis-reinicia-atividades-nesta-segunda-feira\/#primaryimage"},"thumbnailUrl":"https:\/\/www.blogsoestado.com\/danielmatos\/files\/2019\/02\/osmar-inicia.jpg","datePublished":"2019-02-04T13:50:41+00:00","author":{"@id":""},"breadcrumb":{"@id":"https:\/\/www.blogsoestado.com\/danielmatos\/camara-de-sao-luis-reinicia-atividades-nesta-segunda-feira\/#breadcrumb"},"inLanguage":"pt-BR","potentialAction":[{"@type":"ReadAction","target":["https:\/\/www.blogsoestado.com\/danielmatos\/camara-de-sao-luis-reinicia-atividades-nesta-segunda-feira\/"]}]},{"@type":"ImageObject","inLanguage":"pt-BR","@id":"https:\/\/www.blogsoestado.com\/danielmatos\/camara-de-sao-luis-reinicia-atividades-nesta-segunda-feira\/#primaryimage","url":"https:\/\/www.blogsoestado.com\/danielmatos\/files\/2019\/02\/osmar-inicia.jpg","contentUrl":"https:\/\/www.blogsoestado.com\/danielmatos\/files\/2019\/02\/osmar-inicia.jpg"},{"@type":"BreadcrumbList","@id":"https:\/\/www.blogsoestado.com\/danielmatos\/camara-de-sao-luis-reinicia-atividades-nesta-segunda-feira\/#breadcrumb","itemListElement":[{"@type":"ListItem","position":1,"name":"In\u00edcio","item":"https:\/\/www.blogsoestado.com\/danielmatos\/"},{"@type":"ListItem","position":2,"name":"C\u00e2mara de S\u00e3o Lu\u00eds reinicia atividades nesta segunda-feira"}]},{"@type":"WebSite","@id":"https:\/\/www.blogsoestado.com\/danielmatos\/#website","url":"https:\/\/www.blogsoestado.com\/danielmatos\/","name":"Daniel Matos","description":"","potentialAction":[{"@type":"SearchAction","target":{"@type":"EntryPoint","urlTemplate":"https:\/\/www.blogsoestado.com\/danielmatos\/?s={search_term_string}"},"query-input":{"@type":"PropertyValueSpecification","valueRequired":true,"valueName":"search_term_string"}}],"inLanguage":"pt-BR"}]}},"jetpack_featured_media_url":"","_links":{"self":[{"href":"https:\/\/www.blogsoestado.com\/danielmatos\/wp-json\/wp\/v2\/posts\/60041","targetHints":{"allow":["GET"]}}],"collection":[{"href":"https:\/\/www.blogsoestado.com\/danielmatos\/wp-json\/wp\/v2\/posts"}],"about":[{"href":"https:\/\/www.blogsoestado.com\/danielmatos\/wp-json\/wp\/v2\/types\/post"}],"replies":[{"embeddable":true,"href":"https:\/\/www.blogsoestado.com\/danielmatos\/wp-json\/wp\/v2\/comments?post=60041"}],"version-history":[{"count":0,"href":"https:\/\/www.blogsoestado.com\/danielmatos\/wp-json\/wp\/v2\/posts\/60041\/revisions"}],"wp:attachment":[{"href":"https:\/\/www.blogsoestado.com\/danielmatos\/wp-json\/wp\/v2\/media?parent=60041"}],"wp:term":[{"taxonomy":"category","embeddable":true,"href":"https:\/\/www.blogsoestado.com\/danielmatos\/wp-json\/wp\/v2\/categories?post=60041"},{"taxonomy":"post_tag","embeddable":true,"href":"https:\/\/www.blogsoestado.com\/danielmatos\/wp-json\/wp\/v2\/tags?post=60041"}],"curies":[{"name":"wp","href":"https:\/\/api.w.org\/{rel}","templated":true}]}}