{"id":60052,"date":"2019-02-04T15:17:18","date_gmt":"2019-02-04T18:17:18","guid":{"rendered":"https:\/\/www.blogsoestado.com\/danielmatos\/?p=60052"},"modified":"2019-02-04T15:17:18","modified_gmt":"2019-02-04T18:17:18","slug":"no-dia-mundial-de-combate-ao-cancer-medico-destaca-batalha-de-combate-a-doenca-no-maranhao","status":"publish","type":"post","link":"https:\/\/www.blogsoestado.com\/danielmatos\/no-dia-mundial-de-combate-ao-cancer-medico-destaca-batalha-de-combate-a-doenca-no-maranhao\/","title":{"rendered":"No Dia Mundial de Combate ao C\u00e2ncer, m\u00e9dico destaca batalha contra a doen\u00e7a no Maranh\u00e3o"},"content":{"rendered":"\n<div class=\"wp-block-image\"><figure class=\"alignleft\"><img decoding=\"async\" src=\"https:\/\/www.blogsoestado.com\/danielmatos\/files\/2019\/02\/Stenio-Roberto.jpg\" alt=\"\" class=\"wp-image-60053\"\/><figcaption>Esfor\u00e7o de St\u00eanio Roberto Santos, aliado ao empenho de sua equipe, vem garantindo, por exemplo, o cumprimento das metas preconizadas pelo Minist\u00e9rio da Sa\u00fade <\/figcaption><\/figure><\/div>\n\n\n\n<p>Refer\u00eancia nesse tipo de atendimento, o Hospital de C\u00e2ncer do Estado vem travando uma luta constante para conter o avan\u00e7o da doen\u00e7a e melhorar o atendimento aos pacientes; no Brasil, a estimativa \u00e9 que 600 novos casos sejam diagnosticados este ano.<\/p>\n\n\n\n<p>O Instituto Nacional do C\u00e2ncer estima que 600 mil novos casos de c\u00e2ncer dever\u00e3o surgir no Brasil em 2019. O do tipo n\u00e3o melanoma, o mais frequente do pa\u00eds, dever\u00e1 chegar a 165 mil novos casos diagnosticados. No \u00e2mbito da sa\u00fade da mulher, o c\u00e2ncer de mama ter\u00e1 59 mil ocorr\u00eancias, enquanto que o de colo de \u00fatero, 16 mil. O c\u00e2ncer de intestino em mulheres tamb\u00e9m dever\u00e1 alcan\u00e7ar a marca de 19 mil casos, e nos homens, 17 mil.<\/p>\n\n\n\n<p>Segundo o m\u00e9dico maranhense St\u00eanio Roberto Santos, cirurgi\u00e3o cabe\u00e7a e pesco\u00e7o e que h\u00e1 mais de um ano e meio est\u00e1 \u00e0 frente do Hospital de C\u00e2ncer do Maranh\u00e3o, refer\u00eancia nessa \u00e1rea, a batalha \u00e9 grande e todo o trabalho na unidade tem sido focado no aumento da capacidade de atendimento, garantindo a manuten\u00e7\u00e3o da qualidade em Oncologia. No ano passado, a unidade realizou mais de 2.700 cirurgias, nas mais diversas \u00e1reas oncol\u00f3gicas. Os atendimentos no SPA somaram 8.362 e as consultas no ambulat\u00f3rio, 37.646. J\u00e1 o n\u00famero de exames laboratoriais alcan\u00e7ou 341.582 no ano passado.<\/p>\n\n\n\n<p>O esfor\u00e7o de St\u00eanio Roberto Santos, aliado ao empenho da equipe que ele comanda no hospital, vem garantindo, por exemplo, o cumprimento das metas preconizadas pelo Minist\u00e9rio da Sa\u00fade. E foi o que aconteceu no ano passado, quando os resultados positivos foram apresentados com tr\u00eas meses de anteced\u00eancia. A batalha contra o c\u00e2ncer na unidade hospitalar \u00e9 uma bandeira hasteada o ano inteiro.<\/p>\n\n\n\n<p>\u201cE nessa luta, \u00e9 preciso ter vis\u00e3o e adotar uma abordagem cada vez mais humanizada no cuidado com o paciente oncol\u00f3gico, isto sem deixar de lado os avan\u00e7os em terap\u00eautica. Em suma, \u00e9 necess\u00e1rio ter a consci\u00eancia de que tratamos pessoas e n\u00e3o uma doen\u00e7a. Estamos totalmente engajados junto com todos os estados do Brasil. E \u00e9 muito importante ressaltar, como o pr\u00f3prio Inca vem disseminando, que a cada dez diagn\u00f3sticos, tr\u00eas est\u00e3o diretamente relacionados ao estilo de vida do paciente, ou seja, consumo de \u00e1lcool, tabaco, sedentarismo, exposi\u00e7\u00e3o excessiva ao sol, consumo de carne vermelha e alimentos processados e obesidade\u201d, alerta.<\/p>\n\n\n\n<p>Ele acrescenta que, no geral, o tratamento do c\u00e2ncer \u00e9 um grande desafio. \u201cE no Hospital de C\u00e2ncer do Maranh\u00e3o, entre outras coisas, buscamos estrat\u00e9gias de qualidade no atendimento integral dos pacientes oncol\u00f3gicos, por meio de um tratamento humanizado, com tecnologia de ponta. E os nossos alertas s\u00e3o tamb\u00e9m constantes\u201d, complementa.<\/p>\n\n\n\n<p>Conforme o m\u00e9dico, um dos pontos positivos \u00e9 a melhora t\u00e9cnica da medicina, pois os diagn\u00f3sticos s\u00e3o feitos com maior precis\u00e3o e h\u00e1 aparelhos mais modernos, al\u00e9m da frequ\u00eancia dos exames preventivos. \u201cMas tudo isso est\u00e1 combinado ao estilo de vida. Hoje, com o dia a dia corrido, as pessoas priorizam menos a atividade f\u00edsica e a alimenta\u00e7\u00e3o saud\u00e1vel, o que pode influenciar, sem d\u00favida\u201d, avaliou.<\/p>\n\n\n\n<p>Entre outras a\u00e7\u00f5es postas em pr\u00e1tica no ano passado no Hospital de C\u00e2ncer do Maranh\u00e3o, o m\u00e9dico engajou-se no \u201cDia D\u201d da campanha \u201cOutubro Rosa\u201d, evento realizado por iniciativa do Governo do Estado. A a\u00e7\u00e3o objetivou compartilhar informa\u00e7\u00f5es sobre o c\u00e2ncer de mama e promover a preven\u00e7\u00e3o. A programa\u00e7\u00e3o incluiu bate-papo e um ato s\u00edmbolo de vit\u00f3ria, quando uma paciente tratada no hospital tocou o \u201csino da cura\u201d.<\/p>\n\n\n\n<p>\u201cAl\u00e9m do hospital, outras unidades da rede da Secretaria de Estado da Sa\u00fade, em parceria com a Secretaria de Estado da Mulher, em todo o estado, realizaram programa\u00e7\u00e3o para prevenir o c\u00e2ncer de mama, al\u00e9m de estimular o diagn\u00f3stico e tratamento precoce da doen\u00e7a. Iniciativas como essa dever\u00e3o ser repetidas em 2019, sempre com todo o nosso empenho\u201d, recorda.<\/p>\n","protected":false},"excerpt":{"rendered":"<p>Refer\u00eancia nesse tipo de atendimento, o Hospital de C\u00e2ncer do Estado vem travando uma luta constante para conter o avan\u00e7o [&hellip;]<\/p>\n","protected":false},"author":0,"featured_media":0,"comment_status":"open","ping_status":"open","sticky":false,"template":"","format":"standard","meta":{"site-sidebar-layout":"default","site-content-layout":"","ast-site-content-layout":"default","site-content-style":"default","site-sidebar-style":"default","ast-global-header-display":"","ast-banner-title-visibility":"","ast-main-header-display":"","ast-hfb-above-header-display":"","ast-hfb-below-header-display":"","ast-hfb-mobile-header-display":"","site-post-title":"","ast-breadcrumbs-content":"","ast-featured-img":"","footer-sml-layout":"","ast-disable-related-posts":"","theme-transparent-header-meta":"","adv-header-id-meta":"","stick-header-meta":"","header-above-stick-meta":"","header-main-stick-meta":"","header-below-stick-meta":"","astra-migrate-meta-layouts":"default","ast-page-background-enabled":"default","ast-page-background-meta":{"desktop":{"background-color":"var(--ast-global-color-5)","background-image":"","background-repeat":"repeat","background-position":"center center","background-size":"auto","background-attachment":"scroll","background-type":"","background-media":"","overlay-type":"","overlay-color":"","overlay-opacity":"","overlay-gradient":""},"tablet":{"background-color":"","background-image":"","background-repeat":"repeat","background-position":"center center","background-size":"auto","background-attachment":"scroll","background-type":"","background-media":"","overlay-type":"","overlay-color":"","overlay-opacity":"","overlay-gradient":""},"mobile":{"background-color":"","background-image":"","background-repeat":"repeat","background-position":"center center","background-size":"auto","background-attachment":"scroll","background-type":"","background-media":"","overlay-type":"","overlay-color":"","overlay-opacity":"","overlay-gradient":""}},"ast-content-background-meta":{"desktop":{"background-color":"var(--ast-global-color-4)","background-image":"","background-repeat":"repeat","background-position":"center center","background-size":"auto","background-attachment":"scroll","background-type":"","background-media":"","overlay-type":"","overlay-color":"","overlay-opacity":"","overlay-gradient":""},"tablet":{"background-color":"var(--ast-global-color-4)","background-image":"","background-repeat":"repeat","background-position":"center center","background-size":"auto","background-attachment":"scroll","background-type":"","background-media":"","overlay-type":"","overlay-color":"","overlay-opacity":"","overlay-gradient":""},"mobile":{"background-color":"var(--ast-global-color-4)","background-image":"","background-repeat":"repeat","background-position":"center center","background-size":"auto","background-attachment":"scroll","background-type":"","background-media":"","overlay-type":"","overlay-color":"","overlay-opacity":"","overlay-gradient":""}},"footnotes":""},"categories":[1],"tags":[],"class_list":["post-60052","post","type-post","status-publish","format-standard","hentry","category-sem-categoria"],"yoast_head":"<!-- This site is optimized with the Yoast SEO plugin v26.6 - https:\/\/yoast.com\/wordpress\/plugins\/seo\/ -->\n<title>No Dia Mundial de Combate ao C\u00e2ncer, m\u00e9dico destaca batalha contra a doen\u00e7a no Maranh\u00e3o - Daniel Matos<\/title>\n<meta name=\"robots\" content=\"index, follow, max-snippet:-1, max-image-preview:large, max-video-preview:-1\" \/>\n<link rel=\"canonical\" href=\"https:\/\/www.blogsoestado.com\/danielmatos\/no-dia-mundial-de-combate-ao-cancer-medico-destaca-batalha-de-combate-a-doenca-no-maranhao\/\" \/>\n<meta property=\"og:locale\" content=\"pt_BR\" \/>\n<meta property=\"og:type\" content=\"article\" \/>\n<meta property=\"og:title\" content=\"No Dia Mundial de Combate ao C\u00e2ncer, m\u00e9dico destaca batalha contra a doen\u00e7a no Maranh\u00e3o - Daniel Matos\" \/>\n<meta property=\"og:description\" content=\"Refer\u00eancia nesse tipo de atendimento, o Hospital de C\u00e2ncer do Estado vem travando uma luta constante para conter o avan\u00e7o [&hellip;]\" \/>\n<meta property=\"og:url\" content=\"https:\/\/www.blogsoestado.com\/danielmatos\/no-dia-mundial-de-combate-ao-cancer-medico-destaca-batalha-de-combate-a-doenca-no-maranhao\/\" \/>\n<meta property=\"og:site_name\" content=\"Daniel Matos\" \/>\n<meta property=\"article:published_time\" content=\"2019-02-04T18:17:18+00:00\" \/>\n<meta property=\"og:image\" content=\"https:\/\/www.blogsoestado.com\/danielmatos\/files\/2019\/02\/Stenio-Roberto.jpg\" \/>\n<meta name=\"twitter:card\" content=\"summary_large_image\" \/>\n<meta name=\"twitter:label1\" content=\"Est. tempo de leitura\" \/>\n\t<meta name=\"twitter:data1\" content=\"4 minutos\" \/>\n<script type=\"application\/ld+json\" class=\"yoast-schema-graph\">{\"@context\":\"https:\/\/schema.org\",\"@graph\":[{\"@type\":\"WebPage\",\"@id\":\"https:\/\/www.blogsoestado.com\/danielmatos\/no-dia-mundial-de-combate-ao-cancer-medico-destaca-batalha-de-combate-a-doenca-no-maranhao\/\",\"url\":\"https:\/\/www.blogsoestado.com\/danielmatos\/no-dia-mundial-de-combate-ao-cancer-medico-destaca-batalha-de-combate-a-doenca-no-maranhao\/\",\"name\":\"No Dia Mundial de Combate ao C\u00e2ncer, m\u00e9dico destaca batalha contra a doen\u00e7a no Maranh\u00e3o - Daniel Matos\",\"isPartOf\":{\"@id\":\"https:\/\/www.blogsoestado.com\/danielmatos\/#website\"},\"primaryImageOfPage\":{\"@id\":\"https:\/\/www.blogsoestado.com\/danielmatos\/no-dia-mundial-de-combate-ao-cancer-medico-destaca-batalha-de-combate-a-doenca-no-maranhao\/#primaryimage\"},\"image\":{\"@id\":\"https:\/\/www.blogsoestado.com\/danielmatos\/no-dia-mundial-de-combate-ao-cancer-medico-destaca-batalha-de-combate-a-doenca-no-maranhao\/#primaryimage\"},\"thumbnailUrl\":\"https:\/\/www.blogsoestado.com\/danielmatos\/files\/2019\/02\/Stenio-Roberto.jpg\",\"datePublished\":\"2019-02-04T18:17:18+00:00\",\"author\":{\"@id\":\"\"},\"breadcrumb\":{\"@id\":\"https:\/\/www.blogsoestado.com\/danielmatos\/no-dia-mundial-de-combate-ao-cancer-medico-destaca-batalha-de-combate-a-doenca-no-maranhao\/#breadcrumb\"},\"inLanguage\":\"pt-BR\",\"potentialAction\":[{\"@type\":\"ReadAction\",\"target\":[\"https:\/\/www.blogsoestado.com\/danielmatos\/no-dia-mundial-de-combate-ao-cancer-medico-destaca-batalha-de-combate-a-doenca-no-maranhao\/\"]}]},{\"@type\":\"ImageObject\",\"inLanguage\":\"pt-BR\",\"@id\":\"https:\/\/www.blogsoestado.com\/danielmatos\/no-dia-mundial-de-combate-ao-cancer-medico-destaca-batalha-de-combate-a-doenca-no-maranhao\/#primaryimage\",\"url\":\"https:\/\/www.blogsoestado.com\/danielmatos\/files\/2019\/02\/Stenio-Roberto.jpg\",\"contentUrl\":\"https:\/\/www.blogsoestado.com\/danielmatos\/files\/2019\/02\/Stenio-Roberto.jpg\"},{\"@type\":\"BreadcrumbList\",\"@id\":\"https:\/\/www.blogsoestado.com\/danielmatos\/no-dia-mundial-de-combate-ao-cancer-medico-destaca-batalha-de-combate-a-doenca-no-maranhao\/#breadcrumb\",\"itemListElement\":[{\"@type\":\"ListItem\",\"position\":1,\"name\":\"In\u00edcio\",\"item\":\"https:\/\/www.blogsoestado.com\/danielmatos\/\"},{\"@type\":\"ListItem\",\"position\":2,\"name\":\"No Dia Mundial de Combate ao C\u00e2ncer, m\u00e9dico destaca batalha contra a doen\u00e7a no Maranh\u00e3o\"}]},{\"@type\":\"WebSite\",\"@id\":\"https:\/\/www.blogsoestado.com\/danielmatos\/#website\",\"url\":\"https:\/\/www.blogsoestado.com\/danielmatos\/\",\"name\":\"Daniel Matos\",\"description\":\"\",\"potentialAction\":[{\"@type\":\"SearchAction\",\"target\":{\"@type\":\"EntryPoint\",\"urlTemplate\":\"https:\/\/www.blogsoestado.com\/danielmatos\/?s={search_term_string}\"},\"query-input\":{\"@type\":\"PropertyValueSpecification\",\"valueRequired\":true,\"valueName\":\"search_term_string\"}}],\"inLanguage\":\"pt-BR\"}]}<\/script>\n<!-- \/ Yoast SEO plugin. -->","yoast_head_json":{"title":"No Dia Mundial de Combate ao C\u00e2ncer, m\u00e9dico destaca batalha contra a doen\u00e7a no Maranh\u00e3o - Daniel Matos","robots":{"index":"index","follow":"follow","max-snippet":"max-snippet:-1","max-image-preview":"max-image-preview:large","max-video-preview":"max-video-preview:-1"},"canonical":"https:\/\/www.blogsoestado.com\/danielmatos\/no-dia-mundial-de-combate-ao-cancer-medico-destaca-batalha-de-combate-a-doenca-no-maranhao\/","og_locale":"pt_BR","og_type":"article","og_title":"No Dia Mundial de Combate ao C\u00e2ncer, m\u00e9dico destaca batalha contra a doen\u00e7a no Maranh\u00e3o - Daniel Matos","og_description":"Refer\u00eancia nesse tipo de atendimento, o Hospital de C\u00e2ncer do Estado vem travando uma luta constante para conter o avan\u00e7o [&hellip;]","og_url":"https:\/\/www.blogsoestado.com\/danielmatos\/no-dia-mundial-de-combate-ao-cancer-medico-destaca-batalha-de-combate-a-doenca-no-maranhao\/","og_site_name":"Daniel Matos","article_published_time":"2019-02-04T18:17:18+00:00","og_image":[{"url":"https:\/\/www.blogsoestado.com\/danielmatos\/files\/2019\/02\/Stenio-Roberto.jpg","type":"","width":"","height":""}],"twitter_card":"summary_large_image","twitter_misc":{"Est. tempo de leitura":"4 minutos"},"schema":{"@context":"https:\/\/schema.org","@graph":[{"@type":"WebPage","@id":"https:\/\/www.blogsoestado.com\/danielmatos\/no-dia-mundial-de-combate-ao-cancer-medico-destaca-batalha-de-combate-a-doenca-no-maranhao\/","url":"https:\/\/www.blogsoestado.com\/danielmatos\/no-dia-mundial-de-combate-ao-cancer-medico-destaca-batalha-de-combate-a-doenca-no-maranhao\/","name":"No Dia Mundial de Combate ao C\u00e2ncer, m\u00e9dico destaca batalha contra a doen\u00e7a no Maranh\u00e3o - Daniel Matos","isPartOf":{"@id":"https:\/\/www.blogsoestado.com\/danielmatos\/#website"},"primaryImageOfPage":{"@id":"https:\/\/www.blogsoestado.com\/danielmatos\/no-dia-mundial-de-combate-ao-cancer-medico-destaca-batalha-de-combate-a-doenca-no-maranhao\/#primaryimage"},"image":{"@id":"https:\/\/www.blogsoestado.com\/danielmatos\/no-dia-mundial-de-combate-ao-cancer-medico-destaca-batalha-de-combate-a-doenca-no-maranhao\/#primaryimage"},"thumbnailUrl":"https:\/\/www.blogsoestado.com\/danielmatos\/files\/2019\/02\/Stenio-Roberto.jpg","datePublished":"2019-02-04T18:17:18+00:00","author":{"@id":""},"breadcrumb":{"@id":"https:\/\/www.blogsoestado.com\/danielmatos\/no-dia-mundial-de-combate-ao-cancer-medico-destaca-batalha-de-combate-a-doenca-no-maranhao\/#breadcrumb"},"inLanguage":"pt-BR","potentialAction":[{"@type":"ReadAction","target":["https:\/\/www.blogsoestado.com\/danielmatos\/no-dia-mundial-de-combate-ao-cancer-medico-destaca-batalha-de-combate-a-doenca-no-maranhao\/"]}]},{"@type":"ImageObject","inLanguage":"pt-BR","@id":"https:\/\/www.blogsoestado.com\/danielmatos\/no-dia-mundial-de-combate-ao-cancer-medico-destaca-batalha-de-combate-a-doenca-no-maranhao\/#primaryimage","url":"https:\/\/www.blogsoestado.com\/danielmatos\/files\/2019\/02\/Stenio-Roberto.jpg","contentUrl":"https:\/\/www.blogsoestado.com\/danielmatos\/files\/2019\/02\/Stenio-Roberto.jpg"},{"@type":"BreadcrumbList","@id":"https:\/\/www.blogsoestado.com\/danielmatos\/no-dia-mundial-de-combate-ao-cancer-medico-destaca-batalha-de-combate-a-doenca-no-maranhao\/#breadcrumb","itemListElement":[{"@type":"ListItem","position":1,"name":"In\u00edcio","item":"https:\/\/www.blogsoestado.com\/danielmatos\/"},{"@type":"ListItem","position":2,"name":"No Dia Mundial de Combate ao C\u00e2ncer, m\u00e9dico destaca batalha contra a doen\u00e7a no Maranh\u00e3o"}]},{"@type":"WebSite","@id":"https:\/\/www.blogsoestado.com\/danielmatos\/#website","url":"https:\/\/www.blogsoestado.com\/danielmatos\/","name":"Daniel Matos","description":"","potentialAction":[{"@type":"SearchAction","target":{"@type":"EntryPoint","urlTemplate":"https:\/\/www.blogsoestado.com\/danielmatos\/?s={search_term_string}"},"query-input":{"@type":"PropertyValueSpecification","valueRequired":true,"valueName":"search_term_string"}}],"inLanguage":"pt-BR"}]}},"jetpack_featured_media_url":"","_links":{"self":[{"href":"https:\/\/www.blogsoestado.com\/danielmatos\/wp-json\/wp\/v2\/posts\/60052","targetHints":{"allow":["GET"]}}],"collection":[{"href":"https:\/\/www.blogsoestado.com\/danielmatos\/wp-json\/wp\/v2\/posts"}],"about":[{"href":"https:\/\/www.blogsoestado.com\/danielmatos\/wp-json\/wp\/v2\/types\/post"}],"replies":[{"embeddable":true,"href":"https:\/\/www.blogsoestado.com\/danielmatos\/wp-json\/wp\/v2\/comments?post=60052"}],"version-history":[{"count":0,"href":"https:\/\/www.blogsoestado.com\/danielmatos\/wp-json\/wp\/v2\/posts\/60052\/revisions"}],"wp:attachment":[{"href":"https:\/\/www.blogsoestado.com\/danielmatos\/wp-json\/wp\/v2\/media?parent=60052"}],"wp:term":[{"taxonomy":"category","embeddable":true,"href":"https:\/\/www.blogsoestado.com\/danielmatos\/wp-json\/wp\/v2\/categories?post=60052"},{"taxonomy":"post_tag","embeddable":true,"href":"https:\/\/www.blogsoestado.com\/danielmatos\/wp-json\/wp\/v2\/tags?post=60052"}],"curies":[{"name":"wp","href":"https:\/\/api.w.org\/{rel}","templated":true}]}}