{"id":60061,"date":"2019-02-04T23:37:41","date_gmt":"2019-02-05T02:37:41","guid":{"rendered":"https:\/\/www.blogsoestado.com\/danielmatos\/?p=60061"},"modified":"2019-02-04T23:37:41","modified_gmt":"2019-02-05T02:37:41","slug":"assembleia-continuara-respeitando-a-pluralidade-de-posicionamentos-garante-othelino-na-abertura-dos-trabalhos","status":"publish","type":"post","link":"https:\/\/www.blogsoestado.com\/danielmatos\/assembleia-continuara-respeitando-a-pluralidade-de-posicionamentos-garante-othelino-na-abertura-dos-trabalhos\/","title":{"rendered":"&#8220;Assembleia continuar\u00e1 respeitando a pluralidade de posicionamentos&#8221;, garante Othelino na abertura dos trabalhos"},"content":{"rendered":"\n<div class=\"wp-block-image\"><figure class=\"aligncenter\"><img decoding=\"async\" src=\"https:\/\/www.blogsoestado.com\/danielmatos\/files\/2019\/02\/Deputado-Othelino-Neto-1024x683.jpeg\" alt=\"\" class=\"wp-image-60062\"\/><figcaption>Othelino disse que a Casa do Povo ser\u00e1 palco de grandes debates pol\u00edticos sobre o Maranh\u00e3o<\/figcaption><\/figure><\/div>\n\n\n\n<p>Na abertura oficial dos trabalhos da 19\u00aa legislatura para o quadri\u00eanio 2019-2022, o presidente da Assembleia Legislativa, deputado Othelino Neto (PCdoB), afirmou que o Parlamento seguir\u00e1 cumprindo seu papel com pluralidade e democracia, respeitando os diferentes posicionamentos e a vontade da maioria.<\/p>\n\n\n\n<p>\u201cA Casa do Povo ser\u00e1 palco de grandes debates pol\u00edticos sobre o Maranh\u00e3o e o Brasil. Por aqui, passar\u00e3o todos os grandes projetos de import\u00e2ncia para o Estado do Maranh\u00e3o, que ser\u00e3o decisivos e impactar\u00e3o na vida das pessoas. Por isso, em alguns momentos, os colegas ter\u00e3o posi\u00e7\u00f5es diferentes, mas, ap\u00f3s o debate, a democracia dever\u00e1 prevalecer\u201d, enfatizou o presidente.<\/p>\n\n\n\n<p>Em seu discurso, Othelino reiterou o compromisso da Assembleia Legislativa em continuar trabalhando pelos maranhenses. \u201cContinuaremos cumprindo nosso papel hist\u00f3rico. Eu costumo dizer&nbsp;que este equil\u00edbrio que existe aqui no Maranh\u00e3o entre os tr\u00eas Poderes e as demais Institui\u00e7\u00f5es&nbsp;\u00e9 fundamental\u201d, completou.&nbsp;&nbsp;<\/p>\n\n\n\n<p><strong>Exemplo para o pa\u00eds<\/strong><\/p>\n\n\n\n<p>Othelino enfatizou, tamb\u00e9m, a tranquilidade na escolha da Nova Mesa Diretora,&nbsp;um exemplo para o pa\u00eds. \u201cDiferentemente do que se viu em outras Casas Legislativas, nossa elei\u00e7\u00e3o interna&nbsp;transcorreu&nbsp;de forma tranquila, com muita discuss\u00e3o,&nbsp;di\u00e1logo e&nbsp;consenso, que \u00e9 o principal&#8221;.<\/p>\n\n\n\n<p>Outro bom exemplo citado por Othelino, durante seu discurso, foi&nbsp;a representatividade feminina na nova Mesa Diretora, composta, majoritariamente, por mulheres. &nbsp;\u201cN\u00e3o \u00e9 nenhum favor, quando um deputado ou&nbsp;uma deputada conquista um lugar na Mesa.&nbsp;S\u00e3o nove&nbsp;vagas dos 42 Deputados.&nbsp;Se cinco mulheres est\u00e3o aqui, \u00e9 porque souberam se articular. E eu fa\u00e7o quest\u00e3o de enfatizar isto, pois&nbsp;\u00e9 realmente um marco hist\u00f3rico para o Maranh\u00e3o e para o Brasil\u201d, disse.<\/p>\n\n\n\n<p><strong>Boas-vindas<\/strong><\/p>\n\n\n\n<p>O presidente disse&nbsp;ainda que a renova\u00e7\u00e3o de deputados enriquece o Poder Legislativo. \u201cEssa mistura dos parlamentares que chegam para o primeiro mandato com aqueles que est\u00e3o entrando para o s\u00e9timo, a exemplo dos deputados Arnaldo Melo e Rigo Teles, d\u00e1 pluralidade \u00e0 Casa. S\u00e3o 42 deputados com origens e forma\u00e7\u00f5es pol\u00edticas diferentes. Se n\u00f3s aqui pens\u00e1ssemos de forma parecida ou igual, o Parlamento n\u00e3o cumpriria seu papel\u201d, lembrou.&nbsp;&nbsp;<\/p>\n\n\n\n<p>Othelino finalizou seu discurso dando boas-vindas aos parlamentares, enfatizando o entusiasmo dos novos e a motiva\u00e7\u00e3o dos reeleitos. \u201cPude perceber aquele desejo dos deputados de retribuir o carinho e a confian\u00e7a do povo do Maranh\u00e3o trabalhando por este Estado. Conviveremos bastante, vamos discutir, dialogar, algumas vezes divergir, mas sempre ter um conv\u00edvio com muito carinho, com muito respeito. Afinal de contas,&nbsp;indo por um lado ou por outro, n\u00f3s todos temos um objetivo em comum, que \u00e9 trabalhar pelo povo do Maranh\u00e3o\u201d, finalizou.&nbsp;<\/p>\n","protected":false},"excerpt":{"rendered":"<p>Na abertura oficial dos trabalhos da 19\u00aa legislatura para o quadri\u00eanio 2019-2022, o presidente da Assembleia Legislativa, deputado Othelino Neto [&hellip;]<\/p>\n","protected":false},"author":0,"featured_media":0,"comment_status":"open","ping_status":"open","sticky":false,"template":"","format":"standard","meta":{"site-sidebar-layout":"default","site-content-layout":"","ast-site-content-layout":"default","site-content-style":"default","site-sidebar-style":"default","ast-global-header-display":"","ast-banner-title-visibility":"","ast-main-header-display":"","ast-hfb-above-header-display":"","ast-hfb-below-header-display":"","ast-hfb-mobile-header-display":"","site-post-title":"","ast-breadcrumbs-content":"","ast-featured-img":"","footer-sml-layout":"","ast-disable-related-posts":"","theme-transparent-header-meta":"","adv-header-id-meta":"","stick-header-meta":"","header-above-stick-meta":"","header-main-stick-meta":"","header-below-stick-meta":"","astra-migrate-meta-layouts":"default","ast-page-background-enabled":"default","ast-page-background-meta":{"desktop":{"background-color":"var(--ast-global-color-5)","background-image":"","background-repeat":"repeat","background-position":"center center","background-size":"auto","background-attachment":"scroll","background-type":"","background-media":"","overlay-type":"","overlay-color":"","overlay-opacity":"","overlay-gradient":""},"tablet":{"background-color":"","background-image":"","background-repeat":"repeat","background-position":"center center","background-size":"auto","background-attachment":"scroll","background-type":"","background-media":"","overlay-type":"","overlay-color":"","overlay-opacity":"","overlay-gradient":""},"mobile":{"background-color":"","background-image":"","background-repeat":"repeat","background-position":"center center","background-size":"auto","background-attachment":"scroll","background-type":"","background-media":"","overlay-type":"","overlay-color":"","overlay-opacity":"","overlay-gradient":""}},"ast-content-background-meta":{"desktop":{"background-color":"var(--ast-global-color-4)","background-image":"","background-repeat":"repeat","background-position":"center center","background-size":"auto","background-attachment":"scroll","background-type":"","background-media":"","overlay-type":"","overlay-color":"","overlay-opacity":"","overlay-gradient":""},"tablet":{"background-color":"var(--ast-global-color-4)","background-image":"","background-repeat":"repeat","background-position":"center center","background-size":"auto","background-attachment":"scroll","background-type":"","background-media":"","overlay-type":"","overlay-color":"","overlay-opacity":"","overlay-gradient":""},"mobile":{"background-color":"var(--ast-global-color-4)","background-image":"","background-repeat":"repeat","background-position":"center center","background-size":"auto","background-attachment":"scroll","background-type":"","background-media":"","overlay-type":"","overlay-color":"","overlay-opacity":"","overlay-gradient":""}},"footnotes":""},"categories":[1],"tags":[],"class_list":["post-60061","post","type-post","status-publish","format-standard","hentry","category-sem-categoria"],"yoast_head":"<!-- This site is optimized with the Yoast SEO plugin v26.6 - https:\/\/yoast.com\/wordpress\/plugins\/seo\/ -->\n<title>&quot;Assembleia continuar\u00e1 respeitando a pluralidade de posicionamentos&quot;, garante Othelino na abertura dos trabalhos - Daniel Matos<\/title>\n<meta name=\"robots\" content=\"index, follow, max-snippet:-1, max-image-preview:large, max-video-preview:-1\" \/>\n<link rel=\"canonical\" href=\"https:\/\/www.blogsoestado.com\/danielmatos\/assembleia-continuara-respeitando-a-pluralidade-de-posicionamentos-garante-othelino-na-abertura-dos-trabalhos\/\" \/>\n<meta property=\"og:locale\" content=\"pt_BR\" \/>\n<meta property=\"og:type\" content=\"article\" \/>\n<meta property=\"og:title\" content=\"&quot;Assembleia continuar\u00e1 respeitando a pluralidade de posicionamentos&quot;, garante Othelino na abertura dos trabalhos - Daniel Matos\" \/>\n<meta property=\"og:description\" content=\"Na abertura oficial dos trabalhos da 19\u00aa legislatura para o quadri\u00eanio 2019-2022, o presidente da Assembleia Legislativa, deputado Othelino Neto [&hellip;]\" \/>\n<meta property=\"og:url\" content=\"https:\/\/www.blogsoestado.com\/danielmatos\/assembleia-continuara-respeitando-a-pluralidade-de-posicionamentos-garante-othelino-na-abertura-dos-trabalhos\/\" \/>\n<meta property=\"og:site_name\" content=\"Daniel Matos\" \/>\n<meta property=\"article:published_time\" content=\"2019-02-05T02:37:41+00:00\" \/>\n<meta property=\"og:image\" content=\"https:\/\/www.blogsoestado.com\/danielmatos\/files\/2019\/02\/Deputado-Othelino-Neto-1024x683.jpeg\" \/>\n<meta name=\"twitter:card\" content=\"summary_large_image\" \/>\n<meta name=\"twitter:label1\" content=\"Est. tempo de leitura\" \/>\n\t<meta name=\"twitter:data1\" content=\"2 minutos\" \/>\n<script type=\"application\/ld+json\" class=\"yoast-schema-graph\">{\"@context\":\"https:\/\/schema.org\",\"@graph\":[{\"@type\":\"WebPage\",\"@id\":\"https:\/\/www.blogsoestado.com\/danielmatos\/assembleia-continuara-respeitando-a-pluralidade-de-posicionamentos-garante-othelino-na-abertura-dos-trabalhos\/\",\"url\":\"https:\/\/www.blogsoestado.com\/danielmatos\/assembleia-continuara-respeitando-a-pluralidade-de-posicionamentos-garante-othelino-na-abertura-dos-trabalhos\/\",\"name\":\"\\\"Assembleia continuar\u00e1 respeitando a pluralidade de posicionamentos\\\", garante Othelino na abertura dos trabalhos - Daniel Matos\",\"isPartOf\":{\"@id\":\"https:\/\/www.blogsoestado.com\/danielmatos\/#website\"},\"primaryImageOfPage\":{\"@id\":\"https:\/\/www.blogsoestado.com\/danielmatos\/assembleia-continuara-respeitando-a-pluralidade-de-posicionamentos-garante-othelino-na-abertura-dos-trabalhos\/#primaryimage\"},\"image\":{\"@id\":\"https:\/\/www.blogsoestado.com\/danielmatos\/assembleia-continuara-respeitando-a-pluralidade-de-posicionamentos-garante-othelino-na-abertura-dos-trabalhos\/#primaryimage\"},\"thumbnailUrl\":\"https:\/\/www.blogsoestado.com\/danielmatos\/files\/2019\/02\/Deputado-Othelino-Neto-1024x683.jpeg\",\"datePublished\":\"2019-02-05T02:37:41+00:00\",\"author\":{\"@id\":\"\"},\"breadcrumb\":{\"@id\":\"https:\/\/www.blogsoestado.com\/danielmatos\/assembleia-continuara-respeitando-a-pluralidade-de-posicionamentos-garante-othelino-na-abertura-dos-trabalhos\/#breadcrumb\"},\"inLanguage\":\"pt-BR\",\"potentialAction\":[{\"@type\":\"ReadAction\",\"target\":[\"https:\/\/www.blogsoestado.com\/danielmatos\/assembleia-continuara-respeitando-a-pluralidade-de-posicionamentos-garante-othelino-na-abertura-dos-trabalhos\/\"]}]},{\"@type\":\"ImageObject\",\"inLanguage\":\"pt-BR\",\"@id\":\"https:\/\/www.blogsoestado.com\/danielmatos\/assembleia-continuara-respeitando-a-pluralidade-de-posicionamentos-garante-othelino-na-abertura-dos-trabalhos\/#primaryimage\",\"url\":\"https:\/\/www.blogsoestado.com\/danielmatos\/files\/2019\/02\/Deputado-Othelino-Neto-1024x683.jpeg\",\"contentUrl\":\"https:\/\/www.blogsoestado.com\/danielmatos\/files\/2019\/02\/Deputado-Othelino-Neto-1024x683.jpeg\"},{\"@type\":\"BreadcrumbList\",\"@id\":\"https:\/\/www.blogsoestado.com\/danielmatos\/assembleia-continuara-respeitando-a-pluralidade-de-posicionamentos-garante-othelino-na-abertura-dos-trabalhos\/#breadcrumb\",\"itemListElement\":[{\"@type\":\"ListItem\",\"position\":1,\"name\":\"In\u00edcio\",\"item\":\"https:\/\/www.blogsoestado.com\/danielmatos\/\"},{\"@type\":\"ListItem\",\"position\":2,\"name\":\"&#8220;Assembleia continuar\u00e1 respeitando a pluralidade de posicionamentos&#8221;, garante Othelino na abertura dos trabalhos\"}]},{\"@type\":\"WebSite\",\"@id\":\"https:\/\/www.blogsoestado.com\/danielmatos\/#website\",\"url\":\"https:\/\/www.blogsoestado.com\/danielmatos\/\",\"name\":\"Daniel Matos\",\"description\":\"\",\"potentialAction\":[{\"@type\":\"SearchAction\",\"target\":{\"@type\":\"EntryPoint\",\"urlTemplate\":\"https:\/\/www.blogsoestado.com\/danielmatos\/?s={search_term_string}\"},\"query-input\":{\"@type\":\"PropertyValueSpecification\",\"valueRequired\":true,\"valueName\":\"search_term_string\"}}],\"inLanguage\":\"pt-BR\"}]}<\/script>\n<!-- \/ Yoast SEO plugin. -->","yoast_head_json":{"title":"\"Assembleia continuar\u00e1 respeitando a pluralidade de posicionamentos\", garante Othelino na abertura dos trabalhos - Daniel Matos","robots":{"index":"index","follow":"follow","max-snippet":"max-snippet:-1","max-image-preview":"max-image-preview:large","max-video-preview":"max-video-preview:-1"},"canonical":"https:\/\/www.blogsoestado.com\/danielmatos\/assembleia-continuara-respeitando-a-pluralidade-de-posicionamentos-garante-othelino-na-abertura-dos-trabalhos\/","og_locale":"pt_BR","og_type":"article","og_title":"\"Assembleia continuar\u00e1 respeitando a pluralidade de posicionamentos\", garante Othelino na abertura dos trabalhos - Daniel Matos","og_description":"Na abertura oficial dos trabalhos da 19\u00aa legislatura para o quadri\u00eanio 2019-2022, o presidente da Assembleia Legislativa, deputado Othelino Neto [&hellip;]","og_url":"https:\/\/www.blogsoestado.com\/danielmatos\/assembleia-continuara-respeitando-a-pluralidade-de-posicionamentos-garante-othelino-na-abertura-dos-trabalhos\/","og_site_name":"Daniel Matos","article_published_time":"2019-02-05T02:37:41+00:00","og_image":[{"url":"https:\/\/www.blogsoestado.com\/danielmatos\/files\/2019\/02\/Deputado-Othelino-Neto-1024x683.jpeg","type":"","width":"","height":""}],"twitter_card":"summary_large_image","twitter_misc":{"Est. tempo de leitura":"2 minutos"},"schema":{"@context":"https:\/\/schema.org","@graph":[{"@type":"WebPage","@id":"https:\/\/www.blogsoestado.com\/danielmatos\/assembleia-continuara-respeitando-a-pluralidade-de-posicionamentos-garante-othelino-na-abertura-dos-trabalhos\/","url":"https:\/\/www.blogsoestado.com\/danielmatos\/assembleia-continuara-respeitando-a-pluralidade-de-posicionamentos-garante-othelino-na-abertura-dos-trabalhos\/","name":"\"Assembleia continuar\u00e1 respeitando a pluralidade de posicionamentos\", garante Othelino na abertura dos trabalhos - Daniel Matos","isPartOf":{"@id":"https:\/\/www.blogsoestado.com\/danielmatos\/#website"},"primaryImageOfPage":{"@id":"https:\/\/www.blogsoestado.com\/danielmatos\/assembleia-continuara-respeitando-a-pluralidade-de-posicionamentos-garante-othelino-na-abertura-dos-trabalhos\/#primaryimage"},"image":{"@id":"https:\/\/www.blogsoestado.com\/danielmatos\/assembleia-continuara-respeitando-a-pluralidade-de-posicionamentos-garante-othelino-na-abertura-dos-trabalhos\/#primaryimage"},"thumbnailUrl":"https:\/\/www.blogsoestado.com\/danielmatos\/files\/2019\/02\/Deputado-Othelino-Neto-1024x683.jpeg","datePublished":"2019-02-05T02:37:41+00:00","author":{"@id":""},"breadcrumb":{"@id":"https:\/\/www.blogsoestado.com\/danielmatos\/assembleia-continuara-respeitando-a-pluralidade-de-posicionamentos-garante-othelino-na-abertura-dos-trabalhos\/#breadcrumb"},"inLanguage":"pt-BR","potentialAction":[{"@type":"ReadAction","target":["https:\/\/www.blogsoestado.com\/danielmatos\/assembleia-continuara-respeitando-a-pluralidade-de-posicionamentos-garante-othelino-na-abertura-dos-trabalhos\/"]}]},{"@type":"ImageObject","inLanguage":"pt-BR","@id":"https:\/\/www.blogsoestado.com\/danielmatos\/assembleia-continuara-respeitando-a-pluralidade-de-posicionamentos-garante-othelino-na-abertura-dos-trabalhos\/#primaryimage","url":"https:\/\/www.blogsoestado.com\/danielmatos\/files\/2019\/02\/Deputado-Othelino-Neto-1024x683.jpeg","contentUrl":"https:\/\/www.blogsoestado.com\/danielmatos\/files\/2019\/02\/Deputado-Othelino-Neto-1024x683.jpeg"},{"@type":"BreadcrumbList","@id":"https:\/\/www.blogsoestado.com\/danielmatos\/assembleia-continuara-respeitando-a-pluralidade-de-posicionamentos-garante-othelino-na-abertura-dos-trabalhos\/#breadcrumb","itemListElement":[{"@type":"ListItem","position":1,"name":"In\u00edcio","item":"https:\/\/www.blogsoestado.com\/danielmatos\/"},{"@type":"ListItem","position":2,"name":"&#8220;Assembleia continuar\u00e1 respeitando a pluralidade de posicionamentos&#8221;, garante Othelino na abertura dos trabalhos"}]},{"@type":"WebSite","@id":"https:\/\/www.blogsoestado.com\/danielmatos\/#website","url":"https:\/\/www.blogsoestado.com\/danielmatos\/","name":"Daniel Matos","description":"","potentialAction":[{"@type":"SearchAction","target":{"@type":"EntryPoint","urlTemplate":"https:\/\/www.blogsoestado.com\/danielmatos\/?s={search_term_string}"},"query-input":{"@type":"PropertyValueSpecification","valueRequired":true,"valueName":"search_term_string"}}],"inLanguage":"pt-BR"}]}},"jetpack_featured_media_url":"","_links":{"self":[{"href":"https:\/\/www.blogsoestado.com\/danielmatos\/wp-json\/wp\/v2\/posts\/60061","targetHints":{"allow":["GET"]}}],"collection":[{"href":"https:\/\/www.blogsoestado.com\/danielmatos\/wp-json\/wp\/v2\/posts"}],"about":[{"href":"https:\/\/www.blogsoestado.com\/danielmatos\/wp-json\/wp\/v2\/types\/post"}],"replies":[{"embeddable":true,"href":"https:\/\/www.blogsoestado.com\/danielmatos\/wp-json\/wp\/v2\/comments?post=60061"}],"version-history":[{"count":0,"href":"https:\/\/www.blogsoestado.com\/danielmatos\/wp-json\/wp\/v2\/posts\/60061\/revisions"}],"wp:attachment":[{"href":"https:\/\/www.blogsoestado.com\/danielmatos\/wp-json\/wp\/v2\/media?parent=60061"}],"wp:term":[{"taxonomy":"category","embeddable":true,"href":"https:\/\/www.blogsoestado.com\/danielmatos\/wp-json\/wp\/v2\/categories?post=60061"},{"taxonomy":"post_tag","embeddable":true,"href":"https:\/\/www.blogsoestado.com\/danielmatos\/wp-json\/wp\/v2\/tags?post=60061"}],"curies":[{"name":"wp","href":"https:\/\/api.w.org\/{rel}","templated":true}]}}