{"id":60069,"date":"2019-02-05T09:42:03","date_gmt":"2019-02-05T12:42:03","guid":{"rendered":"https:\/\/www.blogsoestado.com\/danielmatos\/?p=60069"},"modified":"2019-02-05T09:42:03","modified_gmt":"2019-02-05T12:42:03","slug":"deputado-wellington-vai-de-bicicleta-para-a-primeira-sessao-na-assembleia-legislativa-do-maranhao","status":"publish","type":"post","link":"https:\/\/www.blogsoestado.com\/danielmatos\/deputado-wellington-vai-de-bicicleta-para-a-primeira-sessao-na-assembleia-legislativa-do-maranhao\/","title":{"rendered":"Deputado Wellington vai de bicicleta para a primeira sess\u00e3o na Assembleia Legislativa do Maranh\u00e3o"},"content":{"rendered":"\n<figure class=\"wp-block-image is-resized\"><img decoding=\"async\" src=\"https:\/\/www.blogsoestado.com\/danielmatos\/files\/2019\/02\/IMG-20190205-WA0030-819x1024.jpg\" alt=\"\" class=\"wp-image-60070\" width=\"640\"\/><figcaption>Wellington na entrada do Pal\u00e1cio Manuel Beckman, sede da Assembleia Legislativa<\/figcaption><\/figure>\n\n\n\n<p>O deputado estadual Wellington do Curso, que \u00e9 cicloativista, chegou, na manh\u00e3 desta ter\u00e7a-feira (5), \u00e0 Assembleia Legislativa de bicicleta, um meio de locomo\u00e7\u00e3o comumente utilizado pelo parlamentar.<\/p>\n\n\n\n<p>Ao ser questionado sobre o por que de preferir bicicleta a carro, o deputado Wellington destacou seus projetos de vida sustent\u00e1vel.<\/p>\n\n\n\n<figure class=\"wp-block-image is-resized\"><img decoding=\"async\" src=\"https:\/\/www.blogsoestado.com\/danielmatos\/files\/2019\/02\/IMG-20190205-WA0031-770x1024.jpg\" alt=\"\" class=\"wp-image-60071\" width=\"640\"\/><figcaption>Cicloatvista, Wellington defende a bicicleta como meio de transporte saud\u00e1vel e sustent\u00e1vel<\/figcaption><\/figure>\n\n\n\n<p>\u201cA bicicleta deixou de ser apenas lazer e esporte para voltar a ser meio de transporte e, dessa forma, se mostra uma excelente alternativa de locomo\u00e7\u00e3o. Menos tempo sendo gasto em engarrafamento, emiss\u00e3o zero de g\u00e1s carb\u00f4nico, al\u00e9m de mais sa\u00fade e qualidade de vida. Sempre que posso utilizo a bicicleta. Como parlamentar, luto para que tanto em S\u00e3o Lu\u00eds quanto em outros munic\u00edpios haja mais ciclovias e, assim, os ciclistas sejam respeitados. A voc\u00eas, deixo o convite: experimentem se locomover de bicicleta. \u00c9 libertador!\u201d, disse Wellington.<\/p>\n\n\n\n<p>Al\u00e9m da mobilidade urbana, o deputado Wellington tamb\u00e9m \u00e9 defensor de uma educa\u00e7\u00e3o p\u00fablica de qualidade, dos servidores p\u00fablicos, da sa\u00fade, da seguran\u00e7a p\u00fablica, dos animais, dos direitos das pessoas com defici\u00eancia, dos idosos, entre outros.<\/p>\n","protected":false},"excerpt":{"rendered":"<p>O deputado estadual Wellington do Curso, que \u00e9 cicloativista, chegou, na manh\u00e3 desta ter\u00e7a-feira (5), \u00e0 Assembleia Legislativa de bicicleta, [&hellip;]<\/p>\n","protected":false},"author":0,"featured_media":0,"comment_status":"open","ping_status":"open","sticky":false,"template":"","format":"standard","meta":{"site-sidebar-layout":"default","site-content-layout":"","ast-site-content-layout":"default","site-content-style":"default","site-sidebar-style":"default","ast-global-header-display":"","ast-banner-title-visibility":"","ast-main-header-display":"","ast-hfb-above-header-display":"","ast-hfb-below-header-display":"","ast-hfb-mobile-header-display":"","site-post-title":"","ast-breadcrumbs-content":"","ast-featured-img":"","footer-sml-layout":"","ast-disable-related-posts":"","theme-transparent-header-meta":"","adv-header-id-meta":"","stick-header-meta":"","header-above-stick-meta":"","header-main-stick-meta":"","header-below-stick-meta":"","astra-migrate-meta-layouts":"default","ast-page-background-enabled":"default","ast-page-background-meta":{"desktop":{"background-color":"var(--ast-global-color-5)","background-image":"","background-repeat":"repeat","background-position":"center center","background-size":"auto","background-attachment":"scroll","background-type":"","background-media":"","overlay-type":"","overlay-color":"","overlay-opacity":"","overlay-gradient":""},"tablet":{"background-color":"","background-image":"","background-repeat":"repeat","background-position":"center center","background-size":"auto","background-attachment":"scroll","background-type":"","background-media":"","overlay-type":"","overlay-color":"","overlay-opacity":"","overlay-gradient":""},"mobile":{"background-color":"","background-image":"","background-repeat":"repeat","background-position":"center center","background-size":"auto","background-attachment":"scroll","background-type":"","background-media":"","overlay-type":"","overlay-color":"","overlay-opacity":"","overlay-gradient":""}},"ast-content-background-meta":{"desktop":{"background-color":"var(--ast-global-color-4)","background-image":"","background-repeat":"repeat","background-position":"center center","background-size":"auto","background-attachment":"scroll","background-type":"","background-media":"","overlay-type":"","overlay-color":"","overlay-opacity":"","overlay-gradient":""},"tablet":{"background-color":"var(--ast-global-color-4)","background-image":"","background-repeat":"repeat","background-position":"center center","background-size":"auto","background-attachment":"scroll","background-type":"","background-media":"","overlay-type":"","overlay-color":"","overlay-opacity":"","overlay-gradient":""},"mobile":{"background-color":"var(--ast-global-color-4)","background-image":"","background-repeat":"repeat","background-position":"center center","background-size":"auto","background-attachment":"scroll","background-type":"","background-media":"","overlay-type":"","overlay-color":"","overlay-opacity":"","overlay-gradient":""}},"footnotes":""},"categories":[1],"tags":[],"class_list":["post-60069","post","type-post","status-publish","format-standard","hentry","category-sem-categoria"],"yoast_head":"<!-- This site is optimized with the Yoast SEO plugin v26.6 - https:\/\/yoast.com\/wordpress\/plugins\/seo\/ -->\n<title>Deputado Wellington vai de bicicleta para a primeira sess\u00e3o na Assembleia Legislativa do Maranh\u00e3o - Daniel Matos<\/title>\n<meta name=\"robots\" content=\"index, follow, max-snippet:-1, max-image-preview:large, max-video-preview:-1\" \/>\n<link rel=\"canonical\" href=\"https:\/\/www.blogsoestado.com\/danielmatos\/deputado-wellington-vai-de-bicicleta-para-a-primeira-sessao-na-assembleia-legislativa-do-maranhao\/\" \/>\n<meta property=\"og:locale\" content=\"pt_BR\" \/>\n<meta property=\"og:type\" content=\"article\" \/>\n<meta property=\"og:title\" content=\"Deputado Wellington vai de bicicleta para a primeira sess\u00e3o na Assembleia Legislativa do Maranh\u00e3o - Daniel Matos\" \/>\n<meta property=\"og:description\" content=\"O deputado estadual Wellington do Curso, que \u00e9 cicloativista, chegou, na manh\u00e3 desta ter\u00e7a-feira (5), \u00e0 Assembleia Legislativa de bicicleta, [&hellip;]\" \/>\n<meta property=\"og:url\" content=\"https:\/\/www.blogsoestado.com\/danielmatos\/deputado-wellington-vai-de-bicicleta-para-a-primeira-sessao-na-assembleia-legislativa-do-maranhao\/\" \/>\n<meta property=\"og:site_name\" content=\"Daniel Matos\" \/>\n<meta property=\"article:published_time\" content=\"2019-02-05T12:42:03+00:00\" \/>\n<meta property=\"og:image\" content=\"https:\/\/www.blogsoestado.com\/danielmatos\/files\/2019\/02\/IMG-20190205-WA0030-819x1024.jpg\" \/>\n<meta name=\"twitter:card\" content=\"summary_large_image\" \/>\n<meta name=\"twitter:label1\" content=\"Est. tempo de leitura\" \/>\n\t<meta name=\"twitter:data1\" content=\"1 minuto\" \/>\n<script type=\"application\/ld+json\" class=\"yoast-schema-graph\">{\"@context\":\"https:\/\/schema.org\",\"@graph\":[{\"@type\":\"WebPage\",\"@id\":\"https:\/\/www.blogsoestado.com\/danielmatos\/deputado-wellington-vai-de-bicicleta-para-a-primeira-sessao-na-assembleia-legislativa-do-maranhao\/\",\"url\":\"https:\/\/www.blogsoestado.com\/danielmatos\/deputado-wellington-vai-de-bicicleta-para-a-primeira-sessao-na-assembleia-legislativa-do-maranhao\/\",\"name\":\"Deputado Wellington vai de bicicleta para a primeira sess\u00e3o na Assembleia Legislativa do Maranh\u00e3o - Daniel Matos\",\"isPartOf\":{\"@id\":\"https:\/\/www.blogsoestado.com\/danielmatos\/#website\"},\"primaryImageOfPage\":{\"@id\":\"https:\/\/www.blogsoestado.com\/danielmatos\/deputado-wellington-vai-de-bicicleta-para-a-primeira-sessao-na-assembleia-legislativa-do-maranhao\/#primaryimage\"},\"image\":{\"@id\":\"https:\/\/www.blogsoestado.com\/danielmatos\/deputado-wellington-vai-de-bicicleta-para-a-primeira-sessao-na-assembleia-legislativa-do-maranhao\/#primaryimage\"},\"thumbnailUrl\":\"https:\/\/www.blogsoestado.com\/danielmatos\/files\/2019\/02\/IMG-20190205-WA0030-819x1024.jpg\",\"datePublished\":\"2019-02-05T12:42:03+00:00\",\"author\":{\"@id\":\"\"},\"breadcrumb\":{\"@id\":\"https:\/\/www.blogsoestado.com\/danielmatos\/deputado-wellington-vai-de-bicicleta-para-a-primeira-sessao-na-assembleia-legislativa-do-maranhao\/#breadcrumb\"},\"inLanguage\":\"pt-BR\",\"potentialAction\":[{\"@type\":\"ReadAction\",\"target\":[\"https:\/\/www.blogsoestado.com\/danielmatos\/deputado-wellington-vai-de-bicicleta-para-a-primeira-sessao-na-assembleia-legislativa-do-maranhao\/\"]}]},{\"@type\":\"ImageObject\",\"inLanguage\":\"pt-BR\",\"@id\":\"https:\/\/www.blogsoestado.com\/danielmatos\/deputado-wellington-vai-de-bicicleta-para-a-primeira-sessao-na-assembleia-legislativa-do-maranhao\/#primaryimage\",\"url\":\"https:\/\/www.blogsoestado.com\/danielmatos\/files\/2019\/02\/IMG-20190205-WA0030-819x1024.jpg\",\"contentUrl\":\"https:\/\/www.blogsoestado.com\/danielmatos\/files\/2019\/02\/IMG-20190205-WA0030-819x1024.jpg\"},{\"@type\":\"BreadcrumbList\",\"@id\":\"https:\/\/www.blogsoestado.com\/danielmatos\/deputado-wellington-vai-de-bicicleta-para-a-primeira-sessao-na-assembleia-legislativa-do-maranhao\/#breadcrumb\",\"itemListElement\":[{\"@type\":\"ListItem\",\"position\":1,\"name\":\"In\u00edcio\",\"item\":\"https:\/\/www.blogsoestado.com\/danielmatos\/\"},{\"@type\":\"ListItem\",\"position\":2,\"name\":\"Deputado Wellington vai de bicicleta para a primeira sess\u00e3o na Assembleia Legislativa do Maranh\u00e3o\"}]},{\"@type\":\"WebSite\",\"@id\":\"https:\/\/www.blogsoestado.com\/danielmatos\/#website\",\"url\":\"https:\/\/www.blogsoestado.com\/danielmatos\/\",\"name\":\"Daniel Matos\",\"description\":\"\",\"potentialAction\":[{\"@type\":\"SearchAction\",\"target\":{\"@type\":\"EntryPoint\",\"urlTemplate\":\"https:\/\/www.blogsoestado.com\/danielmatos\/?s={search_term_string}\"},\"query-input\":{\"@type\":\"PropertyValueSpecification\",\"valueRequired\":true,\"valueName\":\"search_term_string\"}}],\"inLanguage\":\"pt-BR\"}]}<\/script>\n<!-- \/ Yoast SEO plugin. -->","yoast_head_json":{"title":"Deputado Wellington vai de bicicleta para a primeira sess\u00e3o na Assembleia Legislativa do Maranh\u00e3o - Daniel Matos","robots":{"index":"index","follow":"follow","max-snippet":"max-snippet:-1","max-image-preview":"max-image-preview:large","max-video-preview":"max-video-preview:-1"},"canonical":"https:\/\/www.blogsoestado.com\/danielmatos\/deputado-wellington-vai-de-bicicleta-para-a-primeira-sessao-na-assembleia-legislativa-do-maranhao\/","og_locale":"pt_BR","og_type":"article","og_title":"Deputado Wellington vai de bicicleta para a primeira sess\u00e3o na Assembleia Legislativa do Maranh\u00e3o - Daniel Matos","og_description":"O deputado estadual Wellington do Curso, que \u00e9 cicloativista, chegou, na manh\u00e3 desta ter\u00e7a-feira (5), \u00e0 Assembleia Legislativa de bicicleta, [&hellip;]","og_url":"https:\/\/www.blogsoestado.com\/danielmatos\/deputado-wellington-vai-de-bicicleta-para-a-primeira-sessao-na-assembleia-legislativa-do-maranhao\/","og_site_name":"Daniel Matos","article_published_time":"2019-02-05T12:42:03+00:00","og_image":[{"url":"https:\/\/www.blogsoestado.com\/danielmatos\/files\/2019\/02\/IMG-20190205-WA0030-819x1024.jpg","type":"","width":"","height":""}],"twitter_card":"summary_large_image","twitter_misc":{"Est. tempo de leitura":"1 minuto"},"schema":{"@context":"https:\/\/schema.org","@graph":[{"@type":"WebPage","@id":"https:\/\/www.blogsoestado.com\/danielmatos\/deputado-wellington-vai-de-bicicleta-para-a-primeira-sessao-na-assembleia-legislativa-do-maranhao\/","url":"https:\/\/www.blogsoestado.com\/danielmatos\/deputado-wellington-vai-de-bicicleta-para-a-primeira-sessao-na-assembleia-legislativa-do-maranhao\/","name":"Deputado Wellington vai de bicicleta para a primeira sess\u00e3o na Assembleia Legislativa do Maranh\u00e3o - Daniel Matos","isPartOf":{"@id":"https:\/\/www.blogsoestado.com\/danielmatos\/#website"},"primaryImageOfPage":{"@id":"https:\/\/www.blogsoestado.com\/danielmatos\/deputado-wellington-vai-de-bicicleta-para-a-primeira-sessao-na-assembleia-legislativa-do-maranhao\/#primaryimage"},"image":{"@id":"https:\/\/www.blogsoestado.com\/danielmatos\/deputado-wellington-vai-de-bicicleta-para-a-primeira-sessao-na-assembleia-legislativa-do-maranhao\/#primaryimage"},"thumbnailUrl":"https:\/\/www.blogsoestado.com\/danielmatos\/files\/2019\/02\/IMG-20190205-WA0030-819x1024.jpg","datePublished":"2019-02-05T12:42:03+00:00","author":{"@id":""},"breadcrumb":{"@id":"https:\/\/www.blogsoestado.com\/danielmatos\/deputado-wellington-vai-de-bicicleta-para-a-primeira-sessao-na-assembleia-legislativa-do-maranhao\/#breadcrumb"},"inLanguage":"pt-BR","potentialAction":[{"@type":"ReadAction","target":["https:\/\/www.blogsoestado.com\/danielmatos\/deputado-wellington-vai-de-bicicleta-para-a-primeira-sessao-na-assembleia-legislativa-do-maranhao\/"]}]},{"@type":"ImageObject","inLanguage":"pt-BR","@id":"https:\/\/www.blogsoestado.com\/danielmatos\/deputado-wellington-vai-de-bicicleta-para-a-primeira-sessao-na-assembleia-legislativa-do-maranhao\/#primaryimage","url":"https:\/\/www.blogsoestado.com\/danielmatos\/files\/2019\/02\/IMG-20190205-WA0030-819x1024.jpg","contentUrl":"https:\/\/www.blogsoestado.com\/danielmatos\/files\/2019\/02\/IMG-20190205-WA0030-819x1024.jpg"},{"@type":"BreadcrumbList","@id":"https:\/\/www.blogsoestado.com\/danielmatos\/deputado-wellington-vai-de-bicicleta-para-a-primeira-sessao-na-assembleia-legislativa-do-maranhao\/#breadcrumb","itemListElement":[{"@type":"ListItem","position":1,"name":"In\u00edcio","item":"https:\/\/www.blogsoestado.com\/danielmatos\/"},{"@type":"ListItem","position":2,"name":"Deputado Wellington vai de bicicleta para a primeira sess\u00e3o na Assembleia Legislativa do Maranh\u00e3o"}]},{"@type":"WebSite","@id":"https:\/\/www.blogsoestado.com\/danielmatos\/#website","url":"https:\/\/www.blogsoestado.com\/danielmatos\/","name":"Daniel Matos","description":"","potentialAction":[{"@type":"SearchAction","target":{"@type":"EntryPoint","urlTemplate":"https:\/\/www.blogsoestado.com\/danielmatos\/?s={search_term_string}"},"query-input":{"@type":"PropertyValueSpecification","valueRequired":true,"valueName":"search_term_string"}}],"inLanguage":"pt-BR"}]}},"jetpack_featured_media_url":"","_links":{"self":[{"href":"https:\/\/www.blogsoestado.com\/danielmatos\/wp-json\/wp\/v2\/posts\/60069","targetHints":{"allow":["GET"]}}],"collection":[{"href":"https:\/\/www.blogsoestado.com\/danielmatos\/wp-json\/wp\/v2\/posts"}],"about":[{"href":"https:\/\/www.blogsoestado.com\/danielmatos\/wp-json\/wp\/v2\/types\/post"}],"replies":[{"embeddable":true,"href":"https:\/\/www.blogsoestado.com\/danielmatos\/wp-json\/wp\/v2\/comments?post=60069"}],"version-history":[{"count":0,"href":"https:\/\/www.blogsoestado.com\/danielmatos\/wp-json\/wp\/v2\/posts\/60069\/revisions"}],"wp:attachment":[{"href":"https:\/\/www.blogsoestado.com\/danielmatos\/wp-json\/wp\/v2\/media?parent=60069"}],"wp:term":[{"taxonomy":"category","embeddable":true,"href":"https:\/\/www.blogsoestado.com\/danielmatos\/wp-json\/wp\/v2\/categories?post=60069"},{"taxonomy":"post_tag","embeddable":true,"href":"https:\/\/www.blogsoestado.com\/danielmatos\/wp-json\/wp\/v2\/tags?post=60069"}],"curies":[{"name":"wp","href":"https:\/\/api.w.org\/{rel}","templated":true}]}}