{"id":60075,"date":"2019-02-05T12:21:10","date_gmt":"2019-02-05T15:21:10","guid":{"rendered":"https:\/\/www.blogsoestado.com\/danielmatos\/?p=60075"},"modified":"2019-02-05T12:21:10","modified_gmt":"2019-02-05T15:21:10","slug":"dias-toffoli-derruba-decisao-favoravel-a-flavio-dino-que-impedia-importacao-de-camarao-e-prejudicava-setor-de-alimentacao","status":"publish","type":"post","link":"https:\/\/www.blogsoestado.com\/danielmatos\/dias-toffoli-derruba-decisao-favoravel-a-flavio-dino-que-impedia-importacao-de-camarao-e-prejudicava-setor-de-alimentacao\/","title":{"rendered":"Dias Toffoli derruba decis\u00e3o favor\u00e1vel a Fl\u00e1vio Dino que impedia importa\u00e7\u00e3o de camar\u00e3o e prejudicava setor de alimenta\u00e7\u00e3o"},"content":{"rendered":"\n<div class=\"wp-block-image\"><figure class=\"alignleft\"><img decoding=\"async\" src=\"https:\/\/www.blogsoestado.com\/danielmatos\/files\/2015\/06\/exclusivo.jpg\" alt=\"\" class=\"wp-image-24706\"\/><\/figure><\/div>\n\n\n\n<div class=\"wp-block-image\"><figure class=\"alignright\"><img decoding=\"async\" src=\"https:\/\/www.blogsoestado.com\/danielmatos\/files\/2019\/02\/toffoli-dino.jpg\" alt=\"\" class=\"wp-image-60076\"\/><figcaption>Dias Toffoli revogou decis\u00e3o que favorecia Fl\u00e1vio Dino<\/figcaption><\/figure><\/div>\n\n\n\n<p>O presidente do Supremo Tribunal Federal (STF), ministro Dias Toffoli, indeferiu pedido de Suspens\u00e3o de Liminar (SL 1154) do Estado do Maranh\u00e3o, de iniciativa do governador Fl\u00e1vio (PCdoB), e manteve decis\u00e3o do Tribunal Regional Federal da 1\u00aa Regi\u00e3o (TRF-1) que permitiu a importa\u00e7\u00e3o, do Equador, do camar\u00e3o marinho da esp\u00e9cie Litopenaeus vannamei. Segundo Dias Toffoli, as condi\u00e7\u00f5es a serem cumpridas pelo Equador s\u00e3o suficientes para afastar os riscos ao meio ambiente e \u00e0 sa\u00fade p\u00fablica em rela\u00e7\u00e3o ao produto.<\/p>\n\n\n\n<p>O entendimento do ministro revoga decis\u00e3o proferida em junho de 2018 pela ministra C\u00e1rmen L\u00facia, presidente do Supremo \u00e0 \u00e9poca. Ao deferir o recurso interposto por Fl\u00e1vio Dino contra a decis\u00e3o do TRF-1, a magistrada acolheu argumento no sentido de que a importa\u00e7\u00e3o estaria sendo feita sem An\u00e1lise de Risco de Importa\u00e7\u00e3o (ARI), fato que violaria o princ\u00edpio constitucional da precau\u00e7\u00e3o (artigo 225 da Constitui\u00e7\u00e3o Federal). O ministro Dias Toffoli, por\u00e9m, explica que o TRF-1 determinou que a importa\u00e7\u00e3o seja realizada com base nos requisitos estabelecidos na Instru\u00e7\u00e3o Normativa 14\/2010 e em conformidade com estudos zoossanit\u00e1rios periciados pelo Minist\u00e9rio da Agricultura, Pecu\u00e1ria e Abastecimento (MAPA). Ele afirma que a instru\u00e7\u00e3o normativa \u201cn\u00e3o prev\u00ea a obrigatoriedade da ARI para toda e qualquer importa\u00e7\u00e3o de animais aqu\u00e1ticos, preservando-se o poder decis\u00f3rio do \u00f3rg\u00e3o t\u00e9cnico competente para utilizar outros requisitos sanit\u00e1rios como crit\u00e9rios de avalia\u00e7\u00e3o de risco, a depender do caso concreto\u201d.<\/p>\n\n\n\n<p>De acordo com Dias Toffoli, a controv\u00e9rsia envolve apenas o camar\u00e3o importado do Equador destinado ao consumo, ou seja, o produto j\u00e1 eviscerado, descascado e congelado, sendo que o consenso cient\u00edfico, no caso, restringe-se \u201cquanto \u00e0 necessidade de estudo pormenorizado\u201d em rela\u00e7\u00e3o \u00e0 importa\u00e7\u00e3o de camar\u00f5es vivos. O ministro afirma que, segundo informa\u00e7\u00f5es juntadas ao processo, Brasil e Equador chegaram a um acordo quanto aos requisitos fitossanit\u00e1rios exig\u00edveis para a importa\u00e7\u00e3o de crust\u00e1ceos e camar\u00f5es do Equador por meio de negocia\u00e7\u00f5es bilaterais realizadas na Organiza\u00e7\u00e3o Mundial do Com\u00e9rcio (OMC). Em 2017, os pa\u00edses conclu\u00edram, \u201ccom base na Instru\u00e7\u00e3o Normativa n\u00ba 14\/2010\u201d, que a importa\u00e7\u00e3o de camar\u00f5es do Equador n\u00e3o oferece \u201criscos zoossanit\u00e1rios para a carcinicultura nacional\u201d. Ele ressalta ainda que, tamb\u00e9m de acordo com informa\u00e7\u00f5es juntadas aos autos, o camar\u00e3o equatoriano \u00e9 exportado para pa\u00edses que possuem, em sua maioria, controles sanit\u00e1rios bastante r\u00edgidos, como Estados Unidos, It\u00e1lia, Fran\u00e7a e Espanha.<\/p>\n\n\n\n<p><strong>Preju\u00edzos<\/strong><\/p>\n\n\n\n<p>A decis\u00e3o de Carmen L\u00facia em favor de Fl\u00e1vio Dino causou impacto negativo na economia local, mais precisamente no setor de alimenta\u00e7\u00e3o. Ao acolher o pedido do comunista, a ministra barrou a alternativa buscada por empresas do setor para a queda dr\u00e1stica da produ\u00e7\u00e3o do crust\u00e1ceo no mercado nacional em raz\u00e3o do v\u00edrus conhecido como mancha branca, doen\u00e7a que vem dizimando criadouros da iguaria em todo o pa\u00eds.<\/p>\n\n\n\n<p>Redes de restaurantes especializadas em servir frutos do mar, com unidades instaladas no Maranh\u00e3o, a exemplo de Coco Bambu e Vivenda do Camar\u00e3o, foram gravemente prejudicadas pela iniciativa de Fl\u00e1vio Dino de recorrer ao STF para impedir a importa\u00e7\u00e3o de camar\u00e3o do Equador. As empresas foram obrigadas a replanejar investimentos e a suspender seus projetos de expans\u00e3o, o que representou queda de receita tribut\u00e1ria para o pr\u00f3prio Estado, desemprego e o fim de uma fonte de renda que vinha garantindo a sobreviv\u00eancia de um n\u00famero expressivo de fam\u00edlias maranhenses.<\/p>\n\n\n\n<p><strong>Argumento comunista<\/strong><\/p>\n\n\n\n<div class=\"wp-block-image\"><figure class=\"alignleft\"><img decoding=\"async\" src=\"https:\/\/www.blogsoestado.com\/danielmatos\/files\/2019\/02\/dino-fake-news.jpg\" alt=\"\" class=\"wp-image-60077\"\/><figcaption>Fl\u00e1vio Dino prejudicou setor de alimenta\u00e7\u00e3o ao barrar no STF importa\u00e7\u00e3o de camar\u00e3o<\/figcaption><\/figure><\/div>\n\n\n\n<p>Ao atender o pleito de Fl\u00e1vio Dino, a ministra levou em conta supostos impactos nas \u00e1reas da sa\u00fade, economia e do meio ambiente, alegados pelo governo maranhense. Convencida pelos comunistas, Carmen L\u00facia restabeleceu a decis\u00e3o de primeira inst\u00e2ncia da Justi\u00e7a Federal que condicionou o ingresso do crust\u00e1ceo em territ\u00f3rio nacional \u00e0 realiza\u00e7\u00e3o da ARI, exig\u00eancia que o atual presidente do STF interpretou e que, por essa raz\u00e3o, foi derrubada, conforme a decis\u00e3o.   <\/p>\n\n\n\n<p>Para o presidente do STF, \u201ca burocracia advinda da obrigatoriedade da ARI a todos os camar\u00f5es da esp\u00e9cie Litopenaeus vannamei importados do Equador contribui para a diminui\u00e7\u00e3o da oferta do produto no mercado brasileiro, de modo a aumentar o valor do produto comercializado no Brasil, prejudicando, assim, o consumidor final\u201d. Al\u00e9m disso, segundo nota t\u00e9cnica do MAPA, do ponto de vista internacional, a proibi\u00e7\u00e3o poder\u00e1 resultar em medidas de retalia\u00e7\u00e3o n\u00e3o justificada a produtos exportados pelo Brasil ao Equador, n\u00e3o limitadas a produtos agropecu\u00e1rios, trazendo grandes preju\u00edzos ao setor produtivo nacional. <\/p>\n\n\n\n<p>\u201cDiante desse cen\u00e1rio, conclui-se que as alega\u00e7\u00f5es quanto aos riscos inerentes do camar\u00e3o equatoriano \u00e0 flora e fauna brasileiras devem vir acompanhadas de provas robustas o suficiente para afastar a legitimidade dos planos de trabalho, das notas t\u00e9cnicas, das tratativas internacionais bilaterais e do acordo firmado entre o Brasil e o Equador no \u00e2mbito da OMC, principalmente quando o requerente opta pela estreita e excepcional via da suspens\u00e3o de liminar\u201d, finaliza o ministro, ao reconsiderar a decis\u00e3o anterior e indeferir o pedido de suspens\u00e3o de liminar apresentado pelo Estado do Maranh\u00e3o.<\/p>\n\n\n\n<p><strong>Perdas e danos<\/strong><\/p>\n\n\n\n<p>O impasse quanto \u00e0 importa\u00e7\u00e3o de camar\u00e3o, agregado \u00e0 recess\u00e3o, provocou demiss\u00e3o em massa na rede Vivenda do Camar\u00e3o. A empresa dispensou 1,2 mil funcion\u00e1rios e fechou 23 opera\u00e7\u00f5es entre 2016 e 2017. Com a decis\u00e3o do STF em favor de Fl\u00e1vio Dino, a previs\u00e3o tornou-se ainda mais sombria. A inseguran\u00e7a jur\u00eddica no setor tamb\u00e9m afetou o faturamento e os planos de expans\u00e3o da rede de comida nordestina Coco Bambu, que tem o camar\u00e3o como carro-chefe e mant\u00e9m um dos restaurantes mais bem frequentados de S\u00e3o Lu\u00eds, no bairro Calhau. O grupo reduziu a proje\u00e7\u00e3o de novas lojas no Brasil \u2013 de oito em 2016 para apenas quatro ano passado. Com o recente posicionamento do Supremo, o freio nos investimentos continua.<\/p>\n\n\n\n<p>O s\u00f3cio-fundador do Coco Bambu, Afr\u00e2nio Barreira, exp\u00f4s um fato que reduziu a atitude de Fl\u00e1vio Dino contr\u00e1ria \u00e0 importa\u00e7\u00e3o de camar\u00e3o do Equador a mera implic\u00e2ncia, motivada por raz\u00f5es que podem estar bem distantes da preocupa\u00e7\u00e3o com a sa\u00fade p\u00fablica e com a economia do Maranh\u00e3o. \u201cO camar\u00e3o que havia sido liberado \u00e9 descascado e sem cabe\u00e7a, impossibilitando qualquer risco de contamina\u00e7\u00e3o\u201d, explicou o empres\u00e1rio, na \u00e9poca.<\/p>\n\n\n\n<p>As consequ\u00eancias da interfer\u00eancia de Fl\u00e1vio Dino no mercado de alimenta\u00e7\u00e3o foram negativas para a economia do Maranh\u00e3o. Al\u00e9m da inibi\u00e7\u00e3o de investimentos j\u00e1 planejados pelas redes de restaurantes, da extin\u00e7\u00e3o de vagas de trabalho e da inviabilidade de gera\u00e7\u00e3o de novos empregos, o recurso deferido pelo STF em favor do comunista &#8211; e agora derrubado pelo atual presidente da corte &#8211; diminuiu a oferta de camar\u00e3o e tornou os pratos ainda mais caros.<\/p>\n\n\n\n<p><strong><a href=\"http:\/\/www.stf.jus.br\/arquivo\/cms\/noticiaNoticiaStf\/anexo\/SL1154.pdf\">Leia a \u00edntegra da decis\u00e3o.<\/a><\/strong><\/p>\n","protected":false},"excerpt":{"rendered":"<p>O presidente do Supremo Tribunal Federal (STF), ministro Dias Toffoli, indeferiu pedido de Suspens\u00e3o de Liminar (SL 1154) do Estado [&hellip;]<\/p>\n","protected":false},"author":0,"featured_media":0,"comment_status":"open","ping_status":"open","sticky":false,"template":"","format":"standard","meta":{"site-sidebar-layout":"default","site-content-layout":"","ast-site-content-layout":"default","site-content-style":"default","site-sidebar-style":"default","ast-global-header-display":"","ast-banner-title-visibility":"","ast-main-header-display":"","ast-hfb-above-header-display":"","ast-hfb-below-header-display":"","ast-hfb-mobile-header-display":"","site-post-title":"","ast-breadcrumbs-content":"","ast-featured-img":"","footer-sml-layout":"","ast-disable-related-posts":"","theme-transparent-header-meta":"","adv-header-id-meta":"","stick-header-meta":"","header-above-stick-meta":"","header-main-stick-meta":"","header-below-stick-meta":"","astra-migrate-meta-layouts":"default","ast-page-background-enabled":"default","ast-page-background-meta":{"desktop":{"background-color":"var(--ast-global-color-5)","background-image":"","background-repeat":"repeat","background-position":"center center","background-size":"auto","background-attachment":"scroll","background-type":"","background-media":"","overlay-type":"","overlay-color":"","overlay-opacity":"","overlay-gradient":""},"tablet":{"background-color":"","background-image":"","background-repeat":"repeat","background-position":"center center","background-size":"auto","background-attachment":"scroll","background-type":"","background-media":"","overlay-type":"","overlay-color":"","overlay-opacity":"","overlay-gradient":""},"mobile":{"background-color":"","background-image":"","background-repeat":"repeat","background-position":"center center","background-size":"auto","background-attachment":"scroll","background-type":"","background-media":"","overlay-type":"","overlay-color":"","overlay-opacity":"","overlay-gradient":""}},"ast-content-background-meta":{"desktop":{"background-color":"var(--ast-global-color-4)","background-image":"","background-repeat":"repeat","background-position":"center center","background-size":"auto","background-attachment":"scroll","background-type":"","background-media":"","overlay-type":"","overlay-color":"","overlay-opacity":"","overlay-gradient":""},"tablet":{"background-color":"var(--ast-global-color-4)","background-image":"","background-repeat":"repeat","background-position":"center center","background-size":"auto","background-attachment":"scroll","background-type":"","background-media":"","overlay-type":"","overlay-color":"","overlay-opacity":"","overlay-gradient":""},"mobile":{"background-color":"var(--ast-global-color-4)","background-image":"","background-repeat":"repeat","background-position":"center center","background-size":"auto","background-attachment":"scroll","background-type":"","background-media":"","overlay-type":"","overlay-color":"","overlay-opacity":"","overlay-gradient":""}},"footnotes":""},"categories":[1],"tags":[],"class_list":["post-60075","post","type-post","status-publish","format-standard","hentry","category-sem-categoria"],"yoast_head":"<!-- This site is optimized with the Yoast SEO plugin v26.6 - https:\/\/yoast.com\/wordpress\/plugins\/seo\/ -->\n<title>Dias Toffoli derruba decis\u00e3o favor\u00e1vel a Fl\u00e1vio Dino que impedia importa\u00e7\u00e3o de camar\u00e3o e prejudicava setor de alimenta\u00e7\u00e3o - Daniel Matos<\/title>\n<meta name=\"robots\" content=\"index, follow, max-snippet:-1, max-image-preview:large, max-video-preview:-1\" \/>\n<link rel=\"canonical\" href=\"https:\/\/www.blogsoestado.com\/danielmatos\/dias-toffoli-derruba-decisao-favoravel-a-flavio-dino-que-impedia-importacao-de-camarao-e-prejudicava-setor-de-alimentacao\/\" \/>\n<meta property=\"og:locale\" content=\"pt_BR\" \/>\n<meta property=\"og:type\" content=\"article\" \/>\n<meta property=\"og:title\" content=\"Dias Toffoli derruba decis\u00e3o favor\u00e1vel a Fl\u00e1vio Dino que impedia importa\u00e7\u00e3o de camar\u00e3o e prejudicava setor de alimenta\u00e7\u00e3o - Daniel Matos\" \/>\n<meta property=\"og:description\" content=\"O presidente do Supremo Tribunal Federal (STF), ministro Dias Toffoli, indeferiu pedido de Suspens\u00e3o de Liminar (SL 1154) do Estado [&hellip;]\" \/>\n<meta property=\"og:url\" content=\"https:\/\/www.blogsoestado.com\/danielmatos\/dias-toffoli-derruba-decisao-favoravel-a-flavio-dino-que-impedia-importacao-de-camarao-e-prejudicava-setor-de-alimentacao\/\" \/>\n<meta property=\"og:site_name\" content=\"Daniel Matos\" \/>\n<meta property=\"article:published_time\" content=\"2019-02-05T15:21:10+00:00\" \/>\n<meta property=\"og:image\" content=\"https:\/\/www.blogsoestado.com\/danielmatos\/files\/2015\/06\/exclusivo.jpg\" \/>\n<meta name=\"twitter:card\" content=\"summary_large_image\" \/>\n<meta name=\"twitter:label1\" content=\"Est. tempo de leitura\" \/>\n\t<meta name=\"twitter:data1\" content=\"6 minutos\" \/>\n<script type=\"application\/ld+json\" class=\"yoast-schema-graph\">{\"@context\":\"https:\/\/schema.org\",\"@graph\":[{\"@type\":\"WebPage\",\"@id\":\"https:\/\/www.blogsoestado.com\/danielmatos\/dias-toffoli-derruba-decisao-favoravel-a-flavio-dino-que-impedia-importacao-de-camarao-e-prejudicava-setor-de-alimentacao\/\",\"url\":\"https:\/\/www.blogsoestado.com\/danielmatos\/dias-toffoli-derruba-decisao-favoravel-a-flavio-dino-que-impedia-importacao-de-camarao-e-prejudicava-setor-de-alimentacao\/\",\"name\":\"Dias Toffoli derruba decis\u00e3o favor\u00e1vel a Fl\u00e1vio Dino que impedia importa\u00e7\u00e3o de camar\u00e3o e prejudicava setor de alimenta\u00e7\u00e3o - Daniel Matos\",\"isPartOf\":{\"@id\":\"https:\/\/www.blogsoestado.com\/danielmatos\/#website\"},\"primaryImageOfPage\":{\"@id\":\"https:\/\/www.blogsoestado.com\/danielmatos\/dias-toffoli-derruba-decisao-favoravel-a-flavio-dino-que-impedia-importacao-de-camarao-e-prejudicava-setor-de-alimentacao\/#primaryimage\"},\"image\":{\"@id\":\"https:\/\/www.blogsoestado.com\/danielmatos\/dias-toffoli-derruba-decisao-favoravel-a-flavio-dino-que-impedia-importacao-de-camarao-e-prejudicava-setor-de-alimentacao\/#primaryimage\"},\"thumbnailUrl\":\"https:\/\/www.blogsoestado.com\/danielmatos\/files\/2015\/06\/exclusivo.jpg\",\"datePublished\":\"2019-02-05T15:21:10+00:00\",\"author\":{\"@id\":\"\"},\"breadcrumb\":{\"@id\":\"https:\/\/www.blogsoestado.com\/danielmatos\/dias-toffoli-derruba-decisao-favoravel-a-flavio-dino-que-impedia-importacao-de-camarao-e-prejudicava-setor-de-alimentacao\/#breadcrumb\"},\"inLanguage\":\"pt-BR\",\"potentialAction\":[{\"@type\":\"ReadAction\",\"target\":[\"https:\/\/www.blogsoestado.com\/danielmatos\/dias-toffoli-derruba-decisao-favoravel-a-flavio-dino-que-impedia-importacao-de-camarao-e-prejudicava-setor-de-alimentacao\/\"]}]},{\"@type\":\"ImageObject\",\"inLanguage\":\"pt-BR\",\"@id\":\"https:\/\/www.blogsoestado.com\/danielmatos\/dias-toffoli-derruba-decisao-favoravel-a-flavio-dino-que-impedia-importacao-de-camarao-e-prejudicava-setor-de-alimentacao\/#primaryimage\",\"url\":\"https:\/\/www.blogsoestado.com\/danielmatos\/files\/2015\/06\/exclusivo.jpg\",\"contentUrl\":\"https:\/\/www.blogsoestado.com\/danielmatos\/files\/2015\/06\/exclusivo.jpg\"},{\"@type\":\"BreadcrumbList\",\"@id\":\"https:\/\/www.blogsoestado.com\/danielmatos\/dias-toffoli-derruba-decisao-favoravel-a-flavio-dino-que-impedia-importacao-de-camarao-e-prejudicava-setor-de-alimentacao\/#breadcrumb\",\"itemListElement\":[{\"@type\":\"ListItem\",\"position\":1,\"name\":\"In\u00edcio\",\"item\":\"https:\/\/www.blogsoestado.com\/danielmatos\/\"},{\"@type\":\"ListItem\",\"position\":2,\"name\":\"Dias Toffoli derruba decis\u00e3o favor\u00e1vel a Fl\u00e1vio Dino que impedia importa\u00e7\u00e3o de camar\u00e3o e prejudicava setor de alimenta\u00e7\u00e3o\"}]},{\"@type\":\"WebSite\",\"@id\":\"https:\/\/www.blogsoestado.com\/danielmatos\/#website\",\"url\":\"https:\/\/www.blogsoestado.com\/danielmatos\/\",\"name\":\"Daniel Matos\",\"description\":\"\",\"potentialAction\":[{\"@type\":\"SearchAction\",\"target\":{\"@type\":\"EntryPoint\",\"urlTemplate\":\"https:\/\/www.blogsoestado.com\/danielmatos\/?s={search_term_string}\"},\"query-input\":{\"@type\":\"PropertyValueSpecification\",\"valueRequired\":true,\"valueName\":\"search_term_string\"}}],\"inLanguage\":\"pt-BR\"}]}<\/script>\n<!-- \/ Yoast SEO plugin. -->","yoast_head_json":{"title":"Dias Toffoli derruba decis\u00e3o favor\u00e1vel a Fl\u00e1vio Dino que impedia importa\u00e7\u00e3o de camar\u00e3o e prejudicava setor de alimenta\u00e7\u00e3o - Daniel Matos","robots":{"index":"index","follow":"follow","max-snippet":"max-snippet:-1","max-image-preview":"max-image-preview:large","max-video-preview":"max-video-preview:-1"},"canonical":"https:\/\/www.blogsoestado.com\/danielmatos\/dias-toffoli-derruba-decisao-favoravel-a-flavio-dino-que-impedia-importacao-de-camarao-e-prejudicava-setor-de-alimentacao\/","og_locale":"pt_BR","og_type":"article","og_title":"Dias Toffoli derruba decis\u00e3o favor\u00e1vel a Fl\u00e1vio Dino que impedia importa\u00e7\u00e3o de camar\u00e3o e prejudicava setor de alimenta\u00e7\u00e3o - Daniel Matos","og_description":"O presidente do Supremo Tribunal Federal (STF), ministro Dias Toffoli, indeferiu pedido de Suspens\u00e3o de Liminar (SL 1154) do Estado [&hellip;]","og_url":"https:\/\/www.blogsoestado.com\/danielmatos\/dias-toffoli-derruba-decisao-favoravel-a-flavio-dino-que-impedia-importacao-de-camarao-e-prejudicava-setor-de-alimentacao\/","og_site_name":"Daniel Matos","article_published_time":"2019-02-05T15:21:10+00:00","og_image":[{"url":"https:\/\/www.blogsoestado.com\/danielmatos\/files\/2015\/06\/exclusivo.jpg","type":"","width":"","height":""}],"twitter_card":"summary_large_image","twitter_misc":{"Est. tempo de leitura":"6 minutos"},"schema":{"@context":"https:\/\/schema.org","@graph":[{"@type":"WebPage","@id":"https:\/\/www.blogsoestado.com\/danielmatos\/dias-toffoli-derruba-decisao-favoravel-a-flavio-dino-que-impedia-importacao-de-camarao-e-prejudicava-setor-de-alimentacao\/","url":"https:\/\/www.blogsoestado.com\/danielmatos\/dias-toffoli-derruba-decisao-favoravel-a-flavio-dino-que-impedia-importacao-de-camarao-e-prejudicava-setor-de-alimentacao\/","name":"Dias Toffoli derruba decis\u00e3o favor\u00e1vel a Fl\u00e1vio Dino que impedia importa\u00e7\u00e3o de camar\u00e3o e prejudicava setor de alimenta\u00e7\u00e3o - Daniel Matos","isPartOf":{"@id":"https:\/\/www.blogsoestado.com\/danielmatos\/#website"},"primaryImageOfPage":{"@id":"https:\/\/www.blogsoestado.com\/danielmatos\/dias-toffoli-derruba-decisao-favoravel-a-flavio-dino-que-impedia-importacao-de-camarao-e-prejudicava-setor-de-alimentacao\/#primaryimage"},"image":{"@id":"https:\/\/www.blogsoestado.com\/danielmatos\/dias-toffoli-derruba-decisao-favoravel-a-flavio-dino-que-impedia-importacao-de-camarao-e-prejudicava-setor-de-alimentacao\/#primaryimage"},"thumbnailUrl":"https:\/\/www.blogsoestado.com\/danielmatos\/files\/2015\/06\/exclusivo.jpg","datePublished":"2019-02-05T15:21:10+00:00","author":{"@id":""},"breadcrumb":{"@id":"https:\/\/www.blogsoestado.com\/danielmatos\/dias-toffoli-derruba-decisao-favoravel-a-flavio-dino-que-impedia-importacao-de-camarao-e-prejudicava-setor-de-alimentacao\/#breadcrumb"},"inLanguage":"pt-BR","potentialAction":[{"@type":"ReadAction","target":["https:\/\/www.blogsoestado.com\/danielmatos\/dias-toffoli-derruba-decisao-favoravel-a-flavio-dino-que-impedia-importacao-de-camarao-e-prejudicava-setor-de-alimentacao\/"]}]},{"@type":"ImageObject","inLanguage":"pt-BR","@id":"https:\/\/www.blogsoestado.com\/danielmatos\/dias-toffoli-derruba-decisao-favoravel-a-flavio-dino-que-impedia-importacao-de-camarao-e-prejudicava-setor-de-alimentacao\/#primaryimage","url":"https:\/\/www.blogsoestado.com\/danielmatos\/files\/2015\/06\/exclusivo.jpg","contentUrl":"https:\/\/www.blogsoestado.com\/danielmatos\/files\/2015\/06\/exclusivo.jpg"},{"@type":"BreadcrumbList","@id":"https:\/\/www.blogsoestado.com\/danielmatos\/dias-toffoli-derruba-decisao-favoravel-a-flavio-dino-que-impedia-importacao-de-camarao-e-prejudicava-setor-de-alimentacao\/#breadcrumb","itemListElement":[{"@type":"ListItem","position":1,"name":"In\u00edcio","item":"https:\/\/www.blogsoestado.com\/danielmatos\/"},{"@type":"ListItem","position":2,"name":"Dias Toffoli derruba decis\u00e3o favor\u00e1vel a Fl\u00e1vio Dino que impedia importa\u00e7\u00e3o de camar\u00e3o e prejudicava setor de alimenta\u00e7\u00e3o"}]},{"@type":"WebSite","@id":"https:\/\/www.blogsoestado.com\/danielmatos\/#website","url":"https:\/\/www.blogsoestado.com\/danielmatos\/","name":"Daniel Matos","description":"","potentialAction":[{"@type":"SearchAction","target":{"@type":"EntryPoint","urlTemplate":"https:\/\/www.blogsoestado.com\/danielmatos\/?s={search_term_string}"},"query-input":{"@type":"PropertyValueSpecification","valueRequired":true,"valueName":"search_term_string"}}],"inLanguage":"pt-BR"}]}},"jetpack_featured_media_url":"","_links":{"self":[{"href":"https:\/\/www.blogsoestado.com\/danielmatos\/wp-json\/wp\/v2\/posts\/60075","targetHints":{"allow":["GET"]}}],"collection":[{"href":"https:\/\/www.blogsoestado.com\/danielmatos\/wp-json\/wp\/v2\/posts"}],"about":[{"href":"https:\/\/www.blogsoestado.com\/danielmatos\/wp-json\/wp\/v2\/types\/post"}],"replies":[{"embeddable":true,"href":"https:\/\/www.blogsoestado.com\/danielmatos\/wp-json\/wp\/v2\/comments?post=60075"}],"version-history":[{"count":0,"href":"https:\/\/www.blogsoestado.com\/danielmatos\/wp-json\/wp\/v2\/posts\/60075\/revisions"}],"wp:attachment":[{"href":"https:\/\/www.blogsoestado.com\/danielmatos\/wp-json\/wp\/v2\/media?parent=60075"}],"wp:term":[{"taxonomy":"category","embeddable":true,"href":"https:\/\/www.blogsoestado.com\/danielmatos\/wp-json\/wp\/v2\/categories?post=60075"},{"taxonomy":"post_tag","embeddable":true,"href":"https:\/\/www.blogsoestado.com\/danielmatos\/wp-json\/wp\/v2\/tags?post=60075"}],"curies":[{"name":"wp","href":"https:\/\/api.w.org\/{rel}","templated":true}]}}