{"id":60088,"date":"2019-02-05T18:18:17","date_gmt":"2019-02-05T21:18:17","guid":{"rendered":"https:\/\/www.blogsoestado.com\/danielmatos\/?p=60088"},"modified":"2019-02-05T18:18:17","modified_gmt":"2019-02-05T21:18:17","slug":"governo-trai-o-povo-do-maranhao-diz-marcial-lima","status":"publish","type":"post","link":"https:\/\/www.blogsoestado.com\/danielmatos\/governo-trai-o-povo-do-maranhao-diz-marcial-lima\/","title":{"rendered":"\u201cGoverno trai o povo do Maranh\u00e3o\u201d, diz Marcial Lima"},"content":{"rendered":"\n<div class=\"wp-block-image\"><figure class=\"aligncenter\"><img decoding=\"async\" src=\"https:\/\/www.blogsoestado.com\/danielmatos\/files\/2019\/02\/marcial-camara2-1024x680.jpg\" alt=\"\" class=\"wp-image-60089\"\/><figcaption> <br>vereador denunciou o fechamento da Maternidade Maria do Amparo, localizada no bairro Anil <\/figcaption><\/figure><\/div>\n\n\n\n<p>O vereador Marcial Lima (PRTB) usou, nesta ter\u00e7a-feira, 5, a tribuna da C\u00e2mara Municipal pela primeira vez em 2019. No pronunciamento, o parlamentar elogiou os avan\u00e7os do Legislativo Ludovicense e cobrou a\u00e7\u00f5es dos executivos Municipal e Estadual.<\/p>\n\n\n\n<p>A C\u00e2mara Municipal come\u00e7ou o ano dando um salto importante para o desenvolvimento, segundo Marcial. \u201cO novo presidente est\u00e1 proporcionando um novo ritmo aos trabalhos, valorizando a comunica\u00e7\u00e3o da Casa. O trabalho come\u00e7ou na gest\u00e3o de Astro de Ogum com as transmiss\u00f5es pelo r\u00e1dio. Agora mais um passo importante est\u00e1 sendo dado com as transmiss\u00f5es pelas redes sociais\u201d, destacou.<\/p>\n\n\n\n<p>Durante o discurso, o vereador denunciou o fechamento da Maternidade Maria do Amparo, localizada no bairro Anil. De acordo com ele, o Governo do Estado informou que a maternidade seria fechada para que algumas avalia\u00e7\u00f5es fossem realizadas, mas isso n\u00e3o aconteceu.<\/p>\n\n\n\n<p>\u201cO Governo trai o povo do Maranh\u00e3o, porque a Maria do Amparo foi fechada, lesando a popula\u00e7\u00e3o de S\u00e3o Lu\u00eds. O mesmo aconteceu com uma UPA em Chapadinha e com a Unidade dos Diab\u00e9ticos no Bairro de F\u00e1tima. Chega de dizer uma coisa para imprensa e tomar uma decis\u00e3o completamente diferente do que foi dito. Uma reuni\u00e3o est\u00e1 agendada para essa semana para debatermos o assunto juntos aos \u00f3rg\u00e3os e autoridades municipais e estaduais\u201d, relatou.<\/p>\n\n\n\n<p>No fim do pronunciamento, Marcial Lima sugeriu que o carro presidencial da C\u00e2mara Municipal fosse doado para uma institui\u00e7\u00e3o de caridade.<\/p>\n\n\n\n<p>\u201cO ve\u00edculo j\u00e1 est\u00e1 parado h\u00e1 mais ou menos 10 anos no p\u00e1tio da C\u00e2mara. \u00c9 necess\u00e1rio d\u00e1 uma utilidade para ele. Ent\u00e3o nada mais justo de que fazer essa doa\u00e7\u00e3o para uma entidade\u201d, sugeriu o parlamentar.18:13 05\/02\/2019<\/p>\n","protected":false},"excerpt":{"rendered":"<p>O vereador Marcial Lima (PRTB) usou, nesta ter\u00e7a-feira, 5, a tribuna da C\u00e2mara Municipal pela primeira vez em 2019. No [&hellip;]<\/p>\n","protected":false},"author":0,"featured_media":0,"comment_status":"open","ping_status":"open","sticky":false,"template":"","format":"standard","meta":{"site-sidebar-layout":"default","site-content-layout":"","ast-site-content-layout":"default","site-content-style":"default","site-sidebar-style":"default","ast-global-header-display":"","ast-banner-title-visibility":"","ast-main-header-display":"","ast-hfb-above-header-display":"","ast-hfb-below-header-display":"","ast-hfb-mobile-header-display":"","site-post-title":"","ast-breadcrumbs-content":"","ast-featured-img":"","footer-sml-layout":"","ast-disable-related-posts":"","theme-transparent-header-meta":"","adv-header-id-meta":"","stick-header-meta":"","header-above-stick-meta":"","header-main-stick-meta":"","header-below-stick-meta":"","astra-migrate-meta-layouts":"default","ast-page-background-enabled":"default","ast-page-background-meta":{"desktop":{"background-color":"var(--ast-global-color-5)","background-image":"","background-repeat":"repeat","background-position":"center center","background-size":"auto","background-attachment":"scroll","background-type":"","background-media":"","overlay-type":"","overlay-color":"","overlay-opacity":"","overlay-gradient":""},"tablet":{"background-color":"","background-image":"","background-repeat":"repeat","background-position":"center center","background-size":"auto","background-attachment":"scroll","background-type":"","background-media":"","overlay-type":"","overlay-color":"","overlay-opacity":"","overlay-gradient":""},"mobile":{"background-color":"","background-image":"","background-repeat":"repeat","background-position":"center center","background-size":"auto","background-attachment":"scroll","background-type":"","background-media":"","overlay-type":"","overlay-color":"","overlay-opacity":"","overlay-gradient":""}},"ast-content-background-meta":{"desktop":{"background-color":"var(--ast-global-color-4)","background-image":"","background-repeat":"repeat","background-position":"center center","background-size":"auto","background-attachment":"scroll","background-type":"","background-media":"","overlay-type":"","overlay-color":"","overlay-opacity":"","overlay-gradient":""},"tablet":{"background-color":"var(--ast-global-color-4)","background-image":"","background-repeat":"repeat","background-position":"center center","background-size":"auto","background-attachment":"scroll","background-type":"","background-media":"","overlay-type":"","overlay-color":"","overlay-opacity":"","overlay-gradient":""},"mobile":{"background-color":"var(--ast-global-color-4)","background-image":"","background-repeat":"repeat","background-position":"center center","background-size":"auto","background-attachment":"scroll","background-type":"","background-media":"","overlay-type":"","overlay-color":"","overlay-opacity":"","overlay-gradient":""}},"footnotes":""},"categories":[1],"tags":[],"class_list":["post-60088","post","type-post","status-publish","format-standard","hentry","category-sem-categoria"],"yoast_head":"<!-- This site is optimized with the Yoast SEO plugin v26.6 - https:\/\/yoast.com\/wordpress\/plugins\/seo\/ -->\n<title>\u201cGoverno trai o povo do Maranh\u00e3o\u201d, diz Marcial Lima - Daniel Matos<\/title>\n<meta name=\"robots\" content=\"index, follow, max-snippet:-1, max-image-preview:large, max-video-preview:-1\" \/>\n<link rel=\"canonical\" href=\"https:\/\/www.blogsoestado.com\/danielmatos\/governo-trai-o-povo-do-maranhao-diz-marcial-lima\/\" \/>\n<meta property=\"og:locale\" content=\"pt_BR\" \/>\n<meta property=\"og:type\" content=\"article\" \/>\n<meta property=\"og:title\" content=\"\u201cGoverno trai o povo do Maranh\u00e3o\u201d, diz Marcial Lima - Daniel Matos\" \/>\n<meta property=\"og:description\" content=\"O vereador Marcial Lima (PRTB) usou, nesta ter\u00e7a-feira, 5, a tribuna da C\u00e2mara Municipal pela primeira vez em 2019. No [&hellip;]\" \/>\n<meta property=\"og:url\" content=\"https:\/\/www.blogsoestado.com\/danielmatos\/governo-trai-o-povo-do-maranhao-diz-marcial-lima\/\" \/>\n<meta property=\"og:site_name\" content=\"Daniel Matos\" \/>\n<meta property=\"article:published_time\" content=\"2019-02-05T21:18:17+00:00\" \/>\n<meta property=\"og:image\" content=\"https:\/\/www.blogsoestado.com\/danielmatos\/files\/2019\/02\/marcial-camara2-1024x680.jpg\" \/>\n<meta name=\"twitter:card\" content=\"summary_large_image\" \/>\n<meta name=\"twitter:label1\" content=\"Est. tempo de leitura\" \/>\n\t<meta name=\"twitter:data1\" content=\"2 minutos\" \/>\n<script type=\"application\/ld+json\" class=\"yoast-schema-graph\">{\"@context\":\"https:\/\/schema.org\",\"@graph\":[{\"@type\":\"WebPage\",\"@id\":\"https:\/\/www.blogsoestado.com\/danielmatos\/governo-trai-o-povo-do-maranhao-diz-marcial-lima\/\",\"url\":\"https:\/\/www.blogsoestado.com\/danielmatos\/governo-trai-o-povo-do-maranhao-diz-marcial-lima\/\",\"name\":\"\u201cGoverno trai o povo do Maranh\u00e3o\u201d, diz Marcial Lima - Daniel Matos\",\"isPartOf\":{\"@id\":\"https:\/\/www.blogsoestado.com\/danielmatos\/#website\"},\"primaryImageOfPage\":{\"@id\":\"https:\/\/www.blogsoestado.com\/danielmatos\/governo-trai-o-povo-do-maranhao-diz-marcial-lima\/#primaryimage\"},\"image\":{\"@id\":\"https:\/\/www.blogsoestado.com\/danielmatos\/governo-trai-o-povo-do-maranhao-diz-marcial-lima\/#primaryimage\"},\"thumbnailUrl\":\"https:\/\/www.blogsoestado.com\/danielmatos\/files\/2019\/02\/marcial-camara2-1024x680.jpg\",\"datePublished\":\"2019-02-05T21:18:17+00:00\",\"author\":{\"@id\":\"\"},\"breadcrumb\":{\"@id\":\"https:\/\/www.blogsoestado.com\/danielmatos\/governo-trai-o-povo-do-maranhao-diz-marcial-lima\/#breadcrumb\"},\"inLanguage\":\"pt-BR\",\"potentialAction\":[{\"@type\":\"ReadAction\",\"target\":[\"https:\/\/www.blogsoestado.com\/danielmatos\/governo-trai-o-povo-do-maranhao-diz-marcial-lima\/\"]}]},{\"@type\":\"ImageObject\",\"inLanguage\":\"pt-BR\",\"@id\":\"https:\/\/www.blogsoestado.com\/danielmatos\/governo-trai-o-povo-do-maranhao-diz-marcial-lima\/#primaryimage\",\"url\":\"https:\/\/www.blogsoestado.com\/danielmatos\/files\/2019\/02\/marcial-camara2-1024x680.jpg\",\"contentUrl\":\"https:\/\/www.blogsoestado.com\/danielmatos\/files\/2019\/02\/marcial-camara2-1024x680.jpg\"},{\"@type\":\"BreadcrumbList\",\"@id\":\"https:\/\/www.blogsoestado.com\/danielmatos\/governo-trai-o-povo-do-maranhao-diz-marcial-lima\/#breadcrumb\",\"itemListElement\":[{\"@type\":\"ListItem\",\"position\":1,\"name\":\"In\u00edcio\",\"item\":\"https:\/\/www.blogsoestado.com\/danielmatos\/\"},{\"@type\":\"ListItem\",\"position\":2,\"name\":\"\u201cGoverno trai o povo do Maranh\u00e3o\u201d, diz Marcial Lima\"}]},{\"@type\":\"WebSite\",\"@id\":\"https:\/\/www.blogsoestado.com\/danielmatos\/#website\",\"url\":\"https:\/\/www.blogsoestado.com\/danielmatos\/\",\"name\":\"Daniel Matos\",\"description\":\"\",\"potentialAction\":[{\"@type\":\"SearchAction\",\"target\":{\"@type\":\"EntryPoint\",\"urlTemplate\":\"https:\/\/www.blogsoestado.com\/danielmatos\/?s={search_term_string}\"},\"query-input\":{\"@type\":\"PropertyValueSpecification\",\"valueRequired\":true,\"valueName\":\"search_term_string\"}}],\"inLanguage\":\"pt-BR\"}]}<\/script>\n<!-- \/ Yoast SEO plugin. -->","yoast_head_json":{"title":"\u201cGoverno trai o povo do Maranh\u00e3o\u201d, diz Marcial Lima - Daniel Matos","robots":{"index":"index","follow":"follow","max-snippet":"max-snippet:-1","max-image-preview":"max-image-preview:large","max-video-preview":"max-video-preview:-1"},"canonical":"https:\/\/www.blogsoestado.com\/danielmatos\/governo-trai-o-povo-do-maranhao-diz-marcial-lima\/","og_locale":"pt_BR","og_type":"article","og_title":"\u201cGoverno trai o povo do Maranh\u00e3o\u201d, diz Marcial Lima - Daniel Matos","og_description":"O vereador Marcial Lima (PRTB) usou, nesta ter\u00e7a-feira, 5, a tribuna da C\u00e2mara Municipal pela primeira vez em 2019. No [&hellip;]","og_url":"https:\/\/www.blogsoestado.com\/danielmatos\/governo-trai-o-povo-do-maranhao-diz-marcial-lima\/","og_site_name":"Daniel Matos","article_published_time":"2019-02-05T21:18:17+00:00","og_image":[{"url":"https:\/\/www.blogsoestado.com\/danielmatos\/files\/2019\/02\/marcial-camara2-1024x680.jpg","type":"","width":"","height":""}],"twitter_card":"summary_large_image","twitter_misc":{"Est. tempo de leitura":"2 minutos"},"schema":{"@context":"https:\/\/schema.org","@graph":[{"@type":"WebPage","@id":"https:\/\/www.blogsoestado.com\/danielmatos\/governo-trai-o-povo-do-maranhao-diz-marcial-lima\/","url":"https:\/\/www.blogsoestado.com\/danielmatos\/governo-trai-o-povo-do-maranhao-diz-marcial-lima\/","name":"\u201cGoverno trai o povo do Maranh\u00e3o\u201d, diz Marcial Lima - Daniel Matos","isPartOf":{"@id":"https:\/\/www.blogsoestado.com\/danielmatos\/#website"},"primaryImageOfPage":{"@id":"https:\/\/www.blogsoestado.com\/danielmatos\/governo-trai-o-povo-do-maranhao-diz-marcial-lima\/#primaryimage"},"image":{"@id":"https:\/\/www.blogsoestado.com\/danielmatos\/governo-trai-o-povo-do-maranhao-diz-marcial-lima\/#primaryimage"},"thumbnailUrl":"https:\/\/www.blogsoestado.com\/danielmatos\/files\/2019\/02\/marcial-camara2-1024x680.jpg","datePublished":"2019-02-05T21:18:17+00:00","author":{"@id":""},"breadcrumb":{"@id":"https:\/\/www.blogsoestado.com\/danielmatos\/governo-trai-o-povo-do-maranhao-diz-marcial-lima\/#breadcrumb"},"inLanguage":"pt-BR","potentialAction":[{"@type":"ReadAction","target":["https:\/\/www.blogsoestado.com\/danielmatos\/governo-trai-o-povo-do-maranhao-diz-marcial-lima\/"]}]},{"@type":"ImageObject","inLanguage":"pt-BR","@id":"https:\/\/www.blogsoestado.com\/danielmatos\/governo-trai-o-povo-do-maranhao-diz-marcial-lima\/#primaryimage","url":"https:\/\/www.blogsoestado.com\/danielmatos\/files\/2019\/02\/marcial-camara2-1024x680.jpg","contentUrl":"https:\/\/www.blogsoestado.com\/danielmatos\/files\/2019\/02\/marcial-camara2-1024x680.jpg"},{"@type":"BreadcrumbList","@id":"https:\/\/www.blogsoestado.com\/danielmatos\/governo-trai-o-povo-do-maranhao-diz-marcial-lima\/#breadcrumb","itemListElement":[{"@type":"ListItem","position":1,"name":"In\u00edcio","item":"https:\/\/www.blogsoestado.com\/danielmatos\/"},{"@type":"ListItem","position":2,"name":"\u201cGoverno trai o povo do Maranh\u00e3o\u201d, diz Marcial Lima"}]},{"@type":"WebSite","@id":"https:\/\/www.blogsoestado.com\/danielmatos\/#website","url":"https:\/\/www.blogsoestado.com\/danielmatos\/","name":"Daniel Matos","description":"","potentialAction":[{"@type":"SearchAction","target":{"@type":"EntryPoint","urlTemplate":"https:\/\/www.blogsoestado.com\/danielmatos\/?s={search_term_string}"},"query-input":{"@type":"PropertyValueSpecification","valueRequired":true,"valueName":"search_term_string"}}],"inLanguage":"pt-BR"}]}},"jetpack_featured_media_url":"","_links":{"self":[{"href":"https:\/\/www.blogsoestado.com\/danielmatos\/wp-json\/wp\/v2\/posts\/60088","targetHints":{"allow":["GET"]}}],"collection":[{"href":"https:\/\/www.blogsoestado.com\/danielmatos\/wp-json\/wp\/v2\/posts"}],"about":[{"href":"https:\/\/www.blogsoestado.com\/danielmatos\/wp-json\/wp\/v2\/types\/post"}],"replies":[{"embeddable":true,"href":"https:\/\/www.blogsoestado.com\/danielmatos\/wp-json\/wp\/v2\/comments?post=60088"}],"version-history":[{"count":0,"href":"https:\/\/www.blogsoestado.com\/danielmatos\/wp-json\/wp\/v2\/posts\/60088\/revisions"}],"wp:attachment":[{"href":"https:\/\/www.blogsoestado.com\/danielmatos\/wp-json\/wp\/v2\/media?parent=60088"}],"wp:term":[{"taxonomy":"category","embeddable":true,"href":"https:\/\/www.blogsoestado.com\/danielmatos\/wp-json\/wp\/v2\/categories?post=60088"},{"taxonomy":"post_tag","embeddable":true,"href":"https:\/\/www.blogsoestado.com\/danielmatos\/wp-json\/wp\/v2\/tags?post=60088"}],"curies":[{"name":"wp","href":"https:\/\/api.w.org\/{rel}","templated":true}]}}