{"id":60091,"date":"2019-02-05T20:00:09","date_gmt":"2019-02-05T23:00:09","guid":{"rendered":"https:\/\/www.blogsoestado.com\/danielmatos\/?p=60091"},"modified":"2019-02-05T20:00:09","modified_gmt":"2019-02-05T23:00:09","slug":"camara-de-sao-luis-votara-projetos-importantes-no-inicio-de-2019","status":"publish","type":"post","link":"https:\/\/www.blogsoestado.com\/danielmatos\/camara-de-sao-luis-votara-projetos-importantes-no-inicio-de-2019\/","title":{"rendered":"C\u00e2mara de S\u00e3o Lu\u00eds votar\u00e1 projetos importantes no in\u00edcio de 2019"},"content":{"rendered":"\n<div class=\"wp-block-image\"><figure class=\"alignright is-resized\"><img fetchpriority=\"high\" decoding=\"async\" src=\"https:\/\/www.blogsoestado.com\/danielmatos\/files\/2019\/02\/plen\u00e1rio-camara-1024x474.jpg\" alt=\"\" class=\"wp-image-60092\" width=\"512\" height=\"237\"\/><figcaption>Plen\u00e1rio da C\u00e2mara Municipal de S\u00e3o Lu\u00eds votar\u00e1 proposta relevantes para a cidade<\/figcaption><\/figure><\/div>\n\n\n\n<p>O per\u00edodo legislativo teve in\u00edcio da \u00faltima ter\u00e7a-feira, 5, na C\u00e2mara Municipal de S\u00e3o Lu\u00eds e os vereadores j\u00e1 se re\u00fanem para votar projetos relevantes para capital do estado. Plano diretor, regulamenta\u00e7\u00e3o de aplicativo para transporte privado como o Uber e Escola sem Partido s\u00e3o alguns dos temas que geram debates pol\u00eamicos entres os parlamentares e na sociedade.<\/p>\n\n\n\n<p>S\u00e3o Lu\u00eds est\u00e1 a um passo de tomar a decis\u00e3o de tornar o futuro dos moradores mais sustent\u00e1vel. A Prefeitura realizou nove audi\u00eancias p\u00fablicas para apresentar e revisar o Plano Diretor Municipal. Para ser regulamentado, o projeto ser\u00e1 enviado para vota\u00e7\u00e3o na C\u00e2mara Municipal.<\/p>\n\n\n\n<p>O Plano diretor \u00e9 ferramenta que rege a pol\u00edtica de desenvolvimento e expans\u00e3o urbana de forma correta nas cidades do Brasil, possibilitando o crescimento ordenado e preserva\u00e7\u00e3o do meio ambiente. A proposta deve ser atualizada a cada 10 anos, segundo o Estatuto das Cidades.<\/p>\n\n\n\n<p>De acordo o l\u00edder da oposi\u00e7\u00e3o da C\u00e2mara, vereador Estev\u00e3o Arag\u00e3o (PSDB), o plano deveria ser apresentado pela Prefeitura em 2006. \u201cPrecisamos votar essa pauta com urg\u00eancia, porque era para ter sido aprovada h\u00e1 tr\u00eas anos. A popula\u00e7\u00e3o precisa dessa atualiza\u00e7\u00e3o para melhorar de vida\u201d, disse Arag\u00e3o.<\/p>\n\n\n\n<p>Outro assunto que deve ser analisado pelo Parlamento Ludovicense \u00e9 a regulamenta\u00e7\u00e3o do uso do transporte remunerado privado individual de passageiros, o conhecido servi\u00e7o de transporte por aplicativo (Uber, 99 T\u00e1xi e Cabify).<\/p>\n\n\n\n<p>Para Genival Alves, esta proposta s\u00f3 pode ser votada se houver adequa\u00e7\u00e3o para presta\u00e7\u00e3o do servi\u00e7o na capital. \u201cAdicionei uma emenda neste projeto de lei que determina o limite de carros para atuar em S\u00e3o Lu\u00eds. Com isso, vamos abrir a livre concorr\u00eancia entre motoristas de aplicativo e taxistas\u201d, falou.<\/p>\n\n\n\n<p>Esportes<\/p>\n\n\n\n<p>O vereador Raimundo Penha (PDT) quer a regulamenta\u00e7\u00e3o da Lei Municipal de Incentivo Fiscal o Esporte. A Lei N\u00ba333\/2013 foi idealizada pelo ent\u00e3o vereador S\u00e9rgio Frota e permite o apoio financeiro de pessoas jur\u00eddicas e f\u00edsicas de S\u00e3o Lu\u00eds ao esporte amador. Raimundo vai propor na C\u00e2mara que a Prefeitura regulamente e aplique a lei.<\/p>\n\n\n\n<p>\u201cA sociedade quer v\u00ea transpar\u00eancia e atitude do legislativo em votar mat\u00e9rias como essas. Essa lei incentiva \u00e0s pessoas a praticarem esporte, al\u00e9m de tirar vidas da situa\u00e7\u00e3o de vulnerabilidade social\u201d, afirmou Penha.<\/p>\n\n\n\n<p>Os projetos Escola Sem Partido e Inf\u00e2ncia Sem Pornografia dividem a opini\u00e3o dos parlamentares.<\/p>\n\n\n\n<p>O vereador S\u00e1 Marques acredita que as propostas tiram a oportunidade dos professores tratarem determinados assuntos nas salas de aulas. \u201cTemos que pensar em melhorar as condi\u00e7\u00f5es de trabalho para esse profissional t\u00e3o importante e n\u00e3o amorda\u00e7\u00e1-lo\u201d, disse.<\/p>\n\n\n\n<p>J\u00e1 o vereador Ricardo Diniz (PRTB) afirma que essas medidas v\u00e3o proteger pessoas, principalmente pr\u00e9-adolescentes e crian\u00e7as. \u201cN\u00e3o podemos permitir que cenas que incitem a erotiza\u00e7\u00e3o de crian\u00e7as sejam exportas de forma irrespons\u00e1vel nos setores da sociedade, assim como n\u00e3o queremos a doutrina\u00e7\u00e3o dos nossos alunos na sala de aula\u201d, afirmou.<\/p>\n\n\n\n<p>A nova mesa diretora da C\u00e2mara Municipal ter\u00e1 a miss\u00e3o de votar assuntos que devem trazer benef\u00edcios a popula\u00e7\u00e3o de S\u00e3o Lu\u00eds. Al\u00e9m dos projetos de leis, os vereadores j\u00e1 come\u00e7aram elabora outras proposi\u00e7\u00f5es que v\u00e3o estreitar a rela\u00e7\u00e3o do Legislativo com os ludovicenses.<\/p>\n","protected":false},"excerpt":{"rendered":"<p>O per\u00edodo legislativo teve in\u00edcio da \u00faltima ter\u00e7a-feira, 5, na C\u00e2mara Municipal de S\u00e3o Lu\u00eds e os vereadores j\u00e1 se [&hellip;]<\/p>\n","protected":false},"author":0,"featured_media":0,"comment_status":"open","ping_status":"open","sticky":false,"template":"","format":"standard","meta":{"site-sidebar-layout":"default","site-content-layout":"","ast-site-content-layout":"default","site-content-style":"default","site-sidebar-style":"default","ast-global-header-display":"","ast-banner-title-visibility":"","ast-main-header-display":"","ast-hfb-above-header-display":"","ast-hfb-below-header-display":"","ast-hfb-mobile-header-display":"","site-post-title":"","ast-breadcrumbs-content":"","ast-featured-img":"","footer-sml-layout":"","ast-disable-related-posts":"","theme-transparent-header-meta":"","adv-header-id-meta":"","stick-header-meta":"","header-above-stick-meta":"","header-main-stick-meta":"","header-below-stick-meta":"","astra-migrate-meta-layouts":"default","ast-page-background-enabled":"default","ast-page-background-meta":{"desktop":{"background-color":"var(--ast-global-color-5)","background-image":"","background-repeat":"repeat","background-position":"center center","background-size":"auto","background-attachment":"scroll","background-type":"","background-media":"","overlay-type":"","overlay-color":"","overlay-opacity":"","overlay-gradient":""},"tablet":{"background-color":"","background-image":"","background-repeat":"repeat","background-position":"center center","background-size":"auto","background-attachment":"scroll","background-type":"","background-media":"","overlay-type":"","overlay-color":"","overlay-opacity":"","overlay-gradient":""},"mobile":{"background-color":"","background-image":"","background-repeat":"repeat","background-position":"center center","background-size":"auto","background-attachment":"scroll","background-type":"","background-media":"","overlay-type":"","overlay-color":"","overlay-opacity":"","overlay-gradient":""}},"ast-content-background-meta":{"desktop":{"background-color":"var(--ast-global-color-4)","background-image":"","background-repeat":"repeat","background-position":"center center","background-size":"auto","background-attachment":"scroll","background-type":"","background-media":"","overlay-type":"","overlay-color":"","overlay-opacity":"","overlay-gradient":""},"tablet":{"background-color":"var(--ast-global-color-4)","background-image":"","background-repeat":"repeat","background-position":"center center","background-size":"auto","background-attachment":"scroll","background-type":"","background-media":"","overlay-type":"","overlay-color":"","overlay-opacity":"","overlay-gradient":""},"mobile":{"background-color":"var(--ast-global-color-4)","background-image":"","background-repeat":"repeat","background-position":"center center","background-size":"auto","background-attachment":"scroll","background-type":"","background-media":"","overlay-type":"","overlay-color":"","overlay-opacity":"","overlay-gradient":""}},"footnotes":""},"categories":[1],"tags":[],"class_list":["post-60091","post","type-post","status-publish","format-standard","hentry","category-sem-categoria"],"yoast_head":"<!-- This site is optimized with the Yoast SEO plugin v26.6 - https:\/\/yoast.com\/wordpress\/plugins\/seo\/ -->\n<title>C\u00e2mara de S\u00e3o Lu\u00eds votar\u00e1 projetos importantes no in\u00edcio de 2019 - Daniel Matos<\/title>\n<meta name=\"robots\" content=\"index, follow, max-snippet:-1, max-image-preview:large, max-video-preview:-1\" \/>\n<link rel=\"canonical\" href=\"https:\/\/www.blogsoestado.com\/danielmatos\/camara-de-sao-luis-votara-projetos-importantes-no-inicio-de-2019\/\" \/>\n<meta property=\"og:locale\" content=\"pt_BR\" \/>\n<meta property=\"og:type\" content=\"article\" \/>\n<meta property=\"og:title\" content=\"C\u00e2mara de S\u00e3o Lu\u00eds votar\u00e1 projetos importantes no in\u00edcio de 2019 - Daniel Matos\" \/>\n<meta property=\"og:description\" content=\"O per\u00edodo legislativo teve in\u00edcio da \u00faltima ter\u00e7a-feira, 5, na C\u00e2mara Municipal de S\u00e3o Lu\u00eds e os vereadores j\u00e1 se [&hellip;]\" \/>\n<meta property=\"og:url\" content=\"https:\/\/www.blogsoestado.com\/danielmatos\/camara-de-sao-luis-votara-projetos-importantes-no-inicio-de-2019\/\" \/>\n<meta property=\"og:site_name\" content=\"Daniel Matos\" \/>\n<meta property=\"article:published_time\" content=\"2019-02-05T23:00:09+00:00\" \/>\n<meta name=\"twitter:card\" content=\"summary_large_image\" \/>\n<meta name=\"twitter:label1\" content=\"Est. tempo de leitura\" \/>\n\t<meta name=\"twitter:data1\" content=\"3 minutos\" \/>\n<script type=\"application\/ld+json\" class=\"yoast-schema-graph\">{\"@context\":\"https:\/\/schema.org\",\"@graph\":[{\"@type\":\"WebPage\",\"@id\":\"https:\/\/www.blogsoestado.com\/danielmatos\/camara-de-sao-luis-votara-projetos-importantes-no-inicio-de-2019\/\",\"url\":\"https:\/\/www.blogsoestado.com\/danielmatos\/camara-de-sao-luis-votara-projetos-importantes-no-inicio-de-2019\/\",\"name\":\"C\u00e2mara de S\u00e3o Lu\u00eds votar\u00e1 projetos importantes no in\u00edcio de 2019 - Daniel Matos\",\"isPartOf\":{\"@id\":\"https:\/\/www.blogsoestado.com\/danielmatos\/#website\"},\"datePublished\":\"2019-02-05T23:00:09+00:00\",\"author\":{\"@id\":\"\"},\"breadcrumb\":{\"@id\":\"https:\/\/www.blogsoestado.com\/danielmatos\/camara-de-sao-luis-votara-projetos-importantes-no-inicio-de-2019\/#breadcrumb\"},\"inLanguage\":\"pt-BR\",\"potentialAction\":[{\"@type\":\"ReadAction\",\"target\":[\"https:\/\/www.blogsoestado.com\/danielmatos\/camara-de-sao-luis-votara-projetos-importantes-no-inicio-de-2019\/\"]}]},{\"@type\":\"BreadcrumbList\",\"@id\":\"https:\/\/www.blogsoestado.com\/danielmatos\/camara-de-sao-luis-votara-projetos-importantes-no-inicio-de-2019\/#breadcrumb\",\"itemListElement\":[{\"@type\":\"ListItem\",\"position\":1,\"name\":\"In\u00edcio\",\"item\":\"https:\/\/www.blogsoestado.com\/danielmatos\/\"},{\"@type\":\"ListItem\",\"position\":2,\"name\":\"C\u00e2mara de S\u00e3o Lu\u00eds votar\u00e1 projetos importantes no in\u00edcio de 2019\"}]},{\"@type\":\"WebSite\",\"@id\":\"https:\/\/www.blogsoestado.com\/danielmatos\/#website\",\"url\":\"https:\/\/www.blogsoestado.com\/danielmatos\/\",\"name\":\"Daniel Matos\",\"description\":\"\",\"potentialAction\":[{\"@type\":\"SearchAction\",\"target\":{\"@type\":\"EntryPoint\",\"urlTemplate\":\"https:\/\/www.blogsoestado.com\/danielmatos\/?s={search_term_string}\"},\"query-input\":{\"@type\":\"PropertyValueSpecification\",\"valueRequired\":true,\"valueName\":\"search_term_string\"}}],\"inLanguage\":\"pt-BR\"}]}<\/script>\n<!-- \/ Yoast SEO plugin. -->","yoast_head_json":{"title":"C\u00e2mara de S\u00e3o Lu\u00eds votar\u00e1 projetos importantes no in\u00edcio de 2019 - Daniel Matos","robots":{"index":"index","follow":"follow","max-snippet":"max-snippet:-1","max-image-preview":"max-image-preview:large","max-video-preview":"max-video-preview:-1"},"canonical":"https:\/\/www.blogsoestado.com\/danielmatos\/camara-de-sao-luis-votara-projetos-importantes-no-inicio-de-2019\/","og_locale":"pt_BR","og_type":"article","og_title":"C\u00e2mara de S\u00e3o Lu\u00eds votar\u00e1 projetos importantes no in\u00edcio de 2019 - Daniel Matos","og_description":"O per\u00edodo legislativo teve in\u00edcio da \u00faltima ter\u00e7a-feira, 5, na C\u00e2mara Municipal de S\u00e3o Lu\u00eds e os vereadores j\u00e1 se [&hellip;]","og_url":"https:\/\/www.blogsoestado.com\/danielmatos\/camara-de-sao-luis-votara-projetos-importantes-no-inicio-de-2019\/","og_site_name":"Daniel Matos","article_published_time":"2019-02-05T23:00:09+00:00","twitter_card":"summary_large_image","twitter_misc":{"Est. tempo de leitura":"3 minutos"},"schema":{"@context":"https:\/\/schema.org","@graph":[{"@type":"WebPage","@id":"https:\/\/www.blogsoestado.com\/danielmatos\/camara-de-sao-luis-votara-projetos-importantes-no-inicio-de-2019\/","url":"https:\/\/www.blogsoestado.com\/danielmatos\/camara-de-sao-luis-votara-projetos-importantes-no-inicio-de-2019\/","name":"C\u00e2mara de S\u00e3o Lu\u00eds votar\u00e1 projetos importantes no in\u00edcio de 2019 - Daniel Matos","isPartOf":{"@id":"https:\/\/www.blogsoestado.com\/danielmatos\/#website"},"datePublished":"2019-02-05T23:00:09+00:00","author":{"@id":""},"breadcrumb":{"@id":"https:\/\/www.blogsoestado.com\/danielmatos\/camara-de-sao-luis-votara-projetos-importantes-no-inicio-de-2019\/#breadcrumb"},"inLanguage":"pt-BR","potentialAction":[{"@type":"ReadAction","target":["https:\/\/www.blogsoestado.com\/danielmatos\/camara-de-sao-luis-votara-projetos-importantes-no-inicio-de-2019\/"]}]},{"@type":"BreadcrumbList","@id":"https:\/\/www.blogsoestado.com\/danielmatos\/camara-de-sao-luis-votara-projetos-importantes-no-inicio-de-2019\/#breadcrumb","itemListElement":[{"@type":"ListItem","position":1,"name":"In\u00edcio","item":"https:\/\/www.blogsoestado.com\/danielmatos\/"},{"@type":"ListItem","position":2,"name":"C\u00e2mara de S\u00e3o Lu\u00eds votar\u00e1 projetos importantes no in\u00edcio de 2019"}]},{"@type":"WebSite","@id":"https:\/\/www.blogsoestado.com\/danielmatos\/#website","url":"https:\/\/www.blogsoestado.com\/danielmatos\/","name":"Daniel Matos","description":"","potentialAction":[{"@type":"SearchAction","target":{"@type":"EntryPoint","urlTemplate":"https:\/\/www.blogsoestado.com\/danielmatos\/?s={search_term_string}"},"query-input":{"@type":"PropertyValueSpecification","valueRequired":true,"valueName":"search_term_string"}}],"inLanguage":"pt-BR"}]}},"jetpack_featured_media_url":"","_links":{"self":[{"href":"https:\/\/www.blogsoestado.com\/danielmatos\/wp-json\/wp\/v2\/posts\/60091","targetHints":{"allow":["GET"]}}],"collection":[{"href":"https:\/\/www.blogsoestado.com\/danielmatos\/wp-json\/wp\/v2\/posts"}],"about":[{"href":"https:\/\/www.blogsoestado.com\/danielmatos\/wp-json\/wp\/v2\/types\/post"}],"replies":[{"embeddable":true,"href":"https:\/\/www.blogsoestado.com\/danielmatos\/wp-json\/wp\/v2\/comments?post=60091"}],"version-history":[{"count":0,"href":"https:\/\/www.blogsoestado.com\/danielmatos\/wp-json\/wp\/v2\/posts\/60091\/revisions"}],"wp:attachment":[{"href":"https:\/\/www.blogsoestado.com\/danielmatos\/wp-json\/wp\/v2\/media?parent=60091"}],"wp:term":[{"taxonomy":"category","embeddable":true,"href":"https:\/\/www.blogsoestado.com\/danielmatos\/wp-json\/wp\/v2\/categories?post=60091"},{"taxonomy":"post_tag","embeddable":true,"href":"https:\/\/www.blogsoestado.com\/danielmatos\/wp-json\/wp\/v2\/tags?post=60091"}],"curies":[{"name":"wp","href":"https:\/\/api.w.org\/{rel}","templated":true}]}}