{"id":60095,"date":"2019-02-06T09:54:44","date_gmt":"2019-02-06T12:54:44","guid":{"rendered":"https:\/\/www.blogsoestado.com\/danielmatos\/?p=60095"},"modified":"2019-02-06T09:54:44","modified_gmt":"2019-02-06T12:54:44","slug":"vereador-cezar-bombeiro-apresenta-mocao-de-reconhecimento-aos-bombeiros-no-ma-que-atuaram-em-brumadinho","status":"publish","type":"post","link":"https:\/\/www.blogsoestado.com\/danielmatos\/vereador-cezar-bombeiro-apresenta-mocao-de-reconhecimento-aos-bombeiros-no-ma-que-atuaram-em-brumadinho\/","title":{"rendered":"Vereador C\u00e9zar Bombeiro apresenta mo\u00e7\u00e3o de reconhecimento aos bombeiros no MA que atuaram em Brumadinho"},"content":{"rendered":"\n<div class=\"wp-block-image\"><figure class=\"aligncenter\"><img decoding=\"async\" src=\"https:\/\/www.blogsoestado.com\/danielmatos\/files\/2019\/02\/bombeiro-brumadinho.jpg\" alt=\"\" class=\"wp-image-60096\"\/><figcaption>C\u00e9zar Bombeiro exaltou hero\u00edsmo dos militares maranhenses escalados para socorrer v\u00edtimas da trag\u00e9dia <\/figcaption><\/figure><\/div>\n\n\n\n<p>Encontra-se protocolada na Mesa Diretora da C\u00e2mara Municipal de S\u00e3o Lu\u00eds uma mo\u00e7\u00e3o de autoria do vereador C\u00e9zar Bombeiro (PSD), que manifesta reconhecimento e valoriza\u00e7\u00e3o ao Grupamento do Corpo de Bombeiros do Maranh\u00e3o que atua no trabalho de resgate \u00e0s v\u00edtimas da cat\u00e1strofe ambiental ocorrida no munic\u00edpio de Brumadinho, em Minas Gerais. C\u00e9zar Bombeiro, que j\u00e1 foi integrante da corpora\u00e7\u00e3o, diz se sentir honrado pela miss\u00e3o e trabalho que o grupamento vem realizando.<\/p>\n\n\n\n<p>Na mo\u00e7\u00e3o apresentada pelo parlamentar do PSD \u00e9 destacada a maneira solid\u00e1ria e fraternal, al\u00e9m do esp\u00edrito de servir que os volunt\u00e1rios maranhenses t\u00eam demonstrado com compet\u00eancia no trabalho que v\u00eam desenvolvendo na \u00e1rea atingida pelo desastre provocado pela barragem de armazenamento de rejeitos de min\u00e9rio, de propriedade da mineradora Vale.<\/p>\n\n\n\n<p>Ainda em sua proposi\u00e7\u00e3o, o vereador aproveita para destacar a iniciativa ao Comando Geral do Corpo de Bombeiros do Maranh\u00e3o, \u201cpor estar sempre atualizado e pronto para qualquer a\u00e7\u00e3o n\u00e3o apenas na capital, mas no interior e em qualquer situa\u00e7\u00e3o, que seja necess\u00e1ria a sua interven\u00e7\u00e3o\u201d. C\u00e9zar Bombeiro tamb\u00e9m se solidariza com o governador Fl\u00e1vio Dino pela sua determina\u00e7\u00e3o de enviar o grupamento maranhense para somar esfor\u00e7os aos j\u00e1 existentes em Minas Gerais.<\/p>\n","protected":false},"excerpt":{"rendered":"<p>Encontra-se protocolada na Mesa Diretora da C\u00e2mara Municipal de S\u00e3o Lu\u00eds uma mo\u00e7\u00e3o de autoria do vereador C\u00e9zar Bombeiro (PSD), [&hellip;]<\/p>\n","protected":false},"author":0,"featured_media":0,"comment_status":"open","ping_status":"open","sticky":false,"template":"","format":"standard","meta":{"site-sidebar-layout":"default","site-content-layout":"","ast-site-content-layout":"default","site-content-style":"default","site-sidebar-style":"default","ast-global-header-display":"","ast-banner-title-visibility":"","ast-main-header-display":"","ast-hfb-above-header-display":"","ast-hfb-below-header-display":"","ast-hfb-mobile-header-display":"","site-post-title":"","ast-breadcrumbs-content":"","ast-featured-img":"","footer-sml-layout":"","ast-disable-related-posts":"","theme-transparent-header-meta":"","adv-header-id-meta":"","stick-header-meta":"","header-above-stick-meta":"","header-main-stick-meta":"","header-below-stick-meta":"","astra-migrate-meta-layouts":"default","ast-page-background-enabled":"default","ast-page-background-meta":{"desktop":{"background-color":"var(--ast-global-color-5)","background-image":"","background-repeat":"repeat","background-position":"center center","background-size":"auto","background-attachment":"scroll","background-type":"","background-media":"","overlay-type":"","overlay-color":"","overlay-opacity":"","overlay-gradient":""},"tablet":{"background-color":"","background-image":"","background-repeat":"repeat","background-position":"center center","background-size":"auto","background-attachment":"scroll","background-type":"","background-media":"","overlay-type":"","overlay-color":"","overlay-opacity":"","overlay-gradient":""},"mobile":{"background-color":"","background-image":"","background-repeat":"repeat","background-position":"center center","background-size":"auto","background-attachment":"scroll","background-type":"","background-media":"","overlay-type":"","overlay-color":"","overlay-opacity":"","overlay-gradient":""}},"ast-content-background-meta":{"desktop":{"background-color":"var(--ast-global-color-4)","background-image":"","background-repeat":"repeat","background-position":"center center","background-size":"auto","background-attachment":"scroll","background-type":"","background-media":"","overlay-type":"","overlay-color":"","overlay-opacity":"","overlay-gradient":""},"tablet":{"background-color":"var(--ast-global-color-4)","background-image":"","background-repeat":"repeat","background-position":"center center","background-size":"auto","background-attachment":"scroll","background-type":"","background-media":"","overlay-type":"","overlay-color":"","overlay-opacity":"","overlay-gradient":""},"mobile":{"background-color":"var(--ast-global-color-4)","background-image":"","background-repeat":"repeat","background-position":"center center","background-size":"auto","background-attachment":"scroll","background-type":"","background-media":"","overlay-type":"","overlay-color":"","overlay-opacity":"","overlay-gradient":""}},"footnotes":""},"categories":[1],"tags":[],"class_list":["post-60095","post","type-post","status-publish","format-standard","hentry","category-sem-categoria"],"yoast_head":"<!-- This site is optimized with the Yoast SEO plugin v26.6 - https:\/\/yoast.com\/wordpress\/plugins\/seo\/ -->\n<title>Vereador C\u00e9zar Bombeiro apresenta mo\u00e7\u00e3o de reconhecimento aos bombeiros no MA que atuaram em Brumadinho - Daniel Matos<\/title>\n<meta name=\"robots\" content=\"index, follow, max-snippet:-1, max-image-preview:large, max-video-preview:-1\" \/>\n<link rel=\"canonical\" href=\"https:\/\/www.blogsoestado.com\/danielmatos\/vereador-cezar-bombeiro-apresenta-mocao-de-reconhecimento-aos-bombeiros-no-ma-que-atuaram-em-brumadinho\/\" \/>\n<meta property=\"og:locale\" content=\"pt_BR\" \/>\n<meta property=\"og:type\" content=\"article\" \/>\n<meta property=\"og:title\" content=\"Vereador C\u00e9zar Bombeiro apresenta mo\u00e7\u00e3o de reconhecimento aos bombeiros no MA que atuaram em Brumadinho - Daniel Matos\" \/>\n<meta property=\"og:description\" content=\"Encontra-se protocolada na Mesa Diretora da C\u00e2mara Municipal de S\u00e3o Lu\u00eds uma mo\u00e7\u00e3o de autoria do vereador C\u00e9zar Bombeiro (PSD), [&hellip;]\" \/>\n<meta property=\"og:url\" content=\"https:\/\/www.blogsoestado.com\/danielmatos\/vereador-cezar-bombeiro-apresenta-mocao-de-reconhecimento-aos-bombeiros-no-ma-que-atuaram-em-brumadinho\/\" \/>\n<meta property=\"og:site_name\" content=\"Daniel Matos\" \/>\n<meta property=\"article:published_time\" content=\"2019-02-06T12:54:44+00:00\" \/>\n<meta property=\"og:image\" content=\"https:\/\/www.blogsoestado.com\/danielmatos\/files\/2019\/02\/bombeiro-brumadinho.jpg\" \/>\n<meta name=\"twitter:card\" content=\"summary_large_image\" \/>\n<meta name=\"twitter:label1\" content=\"Est. tempo de leitura\" \/>\n\t<meta name=\"twitter:data1\" content=\"1 minuto\" \/>\n<script type=\"application\/ld+json\" class=\"yoast-schema-graph\">{\"@context\":\"https:\/\/schema.org\",\"@graph\":[{\"@type\":\"WebPage\",\"@id\":\"https:\/\/www.blogsoestado.com\/danielmatos\/vereador-cezar-bombeiro-apresenta-mocao-de-reconhecimento-aos-bombeiros-no-ma-que-atuaram-em-brumadinho\/\",\"url\":\"https:\/\/www.blogsoestado.com\/danielmatos\/vereador-cezar-bombeiro-apresenta-mocao-de-reconhecimento-aos-bombeiros-no-ma-que-atuaram-em-brumadinho\/\",\"name\":\"Vereador C\u00e9zar Bombeiro apresenta mo\u00e7\u00e3o de reconhecimento aos bombeiros no MA que atuaram em Brumadinho - Daniel Matos\",\"isPartOf\":{\"@id\":\"https:\/\/www.blogsoestado.com\/danielmatos\/#website\"},\"primaryImageOfPage\":{\"@id\":\"https:\/\/www.blogsoestado.com\/danielmatos\/vereador-cezar-bombeiro-apresenta-mocao-de-reconhecimento-aos-bombeiros-no-ma-que-atuaram-em-brumadinho\/#primaryimage\"},\"image\":{\"@id\":\"https:\/\/www.blogsoestado.com\/danielmatos\/vereador-cezar-bombeiro-apresenta-mocao-de-reconhecimento-aos-bombeiros-no-ma-que-atuaram-em-brumadinho\/#primaryimage\"},\"thumbnailUrl\":\"https:\/\/www.blogsoestado.com\/danielmatos\/files\/2019\/02\/bombeiro-brumadinho.jpg\",\"datePublished\":\"2019-02-06T12:54:44+00:00\",\"author\":{\"@id\":\"\"},\"breadcrumb\":{\"@id\":\"https:\/\/www.blogsoestado.com\/danielmatos\/vereador-cezar-bombeiro-apresenta-mocao-de-reconhecimento-aos-bombeiros-no-ma-que-atuaram-em-brumadinho\/#breadcrumb\"},\"inLanguage\":\"pt-BR\",\"potentialAction\":[{\"@type\":\"ReadAction\",\"target\":[\"https:\/\/www.blogsoestado.com\/danielmatos\/vereador-cezar-bombeiro-apresenta-mocao-de-reconhecimento-aos-bombeiros-no-ma-que-atuaram-em-brumadinho\/\"]}]},{\"@type\":\"ImageObject\",\"inLanguage\":\"pt-BR\",\"@id\":\"https:\/\/www.blogsoestado.com\/danielmatos\/vereador-cezar-bombeiro-apresenta-mocao-de-reconhecimento-aos-bombeiros-no-ma-que-atuaram-em-brumadinho\/#primaryimage\",\"url\":\"https:\/\/www.blogsoestado.com\/danielmatos\/files\/2019\/02\/bombeiro-brumadinho.jpg\",\"contentUrl\":\"https:\/\/www.blogsoestado.com\/danielmatos\/files\/2019\/02\/bombeiro-brumadinho.jpg\"},{\"@type\":\"BreadcrumbList\",\"@id\":\"https:\/\/www.blogsoestado.com\/danielmatos\/vereador-cezar-bombeiro-apresenta-mocao-de-reconhecimento-aos-bombeiros-no-ma-que-atuaram-em-brumadinho\/#breadcrumb\",\"itemListElement\":[{\"@type\":\"ListItem\",\"position\":1,\"name\":\"In\u00edcio\",\"item\":\"https:\/\/www.blogsoestado.com\/danielmatos\/\"},{\"@type\":\"ListItem\",\"position\":2,\"name\":\"Vereador C\u00e9zar Bombeiro apresenta mo\u00e7\u00e3o de reconhecimento aos bombeiros no MA que atuaram em Brumadinho\"}]},{\"@type\":\"WebSite\",\"@id\":\"https:\/\/www.blogsoestado.com\/danielmatos\/#website\",\"url\":\"https:\/\/www.blogsoestado.com\/danielmatos\/\",\"name\":\"Daniel Matos\",\"description\":\"\",\"potentialAction\":[{\"@type\":\"SearchAction\",\"target\":{\"@type\":\"EntryPoint\",\"urlTemplate\":\"https:\/\/www.blogsoestado.com\/danielmatos\/?s={search_term_string}\"},\"query-input\":{\"@type\":\"PropertyValueSpecification\",\"valueRequired\":true,\"valueName\":\"search_term_string\"}}],\"inLanguage\":\"pt-BR\"}]}<\/script>\n<!-- \/ Yoast SEO plugin. -->","yoast_head_json":{"title":"Vereador C\u00e9zar Bombeiro apresenta mo\u00e7\u00e3o de reconhecimento aos bombeiros no MA que atuaram em Brumadinho - Daniel Matos","robots":{"index":"index","follow":"follow","max-snippet":"max-snippet:-1","max-image-preview":"max-image-preview:large","max-video-preview":"max-video-preview:-1"},"canonical":"https:\/\/www.blogsoestado.com\/danielmatos\/vereador-cezar-bombeiro-apresenta-mocao-de-reconhecimento-aos-bombeiros-no-ma-que-atuaram-em-brumadinho\/","og_locale":"pt_BR","og_type":"article","og_title":"Vereador C\u00e9zar Bombeiro apresenta mo\u00e7\u00e3o de reconhecimento aos bombeiros no MA que atuaram em Brumadinho - Daniel Matos","og_description":"Encontra-se protocolada na Mesa Diretora da C\u00e2mara Municipal de S\u00e3o Lu\u00eds uma mo\u00e7\u00e3o de autoria do vereador C\u00e9zar Bombeiro (PSD), [&hellip;]","og_url":"https:\/\/www.blogsoestado.com\/danielmatos\/vereador-cezar-bombeiro-apresenta-mocao-de-reconhecimento-aos-bombeiros-no-ma-que-atuaram-em-brumadinho\/","og_site_name":"Daniel Matos","article_published_time":"2019-02-06T12:54:44+00:00","og_image":[{"url":"https:\/\/www.blogsoestado.com\/danielmatos\/files\/2019\/02\/bombeiro-brumadinho.jpg","type":"","width":"","height":""}],"twitter_card":"summary_large_image","twitter_misc":{"Est. tempo de leitura":"1 minuto"},"schema":{"@context":"https:\/\/schema.org","@graph":[{"@type":"WebPage","@id":"https:\/\/www.blogsoestado.com\/danielmatos\/vereador-cezar-bombeiro-apresenta-mocao-de-reconhecimento-aos-bombeiros-no-ma-que-atuaram-em-brumadinho\/","url":"https:\/\/www.blogsoestado.com\/danielmatos\/vereador-cezar-bombeiro-apresenta-mocao-de-reconhecimento-aos-bombeiros-no-ma-que-atuaram-em-brumadinho\/","name":"Vereador C\u00e9zar Bombeiro apresenta mo\u00e7\u00e3o de reconhecimento aos bombeiros no MA que atuaram em Brumadinho - Daniel Matos","isPartOf":{"@id":"https:\/\/www.blogsoestado.com\/danielmatos\/#website"},"primaryImageOfPage":{"@id":"https:\/\/www.blogsoestado.com\/danielmatos\/vereador-cezar-bombeiro-apresenta-mocao-de-reconhecimento-aos-bombeiros-no-ma-que-atuaram-em-brumadinho\/#primaryimage"},"image":{"@id":"https:\/\/www.blogsoestado.com\/danielmatos\/vereador-cezar-bombeiro-apresenta-mocao-de-reconhecimento-aos-bombeiros-no-ma-que-atuaram-em-brumadinho\/#primaryimage"},"thumbnailUrl":"https:\/\/www.blogsoestado.com\/danielmatos\/files\/2019\/02\/bombeiro-brumadinho.jpg","datePublished":"2019-02-06T12:54:44+00:00","author":{"@id":""},"breadcrumb":{"@id":"https:\/\/www.blogsoestado.com\/danielmatos\/vereador-cezar-bombeiro-apresenta-mocao-de-reconhecimento-aos-bombeiros-no-ma-que-atuaram-em-brumadinho\/#breadcrumb"},"inLanguage":"pt-BR","potentialAction":[{"@type":"ReadAction","target":["https:\/\/www.blogsoestado.com\/danielmatos\/vereador-cezar-bombeiro-apresenta-mocao-de-reconhecimento-aos-bombeiros-no-ma-que-atuaram-em-brumadinho\/"]}]},{"@type":"ImageObject","inLanguage":"pt-BR","@id":"https:\/\/www.blogsoestado.com\/danielmatos\/vereador-cezar-bombeiro-apresenta-mocao-de-reconhecimento-aos-bombeiros-no-ma-que-atuaram-em-brumadinho\/#primaryimage","url":"https:\/\/www.blogsoestado.com\/danielmatos\/files\/2019\/02\/bombeiro-brumadinho.jpg","contentUrl":"https:\/\/www.blogsoestado.com\/danielmatos\/files\/2019\/02\/bombeiro-brumadinho.jpg"},{"@type":"BreadcrumbList","@id":"https:\/\/www.blogsoestado.com\/danielmatos\/vereador-cezar-bombeiro-apresenta-mocao-de-reconhecimento-aos-bombeiros-no-ma-que-atuaram-em-brumadinho\/#breadcrumb","itemListElement":[{"@type":"ListItem","position":1,"name":"In\u00edcio","item":"https:\/\/www.blogsoestado.com\/danielmatos\/"},{"@type":"ListItem","position":2,"name":"Vereador C\u00e9zar Bombeiro apresenta mo\u00e7\u00e3o de reconhecimento aos bombeiros no MA que atuaram em Brumadinho"}]},{"@type":"WebSite","@id":"https:\/\/www.blogsoestado.com\/danielmatos\/#website","url":"https:\/\/www.blogsoestado.com\/danielmatos\/","name":"Daniel Matos","description":"","potentialAction":[{"@type":"SearchAction","target":{"@type":"EntryPoint","urlTemplate":"https:\/\/www.blogsoestado.com\/danielmatos\/?s={search_term_string}"},"query-input":{"@type":"PropertyValueSpecification","valueRequired":true,"valueName":"search_term_string"}}],"inLanguage":"pt-BR"}]}},"jetpack_featured_media_url":"","_links":{"self":[{"href":"https:\/\/www.blogsoestado.com\/danielmatos\/wp-json\/wp\/v2\/posts\/60095","targetHints":{"allow":["GET"]}}],"collection":[{"href":"https:\/\/www.blogsoestado.com\/danielmatos\/wp-json\/wp\/v2\/posts"}],"about":[{"href":"https:\/\/www.blogsoestado.com\/danielmatos\/wp-json\/wp\/v2\/types\/post"}],"replies":[{"embeddable":true,"href":"https:\/\/www.blogsoestado.com\/danielmatos\/wp-json\/wp\/v2\/comments?post=60095"}],"version-history":[{"count":0,"href":"https:\/\/www.blogsoestado.com\/danielmatos\/wp-json\/wp\/v2\/posts\/60095\/revisions"}],"wp:attachment":[{"href":"https:\/\/www.blogsoestado.com\/danielmatos\/wp-json\/wp\/v2\/media?parent=60095"}],"wp:term":[{"taxonomy":"category","embeddable":true,"href":"https:\/\/www.blogsoestado.com\/danielmatos\/wp-json\/wp\/v2\/categories?post=60095"},{"taxonomy":"post_tag","embeddable":true,"href":"https:\/\/www.blogsoestado.com\/danielmatos\/wp-json\/wp\/v2\/tags?post=60095"}],"curies":[{"name":"wp","href":"https:\/\/api.w.org\/{rel}","templated":true}]}}