{"id":60112,"date":"2019-02-06T15:57:57","date_gmt":"2019-02-06T18:57:57","guid":{"rendered":"https:\/\/www.blogsoestado.com\/danielmatos\/?p=60112"},"modified":"2019-02-06T15:57:57","modified_gmt":"2019-02-06T18:57:57","slug":"camara-cria-comissao-para-acompanhar-situacao-da-maternidade-maria-do-amparo","status":"publish","type":"post","link":"https:\/\/www.blogsoestado.com\/danielmatos\/camara-cria-comissao-para-acompanhar-situacao-da-maternidade-maria-do-amparo\/","title":{"rendered":"C\u00e2mara cria comiss\u00e3o para acompanhar situa\u00e7\u00e3o da Maternidade Maria do Amparo"},"content":{"rendered":"\n<figure class=\"wp-block-image\"><img decoding=\"async\" src=\"https:\/\/www.blogsoestado.com\/danielmatos\/files\/2019\/02\/camara-comissao-1024x606.jpg\" alt=\"\" class=\"wp-image-60113\"\/><figcaption>Presidente da C\u00e2mara. Osmar Filho, discursa durante reuni\u00e3o que discutiu a situa\u00e7\u00e3o da maternidade<\/figcaption><\/figure>\n\n\n\n<p>Em reuni\u00e3o de trabalho realizada nesta quarta-feira (06), na C\u00e2mara Municipal de S\u00e3o Lu\u00eds, o vereador Osmar Filho (PDT), presidente da Casa, determinou a cria\u00e7\u00e3o de uma comiss\u00e3o para acompanhar a situa\u00e7\u00e3o da Maternidade Maria do Amparo, localizada no bairro do Anil.<\/p>\n\n\n\n<p>O grupo \u2013 formado por vereadores; servidores e membros da dire\u00e7\u00e3o da Maternidade  &#8212; ter\u00e1 como principal objetivo trabalhar e elaborar propostas visando garantir, junto ao munic\u00edpio, a reabertura da unidade de sa\u00fade e a manuten\u00e7\u00e3o do seu pleno funcionamento.<\/p>\n\n\n\n<p>A realiza\u00e7\u00e3o da reuni\u00e3o foi proposta pelo vereador Dr. Gutemberg (PRTB). O retorno do funcionamento da Maternidade se configura, hoje, como uma das principais reivindica\u00e7\u00f5es de uma consider\u00e1vel parcela dos ludovicenses.<\/p>\n\n\n\n<p>\u201cEsta Casa abra\u00e7ou a causa e j\u00e1 estamos dando os encaminhamentos necess\u00e1rios, sem medir esfor\u00e7os para que a Maternidade seja reaberta, voltando a atender toda a popula\u00e7\u00e3o de S\u00e3o Lu\u00eds\u201d, disse Osmar Filho, destacando a iniciativa do seu colega de Parlamento.<\/p>\n\n\n\n<p>\u201cEsta \u00e9 uma causa t\u00e3o grande, que n\u00e3o pode ser de uma pessoa s\u00f3. Por isto trouxe esta discuss\u00e3o para a Casa\u201d, pontuou Dr. Gutemberg.<\/p>\n\n\n\n<p>O vereador celebrou a participa\u00e7\u00e3o massiva de diretores, m\u00e9dicos, servidores e usu\u00e1rios da unidade de sa\u00fade, assim como dos parlamentares municipais, que tiveram oportunidade de tratar sobre dificuldades e levantarem propostas que ser\u00e3o encaminhadas ao secret\u00e1rio municipal de Sa\u00fade, Lula Filho.<\/p>\n\n\n\n<p>Gutemberg informou, ainda, que na pr\u00f3xima segunda-feira (11) ser\u00e1 realizada a primeira reuni\u00e3o da comiss\u00e3o de acompanhamento.<\/p>\n\n\n\n<p>\u201cap\u00f3s dialogo com representantes da Maternidade e da prefeitura, farremos uma reavalia\u00e7\u00e3o da situa\u00e7\u00e3o. Tenho certeza que, em curt\u00edssimo prazo, a Maternidade ser\u00e1 reaberta para a satisfa\u00e7\u00e3o dos usu\u00e1rios\u201d, completou.<\/p>\n\n\n\n<p>Para a vereadora F\u00e1tima Ara\u00fajo (PC do B), ao promover o debate e tentar encontrar uma solu\u00e7\u00e3o para problem\u00e1tica, a C\u00e2mara Municipal d\u00e1 exemplo de como o Poder Legislativo deve atuar em favor do povo da capital.<\/p>\n\n\n\n<p>Tamb\u00e9m participaram do encontro os vereadores Cezar Bombeiro (PSD), Raimundo Penha (PDT), Ant\u00f4nio Garcez (PTC), S\u00e1 Marques (PHS), Barbara Soeiro (PSC), Jo\u00e3ozinho Freitas (PTB), Chaguinhas (PP), Concita Pinto (Patriota), Pereirinha (PSL) e Marcial Lima (PRTB).<\/p>\n\n\n\n<p><strong>Situa\u00e7\u00e3o<\/strong><\/p>\n\n\n\n<p>Funcionando h\u00e1 37 anos, a Maternidade Maria do Amparo \u00e9 filantr\u00f3pica, conveniada com o SUS e atende cerca de 11% dos partos realizados em S\u00e3o Lu\u00eds.<\/p>\n\n\n\n<p>\u201cInfelizmente estamos passando por dificuldades financeiras, que n\u00e3o \u00e9 uma exclusividade da Maternidade Maria do Amparo. \u00c9 uma dificuldade do Sistema \u00danico de Sa\u00fade. Nacionalmente as entidades filantr\u00f3picas est\u00e3o passando por isto, com d\u00e9ficits alt\u00edssimos que inviabilizam o seu funcionamento\u201d, esclareceu o m\u00e9dico Eg\u00eddio Ribeiro, que j\u00e1 foi diretor da institui\u00e7\u00e3o e um dos seus fundadores.<\/p>\n\n\n\n<p>Os valores repassados pela tabela do SUS est\u00e3o defasados h\u00e1 muitos anos e eles n\u00e3o correspondem com as despesas  com medicamentos, profissionais, insumos, roupas.<\/p>\n\n\n\n<p>\u201cA maternidade tem um custo de R$ 280 mil e o faturamento total, incluindo material, maternidade e ambulat\u00f3rios \u00e9 no total de R$ 220 mil. A gente j\u00e1 tem um d\u00e9ficit de R$ 60 mil mensais, isso sem contar com os profissionais que d\u00e3o plant\u00e3o aqui e \u00e9 completamente invi\u00e1vel para n\u00f3s bancarmos esses profissionais com esses valores repassados pela tabela do SUS\u201d, explicou.<\/p>\n","protected":false},"excerpt":{"rendered":"<p>Em reuni\u00e3o de trabalho realizada nesta quarta-feira (06), na C\u00e2mara Municipal de S\u00e3o Lu\u00eds, o vereador Osmar Filho (PDT), presidente [&hellip;]<\/p>\n","protected":false},"author":0,"featured_media":0,"comment_status":"open","ping_status":"open","sticky":false,"template":"","format":"standard","meta":{"site-sidebar-layout":"default","site-content-layout":"","ast-site-content-layout":"default","site-content-style":"default","site-sidebar-style":"default","ast-global-header-display":"","ast-banner-title-visibility":"","ast-main-header-display":"","ast-hfb-above-header-display":"","ast-hfb-below-header-display":"","ast-hfb-mobile-header-display":"","site-post-title":"","ast-breadcrumbs-content":"","ast-featured-img":"","footer-sml-layout":"","ast-disable-related-posts":"","theme-transparent-header-meta":"","adv-header-id-meta":"","stick-header-meta":"","header-above-stick-meta":"","header-main-stick-meta":"","header-below-stick-meta":"","astra-migrate-meta-layouts":"default","ast-page-background-enabled":"default","ast-page-background-meta":{"desktop":{"background-color":"var(--ast-global-color-5)","background-image":"","background-repeat":"repeat","background-position":"center center","background-size":"auto","background-attachment":"scroll","background-type":"","background-media":"","overlay-type":"","overlay-color":"","overlay-opacity":"","overlay-gradient":""},"tablet":{"background-color":"","background-image":"","background-repeat":"repeat","background-position":"center center","background-size":"auto","background-attachment":"scroll","background-type":"","background-media":"","overlay-type":"","overlay-color":"","overlay-opacity":"","overlay-gradient":""},"mobile":{"background-color":"","background-image":"","background-repeat":"repeat","background-position":"center center","background-size":"auto","background-attachment":"scroll","background-type":"","background-media":"","overlay-type":"","overlay-color":"","overlay-opacity":"","overlay-gradient":""}},"ast-content-background-meta":{"desktop":{"background-color":"var(--ast-global-color-4)","background-image":"","background-repeat":"repeat","background-position":"center center","background-size":"auto","background-attachment":"scroll","background-type":"","background-media":"","overlay-type":"","overlay-color":"","overlay-opacity":"","overlay-gradient":""},"tablet":{"background-color":"var(--ast-global-color-4)","background-image":"","background-repeat":"repeat","background-position":"center center","background-size":"auto","background-attachment":"scroll","background-type":"","background-media":"","overlay-type":"","overlay-color":"","overlay-opacity":"","overlay-gradient":""},"mobile":{"background-color":"var(--ast-global-color-4)","background-image":"","background-repeat":"repeat","background-position":"center center","background-size":"auto","background-attachment":"scroll","background-type":"","background-media":"","overlay-type":"","overlay-color":"","overlay-opacity":"","overlay-gradient":""}},"footnotes":""},"categories":[1],"tags":[],"class_list":["post-60112","post","type-post","status-publish","format-standard","hentry","category-sem-categoria"],"yoast_head":"<!-- This site is optimized with the Yoast SEO plugin v26.6 - https:\/\/yoast.com\/wordpress\/plugins\/seo\/ -->\n<title>C\u00e2mara cria comiss\u00e3o para acompanhar situa\u00e7\u00e3o da Maternidade Maria do Amparo - Daniel Matos<\/title>\n<meta name=\"robots\" content=\"index, follow, max-snippet:-1, max-image-preview:large, max-video-preview:-1\" \/>\n<link rel=\"canonical\" href=\"https:\/\/www.blogsoestado.com\/danielmatos\/camara-cria-comissao-para-acompanhar-situacao-da-maternidade-maria-do-amparo\/\" \/>\n<meta property=\"og:locale\" content=\"pt_BR\" \/>\n<meta property=\"og:type\" content=\"article\" \/>\n<meta property=\"og:title\" content=\"C\u00e2mara cria comiss\u00e3o para acompanhar situa\u00e7\u00e3o da Maternidade Maria do Amparo - Daniel Matos\" \/>\n<meta property=\"og:description\" content=\"Em reuni\u00e3o de trabalho realizada nesta quarta-feira (06), na C\u00e2mara Municipal de S\u00e3o Lu\u00eds, o vereador Osmar Filho (PDT), presidente [&hellip;]\" \/>\n<meta property=\"og:url\" content=\"https:\/\/www.blogsoestado.com\/danielmatos\/camara-cria-comissao-para-acompanhar-situacao-da-maternidade-maria-do-amparo\/\" \/>\n<meta property=\"og:site_name\" content=\"Daniel Matos\" \/>\n<meta property=\"article:published_time\" content=\"2019-02-06T18:57:57+00:00\" \/>\n<meta property=\"og:image\" content=\"https:\/\/www.blogsoestado.com\/danielmatos\/files\/2019\/02\/camara-comissao-1024x606.jpg\" \/>\n<meta name=\"twitter:card\" content=\"summary_large_image\" \/>\n<meta name=\"twitter:label1\" content=\"Est. tempo de leitura\" \/>\n\t<meta name=\"twitter:data1\" content=\"3 minutos\" \/>\n<script type=\"application\/ld+json\" class=\"yoast-schema-graph\">{\"@context\":\"https:\/\/schema.org\",\"@graph\":[{\"@type\":\"WebPage\",\"@id\":\"https:\/\/www.blogsoestado.com\/danielmatos\/camara-cria-comissao-para-acompanhar-situacao-da-maternidade-maria-do-amparo\/\",\"url\":\"https:\/\/www.blogsoestado.com\/danielmatos\/camara-cria-comissao-para-acompanhar-situacao-da-maternidade-maria-do-amparo\/\",\"name\":\"C\u00e2mara cria comiss\u00e3o para acompanhar situa\u00e7\u00e3o da Maternidade Maria do Amparo - Daniel Matos\",\"isPartOf\":{\"@id\":\"https:\/\/www.blogsoestado.com\/danielmatos\/#website\"},\"primaryImageOfPage\":{\"@id\":\"https:\/\/www.blogsoestado.com\/danielmatos\/camara-cria-comissao-para-acompanhar-situacao-da-maternidade-maria-do-amparo\/#primaryimage\"},\"image\":{\"@id\":\"https:\/\/www.blogsoestado.com\/danielmatos\/camara-cria-comissao-para-acompanhar-situacao-da-maternidade-maria-do-amparo\/#primaryimage\"},\"thumbnailUrl\":\"https:\/\/www.blogsoestado.com\/danielmatos\/files\/2019\/02\/camara-comissao-1024x606.jpg\",\"datePublished\":\"2019-02-06T18:57:57+00:00\",\"author\":{\"@id\":\"\"},\"breadcrumb\":{\"@id\":\"https:\/\/www.blogsoestado.com\/danielmatos\/camara-cria-comissao-para-acompanhar-situacao-da-maternidade-maria-do-amparo\/#breadcrumb\"},\"inLanguage\":\"pt-BR\",\"potentialAction\":[{\"@type\":\"ReadAction\",\"target\":[\"https:\/\/www.blogsoestado.com\/danielmatos\/camara-cria-comissao-para-acompanhar-situacao-da-maternidade-maria-do-amparo\/\"]}]},{\"@type\":\"ImageObject\",\"inLanguage\":\"pt-BR\",\"@id\":\"https:\/\/www.blogsoestado.com\/danielmatos\/camara-cria-comissao-para-acompanhar-situacao-da-maternidade-maria-do-amparo\/#primaryimage\",\"url\":\"https:\/\/www.blogsoestado.com\/danielmatos\/files\/2019\/02\/camara-comissao-1024x606.jpg\",\"contentUrl\":\"https:\/\/www.blogsoestado.com\/danielmatos\/files\/2019\/02\/camara-comissao-1024x606.jpg\"},{\"@type\":\"BreadcrumbList\",\"@id\":\"https:\/\/www.blogsoestado.com\/danielmatos\/camara-cria-comissao-para-acompanhar-situacao-da-maternidade-maria-do-amparo\/#breadcrumb\",\"itemListElement\":[{\"@type\":\"ListItem\",\"position\":1,\"name\":\"In\u00edcio\",\"item\":\"https:\/\/www.blogsoestado.com\/danielmatos\/\"},{\"@type\":\"ListItem\",\"position\":2,\"name\":\"C\u00e2mara cria comiss\u00e3o para acompanhar situa\u00e7\u00e3o da Maternidade Maria do Amparo\"}]},{\"@type\":\"WebSite\",\"@id\":\"https:\/\/www.blogsoestado.com\/danielmatos\/#website\",\"url\":\"https:\/\/www.blogsoestado.com\/danielmatos\/\",\"name\":\"Daniel Matos\",\"description\":\"\",\"potentialAction\":[{\"@type\":\"SearchAction\",\"target\":{\"@type\":\"EntryPoint\",\"urlTemplate\":\"https:\/\/www.blogsoestado.com\/danielmatos\/?s={search_term_string}\"},\"query-input\":{\"@type\":\"PropertyValueSpecification\",\"valueRequired\":true,\"valueName\":\"search_term_string\"}}],\"inLanguage\":\"pt-BR\"}]}<\/script>\n<!-- \/ Yoast SEO plugin. -->","yoast_head_json":{"title":"C\u00e2mara cria comiss\u00e3o para acompanhar situa\u00e7\u00e3o da Maternidade Maria do Amparo - Daniel Matos","robots":{"index":"index","follow":"follow","max-snippet":"max-snippet:-1","max-image-preview":"max-image-preview:large","max-video-preview":"max-video-preview:-1"},"canonical":"https:\/\/www.blogsoestado.com\/danielmatos\/camara-cria-comissao-para-acompanhar-situacao-da-maternidade-maria-do-amparo\/","og_locale":"pt_BR","og_type":"article","og_title":"C\u00e2mara cria comiss\u00e3o para acompanhar situa\u00e7\u00e3o da Maternidade Maria do Amparo - Daniel Matos","og_description":"Em reuni\u00e3o de trabalho realizada nesta quarta-feira (06), na C\u00e2mara Municipal de S\u00e3o Lu\u00eds, o vereador Osmar Filho (PDT), presidente [&hellip;]","og_url":"https:\/\/www.blogsoestado.com\/danielmatos\/camara-cria-comissao-para-acompanhar-situacao-da-maternidade-maria-do-amparo\/","og_site_name":"Daniel Matos","article_published_time":"2019-02-06T18:57:57+00:00","og_image":[{"url":"https:\/\/www.blogsoestado.com\/danielmatos\/files\/2019\/02\/camara-comissao-1024x606.jpg","type":"","width":"","height":""}],"twitter_card":"summary_large_image","twitter_misc":{"Est. tempo de leitura":"3 minutos"},"schema":{"@context":"https:\/\/schema.org","@graph":[{"@type":"WebPage","@id":"https:\/\/www.blogsoestado.com\/danielmatos\/camara-cria-comissao-para-acompanhar-situacao-da-maternidade-maria-do-amparo\/","url":"https:\/\/www.blogsoestado.com\/danielmatos\/camara-cria-comissao-para-acompanhar-situacao-da-maternidade-maria-do-amparo\/","name":"C\u00e2mara cria comiss\u00e3o para acompanhar situa\u00e7\u00e3o da Maternidade Maria do Amparo - Daniel Matos","isPartOf":{"@id":"https:\/\/www.blogsoestado.com\/danielmatos\/#website"},"primaryImageOfPage":{"@id":"https:\/\/www.blogsoestado.com\/danielmatos\/camara-cria-comissao-para-acompanhar-situacao-da-maternidade-maria-do-amparo\/#primaryimage"},"image":{"@id":"https:\/\/www.blogsoestado.com\/danielmatos\/camara-cria-comissao-para-acompanhar-situacao-da-maternidade-maria-do-amparo\/#primaryimage"},"thumbnailUrl":"https:\/\/www.blogsoestado.com\/danielmatos\/files\/2019\/02\/camara-comissao-1024x606.jpg","datePublished":"2019-02-06T18:57:57+00:00","author":{"@id":""},"breadcrumb":{"@id":"https:\/\/www.blogsoestado.com\/danielmatos\/camara-cria-comissao-para-acompanhar-situacao-da-maternidade-maria-do-amparo\/#breadcrumb"},"inLanguage":"pt-BR","potentialAction":[{"@type":"ReadAction","target":["https:\/\/www.blogsoestado.com\/danielmatos\/camara-cria-comissao-para-acompanhar-situacao-da-maternidade-maria-do-amparo\/"]}]},{"@type":"ImageObject","inLanguage":"pt-BR","@id":"https:\/\/www.blogsoestado.com\/danielmatos\/camara-cria-comissao-para-acompanhar-situacao-da-maternidade-maria-do-amparo\/#primaryimage","url":"https:\/\/www.blogsoestado.com\/danielmatos\/files\/2019\/02\/camara-comissao-1024x606.jpg","contentUrl":"https:\/\/www.blogsoestado.com\/danielmatos\/files\/2019\/02\/camara-comissao-1024x606.jpg"},{"@type":"BreadcrumbList","@id":"https:\/\/www.blogsoestado.com\/danielmatos\/camara-cria-comissao-para-acompanhar-situacao-da-maternidade-maria-do-amparo\/#breadcrumb","itemListElement":[{"@type":"ListItem","position":1,"name":"In\u00edcio","item":"https:\/\/www.blogsoestado.com\/danielmatos\/"},{"@type":"ListItem","position":2,"name":"C\u00e2mara cria comiss\u00e3o para acompanhar situa\u00e7\u00e3o da Maternidade Maria do Amparo"}]},{"@type":"WebSite","@id":"https:\/\/www.blogsoestado.com\/danielmatos\/#website","url":"https:\/\/www.blogsoestado.com\/danielmatos\/","name":"Daniel Matos","description":"","potentialAction":[{"@type":"SearchAction","target":{"@type":"EntryPoint","urlTemplate":"https:\/\/www.blogsoestado.com\/danielmatos\/?s={search_term_string}"},"query-input":{"@type":"PropertyValueSpecification","valueRequired":true,"valueName":"search_term_string"}}],"inLanguage":"pt-BR"}]}},"jetpack_featured_media_url":"","_links":{"self":[{"href":"https:\/\/www.blogsoestado.com\/danielmatos\/wp-json\/wp\/v2\/posts\/60112","targetHints":{"allow":["GET"]}}],"collection":[{"href":"https:\/\/www.blogsoestado.com\/danielmatos\/wp-json\/wp\/v2\/posts"}],"about":[{"href":"https:\/\/www.blogsoestado.com\/danielmatos\/wp-json\/wp\/v2\/types\/post"}],"replies":[{"embeddable":true,"href":"https:\/\/www.blogsoestado.com\/danielmatos\/wp-json\/wp\/v2\/comments?post=60112"}],"version-history":[{"count":0,"href":"https:\/\/www.blogsoestado.com\/danielmatos\/wp-json\/wp\/v2\/posts\/60112\/revisions"}],"wp:attachment":[{"href":"https:\/\/www.blogsoestado.com\/danielmatos\/wp-json\/wp\/v2\/media?parent=60112"}],"wp:term":[{"taxonomy":"category","embeddable":true,"href":"https:\/\/www.blogsoestado.com\/danielmatos\/wp-json\/wp\/v2\/categories?post=60112"},{"taxonomy":"post_tag","embeddable":true,"href":"https:\/\/www.blogsoestado.com\/danielmatos\/wp-json\/wp\/v2\/tags?post=60112"}],"curies":[{"name":"wp","href":"https:\/\/api.w.org\/{rel}","templated":true}]}}