{"id":60118,"date":"2019-02-06T16:45:04","date_gmt":"2019-02-06T19:45:04","guid":{"rendered":"https:\/\/www.blogsoestado.com\/danielmatos\/?p=60118"},"modified":"2019-02-06T16:45:04","modified_gmt":"2019-02-06T19:45:04","slug":"caso-davi-aragao-assassinos-sao-condenados-pela-justica-federal","status":"publish","type":"post","link":"https:\/\/www.blogsoestado.com\/danielmatos\/caso-davi-aragao-assassinos-sao-condenados-pela-justica-federal\/","title":{"rendered":"Caso Davi Arag\u00e3o: assassinos s\u00e3o condenados pela Justi\u00e7a Federal"},"content":{"rendered":"\n<div class=\"wp-block-image\"><figure class=\"alignright\"><img decoding=\"async\" src=\"https:\/\/www.blogsoestado.com\/danielmatos\/files\/2018\/05\/dpf-aragao.jpg\" alt=\"\" class=\"wp-image-51040\"\/><figcaption>Delegado Davi Arag\u00e3o foi morto em assalto em pleno anivers\u00e1rio da filha. no Ara\u00e7agi<\/figcaption><\/figure><\/div>\n\n\n\n<p>O juiz federal da 2\u00aa Vara Criminal da Justi\u00e7a Federal, Magno Linhares, condenou Davi Costa Martins a 32 anos e seis meses de pris\u00e3o, em regime fechado, pelo assassinato do delegado da Pol\u00edcia Federal David Farias de Arag\u00e3o, ocorrido em maio do ano passado. Tamb\u00e9m foi condenado pelo mesmo crime Wanderson de Morais Baldez.  A pena dele foi fixada em 31 anos e dez meses de pris\u00e3o, tamb\u00e9m em regime fechado.<\/p>\n\n\n\n<p>Os dois condenados est\u00e3o presos h\u00e1 oito meses no complexo Penitenci\u00e1rio de Pedrinhas, onde v\u00e3o cumprir o restante da pena.<\/p>\n\n\n\n<p><strong>Relembre o caso<\/strong><\/p>\n\n\n\n<p>O delegado da Pol\u00edcia Federal David Farias de Arag\u00e3o foi morto no dia 5 de maio de 2018 durante a festa de anivers\u00e1rio da filha em uma casa na praia do Ara\u00e7agi, quando tr\u00eas assaltantes invadiram o local. Em luta com os assaltantes o delegado acabou atingido por facadas e disparos de arma de fogo.<\/p>\n\n\n\n<p>Wanderson de Morais foi o primeiro a ser preso quando era atendido na Unidade de Pronto Atendimento da Vila Luiz\u00e3o. Ele mesmo entregou os outros comparsas, Davi Castro Martins e um menor de 17 anos.<\/p>\n\n\n\n<p><strong>Fonte:<\/strong> Justi\u00e7a Federal<\/p>\n","protected":false},"excerpt":{"rendered":"<p>O juiz federal da 2\u00aa Vara Criminal da Justi\u00e7a Federal, Magno Linhares, condenou Davi Costa Martins a 32 anos e [&hellip;]<\/p>\n","protected":false},"author":0,"featured_media":0,"comment_status":"open","ping_status":"open","sticky":false,"template":"","format":"standard","meta":{"site-sidebar-layout":"default","site-content-layout":"","ast-site-content-layout":"default","site-content-style":"default","site-sidebar-style":"default","ast-global-header-display":"","ast-banner-title-visibility":"","ast-main-header-display":"","ast-hfb-above-header-display":"","ast-hfb-below-header-display":"","ast-hfb-mobile-header-display":"","site-post-title":"","ast-breadcrumbs-content":"","ast-featured-img":"","footer-sml-layout":"","ast-disable-related-posts":"","theme-transparent-header-meta":"","adv-header-id-meta":"","stick-header-meta":"","header-above-stick-meta":"","header-main-stick-meta":"","header-below-stick-meta":"","astra-migrate-meta-layouts":"default","ast-page-background-enabled":"default","ast-page-background-meta":{"desktop":{"background-color":"var(--ast-global-color-5)","background-image":"","background-repeat":"repeat","background-position":"center center","background-size":"auto","background-attachment":"scroll","background-type":"","background-media":"","overlay-type":"","overlay-color":"","overlay-opacity":"","overlay-gradient":""},"tablet":{"background-color":"","background-image":"","background-repeat":"repeat","background-position":"center center","background-size":"auto","background-attachment":"scroll","background-type":"","background-media":"","overlay-type":"","overlay-color":"","overlay-opacity":"","overlay-gradient":""},"mobile":{"background-color":"","background-image":"","background-repeat":"repeat","background-position":"center center","background-size":"auto","background-attachment":"scroll","background-type":"","background-media":"","overlay-type":"","overlay-color":"","overlay-opacity":"","overlay-gradient":""}},"ast-content-background-meta":{"desktop":{"background-color":"var(--ast-global-color-4)","background-image":"","background-repeat":"repeat","background-position":"center center","background-size":"auto","background-attachment":"scroll","background-type":"","background-media":"","overlay-type":"","overlay-color":"","overlay-opacity":"","overlay-gradient":""},"tablet":{"background-color":"var(--ast-global-color-4)","background-image":"","background-repeat":"repeat","background-position":"center center","background-size":"auto","background-attachment":"scroll","background-type":"","background-media":"","overlay-type":"","overlay-color":"","overlay-opacity":"","overlay-gradient":""},"mobile":{"background-color":"var(--ast-global-color-4)","background-image":"","background-repeat":"repeat","background-position":"center center","background-size":"auto","background-attachment":"scroll","background-type":"","background-media":"","overlay-type":"","overlay-color":"","overlay-opacity":"","overlay-gradient":""}},"footnotes":""},"categories":[1],"tags":[],"class_list":["post-60118","post","type-post","status-publish","format-standard","hentry","category-sem-categoria"],"yoast_head":"<!-- This site is optimized with the Yoast SEO plugin v26.6 - https:\/\/yoast.com\/wordpress\/plugins\/seo\/ -->\n<title>Caso Davi Arag\u00e3o: assassinos s\u00e3o condenados pela Justi\u00e7a Federal - Daniel Matos<\/title>\n<meta name=\"robots\" content=\"index, follow, max-snippet:-1, max-image-preview:large, max-video-preview:-1\" \/>\n<link rel=\"canonical\" href=\"https:\/\/www.blogsoestado.com\/danielmatos\/caso-davi-aragao-assassinos-sao-condenados-pela-justica-federal\/\" \/>\n<meta property=\"og:locale\" content=\"pt_BR\" \/>\n<meta property=\"og:type\" content=\"article\" \/>\n<meta property=\"og:title\" content=\"Caso Davi Arag\u00e3o: assassinos s\u00e3o condenados pela Justi\u00e7a Federal - Daniel Matos\" \/>\n<meta property=\"og:description\" content=\"O juiz federal da 2\u00aa Vara Criminal da Justi\u00e7a Federal, Magno Linhares, condenou Davi Costa Martins a 32 anos e [&hellip;]\" \/>\n<meta property=\"og:url\" content=\"https:\/\/www.blogsoestado.com\/danielmatos\/caso-davi-aragao-assassinos-sao-condenados-pela-justica-federal\/\" \/>\n<meta property=\"og:site_name\" content=\"Daniel Matos\" \/>\n<meta property=\"article:published_time\" content=\"2019-02-06T19:45:04+00:00\" \/>\n<meta property=\"og:image\" content=\"https:\/\/www.blogsoestado.com\/danielmatos\/files\/2018\/05\/dpf-aragao.jpg\" \/>\n<meta name=\"twitter:card\" content=\"summary_large_image\" \/>\n<meta name=\"twitter:label1\" content=\"Est. tempo de leitura\" \/>\n\t<meta name=\"twitter:data1\" content=\"1 minuto\" \/>\n<script type=\"application\/ld+json\" class=\"yoast-schema-graph\">{\"@context\":\"https:\/\/schema.org\",\"@graph\":[{\"@type\":\"WebPage\",\"@id\":\"https:\/\/www.blogsoestado.com\/danielmatos\/caso-davi-aragao-assassinos-sao-condenados-pela-justica-federal\/\",\"url\":\"https:\/\/www.blogsoestado.com\/danielmatos\/caso-davi-aragao-assassinos-sao-condenados-pela-justica-federal\/\",\"name\":\"Caso Davi Arag\u00e3o: assassinos s\u00e3o condenados pela Justi\u00e7a Federal - Daniel Matos\",\"isPartOf\":{\"@id\":\"https:\/\/www.blogsoestado.com\/danielmatos\/#website\"},\"primaryImageOfPage\":{\"@id\":\"https:\/\/www.blogsoestado.com\/danielmatos\/caso-davi-aragao-assassinos-sao-condenados-pela-justica-federal\/#primaryimage\"},\"image\":{\"@id\":\"https:\/\/www.blogsoestado.com\/danielmatos\/caso-davi-aragao-assassinos-sao-condenados-pela-justica-federal\/#primaryimage\"},\"thumbnailUrl\":\"https:\/\/www.blogsoestado.com\/danielmatos\/files\/2018\/05\/dpf-aragao.jpg\",\"datePublished\":\"2019-02-06T19:45:04+00:00\",\"author\":{\"@id\":\"\"},\"breadcrumb\":{\"@id\":\"https:\/\/www.blogsoestado.com\/danielmatos\/caso-davi-aragao-assassinos-sao-condenados-pela-justica-federal\/#breadcrumb\"},\"inLanguage\":\"pt-BR\",\"potentialAction\":[{\"@type\":\"ReadAction\",\"target\":[\"https:\/\/www.blogsoestado.com\/danielmatos\/caso-davi-aragao-assassinos-sao-condenados-pela-justica-federal\/\"]}]},{\"@type\":\"ImageObject\",\"inLanguage\":\"pt-BR\",\"@id\":\"https:\/\/www.blogsoestado.com\/danielmatos\/caso-davi-aragao-assassinos-sao-condenados-pela-justica-federal\/#primaryimage\",\"url\":\"https:\/\/www.blogsoestado.com\/danielmatos\/files\/2018\/05\/dpf-aragao.jpg\",\"contentUrl\":\"https:\/\/www.blogsoestado.com\/danielmatos\/files\/2018\/05\/dpf-aragao.jpg\"},{\"@type\":\"BreadcrumbList\",\"@id\":\"https:\/\/www.blogsoestado.com\/danielmatos\/caso-davi-aragao-assassinos-sao-condenados-pela-justica-federal\/#breadcrumb\",\"itemListElement\":[{\"@type\":\"ListItem\",\"position\":1,\"name\":\"In\u00edcio\",\"item\":\"https:\/\/www.blogsoestado.com\/danielmatos\/\"},{\"@type\":\"ListItem\",\"position\":2,\"name\":\"Caso Davi Arag\u00e3o: assassinos s\u00e3o condenados pela Justi\u00e7a Federal\"}]},{\"@type\":\"WebSite\",\"@id\":\"https:\/\/www.blogsoestado.com\/danielmatos\/#website\",\"url\":\"https:\/\/www.blogsoestado.com\/danielmatos\/\",\"name\":\"Daniel Matos\",\"description\":\"\",\"potentialAction\":[{\"@type\":\"SearchAction\",\"target\":{\"@type\":\"EntryPoint\",\"urlTemplate\":\"https:\/\/www.blogsoestado.com\/danielmatos\/?s={search_term_string}\"},\"query-input\":{\"@type\":\"PropertyValueSpecification\",\"valueRequired\":true,\"valueName\":\"search_term_string\"}}],\"inLanguage\":\"pt-BR\"}]}<\/script>\n<!-- \/ Yoast SEO plugin. -->","yoast_head_json":{"title":"Caso Davi Arag\u00e3o: assassinos s\u00e3o condenados pela Justi\u00e7a Federal - Daniel Matos","robots":{"index":"index","follow":"follow","max-snippet":"max-snippet:-1","max-image-preview":"max-image-preview:large","max-video-preview":"max-video-preview:-1"},"canonical":"https:\/\/www.blogsoestado.com\/danielmatos\/caso-davi-aragao-assassinos-sao-condenados-pela-justica-federal\/","og_locale":"pt_BR","og_type":"article","og_title":"Caso Davi Arag\u00e3o: assassinos s\u00e3o condenados pela Justi\u00e7a Federal - Daniel Matos","og_description":"O juiz federal da 2\u00aa Vara Criminal da Justi\u00e7a Federal, Magno Linhares, condenou Davi Costa Martins a 32 anos e [&hellip;]","og_url":"https:\/\/www.blogsoestado.com\/danielmatos\/caso-davi-aragao-assassinos-sao-condenados-pela-justica-federal\/","og_site_name":"Daniel Matos","article_published_time":"2019-02-06T19:45:04+00:00","og_image":[{"url":"https:\/\/www.blogsoestado.com\/danielmatos\/files\/2018\/05\/dpf-aragao.jpg","type":"","width":"","height":""}],"twitter_card":"summary_large_image","twitter_misc":{"Est. tempo de leitura":"1 minuto"},"schema":{"@context":"https:\/\/schema.org","@graph":[{"@type":"WebPage","@id":"https:\/\/www.blogsoestado.com\/danielmatos\/caso-davi-aragao-assassinos-sao-condenados-pela-justica-federal\/","url":"https:\/\/www.blogsoestado.com\/danielmatos\/caso-davi-aragao-assassinos-sao-condenados-pela-justica-federal\/","name":"Caso Davi Arag\u00e3o: assassinos s\u00e3o condenados pela Justi\u00e7a Federal - Daniel Matos","isPartOf":{"@id":"https:\/\/www.blogsoestado.com\/danielmatos\/#website"},"primaryImageOfPage":{"@id":"https:\/\/www.blogsoestado.com\/danielmatos\/caso-davi-aragao-assassinos-sao-condenados-pela-justica-federal\/#primaryimage"},"image":{"@id":"https:\/\/www.blogsoestado.com\/danielmatos\/caso-davi-aragao-assassinos-sao-condenados-pela-justica-federal\/#primaryimage"},"thumbnailUrl":"https:\/\/www.blogsoestado.com\/danielmatos\/files\/2018\/05\/dpf-aragao.jpg","datePublished":"2019-02-06T19:45:04+00:00","author":{"@id":""},"breadcrumb":{"@id":"https:\/\/www.blogsoestado.com\/danielmatos\/caso-davi-aragao-assassinos-sao-condenados-pela-justica-federal\/#breadcrumb"},"inLanguage":"pt-BR","potentialAction":[{"@type":"ReadAction","target":["https:\/\/www.blogsoestado.com\/danielmatos\/caso-davi-aragao-assassinos-sao-condenados-pela-justica-federal\/"]}]},{"@type":"ImageObject","inLanguage":"pt-BR","@id":"https:\/\/www.blogsoestado.com\/danielmatos\/caso-davi-aragao-assassinos-sao-condenados-pela-justica-federal\/#primaryimage","url":"https:\/\/www.blogsoestado.com\/danielmatos\/files\/2018\/05\/dpf-aragao.jpg","contentUrl":"https:\/\/www.blogsoestado.com\/danielmatos\/files\/2018\/05\/dpf-aragao.jpg"},{"@type":"BreadcrumbList","@id":"https:\/\/www.blogsoestado.com\/danielmatos\/caso-davi-aragao-assassinos-sao-condenados-pela-justica-federal\/#breadcrumb","itemListElement":[{"@type":"ListItem","position":1,"name":"In\u00edcio","item":"https:\/\/www.blogsoestado.com\/danielmatos\/"},{"@type":"ListItem","position":2,"name":"Caso Davi Arag\u00e3o: assassinos s\u00e3o condenados pela Justi\u00e7a Federal"}]},{"@type":"WebSite","@id":"https:\/\/www.blogsoestado.com\/danielmatos\/#website","url":"https:\/\/www.blogsoestado.com\/danielmatos\/","name":"Daniel Matos","description":"","potentialAction":[{"@type":"SearchAction","target":{"@type":"EntryPoint","urlTemplate":"https:\/\/www.blogsoestado.com\/danielmatos\/?s={search_term_string}"},"query-input":{"@type":"PropertyValueSpecification","valueRequired":true,"valueName":"search_term_string"}}],"inLanguage":"pt-BR"}]}},"jetpack_featured_media_url":"","_links":{"self":[{"href":"https:\/\/www.blogsoestado.com\/danielmatos\/wp-json\/wp\/v2\/posts\/60118","targetHints":{"allow":["GET"]}}],"collection":[{"href":"https:\/\/www.blogsoestado.com\/danielmatos\/wp-json\/wp\/v2\/posts"}],"about":[{"href":"https:\/\/www.blogsoestado.com\/danielmatos\/wp-json\/wp\/v2\/types\/post"}],"replies":[{"embeddable":true,"href":"https:\/\/www.blogsoestado.com\/danielmatos\/wp-json\/wp\/v2\/comments?post=60118"}],"version-history":[{"count":0,"href":"https:\/\/www.blogsoestado.com\/danielmatos\/wp-json\/wp\/v2\/posts\/60118\/revisions"}],"wp:attachment":[{"href":"https:\/\/www.blogsoestado.com\/danielmatos\/wp-json\/wp\/v2\/media?parent=60118"}],"wp:term":[{"taxonomy":"category","embeddable":true,"href":"https:\/\/www.blogsoestado.com\/danielmatos\/wp-json\/wp\/v2\/categories?post=60118"},{"taxonomy":"post_tag","embeddable":true,"href":"https:\/\/www.blogsoestado.com\/danielmatos\/wp-json\/wp\/v2\/tags?post=60118"}],"curies":[{"name":"wp","href":"https:\/\/api.w.org\/{rel}","templated":true}]}}