{"id":60132,"date":"2019-02-07T09:39:26","date_gmt":"2019-02-07T12:39:26","guid":{"rendered":"https:\/\/www.blogsoestado.com\/danielmatos\/?p=60132"},"modified":"2019-02-07T09:39:26","modified_gmt":"2019-02-07T12:39:26","slug":"vereador-cezar-bombeiro-critica-reajuste-de-tarifa-do-transporte-publico","status":"publish","type":"post","link":"https:\/\/www.blogsoestado.com\/danielmatos\/vereador-cezar-bombeiro-critica-reajuste-de-tarifa-do-transporte-publico\/","title":{"rendered":"Vereador C\u00e9zar Bombeiro critica reajuste de tarifa do transporte p\u00fablico"},"content":{"rendered":"\n<div class=\"wp-block-image\"><figure class=\"alignleft is-resized\"><img fetchpriority=\"high\" decoding=\"async\" src=\"https:\/\/www.blogsoestado.com\/danielmatos\/files\/2019\/02\/bombeiro-camara-1024x682.jpg\" alt=\"\" class=\"wp-image-60133\" width=\"427\" height=\"284\"\/><figcaption> <br> C\u00e9zar Bombeiro vai apresentar um requerimento solicitando uma audi\u00eancia p\u00fablica na C\u00e2mara com a participa\u00e7\u00e3o de \u00f3rg\u00e3os p\u00fablicos respons\u00e1veis pelos servi\u00e7os de transporte coletivo <\/figcaption><\/figure><\/div>\n\n\n\n<p>O reajuste das tarifas do transporte p\u00fablico foi contestado pelo vereador C\u00e9zar Bombeiro (PSD) nesta quarta-feira, 6, durante sess\u00e3o na C\u00e2mara Municipal de S\u00e3o Lu\u00eds. O parlamentar diz que apresentar\u00e1 proposta para que o a situa\u00e7\u00e3o do transporte coletivo seja debatido em audi\u00eancia p\u00fablica.<\/p>\n\n\n\n<p>C\u00e9zar Bombeiro, durante seu discurso na tribuna da Casa, destacou que o servi\u00e7o de transporte p\u00fablico na capital \u00e9 prec\u00e1rio e sem qualidade.<\/p>\n\n\n\n<p>\u201cFala-se muito em renova\u00e7\u00e3o de frota e qualidade, mas a realidade \u00e9 totalmente diferente. Diariamente podemos observar coletivos em panes em v\u00e1rios pontos da cidade e outros nos fazem lembrar as marias fuma\u00e7as da antiga estrada de ferro, poluindo o meio ambiente. Os terminais de integra\u00e7\u00e3o est\u00e3o completamente abandonados e t\u00eam se constitu\u00eddo em atra\u00e7\u00e3o para bandidos\u201d, disse o vereador.<\/p>\n\n\n\n<p>O parlamentar do PSD tamb\u00e9m questionou a licita\u00e7\u00e3o feita pela Prefeitura de S\u00e3o Lu\u00eds. Segundo ele, as regras presentes penalizaram os usu\u00e1rios e favoreceram os empres\u00e1rios do setor.<\/p>\n\n\n\n<p>\u201cA tal concorr\u00eancia p\u00fablica com regras bem favor\u00e1veis aos empres\u00e1rios, penalizou profundamente a popula\u00e7\u00e3o de S\u00e3o Lu\u00eds. A concess\u00e3o de aumento para favorecer empres\u00e1rios foi bom para eles e p\u00e9ssimo para os trabalhadores e ainda pior, para os servidores p\u00fablicos municipais, que h\u00e1 mais de quatro anos n\u00e3o recebem qualquer reposi\u00e7\u00e3o salarial\u201d, afirmou o vereador.<\/p>\n\n\n\n<p>Para que o tema seja aprofundado e medidas possam ser tomadas, C\u00e9zar Bombeiro vai apresentar um requerimento solicitando uma audi\u00eancia p\u00fablica na C\u00e2mara com a participa\u00e7\u00e3o de \u00f3rg\u00e3os p\u00fablicos respons\u00e1veis pelos servi\u00e7os de transporte coletivo, o empresariado, segmentos da sociedade civil, Minist\u00e9rio P\u00fablico e Defensoria P\u00fablica.<\/p>\n\n\n\n<p>\u201cA verdade \u00e9 que a situa\u00e7\u00e3o atual \u00e9 bastante prec\u00e1ria e n\u00e3o pode continuar, at\u00e9 mesmo pelo respeito que a popula\u00e7\u00e3o merece\u201d, disse.<\/p>\n","protected":false},"excerpt":{"rendered":"<p>O reajuste das tarifas do transporte p\u00fablico foi contestado pelo vereador C\u00e9zar Bombeiro (PSD) nesta quarta-feira, 6, durante sess\u00e3o na [&hellip;]<\/p>\n","protected":false},"author":0,"featured_media":0,"comment_status":"open","ping_status":"open","sticky":false,"template":"","format":"standard","meta":{"site-sidebar-layout":"default","site-content-layout":"","ast-site-content-layout":"default","site-content-style":"default","site-sidebar-style":"default","ast-global-header-display":"","ast-banner-title-visibility":"","ast-main-header-display":"","ast-hfb-above-header-display":"","ast-hfb-below-header-display":"","ast-hfb-mobile-header-display":"","site-post-title":"","ast-breadcrumbs-content":"","ast-featured-img":"","footer-sml-layout":"","ast-disable-related-posts":"","theme-transparent-header-meta":"","adv-header-id-meta":"","stick-header-meta":"","header-above-stick-meta":"","header-main-stick-meta":"","header-below-stick-meta":"","astra-migrate-meta-layouts":"default","ast-page-background-enabled":"default","ast-page-background-meta":{"desktop":{"background-color":"var(--ast-global-color-5)","background-image":"","background-repeat":"repeat","background-position":"center center","background-size":"auto","background-attachment":"scroll","background-type":"","background-media":"","overlay-type":"","overlay-color":"","overlay-opacity":"","overlay-gradient":""},"tablet":{"background-color":"","background-image":"","background-repeat":"repeat","background-position":"center center","background-size":"auto","background-attachment":"scroll","background-type":"","background-media":"","overlay-type":"","overlay-color":"","overlay-opacity":"","overlay-gradient":""},"mobile":{"background-color":"","background-image":"","background-repeat":"repeat","background-position":"center center","background-size":"auto","background-attachment":"scroll","background-type":"","background-media":"","overlay-type":"","overlay-color":"","overlay-opacity":"","overlay-gradient":""}},"ast-content-background-meta":{"desktop":{"background-color":"var(--ast-global-color-4)","background-image":"","background-repeat":"repeat","background-position":"center center","background-size":"auto","background-attachment":"scroll","background-type":"","background-media":"","overlay-type":"","overlay-color":"","overlay-opacity":"","overlay-gradient":""},"tablet":{"background-color":"var(--ast-global-color-4)","background-image":"","background-repeat":"repeat","background-position":"center center","background-size":"auto","background-attachment":"scroll","background-type":"","background-media":"","overlay-type":"","overlay-color":"","overlay-opacity":"","overlay-gradient":""},"mobile":{"background-color":"var(--ast-global-color-4)","background-image":"","background-repeat":"repeat","background-position":"center center","background-size":"auto","background-attachment":"scroll","background-type":"","background-media":"","overlay-type":"","overlay-color":"","overlay-opacity":"","overlay-gradient":""}},"footnotes":""},"categories":[1],"tags":[],"class_list":["post-60132","post","type-post","status-publish","format-standard","hentry","category-sem-categoria"],"yoast_head":"<!-- This site is optimized with the Yoast SEO plugin v26.6 - https:\/\/yoast.com\/wordpress\/plugins\/seo\/ -->\n<title>Vereador C\u00e9zar Bombeiro critica reajuste de tarifa do transporte p\u00fablico - Daniel Matos<\/title>\n<meta name=\"robots\" content=\"index, follow, max-snippet:-1, max-image-preview:large, max-video-preview:-1\" \/>\n<link rel=\"canonical\" href=\"https:\/\/www.blogsoestado.com\/danielmatos\/vereador-cezar-bombeiro-critica-reajuste-de-tarifa-do-transporte-publico\/\" \/>\n<meta property=\"og:locale\" content=\"pt_BR\" \/>\n<meta property=\"og:type\" content=\"article\" \/>\n<meta property=\"og:title\" content=\"Vereador C\u00e9zar Bombeiro critica reajuste de tarifa do transporte p\u00fablico - Daniel Matos\" \/>\n<meta property=\"og:description\" content=\"O reajuste das tarifas do transporte p\u00fablico foi contestado pelo vereador C\u00e9zar Bombeiro (PSD) nesta quarta-feira, 6, durante sess\u00e3o na [&hellip;]\" \/>\n<meta property=\"og:url\" content=\"https:\/\/www.blogsoestado.com\/danielmatos\/vereador-cezar-bombeiro-critica-reajuste-de-tarifa-do-transporte-publico\/\" \/>\n<meta property=\"og:site_name\" content=\"Daniel Matos\" \/>\n<meta property=\"article:published_time\" content=\"2019-02-07T12:39:26+00:00\" \/>\n<meta property=\"og:image\" content=\"https:\/\/www.blogsoestado.com\/danielmatos\/files\/2019\/02\/bombeiro-camara-1024x682.jpg\" \/>\n<meta name=\"twitter:card\" content=\"summary_large_image\" \/>\n<meta name=\"twitter:label1\" content=\"Est. tempo de leitura\" \/>\n\t<meta name=\"twitter:data1\" content=\"2 minutos\" \/>\n<script type=\"application\/ld+json\" class=\"yoast-schema-graph\">{\"@context\":\"https:\/\/schema.org\",\"@graph\":[{\"@type\":\"WebPage\",\"@id\":\"https:\/\/www.blogsoestado.com\/danielmatos\/vereador-cezar-bombeiro-critica-reajuste-de-tarifa-do-transporte-publico\/\",\"url\":\"https:\/\/www.blogsoestado.com\/danielmatos\/vereador-cezar-bombeiro-critica-reajuste-de-tarifa-do-transporte-publico\/\",\"name\":\"Vereador C\u00e9zar Bombeiro critica reajuste de tarifa do transporte p\u00fablico - Daniel Matos\",\"isPartOf\":{\"@id\":\"https:\/\/www.blogsoestado.com\/danielmatos\/#website\"},\"primaryImageOfPage\":{\"@id\":\"https:\/\/www.blogsoestado.com\/danielmatos\/vereador-cezar-bombeiro-critica-reajuste-de-tarifa-do-transporte-publico\/#primaryimage\"},\"image\":{\"@id\":\"https:\/\/www.blogsoestado.com\/danielmatos\/vereador-cezar-bombeiro-critica-reajuste-de-tarifa-do-transporte-publico\/#primaryimage\"},\"thumbnailUrl\":\"https:\/\/www.blogsoestado.com\/danielmatos\/files\/2019\/02\/bombeiro-camara-1024x682.jpg\",\"datePublished\":\"2019-02-07T12:39:26+00:00\",\"author\":{\"@id\":\"\"},\"breadcrumb\":{\"@id\":\"https:\/\/www.blogsoestado.com\/danielmatos\/vereador-cezar-bombeiro-critica-reajuste-de-tarifa-do-transporte-publico\/#breadcrumb\"},\"inLanguage\":\"pt-BR\",\"potentialAction\":[{\"@type\":\"ReadAction\",\"target\":[\"https:\/\/www.blogsoestado.com\/danielmatos\/vereador-cezar-bombeiro-critica-reajuste-de-tarifa-do-transporte-publico\/\"]}]},{\"@type\":\"ImageObject\",\"inLanguage\":\"pt-BR\",\"@id\":\"https:\/\/www.blogsoestado.com\/danielmatos\/vereador-cezar-bombeiro-critica-reajuste-de-tarifa-do-transporte-publico\/#primaryimage\",\"url\":\"https:\/\/www.blogsoestado.com\/danielmatos\/files\/2019\/02\/bombeiro-camara-1024x682.jpg\",\"contentUrl\":\"https:\/\/www.blogsoestado.com\/danielmatos\/files\/2019\/02\/bombeiro-camara-1024x682.jpg\"},{\"@type\":\"BreadcrumbList\",\"@id\":\"https:\/\/www.blogsoestado.com\/danielmatos\/vereador-cezar-bombeiro-critica-reajuste-de-tarifa-do-transporte-publico\/#breadcrumb\",\"itemListElement\":[{\"@type\":\"ListItem\",\"position\":1,\"name\":\"In\u00edcio\",\"item\":\"https:\/\/www.blogsoestado.com\/danielmatos\/\"},{\"@type\":\"ListItem\",\"position\":2,\"name\":\"Vereador C\u00e9zar Bombeiro critica reajuste de tarifa do transporte p\u00fablico\"}]},{\"@type\":\"WebSite\",\"@id\":\"https:\/\/www.blogsoestado.com\/danielmatos\/#website\",\"url\":\"https:\/\/www.blogsoestado.com\/danielmatos\/\",\"name\":\"Daniel Matos\",\"description\":\"\",\"potentialAction\":[{\"@type\":\"SearchAction\",\"target\":{\"@type\":\"EntryPoint\",\"urlTemplate\":\"https:\/\/www.blogsoestado.com\/danielmatos\/?s={search_term_string}\"},\"query-input\":{\"@type\":\"PropertyValueSpecification\",\"valueRequired\":true,\"valueName\":\"search_term_string\"}}],\"inLanguage\":\"pt-BR\"}]}<\/script>\n<!-- \/ Yoast SEO plugin. -->","yoast_head_json":{"title":"Vereador C\u00e9zar Bombeiro critica reajuste de tarifa do transporte p\u00fablico - Daniel Matos","robots":{"index":"index","follow":"follow","max-snippet":"max-snippet:-1","max-image-preview":"max-image-preview:large","max-video-preview":"max-video-preview:-1"},"canonical":"https:\/\/www.blogsoestado.com\/danielmatos\/vereador-cezar-bombeiro-critica-reajuste-de-tarifa-do-transporte-publico\/","og_locale":"pt_BR","og_type":"article","og_title":"Vereador C\u00e9zar Bombeiro critica reajuste de tarifa do transporte p\u00fablico - Daniel Matos","og_description":"O reajuste das tarifas do transporte p\u00fablico foi contestado pelo vereador C\u00e9zar Bombeiro (PSD) nesta quarta-feira, 6, durante sess\u00e3o na [&hellip;]","og_url":"https:\/\/www.blogsoestado.com\/danielmatos\/vereador-cezar-bombeiro-critica-reajuste-de-tarifa-do-transporte-publico\/","og_site_name":"Daniel Matos","article_published_time":"2019-02-07T12:39:26+00:00","og_image":[{"url":"https:\/\/www.blogsoestado.com\/danielmatos\/files\/2019\/02\/bombeiro-camara-1024x682.jpg","type":"","width":"","height":""}],"twitter_card":"summary_large_image","twitter_misc":{"Est. tempo de leitura":"2 minutos"},"schema":{"@context":"https:\/\/schema.org","@graph":[{"@type":"WebPage","@id":"https:\/\/www.blogsoestado.com\/danielmatos\/vereador-cezar-bombeiro-critica-reajuste-de-tarifa-do-transporte-publico\/","url":"https:\/\/www.blogsoestado.com\/danielmatos\/vereador-cezar-bombeiro-critica-reajuste-de-tarifa-do-transporte-publico\/","name":"Vereador C\u00e9zar Bombeiro critica reajuste de tarifa do transporte p\u00fablico - Daniel Matos","isPartOf":{"@id":"https:\/\/www.blogsoestado.com\/danielmatos\/#website"},"primaryImageOfPage":{"@id":"https:\/\/www.blogsoestado.com\/danielmatos\/vereador-cezar-bombeiro-critica-reajuste-de-tarifa-do-transporte-publico\/#primaryimage"},"image":{"@id":"https:\/\/www.blogsoestado.com\/danielmatos\/vereador-cezar-bombeiro-critica-reajuste-de-tarifa-do-transporte-publico\/#primaryimage"},"thumbnailUrl":"https:\/\/www.blogsoestado.com\/danielmatos\/files\/2019\/02\/bombeiro-camara-1024x682.jpg","datePublished":"2019-02-07T12:39:26+00:00","author":{"@id":""},"breadcrumb":{"@id":"https:\/\/www.blogsoestado.com\/danielmatos\/vereador-cezar-bombeiro-critica-reajuste-de-tarifa-do-transporte-publico\/#breadcrumb"},"inLanguage":"pt-BR","potentialAction":[{"@type":"ReadAction","target":["https:\/\/www.blogsoestado.com\/danielmatos\/vereador-cezar-bombeiro-critica-reajuste-de-tarifa-do-transporte-publico\/"]}]},{"@type":"ImageObject","inLanguage":"pt-BR","@id":"https:\/\/www.blogsoestado.com\/danielmatos\/vereador-cezar-bombeiro-critica-reajuste-de-tarifa-do-transporte-publico\/#primaryimage","url":"https:\/\/www.blogsoestado.com\/danielmatos\/files\/2019\/02\/bombeiro-camara-1024x682.jpg","contentUrl":"https:\/\/www.blogsoestado.com\/danielmatos\/files\/2019\/02\/bombeiro-camara-1024x682.jpg"},{"@type":"BreadcrumbList","@id":"https:\/\/www.blogsoestado.com\/danielmatos\/vereador-cezar-bombeiro-critica-reajuste-de-tarifa-do-transporte-publico\/#breadcrumb","itemListElement":[{"@type":"ListItem","position":1,"name":"In\u00edcio","item":"https:\/\/www.blogsoestado.com\/danielmatos\/"},{"@type":"ListItem","position":2,"name":"Vereador C\u00e9zar Bombeiro critica reajuste de tarifa do transporte p\u00fablico"}]},{"@type":"WebSite","@id":"https:\/\/www.blogsoestado.com\/danielmatos\/#website","url":"https:\/\/www.blogsoestado.com\/danielmatos\/","name":"Daniel Matos","description":"","potentialAction":[{"@type":"SearchAction","target":{"@type":"EntryPoint","urlTemplate":"https:\/\/www.blogsoestado.com\/danielmatos\/?s={search_term_string}"},"query-input":{"@type":"PropertyValueSpecification","valueRequired":true,"valueName":"search_term_string"}}],"inLanguage":"pt-BR"}]}},"jetpack_featured_media_url":"","_links":{"self":[{"href":"https:\/\/www.blogsoestado.com\/danielmatos\/wp-json\/wp\/v2\/posts\/60132","targetHints":{"allow":["GET"]}}],"collection":[{"href":"https:\/\/www.blogsoestado.com\/danielmatos\/wp-json\/wp\/v2\/posts"}],"about":[{"href":"https:\/\/www.blogsoestado.com\/danielmatos\/wp-json\/wp\/v2\/types\/post"}],"replies":[{"embeddable":true,"href":"https:\/\/www.blogsoestado.com\/danielmatos\/wp-json\/wp\/v2\/comments?post=60132"}],"version-history":[{"count":0,"href":"https:\/\/www.blogsoestado.com\/danielmatos\/wp-json\/wp\/v2\/posts\/60132\/revisions"}],"wp:attachment":[{"href":"https:\/\/www.blogsoestado.com\/danielmatos\/wp-json\/wp\/v2\/media?parent=60132"}],"wp:term":[{"taxonomy":"category","embeddable":true,"href":"https:\/\/www.blogsoestado.com\/danielmatos\/wp-json\/wp\/v2\/categories?post=60132"},{"taxonomy":"post_tag","embeddable":true,"href":"https:\/\/www.blogsoestado.com\/danielmatos\/wp-json\/wp\/v2\/tags?post=60132"}],"curies":[{"name":"wp","href":"https:\/\/api.w.org\/{rel}","templated":true}]}}