{"id":60139,"date":"2019-02-07T10:15:32","date_gmt":"2019-02-07T13:15:32","guid":{"rendered":"https:\/\/www.blogsoestado.com\/danielmatos\/?p=60139"},"modified":"2019-02-07T10:15:32","modified_gmt":"2019-02-07T13:15:32","slug":"deputado-wellington-se-reune-com-presidentes-de-associacoes-de-doencas-geneticas-e-raras-no-maranhao","status":"publish","type":"post","link":"https:\/\/www.blogsoestado.com\/danielmatos\/deputado-wellington-se-reune-com-presidentes-de-associacoes-de-doencas-geneticas-e-raras-no-maranhao\/","title":{"rendered":"Deputado Wellington se re\u00fane com presidentes de associa\u00e7\u00f5es de doen\u00e7as gen\u00e9ticas e raras no Maranh\u00e3o"},"content":{"rendered":"\n<figure class=\"wp-block-image\"><img decoding=\"async\" src=\"https:\/\/www.blogsoestado.com\/danielmatos\/files\/2019\/02\/w-doen\u00e7as-raras-1024x768.jpeg\" alt=\"\" class=\"wp-image-60140\"\/><figcaption>Wellington lamentou a inexist\u00eancia de  <br>hospitais especializados em doen\u00e7as raras no Maranh\u00e3o <\/figcaption><\/figure>\n\n\n\n<p>O deputado estadual Wellington do Curso recebeu os presidentes das Associa\u00e7\u00f5es de Doen\u00e7as Gen\u00e9ticas e Raras no Maranh\u00e3o, Paulo Ricarte (AMAGER) e Aelson Ricardo (AMAPEB), manh\u00e3 desta quarta (06),   na Assembleia Legislativa.<\/p>\n\n\n\n<p>&#8220;Atualmente n\u00e3o existem hospitais especializados em doen\u00e7as raras no Maranh\u00e3o. O que dificulta o diagn\u00f3stico preciso destas patologias. Como tamb\u00e9m h\u00e1 dificuldade de distribui\u00e7\u00e3o dos medicamentos. A maioria dos pacientes vem a \u00f3bito em virtude da espera do tratamento adequado.<br>\nO que nos causa maior tristeza \u00e9 a falta de atendimento nos hospitais tanto na capital como no interior do Estado. As pessoas vem do interior, e s\u00f3 recorrem a capital porque n\u00e3o encontrarem o amparo nas suas cidades. \u00c9 inadmiss\u00edvel que para obter o direito, tenham que judicializar para conquistar algum benef\u00edcio&#8221;, declara Wellington.<\/p>\n\n\n\n<p>A pr\u00f3xima reuni\u00e3o com a comiss\u00e3o formada para tratar do assunto acontecer\u00e1 na pr\u00f3xima ter\u00e7a (12), na Alema. Para tra\u00e7arem a\u00e7\u00f5es que envolvam os devidos \u00f3rg\u00e3os p\u00fablicos, sociedade civil e representantes da \u00e1rea de sa\u00fade. Ainda est\u00e1 prevista uma audi\u00eancia p\u00fablica para o dia mundial de doen\u00e7as raras, em 28 de fevereiro.<\/p>\n","protected":false},"excerpt":{"rendered":"<p>O deputado estadual Wellington do Curso recebeu os presidentes das Associa\u00e7\u00f5es de Doen\u00e7as Gen\u00e9ticas e Raras no Maranh\u00e3o, Paulo Ricarte [&hellip;]<\/p>\n","protected":false},"author":0,"featured_media":0,"comment_status":"open","ping_status":"open","sticky":false,"template":"","format":"standard","meta":{"site-sidebar-layout":"default","site-content-layout":"","ast-site-content-layout":"default","site-content-style":"default","site-sidebar-style":"default","ast-global-header-display":"","ast-banner-title-visibility":"","ast-main-header-display":"","ast-hfb-above-header-display":"","ast-hfb-below-header-display":"","ast-hfb-mobile-header-display":"","site-post-title":"","ast-breadcrumbs-content":"","ast-featured-img":"","footer-sml-layout":"","ast-disable-related-posts":"","theme-transparent-header-meta":"","adv-header-id-meta":"","stick-header-meta":"","header-above-stick-meta":"","header-main-stick-meta":"","header-below-stick-meta":"","astra-migrate-meta-layouts":"default","ast-page-background-enabled":"default","ast-page-background-meta":{"desktop":{"background-color":"var(--ast-global-color-5)","background-image":"","background-repeat":"repeat","background-position":"center center","background-size":"auto","background-attachment":"scroll","background-type":"","background-media":"","overlay-type":"","overlay-color":"","overlay-opacity":"","overlay-gradient":""},"tablet":{"background-color":"","background-image":"","background-repeat":"repeat","background-position":"center center","background-size":"auto","background-attachment":"scroll","background-type":"","background-media":"","overlay-type":"","overlay-color":"","overlay-opacity":"","overlay-gradient":""},"mobile":{"background-color":"","background-image":"","background-repeat":"repeat","background-position":"center center","background-size":"auto","background-attachment":"scroll","background-type":"","background-media":"","overlay-type":"","overlay-color":"","overlay-opacity":"","overlay-gradient":""}},"ast-content-background-meta":{"desktop":{"background-color":"var(--ast-global-color-4)","background-image":"","background-repeat":"repeat","background-position":"center center","background-size":"auto","background-attachment":"scroll","background-type":"","background-media":"","overlay-type":"","overlay-color":"","overlay-opacity":"","overlay-gradient":""},"tablet":{"background-color":"var(--ast-global-color-4)","background-image":"","background-repeat":"repeat","background-position":"center center","background-size":"auto","background-attachment":"scroll","background-type":"","background-media":"","overlay-type":"","overlay-color":"","overlay-opacity":"","overlay-gradient":""},"mobile":{"background-color":"var(--ast-global-color-4)","background-image":"","background-repeat":"repeat","background-position":"center center","background-size":"auto","background-attachment":"scroll","background-type":"","background-media":"","overlay-type":"","overlay-color":"","overlay-opacity":"","overlay-gradient":""}},"footnotes":""},"categories":[1],"tags":[],"class_list":["post-60139","post","type-post","status-publish","format-standard","hentry","category-sem-categoria"],"yoast_head":"<!-- This site is optimized with the Yoast SEO plugin v26.6 - https:\/\/yoast.com\/wordpress\/plugins\/seo\/ -->\n<title>Deputado Wellington se re\u00fane com presidentes de associa\u00e7\u00f5es de doen\u00e7as gen\u00e9ticas e raras no Maranh\u00e3o - Daniel Matos<\/title>\n<meta name=\"robots\" content=\"index, follow, max-snippet:-1, max-image-preview:large, max-video-preview:-1\" \/>\n<link rel=\"canonical\" href=\"https:\/\/www.blogsoestado.com\/danielmatos\/deputado-wellington-se-reune-com-presidentes-de-associacoes-de-doencas-geneticas-e-raras-no-maranhao\/\" \/>\n<meta property=\"og:locale\" content=\"pt_BR\" \/>\n<meta property=\"og:type\" content=\"article\" \/>\n<meta property=\"og:title\" content=\"Deputado Wellington se re\u00fane com presidentes de associa\u00e7\u00f5es de doen\u00e7as gen\u00e9ticas e raras no Maranh\u00e3o - Daniel Matos\" \/>\n<meta property=\"og:description\" content=\"O deputado estadual Wellington do Curso recebeu os presidentes das Associa\u00e7\u00f5es de Doen\u00e7as Gen\u00e9ticas e Raras no Maranh\u00e3o, Paulo Ricarte [&hellip;]\" \/>\n<meta property=\"og:url\" content=\"https:\/\/www.blogsoestado.com\/danielmatos\/deputado-wellington-se-reune-com-presidentes-de-associacoes-de-doencas-geneticas-e-raras-no-maranhao\/\" \/>\n<meta property=\"og:site_name\" content=\"Daniel Matos\" \/>\n<meta property=\"article:published_time\" content=\"2019-02-07T13:15:32+00:00\" \/>\n<meta name=\"twitter:card\" content=\"summary_large_image\" \/>\n<meta name=\"twitter:label1\" content=\"Est. tempo de leitura\" \/>\n\t<meta name=\"twitter:data1\" content=\"1 minuto\" \/>\n<script type=\"application\/ld+json\" class=\"yoast-schema-graph\">{\"@context\":\"https:\/\/schema.org\",\"@graph\":[{\"@type\":\"WebPage\",\"@id\":\"https:\/\/www.blogsoestado.com\/danielmatos\/deputado-wellington-se-reune-com-presidentes-de-associacoes-de-doencas-geneticas-e-raras-no-maranhao\/\",\"url\":\"https:\/\/www.blogsoestado.com\/danielmatos\/deputado-wellington-se-reune-com-presidentes-de-associacoes-de-doencas-geneticas-e-raras-no-maranhao\/\",\"name\":\"Deputado Wellington se re\u00fane com presidentes de associa\u00e7\u00f5es de doen\u00e7as gen\u00e9ticas e raras no Maranh\u00e3o - Daniel Matos\",\"isPartOf\":{\"@id\":\"https:\/\/www.blogsoestado.com\/danielmatos\/#website\"},\"datePublished\":\"2019-02-07T13:15:32+00:00\",\"author\":{\"@id\":\"\"},\"breadcrumb\":{\"@id\":\"https:\/\/www.blogsoestado.com\/danielmatos\/deputado-wellington-se-reune-com-presidentes-de-associacoes-de-doencas-geneticas-e-raras-no-maranhao\/#breadcrumb\"},\"inLanguage\":\"pt-BR\",\"potentialAction\":[{\"@type\":\"ReadAction\",\"target\":[\"https:\/\/www.blogsoestado.com\/danielmatos\/deputado-wellington-se-reune-com-presidentes-de-associacoes-de-doencas-geneticas-e-raras-no-maranhao\/\"]}]},{\"@type\":\"BreadcrumbList\",\"@id\":\"https:\/\/www.blogsoestado.com\/danielmatos\/deputado-wellington-se-reune-com-presidentes-de-associacoes-de-doencas-geneticas-e-raras-no-maranhao\/#breadcrumb\",\"itemListElement\":[{\"@type\":\"ListItem\",\"position\":1,\"name\":\"In\u00edcio\",\"item\":\"https:\/\/www.blogsoestado.com\/danielmatos\/\"},{\"@type\":\"ListItem\",\"position\":2,\"name\":\"Deputado Wellington se re\u00fane com presidentes de associa\u00e7\u00f5es de doen\u00e7as gen\u00e9ticas e raras no Maranh\u00e3o\"}]},{\"@type\":\"WebSite\",\"@id\":\"https:\/\/www.blogsoestado.com\/danielmatos\/#website\",\"url\":\"https:\/\/www.blogsoestado.com\/danielmatos\/\",\"name\":\"Daniel Matos\",\"description\":\"\",\"potentialAction\":[{\"@type\":\"SearchAction\",\"target\":{\"@type\":\"EntryPoint\",\"urlTemplate\":\"https:\/\/www.blogsoestado.com\/danielmatos\/?s={search_term_string}\"},\"query-input\":{\"@type\":\"PropertyValueSpecification\",\"valueRequired\":true,\"valueName\":\"search_term_string\"}}],\"inLanguage\":\"pt-BR\"}]}<\/script>\n<!-- \/ Yoast SEO plugin. -->","yoast_head_json":{"title":"Deputado Wellington se re\u00fane com presidentes de associa\u00e7\u00f5es de doen\u00e7as gen\u00e9ticas e raras no Maranh\u00e3o - Daniel Matos","robots":{"index":"index","follow":"follow","max-snippet":"max-snippet:-1","max-image-preview":"max-image-preview:large","max-video-preview":"max-video-preview:-1"},"canonical":"https:\/\/www.blogsoestado.com\/danielmatos\/deputado-wellington-se-reune-com-presidentes-de-associacoes-de-doencas-geneticas-e-raras-no-maranhao\/","og_locale":"pt_BR","og_type":"article","og_title":"Deputado Wellington se re\u00fane com presidentes de associa\u00e7\u00f5es de doen\u00e7as gen\u00e9ticas e raras no Maranh\u00e3o - Daniel Matos","og_description":"O deputado estadual Wellington do Curso recebeu os presidentes das Associa\u00e7\u00f5es de Doen\u00e7as Gen\u00e9ticas e Raras no Maranh\u00e3o, Paulo Ricarte [&hellip;]","og_url":"https:\/\/www.blogsoestado.com\/danielmatos\/deputado-wellington-se-reune-com-presidentes-de-associacoes-de-doencas-geneticas-e-raras-no-maranhao\/","og_site_name":"Daniel Matos","article_published_time":"2019-02-07T13:15:32+00:00","twitter_card":"summary_large_image","twitter_misc":{"Est. tempo de leitura":"1 minuto"},"schema":{"@context":"https:\/\/schema.org","@graph":[{"@type":"WebPage","@id":"https:\/\/www.blogsoestado.com\/danielmatos\/deputado-wellington-se-reune-com-presidentes-de-associacoes-de-doencas-geneticas-e-raras-no-maranhao\/","url":"https:\/\/www.blogsoestado.com\/danielmatos\/deputado-wellington-se-reune-com-presidentes-de-associacoes-de-doencas-geneticas-e-raras-no-maranhao\/","name":"Deputado Wellington se re\u00fane com presidentes de associa\u00e7\u00f5es de doen\u00e7as gen\u00e9ticas e raras no Maranh\u00e3o - Daniel Matos","isPartOf":{"@id":"https:\/\/www.blogsoestado.com\/danielmatos\/#website"},"datePublished":"2019-02-07T13:15:32+00:00","author":{"@id":""},"breadcrumb":{"@id":"https:\/\/www.blogsoestado.com\/danielmatos\/deputado-wellington-se-reune-com-presidentes-de-associacoes-de-doencas-geneticas-e-raras-no-maranhao\/#breadcrumb"},"inLanguage":"pt-BR","potentialAction":[{"@type":"ReadAction","target":["https:\/\/www.blogsoestado.com\/danielmatos\/deputado-wellington-se-reune-com-presidentes-de-associacoes-de-doencas-geneticas-e-raras-no-maranhao\/"]}]},{"@type":"BreadcrumbList","@id":"https:\/\/www.blogsoestado.com\/danielmatos\/deputado-wellington-se-reune-com-presidentes-de-associacoes-de-doencas-geneticas-e-raras-no-maranhao\/#breadcrumb","itemListElement":[{"@type":"ListItem","position":1,"name":"In\u00edcio","item":"https:\/\/www.blogsoestado.com\/danielmatos\/"},{"@type":"ListItem","position":2,"name":"Deputado Wellington se re\u00fane com presidentes de associa\u00e7\u00f5es de doen\u00e7as gen\u00e9ticas e raras no Maranh\u00e3o"}]},{"@type":"WebSite","@id":"https:\/\/www.blogsoestado.com\/danielmatos\/#website","url":"https:\/\/www.blogsoestado.com\/danielmatos\/","name":"Daniel Matos","description":"","potentialAction":[{"@type":"SearchAction","target":{"@type":"EntryPoint","urlTemplate":"https:\/\/www.blogsoestado.com\/danielmatos\/?s={search_term_string}"},"query-input":{"@type":"PropertyValueSpecification","valueRequired":true,"valueName":"search_term_string"}}],"inLanguage":"pt-BR"}]}},"jetpack_featured_media_url":"","_links":{"self":[{"href":"https:\/\/www.blogsoestado.com\/danielmatos\/wp-json\/wp\/v2\/posts\/60139","targetHints":{"allow":["GET"]}}],"collection":[{"href":"https:\/\/www.blogsoestado.com\/danielmatos\/wp-json\/wp\/v2\/posts"}],"about":[{"href":"https:\/\/www.blogsoestado.com\/danielmatos\/wp-json\/wp\/v2\/types\/post"}],"replies":[{"embeddable":true,"href":"https:\/\/www.blogsoestado.com\/danielmatos\/wp-json\/wp\/v2\/comments?post=60139"}],"version-history":[{"count":0,"href":"https:\/\/www.blogsoestado.com\/danielmatos\/wp-json\/wp\/v2\/posts\/60139\/revisions"}],"wp:attachment":[{"href":"https:\/\/www.blogsoestado.com\/danielmatos\/wp-json\/wp\/v2\/media?parent=60139"}],"wp:term":[{"taxonomy":"category","embeddable":true,"href":"https:\/\/www.blogsoestado.com\/danielmatos\/wp-json\/wp\/v2\/categories?post=60139"},{"taxonomy":"post_tag","embeddable":true,"href":"https:\/\/www.blogsoestado.com\/danielmatos\/wp-json\/wp\/v2\/tags?post=60139"}],"curies":[{"name":"wp","href":"https:\/\/api.w.org\/{rel}","templated":true}]}}