{"id":60146,"date":"2019-02-07T15:44:33","date_gmt":"2019-02-07T18:44:33","guid":{"rendered":"https:\/\/www.blogsoestado.com\/danielmatos\/?p=60146"},"modified":"2019-02-07T15:44:33","modified_gmt":"2019-02-07T18:44:33","slug":"adriano-exige-do-governo-explicacoes-sobre-fechamento-do-hospital-geral-de-matoes","status":"publish","type":"post","link":"https:\/\/www.blogsoestado.com\/danielmatos\/adriano-exige-do-governo-explicacoes-sobre-fechamento-do-hospital-geral-de-matoes\/","title":{"rendered":"Adriano exige do governo explica\u00e7\u00f5es sobre fechamento do Hospital Geral de Mat\u00f5es"},"content":{"rendered":"\n<p> <\/p>\n\n\n\n<figure class=\"wp-block-image\"><img decoding=\"async\" src=\"https:\/\/www.blogsoestado.com\/danielmatos\/files\/2019\/02\/adriano-legislatura-1024x683.jpg\" alt=\"\" class=\"wp-image-60147\"\/><figcaption>Adriano recebeu comitiva de vereadores de Mat\u00f5es do Norte, Anajatuba e outros munic\u00edpios, que denunciaram a demiss\u00e3o em massa e a aus\u00eancia de placas com informa\u00e7\u00f5es sobre a reforma do hospital<\/figcaption><\/figure>\n\n\n\n<p>O deputado estadual Adriano Sarney (PV) subiu \u00e0 tribuna da Assembleia, nesta quinta-feira (dia 7), para cobrar do governo Fl\u00e1vio Dino (PCdoB) explica\u00e7\u00f5es sobre a situa\u00e7\u00e3o do Hospital Geral de Mat\u00f5es do Norte (localizado a 138 quil\u00f4metros de S\u00e3o Lu\u00eds), cujo fechamento prejudicou o atendimento \u00e0 popula\u00e7\u00e3o de 14 munic\u00edpios da regi\u00e3o.<\/p>\n\n\n\n<p>\u201cRecebi uma comitiva de vereadores de Mat\u00f5es do Norte, Anajatuba e outros munic\u00edpios, que fizeram v\u00e1rias den\u00fancias, como a demiss\u00e3o em massa de servidores do hospital; e que, no local, n\u00e3o h\u00e1 placas informando sobre a suposta reforma divulgada pelo governo comunista, nem prazo de conclus\u00e3o ou valor total da obra. Enfim, uma total falta transpar\u00eancia. Vou entrar com um requerimento \u00e0 Assembleia cobrando do governo explica\u00e7\u00f5es sobre a situa\u00e7\u00e3o desta unidade de sa\u00fade que \u00e9 t\u00e3o importante para aquela regi\u00e3o\u201d, declarou Adriano.<\/p>\n\n\n\n<p>O deputado informou ainda que o seu requerimento dever\u00e1 ser colocado \u00e0 vota\u00e7\u00e3o, isto \u00e9, para que os parlamentares manifestem seus posicionamentos sobre esta crise na sa\u00fade em Mat\u00f5es do Norte.\n\n<\/p>\n","protected":false},"excerpt":{"rendered":"<p>O deputado estadual Adriano Sarney (PV) subiu \u00e0 tribuna da Assembleia, nesta quinta-feira (dia 7), para cobrar do governo Fl\u00e1vio [&hellip;]<\/p>\n","protected":false},"author":0,"featured_media":0,"comment_status":"open","ping_status":"open","sticky":false,"template":"","format":"standard","meta":{"site-sidebar-layout":"default","site-content-layout":"","ast-site-content-layout":"default","site-content-style":"default","site-sidebar-style":"default","ast-global-header-display":"","ast-banner-title-visibility":"","ast-main-header-display":"","ast-hfb-above-header-display":"","ast-hfb-below-header-display":"","ast-hfb-mobile-header-display":"","site-post-title":"","ast-breadcrumbs-content":"","ast-featured-img":"","footer-sml-layout":"","ast-disable-related-posts":"","theme-transparent-header-meta":"","adv-header-id-meta":"","stick-header-meta":"","header-above-stick-meta":"","header-main-stick-meta":"","header-below-stick-meta":"","astra-migrate-meta-layouts":"default","ast-page-background-enabled":"default","ast-page-background-meta":{"desktop":{"background-color":"var(--ast-global-color-5)","background-image":"","background-repeat":"repeat","background-position":"center center","background-size":"auto","background-attachment":"scroll","background-type":"","background-media":"","overlay-type":"","overlay-color":"","overlay-opacity":"","overlay-gradient":""},"tablet":{"background-color":"","background-image":"","background-repeat":"repeat","background-position":"center center","background-size":"auto","background-attachment":"scroll","background-type":"","background-media":"","overlay-type":"","overlay-color":"","overlay-opacity":"","overlay-gradient":""},"mobile":{"background-color":"","background-image":"","background-repeat":"repeat","background-position":"center center","background-size":"auto","background-attachment":"scroll","background-type":"","background-media":"","overlay-type":"","overlay-color":"","overlay-opacity":"","overlay-gradient":""}},"ast-content-background-meta":{"desktop":{"background-color":"var(--ast-global-color-4)","background-image":"","background-repeat":"repeat","background-position":"center center","background-size":"auto","background-attachment":"scroll","background-type":"","background-media":"","overlay-type":"","overlay-color":"","overlay-opacity":"","overlay-gradient":""},"tablet":{"background-color":"var(--ast-global-color-4)","background-image":"","background-repeat":"repeat","background-position":"center center","background-size":"auto","background-attachment":"scroll","background-type":"","background-media":"","overlay-type":"","overlay-color":"","overlay-opacity":"","overlay-gradient":""},"mobile":{"background-color":"var(--ast-global-color-4)","background-image":"","background-repeat":"repeat","background-position":"center center","background-size":"auto","background-attachment":"scroll","background-type":"","background-media":"","overlay-type":"","overlay-color":"","overlay-opacity":"","overlay-gradient":""}},"footnotes":""},"categories":[1],"tags":[],"class_list":["post-60146","post","type-post","status-publish","format-standard","hentry","category-sem-categoria"],"yoast_head":"<!-- This site is optimized with the Yoast SEO plugin v26.6 - https:\/\/yoast.com\/wordpress\/plugins\/seo\/ -->\n<title>Adriano exige do governo explica\u00e7\u00f5es sobre fechamento do Hospital Geral de Mat\u00f5es - Daniel Matos<\/title>\n<meta name=\"robots\" content=\"index, follow, max-snippet:-1, max-image-preview:large, max-video-preview:-1\" \/>\n<link rel=\"canonical\" href=\"https:\/\/www.blogsoestado.com\/danielmatos\/adriano-exige-do-governo-explicacoes-sobre-fechamento-do-hospital-geral-de-matoes\/\" \/>\n<meta property=\"og:locale\" content=\"pt_BR\" \/>\n<meta property=\"og:type\" content=\"article\" \/>\n<meta property=\"og:title\" content=\"Adriano exige do governo explica\u00e7\u00f5es sobre fechamento do Hospital Geral de Mat\u00f5es - Daniel Matos\" \/>\n<meta property=\"og:description\" content=\"O deputado estadual Adriano Sarney (PV) subiu \u00e0 tribuna da Assembleia, nesta quinta-feira (dia 7), para cobrar do governo Fl\u00e1vio [&hellip;]\" \/>\n<meta property=\"og:url\" content=\"https:\/\/www.blogsoestado.com\/danielmatos\/adriano-exige-do-governo-explicacoes-sobre-fechamento-do-hospital-geral-de-matoes\/\" \/>\n<meta property=\"og:site_name\" content=\"Daniel Matos\" \/>\n<meta property=\"article:published_time\" content=\"2019-02-07T18:44:33+00:00\" \/>\n<meta property=\"og:image\" content=\"https:\/\/www.blogsoestado.com\/danielmatos\/files\/2019\/02\/adriano-legislatura-1024x683.jpg\" \/>\n<meta name=\"twitter:card\" content=\"summary_large_image\" \/>\n<meta name=\"twitter:label1\" content=\"Est. tempo de leitura\" \/>\n\t<meta name=\"twitter:data1\" content=\"1 minuto\" \/>\n<script type=\"application\/ld+json\" class=\"yoast-schema-graph\">{\"@context\":\"https:\/\/schema.org\",\"@graph\":[{\"@type\":\"WebPage\",\"@id\":\"https:\/\/www.blogsoestado.com\/danielmatos\/adriano-exige-do-governo-explicacoes-sobre-fechamento-do-hospital-geral-de-matoes\/\",\"url\":\"https:\/\/www.blogsoestado.com\/danielmatos\/adriano-exige-do-governo-explicacoes-sobre-fechamento-do-hospital-geral-de-matoes\/\",\"name\":\"Adriano exige do governo explica\u00e7\u00f5es sobre fechamento do Hospital Geral de Mat\u00f5es - Daniel Matos\",\"isPartOf\":{\"@id\":\"https:\/\/www.blogsoestado.com\/danielmatos\/#website\"},\"primaryImageOfPage\":{\"@id\":\"https:\/\/www.blogsoestado.com\/danielmatos\/adriano-exige-do-governo-explicacoes-sobre-fechamento-do-hospital-geral-de-matoes\/#primaryimage\"},\"image\":{\"@id\":\"https:\/\/www.blogsoestado.com\/danielmatos\/adriano-exige-do-governo-explicacoes-sobre-fechamento-do-hospital-geral-de-matoes\/#primaryimage\"},\"thumbnailUrl\":\"https:\/\/www.blogsoestado.com\/danielmatos\/files\/2019\/02\/adriano-legislatura-1024x683.jpg\",\"datePublished\":\"2019-02-07T18:44:33+00:00\",\"author\":{\"@id\":\"\"},\"breadcrumb\":{\"@id\":\"https:\/\/www.blogsoestado.com\/danielmatos\/adriano-exige-do-governo-explicacoes-sobre-fechamento-do-hospital-geral-de-matoes\/#breadcrumb\"},\"inLanguage\":\"pt-BR\",\"potentialAction\":[{\"@type\":\"ReadAction\",\"target\":[\"https:\/\/www.blogsoestado.com\/danielmatos\/adriano-exige-do-governo-explicacoes-sobre-fechamento-do-hospital-geral-de-matoes\/\"]}]},{\"@type\":\"ImageObject\",\"inLanguage\":\"pt-BR\",\"@id\":\"https:\/\/www.blogsoestado.com\/danielmatos\/adriano-exige-do-governo-explicacoes-sobre-fechamento-do-hospital-geral-de-matoes\/#primaryimage\",\"url\":\"https:\/\/www.blogsoestado.com\/danielmatos\/files\/2019\/02\/adriano-legislatura-1024x683.jpg\",\"contentUrl\":\"https:\/\/www.blogsoestado.com\/danielmatos\/files\/2019\/02\/adriano-legislatura-1024x683.jpg\"},{\"@type\":\"BreadcrumbList\",\"@id\":\"https:\/\/www.blogsoestado.com\/danielmatos\/adriano-exige-do-governo-explicacoes-sobre-fechamento-do-hospital-geral-de-matoes\/#breadcrumb\",\"itemListElement\":[{\"@type\":\"ListItem\",\"position\":1,\"name\":\"In\u00edcio\",\"item\":\"https:\/\/www.blogsoestado.com\/danielmatos\/\"},{\"@type\":\"ListItem\",\"position\":2,\"name\":\"Adriano exige do governo explica\u00e7\u00f5es sobre fechamento do Hospital Geral de Mat\u00f5es\"}]},{\"@type\":\"WebSite\",\"@id\":\"https:\/\/www.blogsoestado.com\/danielmatos\/#website\",\"url\":\"https:\/\/www.blogsoestado.com\/danielmatos\/\",\"name\":\"Daniel Matos\",\"description\":\"\",\"potentialAction\":[{\"@type\":\"SearchAction\",\"target\":{\"@type\":\"EntryPoint\",\"urlTemplate\":\"https:\/\/www.blogsoestado.com\/danielmatos\/?s={search_term_string}\"},\"query-input\":{\"@type\":\"PropertyValueSpecification\",\"valueRequired\":true,\"valueName\":\"search_term_string\"}}],\"inLanguage\":\"pt-BR\"}]}<\/script>\n<!-- \/ Yoast SEO plugin. -->","yoast_head_json":{"title":"Adriano exige do governo explica\u00e7\u00f5es sobre fechamento do Hospital Geral de Mat\u00f5es - Daniel Matos","robots":{"index":"index","follow":"follow","max-snippet":"max-snippet:-1","max-image-preview":"max-image-preview:large","max-video-preview":"max-video-preview:-1"},"canonical":"https:\/\/www.blogsoestado.com\/danielmatos\/adriano-exige-do-governo-explicacoes-sobre-fechamento-do-hospital-geral-de-matoes\/","og_locale":"pt_BR","og_type":"article","og_title":"Adriano exige do governo explica\u00e7\u00f5es sobre fechamento do Hospital Geral de Mat\u00f5es - Daniel Matos","og_description":"O deputado estadual Adriano Sarney (PV) subiu \u00e0 tribuna da Assembleia, nesta quinta-feira (dia 7), para cobrar do governo Fl\u00e1vio [&hellip;]","og_url":"https:\/\/www.blogsoestado.com\/danielmatos\/adriano-exige-do-governo-explicacoes-sobre-fechamento-do-hospital-geral-de-matoes\/","og_site_name":"Daniel Matos","article_published_time":"2019-02-07T18:44:33+00:00","og_image":[{"url":"https:\/\/www.blogsoestado.com\/danielmatos\/files\/2019\/02\/adriano-legislatura-1024x683.jpg","type":"","width":"","height":""}],"twitter_card":"summary_large_image","twitter_misc":{"Est. tempo de leitura":"1 minuto"},"schema":{"@context":"https:\/\/schema.org","@graph":[{"@type":"WebPage","@id":"https:\/\/www.blogsoestado.com\/danielmatos\/adriano-exige-do-governo-explicacoes-sobre-fechamento-do-hospital-geral-de-matoes\/","url":"https:\/\/www.blogsoestado.com\/danielmatos\/adriano-exige-do-governo-explicacoes-sobre-fechamento-do-hospital-geral-de-matoes\/","name":"Adriano exige do governo explica\u00e7\u00f5es sobre fechamento do Hospital Geral de Mat\u00f5es - Daniel Matos","isPartOf":{"@id":"https:\/\/www.blogsoestado.com\/danielmatos\/#website"},"primaryImageOfPage":{"@id":"https:\/\/www.blogsoestado.com\/danielmatos\/adriano-exige-do-governo-explicacoes-sobre-fechamento-do-hospital-geral-de-matoes\/#primaryimage"},"image":{"@id":"https:\/\/www.blogsoestado.com\/danielmatos\/adriano-exige-do-governo-explicacoes-sobre-fechamento-do-hospital-geral-de-matoes\/#primaryimage"},"thumbnailUrl":"https:\/\/www.blogsoestado.com\/danielmatos\/files\/2019\/02\/adriano-legislatura-1024x683.jpg","datePublished":"2019-02-07T18:44:33+00:00","author":{"@id":""},"breadcrumb":{"@id":"https:\/\/www.blogsoestado.com\/danielmatos\/adriano-exige-do-governo-explicacoes-sobre-fechamento-do-hospital-geral-de-matoes\/#breadcrumb"},"inLanguage":"pt-BR","potentialAction":[{"@type":"ReadAction","target":["https:\/\/www.blogsoestado.com\/danielmatos\/adriano-exige-do-governo-explicacoes-sobre-fechamento-do-hospital-geral-de-matoes\/"]}]},{"@type":"ImageObject","inLanguage":"pt-BR","@id":"https:\/\/www.blogsoestado.com\/danielmatos\/adriano-exige-do-governo-explicacoes-sobre-fechamento-do-hospital-geral-de-matoes\/#primaryimage","url":"https:\/\/www.blogsoestado.com\/danielmatos\/files\/2019\/02\/adriano-legislatura-1024x683.jpg","contentUrl":"https:\/\/www.blogsoestado.com\/danielmatos\/files\/2019\/02\/adriano-legislatura-1024x683.jpg"},{"@type":"BreadcrumbList","@id":"https:\/\/www.blogsoestado.com\/danielmatos\/adriano-exige-do-governo-explicacoes-sobre-fechamento-do-hospital-geral-de-matoes\/#breadcrumb","itemListElement":[{"@type":"ListItem","position":1,"name":"In\u00edcio","item":"https:\/\/www.blogsoestado.com\/danielmatos\/"},{"@type":"ListItem","position":2,"name":"Adriano exige do governo explica\u00e7\u00f5es sobre fechamento do Hospital Geral de Mat\u00f5es"}]},{"@type":"WebSite","@id":"https:\/\/www.blogsoestado.com\/danielmatos\/#website","url":"https:\/\/www.blogsoestado.com\/danielmatos\/","name":"Daniel Matos","description":"","potentialAction":[{"@type":"SearchAction","target":{"@type":"EntryPoint","urlTemplate":"https:\/\/www.blogsoestado.com\/danielmatos\/?s={search_term_string}"},"query-input":{"@type":"PropertyValueSpecification","valueRequired":true,"valueName":"search_term_string"}}],"inLanguage":"pt-BR"}]}},"jetpack_featured_media_url":"","_links":{"self":[{"href":"https:\/\/www.blogsoestado.com\/danielmatos\/wp-json\/wp\/v2\/posts\/60146","targetHints":{"allow":["GET"]}}],"collection":[{"href":"https:\/\/www.blogsoestado.com\/danielmatos\/wp-json\/wp\/v2\/posts"}],"about":[{"href":"https:\/\/www.blogsoestado.com\/danielmatos\/wp-json\/wp\/v2\/types\/post"}],"replies":[{"embeddable":true,"href":"https:\/\/www.blogsoestado.com\/danielmatos\/wp-json\/wp\/v2\/comments?post=60146"}],"version-history":[{"count":0,"href":"https:\/\/www.blogsoestado.com\/danielmatos\/wp-json\/wp\/v2\/posts\/60146\/revisions"}],"wp:attachment":[{"href":"https:\/\/www.blogsoestado.com\/danielmatos\/wp-json\/wp\/v2\/media?parent=60146"}],"wp:term":[{"taxonomy":"category","embeddable":true,"href":"https:\/\/www.blogsoestado.com\/danielmatos\/wp-json\/wp\/v2\/categories?post=60146"},{"taxonomy":"post_tag","embeddable":true,"href":"https:\/\/www.blogsoestado.com\/danielmatos\/wp-json\/wp\/v2\/tags?post=60146"}],"curies":[{"name":"wp","href":"https:\/\/api.w.org\/{rel}","templated":true}]}}