{"id":60153,"date":"2019-02-07T16:55:30","date_gmt":"2019-02-07T19:55:30","guid":{"rendered":"https:\/\/www.blogsoestado.com\/danielmatos\/?p=60153"},"modified":"2019-02-07T16:55:30","modified_gmt":"2019-02-07T19:55:30","slug":"osmar-filho-celebra-parceria-que-beneficiara-servidores-da-camara-com-ingresso-no-ensino-superior","status":"publish","type":"post","link":"https:\/\/www.blogsoestado.com\/danielmatos\/osmar-filho-celebra-parceria-que-beneficiara-servidores-da-camara-com-ingresso-no-ensino-superior\/","title":{"rendered":"Osmar Filho celebra parceria que beneficiar\u00e1 servidores da C\u00e2mara com ingresso no ensino superior"},"content":{"rendered":"\n<figure class=\"wp-block-image\"><img decoding=\"async\" src=\"https:\/\/www.blogsoestado.com\/danielmatos\/files\/2019\/02\/osmar-faculdade-1-1024x682.jpg\" alt=\"\" class=\"wp-image-60154\"\/><figcaption> <br><strong><em>Presidente da C\u00e2mara, Francisco Teixeira e Ricardo Diniz durante reuni\u00e3o de trabalho<\/em><\/strong> <\/figcaption><\/figure>\n\n\n\n<p>Osmar Filho celebra parceria que beneficiar\u00e1 servidores da CMSL com ingresso no ensino superior<\/p>\n\n\n\n<p>O vereador Osmar Filho (PDT) segue inovando na sua gest\u00e3o \u00e0 frente da Presid\u00eancia C\u00e2mara Municipal de S\u00e3o Lu\u00eds.<\/p>\n\n\n\n<p>O parlamentar e o diretor-geral da Faculdade Est\u00e1cio, Francisco Teixeira, firmaram parceria que beneficiar\u00e1 servidores da Casa com a concess\u00e3o de descontos de at\u00e9 50% para ingresso no ensino superior, al\u00e9m de cursos de p\u00f3s-gradua\u00e7\u00e3o.<\/p>\n\n\n\n<p>O conv\u00eanio, que ser\u00e1 assinado oficialmente na pr\u00f3xima semana, tamb\u00e9m foi viabilizado pelo vereador Ricardo Diniz (PRTB), que atua como docente h\u00e1 16 anos e defende o ingresso no ensino superior como ferramenta de mudan\u00e7a e valoriza\u00e7\u00e3o profissional.<\/p>\n\n\n\n<p>Todos os servidores da C\u00e2mara poder\u00e3o ter acesso a uma bolsa que oferecer\u00e1 desconto de at\u00e9 50% em qualquer curso da Est\u00e1cio \u2013 modalidade presencial e a dist\u00e2ncia, al\u00e9m de cursos de especializa\u00e7\u00e3o. O benef\u00edcio tamb\u00e9m se estende aos dependentes do funcion\u00e1rio (c\u00f4njuge e filhos).<\/p>\n\n\n\n<p>Em contrapartida, os universit\u00e1rios da institui\u00e7\u00e3o poder\u00e3o atuar em diversos setores da C\u00e2mara atrav\u00e9s de bolsa de est\u00e1gio.<\/p>\n\n\n\n<p>\u201cCom esta parceria, iremos oportunizar o ingresso dos servidores no ensino superior. Assim, teremos o reflexo tamb\u00e9m no atendimento da Casa e na presta\u00e7\u00e3o de servi\u00e7os a toda a popula\u00e7\u00e3o de S\u00e3o Lu\u00eds, uma vez que a capacita\u00e7\u00e3o profissional far\u00e1 a diferen\u00e7a na vida dos nossos funcion\u00e1rios\u2019\u2019, afirmou Osmar Filho.<\/p>\n\n\n\n<p>Ricardo Diniz destacou desprendimento do vereador\/presidente, que n\u00e3o mediu esfor\u00e7os para viabilizar a parceria.<\/p>\n\n\n\n<p>\u2018\u2019Sou professor e sei da import\u00e2ncia da qualifica\u00e7\u00e3o profissional na melhoria da qualidade de vida e na aplica\u00e7\u00e3o do aprendizado no dia a dia, no uso dos procedimentos t\u00e9cnicos e operacionais dos trabalhos. Para os servidores da C\u00e2mara, a parceria surge com o objetivo de somar nas demandas e ser um instrumento de mudan\u00e7a e renova\u00e7\u00e3o\u201d, disse.<\/p>\n\n\n\n<p>Francisco Teixeira tamb\u00e9m ressaltou a import\u00e2ncia da coopera\u00e7\u00e3o p\u00fablico-privado.<\/p>\n\n\n\n<p>\u2018\u2019Para n\u00f3s, da Est\u00e1cio, significa um ganho imensur\u00e1vel selar esta parceria que ter\u00e1 muito a acrescentar para a C\u00e2mara, para nossa institui\u00e7\u00e3o e, consequentemente para o mercado de trabalho de S\u00e3o Lu\u00eds. O presidente Osmar Filho mostrou, mais uma vez, que possui um perfil inovador e vision\u00e1rio\u2019\u2019, comentou.<\/p>\n\n\n\n<p>Tamb\u00e9m participaram da reuni\u00e3o a gestora comercial da Faculdade, Adriana Assis; os coordenadores dos curso de Cont\u00e1beis e Jornalismo; Jos\u00e9 Reis Rocha e Lilia Antoniere respectivamente; al\u00e9m do procurador da C\u00e2mara, Vitor Cardoso.<\/p>\n","protected":false},"excerpt":{"rendered":"<p>Osmar Filho celebra parceria que beneficiar\u00e1 servidores da CMSL com ingresso no ensino superior O vereador Osmar Filho (PDT) segue [&hellip;]<\/p>\n","protected":false},"author":0,"featured_media":0,"comment_status":"open","ping_status":"open","sticky":false,"template":"","format":"standard","meta":{"site-sidebar-layout":"default","site-content-layout":"","ast-site-content-layout":"default","site-content-style":"default","site-sidebar-style":"default","ast-global-header-display":"","ast-banner-title-visibility":"","ast-main-header-display":"","ast-hfb-above-header-display":"","ast-hfb-below-header-display":"","ast-hfb-mobile-header-display":"","site-post-title":"","ast-breadcrumbs-content":"","ast-featured-img":"","footer-sml-layout":"","ast-disable-related-posts":"","theme-transparent-header-meta":"","adv-header-id-meta":"","stick-header-meta":"","header-above-stick-meta":"","header-main-stick-meta":"","header-below-stick-meta":"","astra-migrate-meta-layouts":"default","ast-page-background-enabled":"default","ast-page-background-meta":{"desktop":{"background-color":"var(--ast-global-color-5)","background-image":"","background-repeat":"repeat","background-position":"center center","background-size":"auto","background-attachment":"scroll","background-type":"","background-media":"","overlay-type":"","overlay-color":"","overlay-opacity":"","overlay-gradient":""},"tablet":{"background-color":"","background-image":"","background-repeat":"repeat","background-position":"center center","background-size":"auto","background-attachment":"scroll","background-type":"","background-media":"","overlay-type":"","overlay-color":"","overlay-opacity":"","overlay-gradient":""},"mobile":{"background-color":"","background-image":"","background-repeat":"repeat","background-position":"center center","background-size":"auto","background-attachment":"scroll","background-type":"","background-media":"","overlay-type":"","overlay-color":"","overlay-opacity":"","overlay-gradient":""}},"ast-content-background-meta":{"desktop":{"background-color":"var(--ast-global-color-4)","background-image":"","background-repeat":"repeat","background-position":"center center","background-size":"auto","background-attachment":"scroll","background-type":"","background-media":"","overlay-type":"","overlay-color":"","overlay-opacity":"","overlay-gradient":""},"tablet":{"background-color":"var(--ast-global-color-4)","background-image":"","background-repeat":"repeat","background-position":"center center","background-size":"auto","background-attachment":"scroll","background-type":"","background-media":"","overlay-type":"","overlay-color":"","overlay-opacity":"","overlay-gradient":""},"mobile":{"background-color":"var(--ast-global-color-4)","background-image":"","background-repeat":"repeat","background-position":"center center","background-size":"auto","background-attachment":"scroll","background-type":"","background-media":"","overlay-type":"","overlay-color":"","overlay-opacity":"","overlay-gradient":""}},"footnotes":""},"categories":[1],"tags":[],"class_list":["post-60153","post","type-post","status-publish","format-standard","hentry","category-sem-categoria"],"yoast_head":"<!-- This site is optimized with the Yoast SEO plugin v26.6 - https:\/\/yoast.com\/wordpress\/plugins\/seo\/ -->\n<title>Osmar Filho celebra parceria que beneficiar\u00e1 servidores da C\u00e2mara com ingresso no ensino superior - Daniel Matos<\/title>\n<meta name=\"robots\" content=\"index, follow, max-snippet:-1, max-image-preview:large, max-video-preview:-1\" \/>\n<link rel=\"canonical\" href=\"https:\/\/www.blogsoestado.com\/danielmatos\/osmar-filho-celebra-parceria-que-beneficiara-servidores-da-camara-com-ingresso-no-ensino-superior\/\" \/>\n<meta property=\"og:locale\" content=\"pt_BR\" \/>\n<meta property=\"og:type\" content=\"article\" \/>\n<meta property=\"og:title\" content=\"Osmar Filho celebra parceria que beneficiar\u00e1 servidores da C\u00e2mara com ingresso no ensino superior - Daniel Matos\" \/>\n<meta property=\"og:description\" content=\"Osmar Filho celebra parceria que beneficiar\u00e1 servidores da CMSL com ingresso no ensino superior O vereador Osmar Filho (PDT) segue [&hellip;]\" \/>\n<meta property=\"og:url\" content=\"https:\/\/www.blogsoestado.com\/danielmatos\/osmar-filho-celebra-parceria-que-beneficiara-servidores-da-camara-com-ingresso-no-ensino-superior\/\" \/>\n<meta property=\"og:site_name\" content=\"Daniel Matos\" \/>\n<meta property=\"article:published_time\" content=\"2019-02-07T19:55:30+00:00\" \/>\n<meta property=\"og:image\" content=\"https:\/\/www.blogsoestado.com\/danielmatos\/files\/2019\/02\/osmar-faculdade-1-1024x682.jpg\" \/>\n<meta name=\"twitter:card\" content=\"summary_large_image\" \/>\n<meta name=\"twitter:label1\" content=\"Est. tempo de leitura\" \/>\n\t<meta name=\"twitter:data1\" content=\"2 minutos\" \/>\n<script type=\"application\/ld+json\" class=\"yoast-schema-graph\">{\"@context\":\"https:\/\/schema.org\",\"@graph\":[{\"@type\":\"WebPage\",\"@id\":\"https:\/\/www.blogsoestado.com\/danielmatos\/osmar-filho-celebra-parceria-que-beneficiara-servidores-da-camara-com-ingresso-no-ensino-superior\/\",\"url\":\"https:\/\/www.blogsoestado.com\/danielmatos\/osmar-filho-celebra-parceria-que-beneficiara-servidores-da-camara-com-ingresso-no-ensino-superior\/\",\"name\":\"Osmar Filho celebra parceria que beneficiar\u00e1 servidores da C\u00e2mara com ingresso no ensino superior - Daniel Matos\",\"isPartOf\":{\"@id\":\"https:\/\/www.blogsoestado.com\/danielmatos\/#website\"},\"primaryImageOfPage\":{\"@id\":\"https:\/\/www.blogsoestado.com\/danielmatos\/osmar-filho-celebra-parceria-que-beneficiara-servidores-da-camara-com-ingresso-no-ensino-superior\/#primaryimage\"},\"image\":{\"@id\":\"https:\/\/www.blogsoestado.com\/danielmatos\/osmar-filho-celebra-parceria-que-beneficiara-servidores-da-camara-com-ingresso-no-ensino-superior\/#primaryimage\"},\"thumbnailUrl\":\"https:\/\/www.blogsoestado.com\/danielmatos\/files\/2019\/02\/osmar-faculdade-1-1024x682.jpg\",\"datePublished\":\"2019-02-07T19:55:30+00:00\",\"author\":{\"@id\":\"\"},\"breadcrumb\":{\"@id\":\"https:\/\/www.blogsoestado.com\/danielmatos\/osmar-filho-celebra-parceria-que-beneficiara-servidores-da-camara-com-ingresso-no-ensino-superior\/#breadcrumb\"},\"inLanguage\":\"pt-BR\",\"potentialAction\":[{\"@type\":\"ReadAction\",\"target\":[\"https:\/\/www.blogsoestado.com\/danielmatos\/osmar-filho-celebra-parceria-que-beneficiara-servidores-da-camara-com-ingresso-no-ensino-superior\/\"]}]},{\"@type\":\"ImageObject\",\"inLanguage\":\"pt-BR\",\"@id\":\"https:\/\/www.blogsoestado.com\/danielmatos\/osmar-filho-celebra-parceria-que-beneficiara-servidores-da-camara-com-ingresso-no-ensino-superior\/#primaryimage\",\"url\":\"https:\/\/www.blogsoestado.com\/danielmatos\/files\/2019\/02\/osmar-faculdade-1-1024x682.jpg\",\"contentUrl\":\"https:\/\/www.blogsoestado.com\/danielmatos\/files\/2019\/02\/osmar-faculdade-1-1024x682.jpg\"},{\"@type\":\"BreadcrumbList\",\"@id\":\"https:\/\/www.blogsoestado.com\/danielmatos\/osmar-filho-celebra-parceria-que-beneficiara-servidores-da-camara-com-ingresso-no-ensino-superior\/#breadcrumb\",\"itemListElement\":[{\"@type\":\"ListItem\",\"position\":1,\"name\":\"In\u00edcio\",\"item\":\"https:\/\/www.blogsoestado.com\/danielmatos\/\"},{\"@type\":\"ListItem\",\"position\":2,\"name\":\"Osmar Filho celebra parceria que beneficiar\u00e1 servidores da C\u00e2mara com ingresso no ensino superior\"}]},{\"@type\":\"WebSite\",\"@id\":\"https:\/\/www.blogsoestado.com\/danielmatos\/#website\",\"url\":\"https:\/\/www.blogsoestado.com\/danielmatos\/\",\"name\":\"Daniel Matos\",\"description\":\"\",\"potentialAction\":[{\"@type\":\"SearchAction\",\"target\":{\"@type\":\"EntryPoint\",\"urlTemplate\":\"https:\/\/www.blogsoestado.com\/danielmatos\/?s={search_term_string}\"},\"query-input\":{\"@type\":\"PropertyValueSpecification\",\"valueRequired\":true,\"valueName\":\"search_term_string\"}}],\"inLanguage\":\"pt-BR\"}]}<\/script>\n<!-- \/ Yoast SEO plugin. -->","yoast_head_json":{"title":"Osmar Filho celebra parceria que beneficiar\u00e1 servidores da C\u00e2mara com ingresso no ensino superior - Daniel Matos","robots":{"index":"index","follow":"follow","max-snippet":"max-snippet:-1","max-image-preview":"max-image-preview:large","max-video-preview":"max-video-preview:-1"},"canonical":"https:\/\/www.blogsoestado.com\/danielmatos\/osmar-filho-celebra-parceria-que-beneficiara-servidores-da-camara-com-ingresso-no-ensino-superior\/","og_locale":"pt_BR","og_type":"article","og_title":"Osmar Filho celebra parceria que beneficiar\u00e1 servidores da C\u00e2mara com ingresso no ensino superior - Daniel Matos","og_description":"Osmar Filho celebra parceria que beneficiar\u00e1 servidores da CMSL com ingresso no ensino superior O vereador Osmar Filho (PDT) segue [&hellip;]","og_url":"https:\/\/www.blogsoestado.com\/danielmatos\/osmar-filho-celebra-parceria-que-beneficiara-servidores-da-camara-com-ingresso-no-ensino-superior\/","og_site_name":"Daniel Matos","article_published_time":"2019-02-07T19:55:30+00:00","og_image":[{"url":"https:\/\/www.blogsoestado.com\/danielmatos\/files\/2019\/02\/osmar-faculdade-1-1024x682.jpg","type":"","width":"","height":""}],"twitter_card":"summary_large_image","twitter_misc":{"Est. tempo de leitura":"2 minutos"},"schema":{"@context":"https:\/\/schema.org","@graph":[{"@type":"WebPage","@id":"https:\/\/www.blogsoestado.com\/danielmatos\/osmar-filho-celebra-parceria-que-beneficiara-servidores-da-camara-com-ingresso-no-ensino-superior\/","url":"https:\/\/www.blogsoestado.com\/danielmatos\/osmar-filho-celebra-parceria-que-beneficiara-servidores-da-camara-com-ingresso-no-ensino-superior\/","name":"Osmar Filho celebra parceria que beneficiar\u00e1 servidores da C\u00e2mara com ingresso no ensino superior - Daniel Matos","isPartOf":{"@id":"https:\/\/www.blogsoestado.com\/danielmatos\/#website"},"primaryImageOfPage":{"@id":"https:\/\/www.blogsoestado.com\/danielmatos\/osmar-filho-celebra-parceria-que-beneficiara-servidores-da-camara-com-ingresso-no-ensino-superior\/#primaryimage"},"image":{"@id":"https:\/\/www.blogsoestado.com\/danielmatos\/osmar-filho-celebra-parceria-que-beneficiara-servidores-da-camara-com-ingresso-no-ensino-superior\/#primaryimage"},"thumbnailUrl":"https:\/\/www.blogsoestado.com\/danielmatos\/files\/2019\/02\/osmar-faculdade-1-1024x682.jpg","datePublished":"2019-02-07T19:55:30+00:00","author":{"@id":""},"breadcrumb":{"@id":"https:\/\/www.blogsoestado.com\/danielmatos\/osmar-filho-celebra-parceria-que-beneficiara-servidores-da-camara-com-ingresso-no-ensino-superior\/#breadcrumb"},"inLanguage":"pt-BR","potentialAction":[{"@type":"ReadAction","target":["https:\/\/www.blogsoestado.com\/danielmatos\/osmar-filho-celebra-parceria-que-beneficiara-servidores-da-camara-com-ingresso-no-ensino-superior\/"]}]},{"@type":"ImageObject","inLanguage":"pt-BR","@id":"https:\/\/www.blogsoestado.com\/danielmatos\/osmar-filho-celebra-parceria-que-beneficiara-servidores-da-camara-com-ingresso-no-ensino-superior\/#primaryimage","url":"https:\/\/www.blogsoestado.com\/danielmatos\/files\/2019\/02\/osmar-faculdade-1-1024x682.jpg","contentUrl":"https:\/\/www.blogsoestado.com\/danielmatos\/files\/2019\/02\/osmar-faculdade-1-1024x682.jpg"},{"@type":"BreadcrumbList","@id":"https:\/\/www.blogsoestado.com\/danielmatos\/osmar-filho-celebra-parceria-que-beneficiara-servidores-da-camara-com-ingresso-no-ensino-superior\/#breadcrumb","itemListElement":[{"@type":"ListItem","position":1,"name":"In\u00edcio","item":"https:\/\/www.blogsoestado.com\/danielmatos\/"},{"@type":"ListItem","position":2,"name":"Osmar Filho celebra parceria que beneficiar\u00e1 servidores da C\u00e2mara com ingresso no ensino superior"}]},{"@type":"WebSite","@id":"https:\/\/www.blogsoestado.com\/danielmatos\/#website","url":"https:\/\/www.blogsoestado.com\/danielmatos\/","name":"Daniel Matos","description":"","potentialAction":[{"@type":"SearchAction","target":{"@type":"EntryPoint","urlTemplate":"https:\/\/www.blogsoestado.com\/danielmatos\/?s={search_term_string}"},"query-input":{"@type":"PropertyValueSpecification","valueRequired":true,"valueName":"search_term_string"}}],"inLanguage":"pt-BR"}]}},"jetpack_featured_media_url":"","_links":{"self":[{"href":"https:\/\/www.blogsoestado.com\/danielmatos\/wp-json\/wp\/v2\/posts\/60153","targetHints":{"allow":["GET"]}}],"collection":[{"href":"https:\/\/www.blogsoestado.com\/danielmatos\/wp-json\/wp\/v2\/posts"}],"about":[{"href":"https:\/\/www.blogsoestado.com\/danielmatos\/wp-json\/wp\/v2\/types\/post"}],"replies":[{"embeddable":true,"href":"https:\/\/www.blogsoestado.com\/danielmatos\/wp-json\/wp\/v2\/comments?post=60153"}],"version-history":[{"count":0,"href":"https:\/\/www.blogsoestado.com\/danielmatos\/wp-json\/wp\/v2\/posts\/60153\/revisions"}],"wp:attachment":[{"href":"https:\/\/www.blogsoestado.com\/danielmatos\/wp-json\/wp\/v2\/media?parent=60153"}],"wp:term":[{"taxonomy":"category","embeddable":true,"href":"https:\/\/www.blogsoestado.com\/danielmatos\/wp-json\/wp\/v2\/categories?post=60153"},{"taxonomy":"post_tag","embeddable":true,"href":"https:\/\/www.blogsoestado.com\/danielmatos\/wp-json\/wp\/v2\/tags?post=60153"}],"curies":[{"name":"wp","href":"https:\/\/api.w.org\/{rel}","templated":true}]}}