{"id":60169,"date":"2019-02-08T10:05:07","date_gmt":"2019-02-08T13:05:07","guid":{"rendered":"https:\/\/www.blogsoestado.com\/danielmatos\/?p=60169"},"modified":"2019-02-08T10:05:07","modified_gmt":"2019-02-08T13:05:07","slug":"ze-gentil-pede-uniao-em-beneficio-do-povo-do-maranhao","status":"publish","type":"post","link":"https:\/\/www.blogsoestado.com\/danielmatos\/ze-gentil-pede-uniao-em-beneficio-do-povo-do-maranhao\/","title":{"rendered":"Z\u00e9 Gentil pede uni\u00e3o em benef\u00edcio do povo do Maranh\u00e3o"},"content":{"rendered":"\n<figure class=\"wp-block-image\"><img decoding=\"async\" src=\"https:\/\/www.blogsoestado.com\/danielmatos\/files\/2019\/02\/ze-gentil-tribuna-1024x683.jpg\" alt=\"\" class=\"wp-image-60170\"\/><figcaption> <br>Z\u00e9 Gentil reafirmou compromisso de defender os interesses do povo da regi\u00e3o de Caxias e de todo Maranh\u00e3o <\/figcaption><\/figure>\n\n\n\n<p>Em pronunciamento feito na sess\u00e3o desta quinta-feira (7), o deputado Z\u00e9 Gentil (PRB) se colocou-se \u00e0 disposi\u00e7\u00e3o dos seus colegas de Plen\u00e1rio para que, juntos, possam trabalhar em prol da popula\u00e7\u00e3o do Maranh\u00e3o.<\/p>\n\n\n\n<p>\u201cQuero dizer a todos voc\u00eas que continuo da mesma maneira das outras vezes que passei por este Parlamento. Podem contar comigo, serei grato a cada um que me estender a m\u00e3o. Aqui estou para defender os interesses do povo da regi\u00e3o de Caxias e de todo Maranh\u00e3o. Eu sempre me coloquei e continuo me colocando \u00e0 disposi\u00e7\u00e3o dos meus colegas deputados, para que possamos fazer uma boa gest\u00e3o\u201d, afirmou Z\u00e9 Gentil, ressaltando a sua gratid\u00e3o e reconhecimento pelos 62.368 votos, sendo 31.420, da cidade de Caxias.  <\/p>\n\n\n\n<p>Ao destacar que Caxias tem mais dois representantes no Legislativo estadual &#8211; a deputada Cleide Coutinho (PDT) e o deputado Adelmo Soares (PCdoB) -, Z\u00e9 Gentil afirmou que j\u00e1 conversou com os seus colegas e enfatizou que \u201cneste instante, nos resta retribuir ao povo que votou na gente. Quanto ao futuro nas elei\u00e7\u00f5es, isso pertence a cada um, mas, neste momento, eu queria contar com o apoio desta Casa, principalmente, dos dois deputados de Caxias\u201d.<\/p>\n\n\n\n<p><strong>BR-316<\/strong><\/p>\n\n\n\n<p>Z\u00e9 Gentil tamb\u00e9m defendeu a recupera\u00e7\u00e3o da BR-316, no trecho que liga Caxias ao bairro Veneza. \u201cEu gostaria que o secret\u00e1rio de Estado de Infraestrutura, Clayton Noleto, inclu\u00edsse o trecho que liga a BR-316, na passagem de Caxias a Veneza, que est\u00e1 totalmente danificado\u201d, solicitou.<\/p>\n","protected":false},"excerpt":{"rendered":"<p>Em pronunciamento feito na sess\u00e3o desta quinta-feira (7), o deputado Z\u00e9 Gentil (PRB) se colocou-se \u00e0 disposi\u00e7\u00e3o dos seus colegas [&hellip;]<\/p>\n","protected":false},"author":0,"featured_media":0,"comment_status":"open","ping_status":"open","sticky":false,"template":"","format":"standard","meta":{"site-sidebar-layout":"default","site-content-layout":"","ast-site-content-layout":"default","site-content-style":"default","site-sidebar-style":"default","ast-global-header-display":"","ast-banner-title-visibility":"","ast-main-header-display":"","ast-hfb-above-header-display":"","ast-hfb-below-header-display":"","ast-hfb-mobile-header-display":"","site-post-title":"","ast-breadcrumbs-content":"","ast-featured-img":"","footer-sml-layout":"","ast-disable-related-posts":"","theme-transparent-header-meta":"","adv-header-id-meta":"","stick-header-meta":"","header-above-stick-meta":"","header-main-stick-meta":"","header-below-stick-meta":"","astra-migrate-meta-layouts":"default","ast-page-background-enabled":"default","ast-page-background-meta":{"desktop":{"background-color":"var(--ast-global-color-5)","background-image":"","background-repeat":"repeat","background-position":"center center","background-size":"auto","background-attachment":"scroll","background-type":"","background-media":"","overlay-type":"","overlay-color":"","overlay-opacity":"","overlay-gradient":""},"tablet":{"background-color":"","background-image":"","background-repeat":"repeat","background-position":"center center","background-size":"auto","background-attachment":"scroll","background-type":"","background-media":"","overlay-type":"","overlay-color":"","overlay-opacity":"","overlay-gradient":""},"mobile":{"background-color":"","background-image":"","background-repeat":"repeat","background-position":"center center","background-size":"auto","background-attachment":"scroll","background-type":"","background-media":"","overlay-type":"","overlay-color":"","overlay-opacity":"","overlay-gradient":""}},"ast-content-background-meta":{"desktop":{"background-color":"var(--ast-global-color-4)","background-image":"","background-repeat":"repeat","background-position":"center center","background-size":"auto","background-attachment":"scroll","background-type":"","background-media":"","overlay-type":"","overlay-color":"","overlay-opacity":"","overlay-gradient":""},"tablet":{"background-color":"var(--ast-global-color-4)","background-image":"","background-repeat":"repeat","background-position":"center center","background-size":"auto","background-attachment":"scroll","background-type":"","background-media":"","overlay-type":"","overlay-color":"","overlay-opacity":"","overlay-gradient":""},"mobile":{"background-color":"var(--ast-global-color-4)","background-image":"","background-repeat":"repeat","background-position":"center center","background-size":"auto","background-attachment":"scroll","background-type":"","background-media":"","overlay-type":"","overlay-color":"","overlay-opacity":"","overlay-gradient":""}},"footnotes":""},"categories":[1],"tags":[],"class_list":["post-60169","post","type-post","status-publish","format-standard","hentry","category-sem-categoria"],"yoast_head":"<!-- This site is optimized with the Yoast SEO plugin v26.6 - https:\/\/yoast.com\/wordpress\/plugins\/seo\/ -->\n<title>Z\u00e9 Gentil pede uni\u00e3o em benef\u00edcio do povo do Maranh\u00e3o - Daniel Matos<\/title>\n<meta name=\"robots\" content=\"index, follow, max-snippet:-1, max-image-preview:large, max-video-preview:-1\" \/>\n<link rel=\"canonical\" href=\"https:\/\/www.blogsoestado.com\/danielmatos\/ze-gentil-pede-uniao-em-beneficio-do-povo-do-maranhao\/\" \/>\n<meta property=\"og:locale\" content=\"pt_BR\" \/>\n<meta property=\"og:type\" content=\"article\" \/>\n<meta property=\"og:title\" content=\"Z\u00e9 Gentil pede uni\u00e3o em benef\u00edcio do povo do Maranh\u00e3o - Daniel Matos\" \/>\n<meta property=\"og:description\" content=\"Em pronunciamento feito na sess\u00e3o desta quinta-feira (7), o deputado Z\u00e9 Gentil (PRB) se colocou-se \u00e0 disposi\u00e7\u00e3o dos seus colegas [&hellip;]\" \/>\n<meta property=\"og:url\" content=\"https:\/\/www.blogsoestado.com\/danielmatos\/ze-gentil-pede-uniao-em-beneficio-do-povo-do-maranhao\/\" \/>\n<meta property=\"og:site_name\" content=\"Daniel Matos\" \/>\n<meta property=\"article:published_time\" content=\"2019-02-08T13:05:07+00:00\" \/>\n<meta property=\"og:image\" content=\"https:\/\/www.blogsoestado.com\/danielmatos\/files\/2019\/02\/ze-gentil-tribuna-1024x683.jpg\" \/>\n<meta name=\"twitter:card\" content=\"summary_large_image\" \/>\n<meta name=\"twitter:label1\" content=\"Est. tempo de leitura\" \/>\n\t<meta name=\"twitter:data1\" content=\"1 minuto\" \/>\n<script type=\"application\/ld+json\" class=\"yoast-schema-graph\">{\"@context\":\"https:\/\/schema.org\",\"@graph\":[{\"@type\":\"WebPage\",\"@id\":\"https:\/\/www.blogsoestado.com\/danielmatos\/ze-gentil-pede-uniao-em-beneficio-do-povo-do-maranhao\/\",\"url\":\"https:\/\/www.blogsoestado.com\/danielmatos\/ze-gentil-pede-uniao-em-beneficio-do-povo-do-maranhao\/\",\"name\":\"Z\u00e9 Gentil pede uni\u00e3o em benef\u00edcio do povo do Maranh\u00e3o - Daniel Matos\",\"isPartOf\":{\"@id\":\"https:\/\/www.blogsoestado.com\/danielmatos\/#website\"},\"primaryImageOfPage\":{\"@id\":\"https:\/\/www.blogsoestado.com\/danielmatos\/ze-gentil-pede-uniao-em-beneficio-do-povo-do-maranhao\/#primaryimage\"},\"image\":{\"@id\":\"https:\/\/www.blogsoestado.com\/danielmatos\/ze-gentil-pede-uniao-em-beneficio-do-povo-do-maranhao\/#primaryimage\"},\"thumbnailUrl\":\"https:\/\/www.blogsoestado.com\/danielmatos\/files\/2019\/02\/ze-gentil-tribuna-1024x683.jpg\",\"datePublished\":\"2019-02-08T13:05:07+00:00\",\"author\":{\"@id\":\"\"},\"breadcrumb\":{\"@id\":\"https:\/\/www.blogsoestado.com\/danielmatos\/ze-gentil-pede-uniao-em-beneficio-do-povo-do-maranhao\/#breadcrumb\"},\"inLanguage\":\"pt-BR\",\"potentialAction\":[{\"@type\":\"ReadAction\",\"target\":[\"https:\/\/www.blogsoestado.com\/danielmatos\/ze-gentil-pede-uniao-em-beneficio-do-povo-do-maranhao\/\"]}]},{\"@type\":\"ImageObject\",\"inLanguage\":\"pt-BR\",\"@id\":\"https:\/\/www.blogsoestado.com\/danielmatos\/ze-gentil-pede-uniao-em-beneficio-do-povo-do-maranhao\/#primaryimage\",\"url\":\"https:\/\/www.blogsoestado.com\/danielmatos\/files\/2019\/02\/ze-gentil-tribuna-1024x683.jpg\",\"contentUrl\":\"https:\/\/www.blogsoestado.com\/danielmatos\/files\/2019\/02\/ze-gentil-tribuna-1024x683.jpg\"},{\"@type\":\"BreadcrumbList\",\"@id\":\"https:\/\/www.blogsoestado.com\/danielmatos\/ze-gentil-pede-uniao-em-beneficio-do-povo-do-maranhao\/#breadcrumb\",\"itemListElement\":[{\"@type\":\"ListItem\",\"position\":1,\"name\":\"In\u00edcio\",\"item\":\"https:\/\/www.blogsoestado.com\/danielmatos\/\"},{\"@type\":\"ListItem\",\"position\":2,\"name\":\"Z\u00e9 Gentil pede uni\u00e3o em benef\u00edcio do povo do Maranh\u00e3o\"}]},{\"@type\":\"WebSite\",\"@id\":\"https:\/\/www.blogsoestado.com\/danielmatos\/#website\",\"url\":\"https:\/\/www.blogsoestado.com\/danielmatos\/\",\"name\":\"Daniel Matos\",\"description\":\"\",\"potentialAction\":[{\"@type\":\"SearchAction\",\"target\":{\"@type\":\"EntryPoint\",\"urlTemplate\":\"https:\/\/www.blogsoestado.com\/danielmatos\/?s={search_term_string}\"},\"query-input\":{\"@type\":\"PropertyValueSpecification\",\"valueRequired\":true,\"valueName\":\"search_term_string\"}}],\"inLanguage\":\"pt-BR\"}]}<\/script>\n<!-- \/ Yoast SEO plugin. -->","yoast_head_json":{"title":"Z\u00e9 Gentil pede uni\u00e3o em benef\u00edcio do povo do Maranh\u00e3o - Daniel Matos","robots":{"index":"index","follow":"follow","max-snippet":"max-snippet:-1","max-image-preview":"max-image-preview:large","max-video-preview":"max-video-preview:-1"},"canonical":"https:\/\/www.blogsoestado.com\/danielmatos\/ze-gentil-pede-uniao-em-beneficio-do-povo-do-maranhao\/","og_locale":"pt_BR","og_type":"article","og_title":"Z\u00e9 Gentil pede uni\u00e3o em benef\u00edcio do povo do Maranh\u00e3o - Daniel Matos","og_description":"Em pronunciamento feito na sess\u00e3o desta quinta-feira (7), o deputado Z\u00e9 Gentil (PRB) se colocou-se \u00e0 disposi\u00e7\u00e3o dos seus colegas [&hellip;]","og_url":"https:\/\/www.blogsoestado.com\/danielmatos\/ze-gentil-pede-uniao-em-beneficio-do-povo-do-maranhao\/","og_site_name":"Daniel Matos","article_published_time":"2019-02-08T13:05:07+00:00","og_image":[{"url":"https:\/\/www.blogsoestado.com\/danielmatos\/files\/2019\/02\/ze-gentil-tribuna-1024x683.jpg","type":"","width":"","height":""}],"twitter_card":"summary_large_image","twitter_misc":{"Est. tempo de leitura":"1 minuto"},"schema":{"@context":"https:\/\/schema.org","@graph":[{"@type":"WebPage","@id":"https:\/\/www.blogsoestado.com\/danielmatos\/ze-gentil-pede-uniao-em-beneficio-do-povo-do-maranhao\/","url":"https:\/\/www.blogsoestado.com\/danielmatos\/ze-gentil-pede-uniao-em-beneficio-do-povo-do-maranhao\/","name":"Z\u00e9 Gentil pede uni\u00e3o em benef\u00edcio do povo do Maranh\u00e3o - Daniel Matos","isPartOf":{"@id":"https:\/\/www.blogsoestado.com\/danielmatos\/#website"},"primaryImageOfPage":{"@id":"https:\/\/www.blogsoestado.com\/danielmatos\/ze-gentil-pede-uniao-em-beneficio-do-povo-do-maranhao\/#primaryimage"},"image":{"@id":"https:\/\/www.blogsoestado.com\/danielmatos\/ze-gentil-pede-uniao-em-beneficio-do-povo-do-maranhao\/#primaryimage"},"thumbnailUrl":"https:\/\/www.blogsoestado.com\/danielmatos\/files\/2019\/02\/ze-gentil-tribuna-1024x683.jpg","datePublished":"2019-02-08T13:05:07+00:00","author":{"@id":""},"breadcrumb":{"@id":"https:\/\/www.blogsoestado.com\/danielmatos\/ze-gentil-pede-uniao-em-beneficio-do-povo-do-maranhao\/#breadcrumb"},"inLanguage":"pt-BR","potentialAction":[{"@type":"ReadAction","target":["https:\/\/www.blogsoestado.com\/danielmatos\/ze-gentil-pede-uniao-em-beneficio-do-povo-do-maranhao\/"]}]},{"@type":"ImageObject","inLanguage":"pt-BR","@id":"https:\/\/www.blogsoestado.com\/danielmatos\/ze-gentil-pede-uniao-em-beneficio-do-povo-do-maranhao\/#primaryimage","url":"https:\/\/www.blogsoestado.com\/danielmatos\/files\/2019\/02\/ze-gentil-tribuna-1024x683.jpg","contentUrl":"https:\/\/www.blogsoestado.com\/danielmatos\/files\/2019\/02\/ze-gentil-tribuna-1024x683.jpg"},{"@type":"BreadcrumbList","@id":"https:\/\/www.blogsoestado.com\/danielmatos\/ze-gentil-pede-uniao-em-beneficio-do-povo-do-maranhao\/#breadcrumb","itemListElement":[{"@type":"ListItem","position":1,"name":"In\u00edcio","item":"https:\/\/www.blogsoestado.com\/danielmatos\/"},{"@type":"ListItem","position":2,"name":"Z\u00e9 Gentil pede uni\u00e3o em benef\u00edcio do povo do Maranh\u00e3o"}]},{"@type":"WebSite","@id":"https:\/\/www.blogsoestado.com\/danielmatos\/#website","url":"https:\/\/www.blogsoestado.com\/danielmatos\/","name":"Daniel Matos","description":"","potentialAction":[{"@type":"SearchAction","target":{"@type":"EntryPoint","urlTemplate":"https:\/\/www.blogsoestado.com\/danielmatos\/?s={search_term_string}"},"query-input":{"@type":"PropertyValueSpecification","valueRequired":true,"valueName":"search_term_string"}}],"inLanguage":"pt-BR"}]}},"jetpack_featured_media_url":"","_links":{"self":[{"href":"https:\/\/www.blogsoestado.com\/danielmatos\/wp-json\/wp\/v2\/posts\/60169","targetHints":{"allow":["GET"]}}],"collection":[{"href":"https:\/\/www.blogsoestado.com\/danielmatos\/wp-json\/wp\/v2\/posts"}],"about":[{"href":"https:\/\/www.blogsoestado.com\/danielmatos\/wp-json\/wp\/v2\/types\/post"}],"replies":[{"embeddable":true,"href":"https:\/\/www.blogsoestado.com\/danielmatos\/wp-json\/wp\/v2\/comments?post=60169"}],"version-history":[{"count":0,"href":"https:\/\/www.blogsoestado.com\/danielmatos\/wp-json\/wp\/v2\/posts\/60169\/revisions"}],"wp:attachment":[{"href":"https:\/\/www.blogsoestado.com\/danielmatos\/wp-json\/wp\/v2\/media?parent=60169"}],"wp:term":[{"taxonomy":"category","embeddable":true,"href":"https:\/\/www.blogsoestado.com\/danielmatos\/wp-json\/wp\/v2\/categories?post=60169"},{"taxonomy":"post_tag","embeddable":true,"href":"https:\/\/www.blogsoestado.com\/danielmatos\/wp-json\/wp\/v2\/tags?post=60169"}],"curies":[{"name":"wp","href":"https:\/\/api.w.org\/{rel}","templated":true}]}}