{"id":60172,"date":"2019-02-08T11:17:22","date_gmt":"2019-02-08T14:17:22","guid":{"rendered":"https:\/\/www.blogsoestado.com\/danielmatos\/?p=60172"},"modified":"2019-02-08T11:17:22","modified_gmt":"2019-02-08T14:17:22","slug":"vandalismo-no-complexo-deodoro-pantheon-foi-contido-gracas-ao-alerta-providencial-do-vereador-marcial-lima","status":"publish","type":"post","link":"https:\/\/www.blogsoestado.com\/danielmatos\/vandalismo-no-complexo-deodoro-pantheon-foi-contido-gracas-ao-alerta-providencial-do-vereador-marcial-lima\/","title":{"rendered":"Vandalismo no Complexo Deodoro\/Pantheon foi contido gra\u00e7as ao alerta providencial do vereador Marcial Lima"},"content":{"rendered":"\n<p><\/p>\n\n\n\n<figure class=\"wp-block-image\"><img decoding=\"async\" src=\"https:\/\/www.blogsoestado.com\/danielmatos\/files\/2019\/02\/marcial-picha\u00e7\u00e3o.jpg\" alt=\"\" class=\"wp-image-60174\"\/><figcaption>Marcial Lima mostra picha\u00e7\u00f5es feitas em um dos bancos da Pra\u00e7a do Pantheon<\/figcaption><\/figure>\n\n\n\n<p>Foi o vereador Marcial Lima (PRTB) quem primeiro alertou para os atos de vandalismo no rec\u00e9m-inaugurado Complexo Deodoro Pantheon, no Centro de S\u00e3o Lu\u00eds. Presente ao local por ocasi\u00e3o das comemora\u00e7\u00f5es do Dia Municipal da Poesia, no \u00faltimo s\u00e1bado (2), o diligente pol\u00edtico observou picha\u00e7\u00f5es em um banco, no logradouro p\u00fablico, e imediatamente gravou um v\u00eddeo para denunciar a depreda\u00e7\u00e3o.<\/p>\n\n\n\n<p>Postadas nas redes sociais do vereador, as imagens do vandalismo, n\u00e3o s\u00f3 no banco, mas tamb\u00e9m no ch\u00e3o da Pra\u00e7a do Pantheon, pr\u00f3ximo aos bustos de escritores maranhenses, logo ganharam ampla repercuss\u00e3o. Dezenas de internautas condenaram os atos criminosos e cobraram fiscaliza\u00e7\u00e3o mais r\u00edgida do poder p\u00fablico. Houve at\u00e9 quem defendesse pena severa aos autores.   <\/p>\n\n\n\n<p>Ap\u00f3s o assunto viralizar nas redes sociais de Marcial Lima, coube \u00e0 imprensa e \u00e0 blogosfera repercutirem a den\u00fancia do vereador. Surpreendida pelo fato, a Prefeitura logo mobilizou para reparar o dano e refor\u00e7ar a fiscaliza\u00e7\u00e3o. <\/p>\n\n\n\n<p><strong>Assista ao v\u00eddeo:<\/strong><\/p>\n\n\n\n<p><div class=\"fb-video\" data-allowfullscreen=\"true\" data-href=\"https:\/\/www.facebook.com\/marciallima2\/videos\/1052295118312036\/\" style=\"background-color: #fff; display: inline-block;\"><\/div> <\/p>\n","protected":false},"excerpt":{"rendered":"<p>Foi o vereador Marcial Lima (PRTB) quem primeiro alertou para os atos de vandalismo no rec\u00e9m-inaugurado Complexo Deodoro Pantheon, no [&hellip;]<\/p>\n","protected":false},"author":0,"featured_media":0,"comment_status":"open","ping_status":"open","sticky":false,"template":"","format":"standard","meta":{"site-sidebar-layout":"default","site-content-layout":"","ast-site-content-layout":"default","site-content-style":"default","site-sidebar-style":"default","ast-global-header-display":"","ast-banner-title-visibility":"","ast-main-header-display":"","ast-hfb-above-header-display":"","ast-hfb-below-header-display":"","ast-hfb-mobile-header-display":"","site-post-title":"","ast-breadcrumbs-content":"","ast-featured-img":"","footer-sml-layout":"","ast-disable-related-posts":"","theme-transparent-header-meta":"","adv-header-id-meta":"","stick-header-meta":"","header-above-stick-meta":"","header-main-stick-meta":"","header-below-stick-meta":"","astra-migrate-meta-layouts":"default","ast-page-background-enabled":"default","ast-page-background-meta":{"desktop":{"background-color":"var(--ast-global-color-5)","background-image":"","background-repeat":"repeat","background-position":"center center","background-size":"auto","background-attachment":"scroll","background-type":"","background-media":"","overlay-type":"","overlay-color":"","overlay-opacity":"","overlay-gradient":""},"tablet":{"background-color":"","background-image":"","background-repeat":"repeat","background-position":"center center","background-size":"auto","background-attachment":"scroll","background-type":"","background-media":"","overlay-type":"","overlay-color":"","overlay-opacity":"","overlay-gradient":""},"mobile":{"background-color":"","background-image":"","background-repeat":"repeat","background-position":"center center","background-size":"auto","background-attachment":"scroll","background-type":"","background-media":"","overlay-type":"","overlay-color":"","overlay-opacity":"","overlay-gradient":""}},"ast-content-background-meta":{"desktop":{"background-color":"var(--ast-global-color-4)","background-image":"","background-repeat":"repeat","background-position":"center center","background-size":"auto","background-attachment":"scroll","background-type":"","background-media":"","overlay-type":"","overlay-color":"","overlay-opacity":"","overlay-gradient":""},"tablet":{"background-color":"var(--ast-global-color-4)","background-image":"","background-repeat":"repeat","background-position":"center center","background-size":"auto","background-attachment":"scroll","background-type":"","background-media":"","overlay-type":"","overlay-color":"","overlay-opacity":"","overlay-gradient":""},"mobile":{"background-color":"var(--ast-global-color-4)","background-image":"","background-repeat":"repeat","background-position":"center center","background-size":"auto","background-attachment":"scroll","background-type":"","background-media":"","overlay-type":"","overlay-color":"","overlay-opacity":"","overlay-gradient":""}},"footnotes":""},"categories":[1],"tags":[],"class_list":["post-60172","post","type-post","status-publish","format-standard","hentry","category-sem-categoria"],"yoast_head":"<!-- This site is optimized with the Yoast SEO plugin v26.6 - https:\/\/yoast.com\/wordpress\/plugins\/seo\/ -->\n<title>Vandalismo no Complexo Deodoro\/Pantheon foi contido gra\u00e7as ao alerta providencial do vereador Marcial Lima - Daniel Matos<\/title>\n<meta name=\"robots\" content=\"index, follow, max-snippet:-1, max-image-preview:large, max-video-preview:-1\" \/>\n<link rel=\"canonical\" href=\"https:\/\/www.blogsoestado.com\/danielmatos\/vandalismo-no-complexo-deodoro-pantheon-foi-contido-gracas-ao-alerta-providencial-do-vereador-marcial-lima\/\" \/>\n<meta property=\"og:locale\" content=\"pt_BR\" \/>\n<meta property=\"og:type\" content=\"article\" \/>\n<meta property=\"og:title\" content=\"Vandalismo no Complexo Deodoro\/Pantheon foi contido gra\u00e7as ao alerta providencial do vereador Marcial Lima - Daniel Matos\" \/>\n<meta property=\"og:description\" content=\"Foi o vereador Marcial Lima (PRTB) quem primeiro alertou para os atos de vandalismo no rec\u00e9m-inaugurado Complexo Deodoro Pantheon, no [&hellip;]\" \/>\n<meta property=\"og:url\" content=\"https:\/\/www.blogsoestado.com\/danielmatos\/vandalismo-no-complexo-deodoro-pantheon-foi-contido-gracas-ao-alerta-providencial-do-vereador-marcial-lima\/\" \/>\n<meta property=\"og:site_name\" content=\"Daniel Matos\" \/>\n<meta property=\"article:published_time\" content=\"2019-02-08T14:17:22+00:00\" \/>\n<meta name=\"twitter:card\" content=\"summary_large_image\" \/>\n<meta name=\"twitter:label1\" content=\"Est. tempo de leitura\" \/>\n\t<meta name=\"twitter:data1\" content=\"1 minuto\" \/>\n<script type=\"application\/ld+json\" class=\"yoast-schema-graph\">{\"@context\":\"https:\/\/schema.org\",\"@graph\":[{\"@type\":\"WebPage\",\"@id\":\"https:\/\/www.blogsoestado.com\/danielmatos\/vandalismo-no-complexo-deodoro-pantheon-foi-contido-gracas-ao-alerta-providencial-do-vereador-marcial-lima\/\",\"url\":\"https:\/\/www.blogsoestado.com\/danielmatos\/vandalismo-no-complexo-deodoro-pantheon-foi-contido-gracas-ao-alerta-providencial-do-vereador-marcial-lima\/\",\"name\":\"Vandalismo no Complexo Deodoro\/Pantheon foi contido gra\u00e7as ao alerta providencial do vereador Marcial Lima - Daniel Matos\",\"isPartOf\":{\"@id\":\"https:\/\/www.blogsoestado.com\/danielmatos\/#website\"},\"datePublished\":\"2019-02-08T14:17:22+00:00\",\"author\":{\"@id\":\"\"},\"breadcrumb\":{\"@id\":\"https:\/\/www.blogsoestado.com\/danielmatos\/vandalismo-no-complexo-deodoro-pantheon-foi-contido-gracas-ao-alerta-providencial-do-vereador-marcial-lima\/#breadcrumb\"},\"inLanguage\":\"pt-BR\",\"potentialAction\":[{\"@type\":\"ReadAction\",\"target\":[\"https:\/\/www.blogsoestado.com\/danielmatos\/vandalismo-no-complexo-deodoro-pantheon-foi-contido-gracas-ao-alerta-providencial-do-vereador-marcial-lima\/\"]}]},{\"@type\":\"BreadcrumbList\",\"@id\":\"https:\/\/www.blogsoestado.com\/danielmatos\/vandalismo-no-complexo-deodoro-pantheon-foi-contido-gracas-ao-alerta-providencial-do-vereador-marcial-lima\/#breadcrumb\",\"itemListElement\":[{\"@type\":\"ListItem\",\"position\":1,\"name\":\"In\u00edcio\",\"item\":\"https:\/\/www.blogsoestado.com\/danielmatos\/\"},{\"@type\":\"ListItem\",\"position\":2,\"name\":\"Vandalismo no Complexo Deodoro\/Pantheon foi contido gra\u00e7as ao alerta providencial do vereador Marcial Lima\"}]},{\"@type\":\"WebSite\",\"@id\":\"https:\/\/www.blogsoestado.com\/danielmatos\/#website\",\"url\":\"https:\/\/www.blogsoestado.com\/danielmatos\/\",\"name\":\"Daniel Matos\",\"description\":\"\",\"potentialAction\":[{\"@type\":\"SearchAction\",\"target\":{\"@type\":\"EntryPoint\",\"urlTemplate\":\"https:\/\/www.blogsoestado.com\/danielmatos\/?s={search_term_string}\"},\"query-input\":{\"@type\":\"PropertyValueSpecification\",\"valueRequired\":true,\"valueName\":\"search_term_string\"}}],\"inLanguage\":\"pt-BR\"}]}<\/script>\n<!-- \/ Yoast SEO plugin. -->","yoast_head_json":{"title":"Vandalismo no Complexo Deodoro\/Pantheon foi contido gra\u00e7as ao alerta providencial do vereador Marcial Lima - Daniel Matos","robots":{"index":"index","follow":"follow","max-snippet":"max-snippet:-1","max-image-preview":"max-image-preview:large","max-video-preview":"max-video-preview:-1"},"canonical":"https:\/\/www.blogsoestado.com\/danielmatos\/vandalismo-no-complexo-deodoro-pantheon-foi-contido-gracas-ao-alerta-providencial-do-vereador-marcial-lima\/","og_locale":"pt_BR","og_type":"article","og_title":"Vandalismo no Complexo Deodoro\/Pantheon foi contido gra\u00e7as ao alerta providencial do vereador Marcial Lima - Daniel Matos","og_description":"Foi o vereador Marcial Lima (PRTB) quem primeiro alertou para os atos de vandalismo no rec\u00e9m-inaugurado Complexo Deodoro Pantheon, no [&hellip;]","og_url":"https:\/\/www.blogsoestado.com\/danielmatos\/vandalismo-no-complexo-deodoro-pantheon-foi-contido-gracas-ao-alerta-providencial-do-vereador-marcial-lima\/","og_site_name":"Daniel Matos","article_published_time":"2019-02-08T14:17:22+00:00","twitter_card":"summary_large_image","twitter_misc":{"Est. tempo de leitura":"1 minuto"},"schema":{"@context":"https:\/\/schema.org","@graph":[{"@type":"WebPage","@id":"https:\/\/www.blogsoestado.com\/danielmatos\/vandalismo-no-complexo-deodoro-pantheon-foi-contido-gracas-ao-alerta-providencial-do-vereador-marcial-lima\/","url":"https:\/\/www.blogsoestado.com\/danielmatos\/vandalismo-no-complexo-deodoro-pantheon-foi-contido-gracas-ao-alerta-providencial-do-vereador-marcial-lima\/","name":"Vandalismo no Complexo Deodoro\/Pantheon foi contido gra\u00e7as ao alerta providencial do vereador Marcial Lima - Daniel Matos","isPartOf":{"@id":"https:\/\/www.blogsoestado.com\/danielmatos\/#website"},"datePublished":"2019-02-08T14:17:22+00:00","author":{"@id":""},"breadcrumb":{"@id":"https:\/\/www.blogsoestado.com\/danielmatos\/vandalismo-no-complexo-deodoro-pantheon-foi-contido-gracas-ao-alerta-providencial-do-vereador-marcial-lima\/#breadcrumb"},"inLanguage":"pt-BR","potentialAction":[{"@type":"ReadAction","target":["https:\/\/www.blogsoestado.com\/danielmatos\/vandalismo-no-complexo-deodoro-pantheon-foi-contido-gracas-ao-alerta-providencial-do-vereador-marcial-lima\/"]}]},{"@type":"BreadcrumbList","@id":"https:\/\/www.blogsoestado.com\/danielmatos\/vandalismo-no-complexo-deodoro-pantheon-foi-contido-gracas-ao-alerta-providencial-do-vereador-marcial-lima\/#breadcrumb","itemListElement":[{"@type":"ListItem","position":1,"name":"In\u00edcio","item":"https:\/\/www.blogsoestado.com\/danielmatos\/"},{"@type":"ListItem","position":2,"name":"Vandalismo no Complexo Deodoro\/Pantheon foi contido gra\u00e7as ao alerta providencial do vereador Marcial Lima"}]},{"@type":"WebSite","@id":"https:\/\/www.blogsoestado.com\/danielmatos\/#website","url":"https:\/\/www.blogsoestado.com\/danielmatos\/","name":"Daniel Matos","description":"","potentialAction":[{"@type":"SearchAction","target":{"@type":"EntryPoint","urlTemplate":"https:\/\/www.blogsoestado.com\/danielmatos\/?s={search_term_string}"},"query-input":{"@type":"PropertyValueSpecification","valueRequired":true,"valueName":"search_term_string"}}],"inLanguage":"pt-BR"}]}},"jetpack_featured_media_url":"","_links":{"self":[{"href":"https:\/\/www.blogsoestado.com\/danielmatos\/wp-json\/wp\/v2\/posts\/60172","targetHints":{"allow":["GET"]}}],"collection":[{"href":"https:\/\/www.blogsoestado.com\/danielmatos\/wp-json\/wp\/v2\/posts"}],"about":[{"href":"https:\/\/www.blogsoestado.com\/danielmatos\/wp-json\/wp\/v2\/types\/post"}],"replies":[{"embeddable":true,"href":"https:\/\/www.blogsoestado.com\/danielmatos\/wp-json\/wp\/v2\/comments?post=60172"}],"version-history":[{"count":0,"href":"https:\/\/www.blogsoestado.com\/danielmatos\/wp-json\/wp\/v2\/posts\/60172\/revisions"}],"wp:attachment":[{"href":"https:\/\/www.blogsoestado.com\/danielmatos\/wp-json\/wp\/v2\/media?parent=60172"}],"wp:term":[{"taxonomy":"category","embeddable":true,"href":"https:\/\/www.blogsoestado.com\/danielmatos\/wp-json\/wp\/v2\/categories?post=60172"},{"taxonomy":"post_tag","embeddable":true,"href":"https:\/\/www.blogsoestado.com\/danielmatos\/wp-json\/wp\/v2\/tags?post=60172"}],"curies":[{"name":"wp","href":"https:\/\/api.w.org\/{rel}","templated":true}]}}