{"id":60179,"date":"2019-02-08T14:00:39","date_gmt":"2019-02-08T17:00:39","guid":{"rendered":"https:\/\/www.blogsoestado.com\/danielmatos\/?p=60179"},"modified":"2019-02-08T14:00:39","modified_gmt":"2019-02-08T17:00:39","slug":"prefeitura-de-santa-rita-e-contemplada-com-duas-ambulancias-do-samu","status":"publish","type":"post","link":"https:\/\/www.blogsoestado.com\/danielmatos\/prefeitura-de-santa-rita-e-contemplada-com-duas-ambulancias-do-samu\/","title":{"rendered":"Prefeitura de Santa Rita \u00e9 contemplada com duas ambul\u00e2ncias do SAMU"},"content":{"rendered":"\n<div class=\"wp-block-image\"><figure class=\"alignleft\"><img decoding=\"async\" src=\"https:\/\/www.blogsoestado.com\/danielmatos\/files\/2019\/02\/ambulancia-santa-rita.jpg\" alt=\"\" class=\"wp-image-60180\"\/><figcaption> <br>Com a chegada das ambul\u00e2ncias em Santa Rita, a popula\u00e7\u00e3o do munic\u00edpio passar\u00e1 a utilizar o servi\u00e7o de emerg\u00eancia 192 e ter\u00e1 muito mais agilidade no atendimento m\u00e9dico <\/figcaption><\/figure><\/div>\n\n\n\n<p>O prefeito Hilton Gon\u00e7alo anunciou uma importante conquista para a popula\u00e7\u00e3o de Santa Rita. Na \u00faltima quarta-feira (6), o Minist\u00e9rio de Sa\u00fade emitiu uma portaria autorizando o envio de duas ambul\u00e2ncias para o munic\u00edpio, as quais v\u00e3o integrar o SAMU &#8211; Servi\u00e7o de Atendimento M\u00f3vel de Urg\u00eancia.<\/p>\n\n\n\n<p>De acordo com o documento do Minist\u00e9rio da Sa\u00fade, uma ambul\u00e2ncia ser\u00e1 equipada de forma que possa funcionar como UTI e a outra ser\u00e1 para fazer atendimentos mais urgentes que n\u00e3o necessitem de um atendimento complexo.<\/p>\n\n\n\n<p>Com a chegada das ambul\u00e2ncias em Santa Rita, a popula\u00e7\u00e3o do munic\u00edpio passar\u00e1 a utilizar o servi\u00e7o de emerg\u00eancia 192 e ter\u00e1 muito mais agilidade no atendimento m\u00e9dico. Antes j\u00e1 existia na cidade, o Disque Sa\u00fade, que contava com ambul\u00e2ncias do sistema p\u00fablico de sa\u00fade municipal, agora com o SAMU, a abrang\u00eancia ser\u00e1 ainda maior.<\/p>\n\n\n\n<p><strong>Sonho antigo<\/strong><\/p>\n\n\n\n<p>O projeto de implanta\u00e7\u00e3o do SAMU em Santa Rita era um antigo desejo do prefeito Hilton Gon\u00e7alo, que at\u00e9 destacou em seu programa de governo, como a proposta n\u00famero 7. Ela s\u00f3 foi poss\u00edvel, ap\u00f3s o munic\u00edpio atender os requisitos m\u00ednimos e tamb\u00e9m uma solicita\u00e7\u00e3o junto ao Governo Federal.<\/p>\n\n\n\n<p>\u201cMais uma vez estamos provando que o nosso povo \u00e9 a nossa prioridade. Garantir atendimento m\u00e9dico eficiente \u00e9 algo b\u00e1sico e n\u00f3s queremos que isso esteja acess\u00edvel a todos\u201d, destacou o prefeito Hilton Gon\u00e7alo.<\/p>\n\n\n\n<p>A chegada das ambul\u00e2ncias do SAMU em Santa Rita, s\u00f3 consolida um trabalho de expans\u00e3o e melhorias dos servi\u00e7os de sa\u00fade no munic\u00edpio. Antes, o prefeito Hilton Gon\u00e7alo j\u00e1 havia adquiridos novos equipamentos para o Hospital municipal, equipe de m\u00e9dicos 24 horas, assim como investimentos na medicina preventiva, atrav\u00e9s da entrega de UBS\u00b4s e kits para combater a hipertens\u00e3o e o diabetes.<\/p>\n","protected":false},"excerpt":{"rendered":"<p>O prefeito Hilton Gon\u00e7alo anunciou uma importante conquista para a popula\u00e7\u00e3o de Santa Rita. Na \u00faltima quarta-feira (6), o Minist\u00e9rio [&hellip;]<\/p>\n","protected":false},"author":0,"featured_media":0,"comment_status":"open","ping_status":"open","sticky":false,"template":"","format":"standard","meta":{"site-sidebar-layout":"default","site-content-layout":"","ast-site-content-layout":"default","site-content-style":"default","site-sidebar-style":"default","ast-global-header-display":"","ast-banner-title-visibility":"","ast-main-header-display":"","ast-hfb-above-header-display":"","ast-hfb-below-header-display":"","ast-hfb-mobile-header-display":"","site-post-title":"","ast-breadcrumbs-content":"","ast-featured-img":"","footer-sml-layout":"","ast-disable-related-posts":"","theme-transparent-header-meta":"","adv-header-id-meta":"","stick-header-meta":"","header-above-stick-meta":"","header-main-stick-meta":"","header-below-stick-meta":"","astra-migrate-meta-layouts":"default","ast-page-background-enabled":"default","ast-page-background-meta":{"desktop":{"background-color":"var(--ast-global-color-5)","background-image":"","background-repeat":"repeat","background-position":"center center","background-size":"auto","background-attachment":"scroll","background-type":"","background-media":"","overlay-type":"","overlay-color":"","overlay-opacity":"","overlay-gradient":""},"tablet":{"background-color":"","background-image":"","background-repeat":"repeat","background-position":"center center","background-size":"auto","background-attachment":"scroll","background-type":"","background-media":"","overlay-type":"","overlay-color":"","overlay-opacity":"","overlay-gradient":""},"mobile":{"background-color":"","background-image":"","background-repeat":"repeat","background-position":"center center","background-size":"auto","background-attachment":"scroll","background-type":"","background-media":"","overlay-type":"","overlay-color":"","overlay-opacity":"","overlay-gradient":""}},"ast-content-background-meta":{"desktop":{"background-color":"var(--ast-global-color-4)","background-image":"","background-repeat":"repeat","background-position":"center center","background-size":"auto","background-attachment":"scroll","background-type":"","background-media":"","overlay-type":"","overlay-color":"","overlay-opacity":"","overlay-gradient":""},"tablet":{"background-color":"var(--ast-global-color-4)","background-image":"","background-repeat":"repeat","background-position":"center center","background-size":"auto","background-attachment":"scroll","background-type":"","background-media":"","overlay-type":"","overlay-color":"","overlay-opacity":"","overlay-gradient":""},"mobile":{"background-color":"var(--ast-global-color-4)","background-image":"","background-repeat":"repeat","background-position":"center center","background-size":"auto","background-attachment":"scroll","background-type":"","background-media":"","overlay-type":"","overlay-color":"","overlay-opacity":"","overlay-gradient":""}},"footnotes":""},"categories":[1],"tags":[],"class_list":["post-60179","post","type-post","status-publish","format-standard","hentry","category-sem-categoria"],"yoast_head":"<!-- This site is optimized with the Yoast SEO plugin v26.6 - https:\/\/yoast.com\/wordpress\/plugins\/seo\/ -->\n<title>Prefeitura de Santa Rita \u00e9 contemplada com duas ambul\u00e2ncias do SAMU - Daniel Matos<\/title>\n<meta name=\"robots\" content=\"index, follow, max-snippet:-1, max-image-preview:large, max-video-preview:-1\" \/>\n<link rel=\"canonical\" href=\"https:\/\/www.blogsoestado.com\/danielmatos\/prefeitura-de-santa-rita-e-contemplada-com-duas-ambulancias-do-samu\/\" \/>\n<meta property=\"og:locale\" content=\"pt_BR\" \/>\n<meta property=\"og:type\" content=\"article\" \/>\n<meta property=\"og:title\" content=\"Prefeitura de Santa Rita \u00e9 contemplada com duas ambul\u00e2ncias do SAMU - Daniel Matos\" \/>\n<meta property=\"og:description\" content=\"O prefeito Hilton Gon\u00e7alo anunciou uma importante conquista para a popula\u00e7\u00e3o de Santa Rita. Na \u00faltima quarta-feira (6), o Minist\u00e9rio [&hellip;]\" \/>\n<meta property=\"og:url\" content=\"https:\/\/www.blogsoestado.com\/danielmatos\/prefeitura-de-santa-rita-e-contemplada-com-duas-ambulancias-do-samu\/\" \/>\n<meta property=\"og:site_name\" content=\"Daniel Matos\" \/>\n<meta property=\"article:published_time\" content=\"2019-02-08T17:00:39+00:00\" \/>\n<meta property=\"og:image\" content=\"https:\/\/www.blogsoestado.com\/danielmatos\/files\/2019\/02\/ambulancia-santa-rita.jpg\" \/>\n<meta name=\"twitter:card\" content=\"summary_large_image\" \/>\n<meta name=\"twitter:label1\" content=\"Est. tempo de leitura\" \/>\n\t<meta name=\"twitter:data1\" content=\"2 minutos\" \/>\n<script type=\"application\/ld+json\" class=\"yoast-schema-graph\">{\"@context\":\"https:\/\/schema.org\",\"@graph\":[{\"@type\":\"WebPage\",\"@id\":\"https:\/\/www.blogsoestado.com\/danielmatos\/prefeitura-de-santa-rita-e-contemplada-com-duas-ambulancias-do-samu\/\",\"url\":\"https:\/\/www.blogsoestado.com\/danielmatos\/prefeitura-de-santa-rita-e-contemplada-com-duas-ambulancias-do-samu\/\",\"name\":\"Prefeitura de Santa Rita \u00e9 contemplada com duas ambul\u00e2ncias do SAMU - Daniel Matos\",\"isPartOf\":{\"@id\":\"https:\/\/www.blogsoestado.com\/danielmatos\/#website\"},\"primaryImageOfPage\":{\"@id\":\"https:\/\/www.blogsoestado.com\/danielmatos\/prefeitura-de-santa-rita-e-contemplada-com-duas-ambulancias-do-samu\/#primaryimage\"},\"image\":{\"@id\":\"https:\/\/www.blogsoestado.com\/danielmatos\/prefeitura-de-santa-rita-e-contemplada-com-duas-ambulancias-do-samu\/#primaryimage\"},\"thumbnailUrl\":\"https:\/\/www.blogsoestado.com\/danielmatos\/files\/2019\/02\/ambulancia-santa-rita.jpg\",\"datePublished\":\"2019-02-08T17:00:39+00:00\",\"author\":{\"@id\":\"\"},\"breadcrumb\":{\"@id\":\"https:\/\/www.blogsoestado.com\/danielmatos\/prefeitura-de-santa-rita-e-contemplada-com-duas-ambulancias-do-samu\/#breadcrumb\"},\"inLanguage\":\"pt-BR\",\"potentialAction\":[{\"@type\":\"ReadAction\",\"target\":[\"https:\/\/www.blogsoestado.com\/danielmatos\/prefeitura-de-santa-rita-e-contemplada-com-duas-ambulancias-do-samu\/\"]}]},{\"@type\":\"ImageObject\",\"inLanguage\":\"pt-BR\",\"@id\":\"https:\/\/www.blogsoestado.com\/danielmatos\/prefeitura-de-santa-rita-e-contemplada-com-duas-ambulancias-do-samu\/#primaryimage\",\"url\":\"https:\/\/www.blogsoestado.com\/danielmatos\/files\/2019\/02\/ambulancia-santa-rita.jpg\",\"contentUrl\":\"https:\/\/www.blogsoestado.com\/danielmatos\/files\/2019\/02\/ambulancia-santa-rita.jpg\"},{\"@type\":\"BreadcrumbList\",\"@id\":\"https:\/\/www.blogsoestado.com\/danielmatos\/prefeitura-de-santa-rita-e-contemplada-com-duas-ambulancias-do-samu\/#breadcrumb\",\"itemListElement\":[{\"@type\":\"ListItem\",\"position\":1,\"name\":\"In\u00edcio\",\"item\":\"https:\/\/www.blogsoestado.com\/danielmatos\/\"},{\"@type\":\"ListItem\",\"position\":2,\"name\":\"Prefeitura de Santa Rita \u00e9 contemplada com duas ambul\u00e2ncias do SAMU\"}]},{\"@type\":\"WebSite\",\"@id\":\"https:\/\/www.blogsoestado.com\/danielmatos\/#website\",\"url\":\"https:\/\/www.blogsoestado.com\/danielmatos\/\",\"name\":\"Daniel Matos\",\"description\":\"\",\"potentialAction\":[{\"@type\":\"SearchAction\",\"target\":{\"@type\":\"EntryPoint\",\"urlTemplate\":\"https:\/\/www.blogsoestado.com\/danielmatos\/?s={search_term_string}\"},\"query-input\":{\"@type\":\"PropertyValueSpecification\",\"valueRequired\":true,\"valueName\":\"search_term_string\"}}],\"inLanguage\":\"pt-BR\"}]}<\/script>\n<!-- \/ Yoast SEO plugin. -->","yoast_head_json":{"title":"Prefeitura de Santa Rita \u00e9 contemplada com duas ambul\u00e2ncias do SAMU - Daniel Matos","robots":{"index":"index","follow":"follow","max-snippet":"max-snippet:-1","max-image-preview":"max-image-preview:large","max-video-preview":"max-video-preview:-1"},"canonical":"https:\/\/www.blogsoestado.com\/danielmatos\/prefeitura-de-santa-rita-e-contemplada-com-duas-ambulancias-do-samu\/","og_locale":"pt_BR","og_type":"article","og_title":"Prefeitura de Santa Rita \u00e9 contemplada com duas ambul\u00e2ncias do SAMU - Daniel Matos","og_description":"O prefeito Hilton Gon\u00e7alo anunciou uma importante conquista para a popula\u00e7\u00e3o de Santa Rita. Na \u00faltima quarta-feira (6), o Minist\u00e9rio [&hellip;]","og_url":"https:\/\/www.blogsoestado.com\/danielmatos\/prefeitura-de-santa-rita-e-contemplada-com-duas-ambulancias-do-samu\/","og_site_name":"Daniel Matos","article_published_time":"2019-02-08T17:00:39+00:00","og_image":[{"url":"https:\/\/www.blogsoestado.com\/danielmatos\/files\/2019\/02\/ambulancia-santa-rita.jpg","type":"","width":"","height":""}],"twitter_card":"summary_large_image","twitter_misc":{"Est. tempo de leitura":"2 minutos"},"schema":{"@context":"https:\/\/schema.org","@graph":[{"@type":"WebPage","@id":"https:\/\/www.blogsoestado.com\/danielmatos\/prefeitura-de-santa-rita-e-contemplada-com-duas-ambulancias-do-samu\/","url":"https:\/\/www.blogsoestado.com\/danielmatos\/prefeitura-de-santa-rita-e-contemplada-com-duas-ambulancias-do-samu\/","name":"Prefeitura de Santa Rita \u00e9 contemplada com duas ambul\u00e2ncias do SAMU - Daniel Matos","isPartOf":{"@id":"https:\/\/www.blogsoestado.com\/danielmatos\/#website"},"primaryImageOfPage":{"@id":"https:\/\/www.blogsoestado.com\/danielmatos\/prefeitura-de-santa-rita-e-contemplada-com-duas-ambulancias-do-samu\/#primaryimage"},"image":{"@id":"https:\/\/www.blogsoestado.com\/danielmatos\/prefeitura-de-santa-rita-e-contemplada-com-duas-ambulancias-do-samu\/#primaryimage"},"thumbnailUrl":"https:\/\/www.blogsoestado.com\/danielmatos\/files\/2019\/02\/ambulancia-santa-rita.jpg","datePublished":"2019-02-08T17:00:39+00:00","author":{"@id":""},"breadcrumb":{"@id":"https:\/\/www.blogsoestado.com\/danielmatos\/prefeitura-de-santa-rita-e-contemplada-com-duas-ambulancias-do-samu\/#breadcrumb"},"inLanguage":"pt-BR","potentialAction":[{"@type":"ReadAction","target":["https:\/\/www.blogsoestado.com\/danielmatos\/prefeitura-de-santa-rita-e-contemplada-com-duas-ambulancias-do-samu\/"]}]},{"@type":"ImageObject","inLanguage":"pt-BR","@id":"https:\/\/www.blogsoestado.com\/danielmatos\/prefeitura-de-santa-rita-e-contemplada-com-duas-ambulancias-do-samu\/#primaryimage","url":"https:\/\/www.blogsoestado.com\/danielmatos\/files\/2019\/02\/ambulancia-santa-rita.jpg","contentUrl":"https:\/\/www.blogsoestado.com\/danielmatos\/files\/2019\/02\/ambulancia-santa-rita.jpg"},{"@type":"BreadcrumbList","@id":"https:\/\/www.blogsoestado.com\/danielmatos\/prefeitura-de-santa-rita-e-contemplada-com-duas-ambulancias-do-samu\/#breadcrumb","itemListElement":[{"@type":"ListItem","position":1,"name":"In\u00edcio","item":"https:\/\/www.blogsoestado.com\/danielmatos\/"},{"@type":"ListItem","position":2,"name":"Prefeitura de Santa Rita \u00e9 contemplada com duas ambul\u00e2ncias do SAMU"}]},{"@type":"WebSite","@id":"https:\/\/www.blogsoestado.com\/danielmatos\/#website","url":"https:\/\/www.blogsoestado.com\/danielmatos\/","name":"Daniel Matos","description":"","potentialAction":[{"@type":"SearchAction","target":{"@type":"EntryPoint","urlTemplate":"https:\/\/www.blogsoestado.com\/danielmatos\/?s={search_term_string}"},"query-input":{"@type":"PropertyValueSpecification","valueRequired":true,"valueName":"search_term_string"}}],"inLanguage":"pt-BR"}]}},"jetpack_featured_media_url":"","_links":{"self":[{"href":"https:\/\/www.blogsoestado.com\/danielmatos\/wp-json\/wp\/v2\/posts\/60179","targetHints":{"allow":["GET"]}}],"collection":[{"href":"https:\/\/www.blogsoestado.com\/danielmatos\/wp-json\/wp\/v2\/posts"}],"about":[{"href":"https:\/\/www.blogsoestado.com\/danielmatos\/wp-json\/wp\/v2\/types\/post"}],"replies":[{"embeddable":true,"href":"https:\/\/www.blogsoestado.com\/danielmatos\/wp-json\/wp\/v2\/comments?post=60179"}],"version-history":[{"count":0,"href":"https:\/\/www.blogsoestado.com\/danielmatos\/wp-json\/wp\/v2\/posts\/60179\/revisions"}],"wp:attachment":[{"href":"https:\/\/www.blogsoestado.com\/danielmatos\/wp-json\/wp\/v2\/media?parent=60179"}],"wp:term":[{"taxonomy":"category","embeddable":true,"href":"https:\/\/www.blogsoestado.com\/danielmatos\/wp-json\/wp\/v2\/categories?post=60179"},{"taxonomy":"post_tag","embeddable":true,"href":"https:\/\/www.blogsoestado.com\/danielmatos\/wp-json\/wp\/v2\/tags?post=60179"}],"curies":[{"name":"wp","href":"https:\/\/api.w.org\/{rel}","templated":true}]}}