{"id":60185,"date":"2019-02-08T15:07:08","date_gmt":"2019-02-08T18:07:08","guid":{"rendered":"https:\/\/www.blogsoestado.com\/danielmatos\/?p=60185"},"modified":"2019-02-08T15:07:08","modified_gmt":"2019-02-08T18:07:08","slug":"camara-de-sao-luis-prorroga-inscricoes-para-concurso-publico","status":"publish","type":"post","link":"https:\/\/www.blogsoestado.com\/danielmatos\/camara-de-sao-luis-prorroga-inscricoes-para-concurso-publico\/","title":{"rendered":"C\u00e2mara de S\u00e3o Lu\u00eds prorroga inscri\u00e7\u00f5es para concurso p\u00fablico"},"content":{"rendered":"\n<figure class=\"wp-block-image\"><img decoding=\"async\" src=\"https:\/\/www.blogsoestado.com\/danielmatos\/files\/2019\/02\/camara-adia-1024x682.jpg\" alt=\"\" class=\"wp-image-60186\"\/><\/figure>\n\n\n\n<p>As inscri\u00e7\u00f5es para o concurso p\u00fablico da C\u00e2mara Municipal de S\u00e3o Lu\u00eds, que terminariam no dia 06 de fevereiro, foram prorrogadas at\u00e9 a pr\u00f3xima quarta-feira (13).<\/p>\n\n\n\n<p>O objetivo \u00e9 atender o percentual de vagas direcionadas \u00e0s pessoas portadoras de defici\u00eancias, como determina o Estatuto do Servidor P\u00fablico Municipal (LEI 4.615\/06).<\/p>\n\n\n\n<p>Os interessados podem efetuar as inscri\u00e7\u00f5es no site da Funda\u00e7\u00e3o Sous\u00e2ndrade (<a href=\"http:\/\/www.fsadu.org.br\">www.fsadu.org.br<\/a> ou <a href=\"http:\/\/www.sousandrade.org.br\">www.sousandrade.org.br<\/a>), que \u00e9 respons\u00e1vel pelo certame.<\/p>\n\n\n\n<p>Quem perdeu o prazo para pagamento do boleto deve imprimi-lo novamente, sendo que a quita\u00e7\u00e3o poder\u00e1 ser feita at\u00e9 o dia 14, 24 horas ap\u00f3s o t\u00e9rmino do per\u00edodo de inscri\u00e7\u00f5es.<\/p>\n\n\n\n<p>O concurso oferece 116 vagas, sendo 114 destinadas para cargos de n\u00edveis m\u00e9dio e superior, al\u00e9m de cadastro de reserva. Os sal\u00e1rios variam de R$ 1.251,73 a R$ 2.565,05.<\/p>\n\n\n\n<p>O valor de inscri\u00e7\u00e3o \u00e9 de R$ 75,00, para cargos de n\u00edvel m\u00e9dio e R$ 110,00 para n\u00edvel superior. A ficha de confirma\u00e7\u00e3o da inscri\u00e7\u00e3o ficar\u00e1 dispon\u00edvel no endere\u00e7o eletr\u00f4nico da Sous\u00e2ndrade.<\/p>\n\n\n\n<p><strong>Cargos oferecidos:<\/strong><\/p>\n\n\n\n<p>Ensino Superior: Administrador (6 vagas), Analista de Inform\u00e1tica Legislativa (8), Analista Legislativo (32), Arquiteto (4), Assistente Social (4), Bibliotec\u00e1rio (4), Contador (4), Engenheiro Civil (4), Historiador (4), Jornalista (16), Psic\u00f3logo (4), Radialista (8), Rela\u00e7\u00f5es P\u00fablicas (4), Tecn\u00f3logo em Recursos Humanos (6) e Procurador (4).<\/p>\n\n\n\n<p>Ensino M\u00e9dio: Assistente Administrativo (50), T\u00e9cnico em Assessoramento Legislativo (34), T\u00e9cnico em Comunica\u00e7\u00e3o Social \u2013 Divulga\u00e7\u00e3o Institucional (4), T\u00e9cnico em Comunica\u00e7\u00e3o Social \u2013 R\u00e1dio (4), T\u00e9cnico em Comunica\u00e7\u00e3o Social \u2013 Rela\u00e7\u00f5es P\u00fablicas (8), T\u00e9cnico em Comunica\u00e7\u00e3o Social \u2013 Rep\u00f3rter Fotogr\u00e1fico (4), T\u00e9cnico em Comunica\u00e7\u00e3o Social \u2013 Televis\u00e3o (4) e T\u00e9cnico em Inform\u00e1tica (12).<\/p>\n","protected":false},"excerpt":{"rendered":"<p>As inscri\u00e7\u00f5es para o concurso p\u00fablico da C\u00e2mara Municipal de S\u00e3o Lu\u00eds, que terminariam no dia 06 de fevereiro, foram [&hellip;]<\/p>\n","protected":false},"author":0,"featured_media":0,"comment_status":"open","ping_status":"open","sticky":false,"template":"","format":"standard","meta":{"site-sidebar-layout":"default","site-content-layout":"","ast-site-content-layout":"default","site-content-style":"default","site-sidebar-style":"default","ast-global-header-display":"","ast-banner-title-visibility":"","ast-main-header-display":"","ast-hfb-above-header-display":"","ast-hfb-below-header-display":"","ast-hfb-mobile-header-display":"","site-post-title":"","ast-breadcrumbs-content":"","ast-featured-img":"","footer-sml-layout":"","ast-disable-related-posts":"","theme-transparent-header-meta":"","adv-header-id-meta":"","stick-header-meta":"","header-above-stick-meta":"","header-main-stick-meta":"","header-below-stick-meta":"","astra-migrate-meta-layouts":"default","ast-page-background-enabled":"default","ast-page-background-meta":{"desktop":{"background-color":"var(--ast-global-color-5)","background-image":"","background-repeat":"repeat","background-position":"center center","background-size":"auto","background-attachment":"scroll","background-type":"","background-media":"","overlay-type":"","overlay-color":"","overlay-opacity":"","overlay-gradient":""},"tablet":{"background-color":"","background-image":"","background-repeat":"repeat","background-position":"center center","background-size":"auto","background-attachment":"scroll","background-type":"","background-media":"","overlay-type":"","overlay-color":"","overlay-opacity":"","overlay-gradient":""},"mobile":{"background-color":"","background-image":"","background-repeat":"repeat","background-position":"center center","background-size":"auto","background-attachment":"scroll","background-type":"","background-media":"","overlay-type":"","overlay-color":"","overlay-opacity":"","overlay-gradient":""}},"ast-content-background-meta":{"desktop":{"background-color":"var(--ast-global-color-4)","background-image":"","background-repeat":"repeat","background-position":"center center","background-size":"auto","background-attachment":"scroll","background-type":"","background-media":"","overlay-type":"","overlay-color":"","overlay-opacity":"","overlay-gradient":""},"tablet":{"background-color":"var(--ast-global-color-4)","background-image":"","background-repeat":"repeat","background-position":"center center","background-size":"auto","background-attachment":"scroll","background-type":"","background-media":"","overlay-type":"","overlay-color":"","overlay-opacity":"","overlay-gradient":""},"mobile":{"background-color":"var(--ast-global-color-4)","background-image":"","background-repeat":"repeat","background-position":"center center","background-size":"auto","background-attachment":"scroll","background-type":"","background-media":"","overlay-type":"","overlay-color":"","overlay-opacity":"","overlay-gradient":""}},"footnotes":""},"categories":[1],"tags":[],"class_list":["post-60185","post","type-post","status-publish","format-standard","hentry","category-sem-categoria"],"yoast_head":"<!-- This site is optimized with the Yoast SEO plugin v26.6 - https:\/\/yoast.com\/wordpress\/plugins\/seo\/ -->\n<title>C\u00e2mara de S\u00e3o Lu\u00eds prorroga inscri\u00e7\u00f5es para concurso p\u00fablico - Daniel Matos<\/title>\n<meta name=\"robots\" content=\"index, follow, max-snippet:-1, max-image-preview:large, max-video-preview:-1\" \/>\n<link rel=\"canonical\" href=\"https:\/\/www.blogsoestado.com\/danielmatos\/camara-de-sao-luis-prorroga-inscricoes-para-concurso-publico\/\" \/>\n<meta property=\"og:locale\" content=\"pt_BR\" \/>\n<meta property=\"og:type\" content=\"article\" \/>\n<meta property=\"og:title\" content=\"C\u00e2mara de S\u00e3o Lu\u00eds prorroga inscri\u00e7\u00f5es para concurso p\u00fablico - Daniel Matos\" \/>\n<meta property=\"og:description\" content=\"As inscri\u00e7\u00f5es para o concurso p\u00fablico da C\u00e2mara Municipal de S\u00e3o Lu\u00eds, que terminariam no dia 06 de fevereiro, foram [&hellip;]\" \/>\n<meta property=\"og:url\" content=\"https:\/\/www.blogsoestado.com\/danielmatos\/camara-de-sao-luis-prorroga-inscricoes-para-concurso-publico\/\" \/>\n<meta property=\"og:site_name\" content=\"Daniel Matos\" \/>\n<meta property=\"article:published_time\" content=\"2019-02-08T18:07:08+00:00\" \/>\n<meta property=\"og:image\" content=\"https:\/\/www.blogsoestado.com\/danielmatos\/files\/2019\/02\/camara-adia-1024x682.jpg\" \/>\n<meta name=\"twitter:card\" content=\"summary_large_image\" \/>\n<meta name=\"twitter:label1\" content=\"Est. tempo de leitura\" \/>\n\t<meta name=\"twitter:data1\" content=\"1 minuto\" \/>\n<script type=\"application\/ld+json\" class=\"yoast-schema-graph\">{\"@context\":\"https:\/\/schema.org\",\"@graph\":[{\"@type\":\"WebPage\",\"@id\":\"https:\/\/www.blogsoestado.com\/danielmatos\/camara-de-sao-luis-prorroga-inscricoes-para-concurso-publico\/\",\"url\":\"https:\/\/www.blogsoestado.com\/danielmatos\/camara-de-sao-luis-prorroga-inscricoes-para-concurso-publico\/\",\"name\":\"C\u00e2mara de S\u00e3o Lu\u00eds prorroga inscri\u00e7\u00f5es para concurso p\u00fablico - Daniel Matos\",\"isPartOf\":{\"@id\":\"https:\/\/www.blogsoestado.com\/danielmatos\/#website\"},\"primaryImageOfPage\":{\"@id\":\"https:\/\/www.blogsoestado.com\/danielmatos\/camara-de-sao-luis-prorroga-inscricoes-para-concurso-publico\/#primaryimage\"},\"image\":{\"@id\":\"https:\/\/www.blogsoestado.com\/danielmatos\/camara-de-sao-luis-prorroga-inscricoes-para-concurso-publico\/#primaryimage\"},\"thumbnailUrl\":\"https:\/\/www.blogsoestado.com\/danielmatos\/files\/2019\/02\/camara-adia-1024x682.jpg\",\"datePublished\":\"2019-02-08T18:07:08+00:00\",\"author\":{\"@id\":\"\"},\"breadcrumb\":{\"@id\":\"https:\/\/www.blogsoestado.com\/danielmatos\/camara-de-sao-luis-prorroga-inscricoes-para-concurso-publico\/#breadcrumb\"},\"inLanguage\":\"pt-BR\",\"potentialAction\":[{\"@type\":\"ReadAction\",\"target\":[\"https:\/\/www.blogsoestado.com\/danielmatos\/camara-de-sao-luis-prorroga-inscricoes-para-concurso-publico\/\"]}]},{\"@type\":\"ImageObject\",\"inLanguage\":\"pt-BR\",\"@id\":\"https:\/\/www.blogsoestado.com\/danielmatos\/camara-de-sao-luis-prorroga-inscricoes-para-concurso-publico\/#primaryimage\",\"url\":\"https:\/\/www.blogsoestado.com\/danielmatos\/files\/2019\/02\/camara-adia-1024x682.jpg\",\"contentUrl\":\"https:\/\/www.blogsoestado.com\/danielmatos\/files\/2019\/02\/camara-adia-1024x682.jpg\"},{\"@type\":\"BreadcrumbList\",\"@id\":\"https:\/\/www.blogsoestado.com\/danielmatos\/camara-de-sao-luis-prorroga-inscricoes-para-concurso-publico\/#breadcrumb\",\"itemListElement\":[{\"@type\":\"ListItem\",\"position\":1,\"name\":\"In\u00edcio\",\"item\":\"https:\/\/www.blogsoestado.com\/danielmatos\/\"},{\"@type\":\"ListItem\",\"position\":2,\"name\":\"C\u00e2mara de S\u00e3o Lu\u00eds prorroga inscri\u00e7\u00f5es para concurso p\u00fablico\"}]},{\"@type\":\"WebSite\",\"@id\":\"https:\/\/www.blogsoestado.com\/danielmatos\/#website\",\"url\":\"https:\/\/www.blogsoestado.com\/danielmatos\/\",\"name\":\"Daniel Matos\",\"description\":\"\",\"potentialAction\":[{\"@type\":\"SearchAction\",\"target\":{\"@type\":\"EntryPoint\",\"urlTemplate\":\"https:\/\/www.blogsoestado.com\/danielmatos\/?s={search_term_string}\"},\"query-input\":{\"@type\":\"PropertyValueSpecification\",\"valueRequired\":true,\"valueName\":\"search_term_string\"}}],\"inLanguage\":\"pt-BR\"}]}<\/script>\n<!-- \/ Yoast SEO plugin. -->","yoast_head_json":{"title":"C\u00e2mara de S\u00e3o Lu\u00eds prorroga inscri\u00e7\u00f5es para concurso p\u00fablico - Daniel Matos","robots":{"index":"index","follow":"follow","max-snippet":"max-snippet:-1","max-image-preview":"max-image-preview:large","max-video-preview":"max-video-preview:-1"},"canonical":"https:\/\/www.blogsoestado.com\/danielmatos\/camara-de-sao-luis-prorroga-inscricoes-para-concurso-publico\/","og_locale":"pt_BR","og_type":"article","og_title":"C\u00e2mara de S\u00e3o Lu\u00eds prorroga inscri\u00e7\u00f5es para concurso p\u00fablico - Daniel Matos","og_description":"As inscri\u00e7\u00f5es para o concurso p\u00fablico da C\u00e2mara Municipal de S\u00e3o Lu\u00eds, que terminariam no dia 06 de fevereiro, foram [&hellip;]","og_url":"https:\/\/www.blogsoestado.com\/danielmatos\/camara-de-sao-luis-prorroga-inscricoes-para-concurso-publico\/","og_site_name":"Daniel Matos","article_published_time":"2019-02-08T18:07:08+00:00","og_image":[{"url":"https:\/\/www.blogsoestado.com\/danielmatos\/files\/2019\/02\/camara-adia-1024x682.jpg","type":"","width":"","height":""}],"twitter_card":"summary_large_image","twitter_misc":{"Est. tempo de leitura":"1 minuto"},"schema":{"@context":"https:\/\/schema.org","@graph":[{"@type":"WebPage","@id":"https:\/\/www.blogsoestado.com\/danielmatos\/camara-de-sao-luis-prorroga-inscricoes-para-concurso-publico\/","url":"https:\/\/www.blogsoestado.com\/danielmatos\/camara-de-sao-luis-prorroga-inscricoes-para-concurso-publico\/","name":"C\u00e2mara de S\u00e3o Lu\u00eds prorroga inscri\u00e7\u00f5es para concurso p\u00fablico - Daniel Matos","isPartOf":{"@id":"https:\/\/www.blogsoestado.com\/danielmatos\/#website"},"primaryImageOfPage":{"@id":"https:\/\/www.blogsoestado.com\/danielmatos\/camara-de-sao-luis-prorroga-inscricoes-para-concurso-publico\/#primaryimage"},"image":{"@id":"https:\/\/www.blogsoestado.com\/danielmatos\/camara-de-sao-luis-prorroga-inscricoes-para-concurso-publico\/#primaryimage"},"thumbnailUrl":"https:\/\/www.blogsoestado.com\/danielmatos\/files\/2019\/02\/camara-adia-1024x682.jpg","datePublished":"2019-02-08T18:07:08+00:00","author":{"@id":""},"breadcrumb":{"@id":"https:\/\/www.blogsoestado.com\/danielmatos\/camara-de-sao-luis-prorroga-inscricoes-para-concurso-publico\/#breadcrumb"},"inLanguage":"pt-BR","potentialAction":[{"@type":"ReadAction","target":["https:\/\/www.blogsoestado.com\/danielmatos\/camara-de-sao-luis-prorroga-inscricoes-para-concurso-publico\/"]}]},{"@type":"ImageObject","inLanguage":"pt-BR","@id":"https:\/\/www.blogsoestado.com\/danielmatos\/camara-de-sao-luis-prorroga-inscricoes-para-concurso-publico\/#primaryimage","url":"https:\/\/www.blogsoestado.com\/danielmatos\/files\/2019\/02\/camara-adia-1024x682.jpg","contentUrl":"https:\/\/www.blogsoestado.com\/danielmatos\/files\/2019\/02\/camara-adia-1024x682.jpg"},{"@type":"BreadcrumbList","@id":"https:\/\/www.blogsoestado.com\/danielmatos\/camara-de-sao-luis-prorroga-inscricoes-para-concurso-publico\/#breadcrumb","itemListElement":[{"@type":"ListItem","position":1,"name":"In\u00edcio","item":"https:\/\/www.blogsoestado.com\/danielmatos\/"},{"@type":"ListItem","position":2,"name":"C\u00e2mara de S\u00e3o Lu\u00eds prorroga inscri\u00e7\u00f5es para concurso p\u00fablico"}]},{"@type":"WebSite","@id":"https:\/\/www.blogsoestado.com\/danielmatos\/#website","url":"https:\/\/www.blogsoestado.com\/danielmatos\/","name":"Daniel Matos","description":"","potentialAction":[{"@type":"SearchAction","target":{"@type":"EntryPoint","urlTemplate":"https:\/\/www.blogsoestado.com\/danielmatos\/?s={search_term_string}"},"query-input":{"@type":"PropertyValueSpecification","valueRequired":true,"valueName":"search_term_string"}}],"inLanguage":"pt-BR"}]}},"jetpack_featured_media_url":"","_links":{"self":[{"href":"https:\/\/www.blogsoestado.com\/danielmatos\/wp-json\/wp\/v2\/posts\/60185","targetHints":{"allow":["GET"]}}],"collection":[{"href":"https:\/\/www.blogsoestado.com\/danielmatos\/wp-json\/wp\/v2\/posts"}],"about":[{"href":"https:\/\/www.blogsoestado.com\/danielmatos\/wp-json\/wp\/v2\/types\/post"}],"replies":[{"embeddable":true,"href":"https:\/\/www.blogsoestado.com\/danielmatos\/wp-json\/wp\/v2\/comments?post=60185"}],"version-history":[{"count":0,"href":"https:\/\/www.blogsoestado.com\/danielmatos\/wp-json\/wp\/v2\/posts\/60185\/revisions"}],"wp:attachment":[{"href":"https:\/\/www.blogsoestado.com\/danielmatos\/wp-json\/wp\/v2\/media?parent=60185"}],"wp:term":[{"taxonomy":"category","embeddable":true,"href":"https:\/\/www.blogsoestado.com\/danielmatos\/wp-json\/wp\/v2\/categories?post=60185"},{"taxonomy":"post_tag","embeddable":true,"href":"https:\/\/www.blogsoestado.com\/danielmatos\/wp-json\/wp\/v2\/tags?post=60185"}],"curies":[{"name":"wp","href":"https:\/\/api.w.org\/{rel}","templated":true}]}}