{"id":60204,"date":"2019-02-08T18:36:45","date_gmt":"2019-02-08T21:36:45","guid":{"rendered":"https:\/\/www.blogsoestado.com\/danielmatos\/?p=60204"},"modified":"2019-02-08T18:36:45","modified_gmt":"2019-02-08T21:36:45","slug":"forro-saia-rodada-de-volta-a-ilha-neste-sabado-9-na-casa-das-dunas","status":"publish","type":"post","link":"https:\/\/www.blogsoestado.com\/danielmatos\/forro-saia-rodada-de-volta-a-ilha-neste-sabado-9-na-casa-das-dunas\/","title":{"rendered":"Forr\u00f3 Saia Rodada de volta \u00e0 ilha neste s\u00e1bado (9), na Casa das Dunas"},"content":{"rendered":"\n<div class=\"wp-block-image\"><figure class=\"alignright is-resized\"><img fetchpriority=\"high\" decoding=\"async\" src=\"https:\/\/www.blogsoestado.com\/danielmatos\/files\/2019\/02\/saia-rodada.jpg\" alt=\"\" class=\"wp-image-60205\" width=\"396\" height=\"263\"\/><figcaption>Vocalista da Saia Rodada encarna o estilo vibrante da banda<\/figcaption><\/figure><\/div>\n\n\n\n<p>Estourada no pa\u00eds com o hit \u201cFilho do Mato\u201d, a Banda Saia Rodada volta a S\u00e3o Luis para um show completo do aut\u00eantico forr\u00f3, na Casa das Dunas, neste s\u00e1bado (9), de frente para o mar, na Avenida Litor\u00e2nea.<\/p>\n\n\n\n<p>A noite ter\u00e1, tamb\u00e9m, a participa\u00e7\u00e3o do cantor Wylley Gomes, ex-Furac\u00e3o do Forr\u00f3. A venda do segundo lote de ingressos acontece na bilheteria da Casa das Dunas, Marcelo Surf (Cohab), Na\u00e7\u00e3o Rubro Negra (Shopping da Ilha) e Vis\u00f3tica (Tropical e Centro). O Espa\u00e7o Front custa R$ 100,00 e o Arena R$ 50,00.<\/p>\n\n\n\n<p>A Saia Rodada foi a atra\u00e7\u00e3o especial do evento \u201cJorge &amp; Mateus Infinity\u201d, realizado no ano passado, que esgotou todos os ingressos. Composta pelos vocalistas Ra\u00ed Soares e Daysinha Cid, a banda Saia Rodada j\u00e1 percorreu todo o Brasil, apresentando shows com duas horas de dura\u00e7\u00e3o e tocando seus maiores sucessos. A banda tem cumprido uma agenda extensa de shows, com uma m\u00e9dia de 30 apresenta\u00e7\u00f5es, equivalente a 400 mil espectadores todo m\u00eas, mostrando ao p\u00fablico um espet\u00e1culo 100% dan\u00e7ante, completado por um cen\u00e1rio exuberante e cheio de inova\u00e7\u00f5es e surpresas.<\/p>\n\n\n\n<p>Na apresenta\u00e7\u00e3o na ilha, o grupo promete um repert\u00f3rio que passear\u00e1 por diversas faces desse g\u00eanero musical. O comandante e vocalista, Rai, veterano ao lado da banda deve incluir no show, os grandes sucessos do Saia Rodada, \u2018Filho do Mato\u2019, \u2018Prova eu me ama\u2019, \u2018Coelhinho\u2019, Cabe\u00e7a Voando\u2019, \u2018Nunca vai ser eu\u2019, entre muitas outras da carreira da banda.<\/p>\n\n\n\n<p>Contabilizando mais de 80 milh\u00f5es de visualiza\u00e7\u00f5es no YouTube com a atual m\u00fasica de trabalho \u2018Filho do Mato\u2019, a Banda Saia Rodada est\u00e1 levando na turn\u00ea muito agito, um show totalmente repaginado, cercado de romantismo e irrever\u00eancia, caracter\u00edsticas carimbadas do grupo. A atra\u00e7\u00e3o embala o p\u00fablico com uma mesclada de antigos e novos sucessos como Ponto Final, Cora\u00e7\u00e3o, Beber Cair e Levantar e ainda Sou Favela, Quero Sentir de Novo, Nunca vai ser eu.<\/p>\n\n\n\n<p><strong>SERVI\u00c7O<\/strong><\/p>\n\n\n\n<p>O QU\u00ca: Saia Rodada em S\u00e3o Luis<\/p>\n\n\n\n<p>QUANDO: Neste s\u00e1bado (9), a partir das 22h<\/p>\n\n\n\n<p>ONDE: Casa das Dunas, Avenida Litor\u00e2nea<\/p>\n\n\n\n<p>INGRESSOS: Bilheteria da Casa das Dunas, Marcelo Surf (Cohab), Na\u00e7\u00e3o Rubro Negra (Shopping da Ilha), Vis\u00f3tica (Tropical e Centro)<\/p>\n\n\n\n<p>VALORES: Espa\u00e7o Front &#8211; R$ 100,00\/Arena R$ 50,00*<\/p>\n\n\n\n<p>*j\u00e1 esgotada a cota para estudantes<\/p>\n","protected":false},"excerpt":{"rendered":"<p>Estourada no pa\u00eds com o hit \u201cFilho do Mato\u201d, a Banda Saia Rodada volta a S\u00e3o Luis para um show [&hellip;]<\/p>\n","protected":false},"author":0,"featured_media":0,"comment_status":"open","ping_status":"open","sticky":false,"template":"","format":"standard","meta":{"site-sidebar-layout":"default","site-content-layout":"","ast-site-content-layout":"default","site-content-style":"default","site-sidebar-style":"default","ast-global-header-display":"","ast-banner-title-visibility":"","ast-main-header-display":"","ast-hfb-above-header-display":"","ast-hfb-below-header-display":"","ast-hfb-mobile-header-display":"","site-post-title":"","ast-breadcrumbs-content":"","ast-featured-img":"","footer-sml-layout":"","ast-disable-related-posts":"","theme-transparent-header-meta":"","adv-header-id-meta":"","stick-header-meta":"","header-above-stick-meta":"","header-main-stick-meta":"","header-below-stick-meta":"","astra-migrate-meta-layouts":"default","ast-page-background-enabled":"default","ast-page-background-meta":{"desktop":{"background-color":"var(--ast-global-color-5)","background-image":"","background-repeat":"repeat","background-position":"center center","background-size":"auto","background-attachment":"scroll","background-type":"","background-media":"","overlay-type":"","overlay-color":"","overlay-opacity":"","overlay-gradient":""},"tablet":{"background-color":"","background-image":"","background-repeat":"repeat","background-position":"center center","background-size":"auto","background-attachment":"scroll","background-type":"","background-media":"","overlay-type":"","overlay-color":"","overlay-opacity":"","overlay-gradient":""},"mobile":{"background-color":"","background-image":"","background-repeat":"repeat","background-position":"center center","background-size":"auto","background-attachment":"scroll","background-type":"","background-media":"","overlay-type":"","overlay-color":"","overlay-opacity":"","overlay-gradient":""}},"ast-content-background-meta":{"desktop":{"background-color":"var(--ast-global-color-4)","background-image":"","background-repeat":"repeat","background-position":"center center","background-size":"auto","background-attachment":"scroll","background-type":"","background-media":"","overlay-type":"","overlay-color":"","overlay-opacity":"","overlay-gradient":""},"tablet":{"background-color":"var(--ast-global-color-4)","background-image":"","background-repeat":"repeat","background-position":"center center","background-size":"auto","background-attachment":"scroll","background-type":"","background-media":"","overlay-type":"","overlay-color":"","overlay-opacity":"","overlay-gradient":""},"mobile":{"background-color":"var(--ast-global-color-4)","background-image":"","background-repeat":"repeat","background-position":"center center","background-size":"auto","background-attachment":"scroll","background-type":"","background-media":"","overlay-type":"","overlay-color":"","overlay-opacity":"","overlay-gradient":""}},"footnotes":""},"categories":[1],"tags":[],"class_list":["post-60204","post","type-post","status-publish","format-standard","hentry","category-sem-categoria"],"yoast_head":"<!-- This site is optimized with the Yoast SEO plugin v26.6 - https:\/\/yoast.com\/wordpress\/plugins\/seo\/ -->\n<title>Forr\u00f3 Saia Rodada de volta \u00e0 ilha neste s\u00e1bado (9), na Casa das Dunas - Daniel Matos<\/title>\n<meta name=\"robots\" content=\"index, follow, max-snippet:-1, max-image-preview:large, max-video-preview:-1\" \/>\n<link rel=\"canonical\" href=\"https:\/\/www.blogsoestado.com\/danielmatos\/forro-saia-rodada-de-volta-a-ilha-neste-sabado-9-na-casa-das-dunas\/\" \/>\n<meta property=\"og:locale\" content=\"pt_BR\" \/>\n<meta property=\"og:type\" content=\"article\" \/>\n<meta property=\"og:title\" content=\"Forr\u00f3 Saia Rodada de volta \u00e0 ilha neste s\u00e1bado (9), na Casa das Dunas - Daniel Matos\" \/>\n<meta property=\"og:description\" content=\"Estourada no pa\u00eds com o hit \u201cFilho do Mato\u201d, a Banda Saia Rodada volta a S\u00e3o Luis para um show [&hellip;]\" \/>\n<meta property=\"og:url\" content=\"https:\/\/www.blogsoestado.com\/danielmatos\/forro-saia-rodada-de-volta-a-ilha-neste-sabado-9-na-casa-das-dunas\/\" \/>\n<meta property=\"og:site_name\" content=\"Daniel Matos\" \/>\n<meta property=\"article:published_time\" content=\"2019-02-08T21:36:45+00:00\" \/>\n<meta property=\"og:image\" content=\"https:\/\/www.blogsoestado.com\/danielmatos\/files\/2019\/02\/saia-rodada.jpg\" \/>\n<meta name=\"twitter:card\" content=\"summary_large_image\" \/>\n<meta name=\"twitter:label1\" content=\"Est. tempo de leitura\" \/>\n\t<meta name=\"twitter:data1\" content=\"2 minutos\" \/>\n<script type=\"application\/ld+json\" class=\"yoast-schema-graph\">{\"@context\":\"https:\/\/schema.org\",\"@graph\":[{\"@type\":\"WebPage\",\"@id\":\"https:\/\/www.blogsoestado.com\/danielmatos\/forro-saia-rodada-de-volta-a-ilha-neste-sabado-9-na-casa-das-dunas\/\",\"url\":\"https:\/\/www.blogsoestado.com\/danielmatos\/forro-saia-rodada-de-volta-a-ilha-neste-sabado-9-na-casa-das-dunas\/\",\"name\":\"Forr\u00f3 Saia Rodada de volta \u00e0 ilha neste s\u00e1bado (9), na Casa das Dunas - Daniel Matos\",\"isPartOf\":{\"@id\":\"https:\/\/www.blogsoestado.com\/danielmatos\/#website\"},\"primaryImageOfPage\":{\"@id\":\"https:\/\/www.blogsoestado.com\/danielmatos\/forro-saia-rodada-de-volta-a-ilha-neste-sabado-9-na-casa-das-dunas\/#primaryimage\"},\"image\":{\"@id\":\"https:\/\/www.blogsoestado.com\/danielmatos\/forro-saia-rodada-de-volta-a-ilha-neste-sabado-9-na-casa-das-dunas\/#primaryimage\"},\"thumbnailUrl\":\"https:\/\/www.blogsoestado.com\/danielmatos\/files\/2019\/02\/saia-rodada.jpg\",\"datePublished\":\"2019-02-08T21:36:45+00:00\",\"author\":{\"@id\":\"\"},\"breadcrumb\":{\"@id\":\"https:\/\/www.blogsoestado.com\/danielmatos\/forro-saia-rodada-de-volta-a-ilha-neste-sabado-9-na-casa-das-dunas\/#breadcrumb\"},\"inLanguage\":\"pt-BR\",\"potentialAction\":[{\"@type\":\"ReadAction\",\"target\":[\"https:\/\/www.blogsoestado.com\/danielmatos\/forro-saia-rodada-de-volta-a-ilha-neste-sabado-9-na-casa-das-dunas\/\"]}]},{\"@type\":\"ImageObject\",\"inLanguage\":\"pt-BR\",\"@id\":\"https:\/\/www.blogsoestado.com\/danielmatos\/forro-saia-rodada-de-volta-a-ilha-neste-sabado-9-na-casa-das-dunas\/#primaryimage\",\"url\":\"https:\/\/www.blogsoestado.com\/danielmatos\/files\/2019\/02\/saia-rodada.jpg\",\"contentUrl\":\"https:\/\/www.blogsoestado.com\/danielmatos\/files\/2019\/02\/saia-rodada.jpg\"},{\"@type\":\"BreadcrumbList\",\"@id\":\"https:\/\/www.blogsoestado.com\/danielmatos\/forro-saia-rodada-de-volta-a-ilha-neste-sabado-9-na-casa-das-dunas\/#breadcrumb\",\"itemListElement\":[{\"@type\":\"ListItem\",\"position\":1,\"name\":\"In\u00edcio\",\"item\":\"https:\/\/www.blogsoestado.com\/danielmatos\/\"},{\"@type\":\"ListItem\",\"position\":2,\"name\":\"Forr\u00f3 Saia Rodada de volta \u00e0 ilha neste s\u00e1bado (9), na Casa das Dunas\"}]},{\"@type\":\"WebSite\",\"@id\":\"https:\/\/www.blogsoestado.com\/danielmatos\/#website\",\"url\":\"https:\/\/www.blogsoestado.com\/danielmatos\/\",\"name\":\"Daniel Matos\",\"description\":\"\",\"potentialAction\":[{\"@type\":\"SearchAction\",\"target\":{\"@type\":\"EntryPoint\",\"urlTemplate\":\"https:\/\/www.blogsoestado.com\/danielmatos\/?s={search_term_string}\"},\"query-input\":{\"@type\":\"PropertyValueSpecification\",\"valueRequired\":true,\"valueName\":\"search_term_string\"}}],\"inLanguage\":\"pt-BR\"}]}<\/script>\n<!-- \/ Yoast SEO plugin. -->","yoast_head_json":{"title":"Forr\u00f3 Saia Rodada de volta \u00e0 ilha neste s\u00e1bado (9), na Casa das Dunas - Daniel Matos","robots":{"index":"index","follow":"follow","max-snippet":"max-snippet:-1","max-image-preview":"max-image-preview:large","max-video-preview":"max-video-preview:-1"},"canonical":"https:\/\/www.blogsoestado.com\/danielmatos\/forro-saia-rodada-de-volta-a-ilha-neste-sabado-9-na-casa-das-dunas\/","og_locale":"pt_BR","og_type":"article","og_title":"Forr\u00f3 Saia Rodada de volta \u00e0 ilha neste s\u00e1bado (9), na Casa das Dunas - Daniel Matos","og_description":"Estourada no pa\u00eds com o hit \u201cFilho do Mato\u201d, a Banda Saia Rodada volta a S\u00e3o Luis para um show [&hellip;]","og_url":"https:\/\/www.blogsoestado.com\/danielmatos\/forro-saia-rodada-de-volta-a-ilha-neste-sabado-9-na-casa-das-dunas\/","og_site_name":"Daniel Matos","article_published_time":"2019-02-08T21:36:45+00:00","og_image":[{"url":"https:\/\/www.blogsoestado.com\/danielmatos\/files\/2019\/02\/saia-rodada.jpg","type":"","width":"","height":""}],"twitter_card":"summary_large_image","twitter_misc":{"Est. tempo de leitura":"2 minutos"},"schema":{"@context":"https:\/\/schema.org","@graph":[{"@type":"WebPage","@id":"https:\/\/www.blogsoestado.com\/danielmatos\/forro-saia-rodada-de-volta-a-ilha-neste-sabado-9-na-casa-das-dunas\/","url":"https:\/\/www.blogsoestado.com\/danielmatos\/forro-saia-rodada-de-volta-a-ilha-neste-sabado-9-na-casa-das-dunas\/","name":"Forr\u00f3 Saia Rodada de volta \u00e0 ilha neste s\u00e1bado (9), na Casa das Dunas - Daniel Matos","isPartOf":{"@id":"https:\/\/www.blogsoestado.com\/danielmatos\/#website"},"primaryImageOfPage":{"@id":"https:\/\/www.blogsoestado.com\/danielmatos\/forro-saia-rodada-de-volta-a-ilha-neste-sabado-9-na-casa-das-dunas\/#primaryimage"},"image":{"@id":"https:\/\/www.blogsoestado.com\/danielmatos\/forro-saia-rodada-de-volta-a-ilha-neste-sabado-9-na-casa-das-dunas\/#primaryimage"},"thumbnailUrl":"https:\/\/www.blogsoestado.com\/danielmatos\/files\/2019\/02\/saia-rodada.jpg","datePublished":"2019-02-08T21:36:45+00:00","author":{"@id":""},"breadcrumb":{"@id":"https:\/\/www.blogsoestado.com\/danielmatos\/forro-saia-rodada-de-volta-a-ilha-neste-sabado-9-na-casa-das-dunas\/#breadcrumb"},"inLanguage":"pt-BR","potentialAction":[{"@type":"ReadAction","target":["https:\/\/www.blogsoestado.com\/danielmatos\/forro-saia-rodada-de-volta-a-ilha-neste-sabado-9-na-casa-das-dunas\/"]}]},{"@type":"ImageObject","inLanguage":"pt-BR","@id":"https:\/\/www.blogsoestado.com\/danielmatos\/forro-saia-rodada-de-volta-a-ilha-neste-sabado-9-na-casa-das-dunas\/#primaryimage","url":"https:\/\/www.blogsoestado.com\/danielmatos\/files\/2019\/02\/saia-rodada.jpg","contentUrl":"https:\/\/www.blogsoestado.com\/danielmatos\/files\/2019\/02\/saia-rodada.jpg"},{"@type":"BreadcrumbList","@id":"https:\/\/www.blogsoestado.com\/danielmatos\/forro-saia-rodada-de-volta-a-ilha-neste-sabado-9-na-casa-das-dunas\/#breadcrumb","itemListElement":[{"@type":"ListItem","position":1,"name":"In\u00edcio","item":"https:\/\/www.blogsoestado.com\/danielmatos\/"},{"@type":"ListItem","position":2,"name":"Forr\u00f3 Saia Rodada de volta \u00e0 ilha neste s\u00e1bado (9), na Casa das Dunas"}]},{"@type":"WebSite","@id":"https:\/\/www.blogsoestado.com\/danielmatos\/#website","url":"https:\/\/www.blogsoestado.com\/danielmatos\/","name":"Daniel Matos","description":"","potentialAction":[{"@type":"SearchAction","target":{"@type":"EntryPoint","urlTemplate":"https:\/\/www.blogsoestado.com\/danielmatos\/?s={search_term_string}"},"query-input":{"@type":"PropertyValueSpecification","valueRequired":true,"valueName":"search_term_string"}}],"inLanguage":"pt-BR"}]}},"jetpack_featured_media_url":"","_links":{"self":[{"href":"https:\/\/www.blogsoestado.com\/danielmatos\/wp-json\/wp\/v2\/posts\/60204","targetHints":{"allow":["GET"]}}],"collection":[{"href":"https:\/\/www.blogsoestado.com\/danielmatos\/wp-json\/wp\/v2\/posts"}],"about":[{"href":"https:\/\/www.blogsoestado.com\/danielmatos\/wp-json\/wp\/v2\/types\/post"}],"replies":[{"embeddable":true,"href":"https:\/\/www.blogsoestado.com\/danielmatos\/wp-json\/wp\/v2\/comments?post=60204"}],"version-history":[{"count":0,"href":"https:\/\/www.blogsoestado.com\/danielmatos\/wp-json\/wp\/v2\/posts\/60204\/revisions"}],"wp:attachment":[{"href":"https:\/\/www.blogsoestado.com\/danielmatos\/wp-json\/wp\/v2\/media?parent=60204"}],"wp:term":[{"taxonomy":"category","embeddable":true,"href":"https:\/\/www.blogsoestado.com\/danielmatos\/wp-json\/wp\/v2\/categories?post=60204"},{"taxonomy":"post_tag","embeddable":true,"href":"https:\/\/www.blogsoestado.com\/danielmatos\/wp-json\/wp\/v2\/tags?post=60204"}],"curies":[{"name":"wp","href":"https:\/\/api.w.org\/{rel}","templated":true}]}}