{"id":60207,"date":"2019-02-08T20:15:20","date_gmt":"2019-02-08T23:15:20","guid":{"rendered":"https:\/\/www.blogsoestado.com\/danielmatos\/?p=60207"},"modified":"2019-02-08T20:15:20","modified_gmt":"2019-02-08T23:15:20","slug":"flavio-dino-fecha-hospital-de-matoes-do-norte-e-quem-sofre-e-a-populacao-diz-deputado-wellington-ao-denunciar-perseguicao-politica","status":"publish","type":"post","link":"https:\/\/www.blogsoestado.com\/danielmatos\/flavio-dino-fecha-hospital-de-matoes-do-norte-e-quem-sofre-e-a-populacao-diz-deputado-wellington-ao-denunciar-perseguicao-politica\/","title":{"rendered":"\u201cFl\u00e1vio Dino fecha Hospital de Mat\u00f5es do Norte e quem sofre \u00e9 a popula\u00e7\u00e3o\u201d, diz deputado Wellington ao denunciar persegui\u00e7\u00e3o pol\u00edtica"},"content":{"rendered":"\n<figure class=\"wp-block-embed-youtube wp-block-embed is-type-video is-provider-youtube wp-embed-aspect-16-9 wp-has-aspect-ratio\"><div class=\"wp-block-embed__wrapper\">\n<iframe title=\"Wellington vai a Mat\u00f5es do Norte denunciar fechamento de hospital\" width=\"500\" height=\"281\" src=\"https:\/\/www.youtube.com\/embed\/NVBe1Ganf4A?feature=oembed\" frameborder=\"0\" allow=\"accelerometer; autoplay; clipboard-write; encrypted-media; gyroscope; picture-in-picture; web-share\" referrerpolicy=\"strict-origin-when-cross-origin\" allowfullscreen><\/iframe>\n<\/div><\/figure>\n\n\n\n<p>Falta de investimento na sa\u00fade p\u00fablica, a\u00e7\u00f5es midi\u00e1ticas, desvios milion\u00e1rios e atos movidos por persegui\u00e7\u00e3o pol\u00edtica. Essa tem sido a triste realidade do sistema de sa\u00fade no Maranh\u00e3o, motivo que levou o deputado estadual Wellington do Curso a realizar visita ao Hospital Regional de Mat\u00f5es do Norte, que foi recentemente fechado pelo governado Fl\u00e1vio Dino, no \u00faltimo dia 01 de fevereiro.<\/p>\n\n\n\n<p>Na popula\u00e7\u00e3o, o sentimento \u00e9 de revolta com o fechamento do Hospital, algo que, segundo os maranhenses, s\u00f3 aconteceu porque o atual governador n\u00e3o foi bem votado nos munic\u00edpios circunvizinhos, tendo por exemplo em Mat\u00f5es, apenas 35% dos votos.<\/p>\n\n\n\n<p>\u201cO governador Fl\u00e1vio Dino n\u00e3o sabe o que \u00e9 um Hospital pra gente como a gente. Ele n\u00e3o sabe porque ele tem dinheiro pra pagar. O pobre n\u00e3o: o pobre s\u00f3 tem ali, pra fazer a cirurgia. Agora, se Deus livre acontecer alguma coisa, tenho que ir pra outro munic\u00edpio\u2026mas como? Se \u00e0s vezes, nem o dinheiro do p\u00e3o a gente tem? Ele s\u00f3 fez isso porque n\u00e3o foi bem votado nem aqui nem nos munic\u00edpios que ficam perto do Hospital\u201d, desabafou Raimundo Pereira, lavrador aposentado.<\/p>\n\n\n\n<p>Ao ouvir os anseios da popula\u00e7\u00e3o, o deputado Wellington afirmou j\u00e1 ter adotado as devidas provid\u00eancias.<\/p>\n\n\n\n<p>\u201cFl\u00e1vio Dino n\u00e3o sabe a realidade do povo do Maranh\u00e3o. S\u00f3 um governador muito alienado fecharia um hospital que atende mais de 14 munic\u00edpios. Se \u00e9 apenas para a reforma, por que n\u00e3o fez algo gradativo? Por que de forma t\u00e3o abrupta? E outra, mais uma vez eu tento ensinar Fl\u00e1vio Dino aquilo que ele ainda n\u00e3o entendeu: o governo do Maranh\u00e3o n\u00e3o \u00e9 a casa dele. Se est\u00e1 em reforma, onde est\u00e1 a placa com os valores que ser\u00e3o gastos? Onde est\u00e1 o nome do respons\u00e1vel e a origem dos recursos? Ou ser\u00e1 se isso \u00e9 apenas mais uma \u2018desculpa\u2019 para um dos desvios milion\u00e1rios da sa\u00fade p\u00fablica do Maranh\u00e3o? Fl\u00e1vio Dino fechou Hospital de Mat\u00f5es do Norte e quem sofre \u00e9 a popula\u00e7\u00e3o. Isso n\u00e3o vai ficar assim. J\u00e1 adotei as provid\u00eancias cab\u00edveis e continuamos \u00e0 disposi\u00e7\u00e3o\u201d, afirmou Wellington.<\/p>\n\n\n\n<p><strong>A\u00c7\u00d5ES ADOTADAS<\/strong><\/p>\n\n\n\n<figure class=\"wp-block-embed-youtube wp-block-embed is-type-video is-provider-youtube wp-embed-aspect-4-3 wp-has-aspect-ratio\"><div class=\"wp-block-embed__wrapper\">\n<iframe title=\"Wellington ouve popula\u00e7\u00e3o de Mat\u00f5es do Norte\" width=\"500\" height=\"281\" src=\"https:\/\/www.youtube.com\/embed\/ggybEioSDvs?feature=oembed\" frameborder=\"0\" allow=\"accelerometer; autoplay; clipboard-write; encrypted-media; gyroscope; picture-in-picture; web-share\" referrerpolicy=\"strict-origin-when-cross-origin\" allowfullscreen><\/iframe>\n<\/div><\/figure>\n\n\n\n<p>Entre as provid\u00eancias, o deputado Wellington apresentou uma representa\u00e7\u00e3o em desfavor do estado do Maranh\u00e3o para que a Promotoria da Sa\u00fade atue no caso. O Hospital Regional de Mat\u00f5es atendia os munic\u00edpios de Anajatuba, Arari, Belagua, Cantanhede, Itapecuru, Mat\u00f5es do Norte, Miranda, Nina Rodrigues, Pirapemas, Presidente Vargas, S\u00e3o Benedito do Rio Preto, Urbanos Santos, Vargem Grande e Vit\u00f3ria do Mearim.<\/p>\n\n\n\n<p><strong>PERSEGUI\u00c7\u00c3O POL\u00cdTICA<\/strong><\/p>\n\n\n\n<figure class=\"wp-block-embed-youtube wp-block-embed is-type-video is-provider-youtube wp-embed-aspect-4-3 wp-has-aspect-ratio\"><div class=\"wp-block-embed__wrapper\">\n<iframe title=\"Deputdo Wellington ouve popula\u00e7\u00e3o de Mat\u00f5es do Norte\" width=\"500\" height=\"281\" src=\"https:\/\/www.youtube.com\/embed\/PIHOQKAnvUw?feature=oembed\" frameborder=\"0\" allow=\"accelerometer; autoplay; clipboard-write; encrypted-media; gyroscope; picture-in-picture; web-share\" referrerpolicy=\"strict-origin-when-cross-origin\" allowfullscreen><\/iframe>\n<\/div><\/figure>\n\n\n\n<p>Em Mat\u00f5es do Norte, o governador Fl\u00e1vio Dino teve apenas 35% dos votos; em Pirapemas, o percentual cai para 32%; j\u00e1 em Cantanhede, os votos conquistados equivalem a 41%; em Miranda do Norte e Anajatuba, s\u00e3o de 43% e 44%, respectivamente. Nos munic\u00edpios antes atendidos pelo Hospital Fl\u00e1vio Dino n\u00e3o conquistou nem metade do eleitorado, motivo esse que faz com que a popula\u00e7\u00e3o que o comunista apenas tenha fechado o Hospital Regional para se vingar.<\/p>\n","protected":false},"excerpt":{"rendered":"<p>Falta de investimento na sa\u00fade p\u00fablica, a\u00e7\u00f5es midi\u00e1ticas, desvios milion\u00e1rios e atos movidos por persegui\u00e7\u00e3o pol\u00edtica. Essa tem sido a [&hellip;]<\/p>\n","protected":false},"author":0,"featured_media":0,"comment_status":"open","ping_status":"open","sticky":false,"template":"","format":"standard","meta":{"site-sidebar-layout":"default","site-content-layout":"","ast-site-content-layout":"default","site-content-style":"default","site-sidebar-style":"default","ast-global-header-display":"","ast-banner-title-visibility":"","ast-main-header-display":"","ast-hfb-above-header-display":"","ast-hfb-below-header-display":"","ast-hfb-mobile-header-display":"","site-post-title":"","ast-breadcrumbs-content":"","ast-featured-img":"","footer-sml-layout":"","ast-disable-related-posts":"","theme-transparent-header-meta":"","adv-header-id-meta":"","stick-header-meta":"","header-above-stick-meta":"","header-main-stick-meta":"","header-below-stick-meta":"","astra-migrate-meta-layouts":"default","ast-page-background-enabled":"default","ast-page-background-meta":{"desktop":{"background-color":"var(--ast-global-color-5)","background-image":"","background-repeat":"repeat","background-position":"center center","background-size":"auto","background-attachment":"scroll","background-type":"","background-media":"","overlay-type":"","overlay-color":"","overlay-opacity":"","overlay-gradient":""},"tablet":{"background-color":"","background-image":"","background-repeat":"repeat","background-position":"center center","background-size":"auto","background-attachment":"scroll","background-type":"","background-media":"","overlay-type":"","overlay-color":"","overlay-opacity":"","overlay-gradient":""},"mobile":{"background-color":"","background-image":"","background-repeat":"repeat","background-position":"center center","background-size":"auto","background-attachment":"scroll","background-type":"","background-media":"","overlay-type":"","overlay-color":"","overlay-opacity":"","overlay-gradient":""}},"ast-content-background-meta":{"desktop":{"background-color":"var(--ast-global-color-4)","background-image":"","background-repeat":"repeat","background-position":"center center","background-size":"auto","background-attachment":"scroll","background-type":"","background-media":"","overlay-type":"","overlay-color":"","overlay-opacity":"","overlay-gradient":""},"tablet":{"background-color":"var(--ast-global-color-4)","background-image":"","background-repeat":"repeat","background-position":"center center","background-size":"auto","background-attachment":"scroll","background-type":"","background-media":"","overlay-type":"","overlay-color":"","overlay-opacity":"","overlay-gradient":""},"mobile":{"background-color":"var(--ast-global-color-4)","background-image":"","background-repeat":"repeat","background-position":"center center","background-size":"auto","background-attachment":"scroll","background-type":"","background-media":"","overlay-type":"","overlay-color":"","overlay-opacity":"","overlay-gradient":""}},"footnotes":""},"categories":[1],"tags":[],"class_list":["post-60207","post","type-post","status-publish","format-standard","hentry","category-sem-categoria"],"yoast_head":"<!-- This site is optimized with the Yoast SEO plugin v26.6 - https:\/\/yoast.com\/wordpress\/plugins\/seo\/ -->\n<title>\u201cFl\u00e1vio Dino fecha Hospital de Mat\u00f5es do Norte e quem sofre \u00e9 a popula\u00e7\u00e3o\u201d, diz deputado Wellington ao denunciar persegui\u00e7\u00e3o pol\u00edtica - Daniel Matos<\/title>\n<meta name=\"robots\" content=\"index, follow, max-snippet:-1, max-image-preview:large, max-video-preview:-1\" \/>\n<link rel=\"canonical\" href=\"https:\/\/www.blogsoestado.com\/danielmatos\/flavio-dino-fecha-hospital-de-matoes-do-norte-e-quem-sofre-e-a-populacao-diz-deputado-wellington-ao-denunciar-perseguicao-politica\/\" \/>\n<meta property=\"og:locale\" content=\"pt_BR\" \/>\n<meta property=\"og:type\" content=\"article\" \/>\n<meta property=\"og:title\" content=\"\u201cFl\u00e1vio Dino fecha Hospital de Mat\u00f5es do Norte e quem sofre \u00e9 a popula\u00e7\u00e3o\u201d, diz deputado Wellington ao denunciar persegui\u00e7\u00e3o pol\u00edtica - Daniel Matos\" \/>\n<meta property=\"og:description\" content=\"Falta de investimento na sa\u00fade p\u00fablica, a\u00e7\u00f5es midi\u00e1ticas, desvios milion\u00e1rios e atos movidos por persegui\u00e7\u00e3o pol\u00edtica. Essa tem sido a [&hellip;]\" \/>\n<meta property=\"og:url\" content=\"https:\/\/www.blogsoestado.com\/danielmatos\/flavio-dino-fecha-hospital-de-matoes-do-norte-e-quem-sofre-e-a-populacao-diz-deputado-wellington-ao-denunciar-perseguicao-politica\/\" \/>\n<meta property=\"og:site_name\" content=\"Daniel Matos\" \/>\n<meta property=\"article:published_time\" content=\"2019-02-08T23:15:20+00:00\" \/>\n<meta name=\"twitter:card\" content=\"summary_large_image\" \/>\n<meta name=\"twitter:label1\" content=\"Est. tempo de leitura\" \/>\n\t<meta name=\"twitter:data1\" content=\"3 minutos\" \/>\n<script type=\"application\/ld+json\" class=\"yoast-schema-graph\">{\"@context\":\"https:\/\/schema.org\",\"@graph\":[{\"@type\":\"WebPage\",\"@id\":\"https:\/\/www.blogsoestado.com\/danielmatos\/flavio-dino-fecha-hospital-de-matoes-do-norte-e-quem-sofre-e-a-populacao-diz-deputado-wellington-ao-denunciar-perseguicao-politica\/\",\"url\":\"https:\/\/www.blogsoestado.com\/danielmatos\/flavio-dino-fecha-hospital-de-matoes-do-norte-e-quem-sofre-e-a-populacao-diz-deputado-wellington-ao-denunciar-perseguicao-politica\/\",\"name\":\"\u201cFl\u00e1vio Dino fecha Hospital de Mat\u00f5es do Norte e quem sofre \u00e9 a popula\u00e7\u00e3o\u201d, diz deputado Wellington ao denunciar persegui\u00e7\u00e3o pol\u00edtica - Daniel Matos\",\"isPartOf\":{\"@id\":\"https:\/\/www.blogsoestado.com\/danielmatos\/#website\"},\"datePublished\":\"2019-02-08T23:15:20+00:00\",\"author\":{\"@id\":\"\"},\"breadcrumb\":{\"@id\":\"https:\/\/www.blogsoestado.com\/danielmatos\/flavio-dino-fecha-hospital-de-matoes-do-norte-e-quem-sofre-e-a-populacao-diz-deputado-wellington-ao-denunciar-perseguicao-politica\/#breadcrumb\"},\"inLanguage\":\"pt-BR\",\"potentialAction\":[{\"@type\":\"ReadAction\",\"target\":[\"https:\/\/www.blogsoestado.com\/danielmatos\/flavio-dino-fecha-hospital-de-matoes-do-norte-e-quem-sofre-e-a-populacao-diz-deputado-wellington-ao-denunciar-perseguicao-politica\/\"]}]},{\"@type\":\"BreadcrumbList\",\"@id\":\"https:\/\/www.blogsoestado.com\/danielmatos\/flavio-dino-fecha-hospital-de-matoes-do-norte-e-quem-sofre-e-a-populacao-diz-deputado-wellington-ao-denunciar-perseguicao-politica\/#breadcrumb\",\"itemListElement\":[{\"@type\":\"ListItem\",\"position\":1,\"name\":\"In\u00edcio\",\"item\":\"https:\/\/www.blogsoestado.com\/danielmatos\/\"},{\"@type\":\"ListItem\",\"position\":2,\"name\":\"\u201cFl\u00e1vio Dino fecha Hospital de Mat\u00f5es do Norte e quem sofre \u00e9 a popula\u00e7\u00e3o\u201d, diz deputado Wellington ao denunciar persegui\u00e7\u00e3o pol\u00edtica\"}]},{\"@type\":\"WebSite\",\"@id\":\"https:\/\/www.blogsoestado.com\/danielmatos\/#website\",\"url\":\"https:\/\/www.blogsoestado.com\/danielmatos\/\",\"name\":\"Daniel Matos\",\"description\":\"\",\"potentialAction\":[{\"@type\":\"SearchAction\",\"target\":{\"@type\":\"EntryPoint\",\"urlTemplate\":\"https:\/\/www.blogsoestado.com\/danielmatos\/?s={search_term_string}\"},\"query-input\":{\"@type\":\"PropertyValueSpecification\",\"valueRequired\":true,\"valueName\":\"search_term_string\"}}],\"inLanguage\":\"pt-BR\"}]}<\/script>\n<!-- \/ Yoast SEO plugin. -->","yoast_head_json":{"title":"\u201cFl\u00e1vio Dino fecha Hospital de Mat\u00f5es do Norte e quem sofre \u00e9 a popula\u00e7\u00e3o\u201d, diz deputado Wellington ao denunciar persegui\u00e7\u00e3o pol\u00edtica - Daniel Matos","robots":{"index":"index","follow":"follow","max-snippet":"max-snippet:-1","max-image-preview":"max-image-preview:large","max-video-preview":"max-video-preview:-1"},"canonical":"https:\/\/www.blogsoestado.com\/danielmatos\/flavio-dino-fecha-hospital-de-matoes-do-norte-e-quem-sofre-e-a-populacao-diz-deputado-wellington-ao-denunciar-perseguicao-politica\/","og_locale":"pt_BR","og_type":"article","og_title":"\u201cFl\u00e1vio Dino fecha Hospital de Mat\u00f5es do Norte e quem sofre \u00e9 a popula\u00e7\u00e3o\u201d, diz deputado Wellington ao denunciar persegui\u00e7\u00e3o pol\u00edtica - Daniel Matos","og_description":"Falta de investimento na sa\u00fade p\u00fablica, a\u00e7\u00f5es midi\u00e1ticas, desvios milion\u00e1rios e atos movidos por persegui\u00e7\u00e3o pol\u00edtica. Essa tem sido a [&hellip;]","og_url":"https:\/\/www.blogsoestado.com\/danielmatos\/flavio-dino-fecha-hospital-de-matoes-do-norte-e-quem-sofre-e-a-populacao-diz-deputado-wellington-ao-denunciar-perseguicao-politica\/","og_site_name":"Daniel Matos","article_published_time":"2019-02-08T23:15:20+00:00","twitter_card":"summary_large_image","twitter_misc":{"Est. tempo de leitura":"3 minutos"},"schema":{"@context":"https:\/\/schema.org","@graph":[{"@type":"WebPage","@id":"https:\/\/www.blogsoestado.com\/danielmatos\/flavio-dino-fecha-hospital-de-matoes-do-norte-e-quem-sofre-e-a-populacao-diz-deputado-wellington-ao-denunciar-perseguicao-politica\/","url":"https:\/\/www.blogsoestado.com\/danielmatos\/flavio-dino-fecha-hospital-de-matoes-do-norte-e-quem-sofre-e-a-populacao-diz-deputado-wellington-ao-denunciar-perseguicao-politica\/","name":"\u201cFl\u00e1vio Dino fecha Hospital de Mat\u00f5es do Norte e quem sofre \u00e9 a popula\u00e7\u00e3o\u201d, diz deputado Wellington ao denunciar persegui\u00e7\u00e3o pol\u00edtica - Daniel Matos","isPartOf":{"@id":"https:\/\/www.blogsoestado.com\/danielmatos\/#website"},"datePublished":"2019-02-08T23:15:20+00:00","author":{"@id":""},"breadcrumb":{"@id":"https:\/\/www.blogsoestado.com\/danielmatos\/flavio-dino-fecha-hospital-de-matoes-do-norte-e-quem-sofre-e-a-populacao-diz-deputado-wellington-ao-denunciar-perseguicao-politica\/#breadcrumb"},"inLanguage":"pt-BR","potentialAction":[{"@type":"ReadAction","target":["https:\/\/www.blogsoestado.com\/danielmatos\/flavio-dino-fecha-hospital-de-matoes-do-norte-e-quem-sofre-e-a-populacao-diz-deputado-wellington-ao-denunciar-perseguicao-politica\/"]}]},{"@type":"BreadcrumbList","@id":"https:\/\/www.blogsoestado.com\/danielmatos\/flavio-dino-fecha-hospital-de-matoes-do-norte-e-quem-sofre-e-a-populacao-diz-deputado-wellington-ao-denunciar-perseguicao-politica\/#breadcrumb","itemListElement":[{"@type":"ListItem","position":1,"name":"In\u00edcio","item":"https:\/\/www.blogsoestado.com\/danielmatos\/"},{"@type":"ListItem","position":2,"name":"\u201cFl\u00e1vio Dino fecha Hospital de Mat\u00f5es do Norte e quem sofre \u00e9 a popula\u00e7\u00e3o\u201d, diz deputado Wellington ao denunciar persegui\u00e7\u00e3o pol\u00edtica"}]},{"@type":"WebSite","@id":"https:\/\/www.blogsoestado.com\/danielmatos\/#website","url":"https:\/\/www.blogsoestado.com\/danielmatos\/","name":"Daniel Matos","description":"","potentialAction":[{"@type":"SearchAction","target":{"@type":"EntryPoint","urlTemplate":"https:\/\/www.blogsoestado.com\/danielmatos\/?s={search_term_string}"},"query-input":{"@type":"PropertyValueSpecification","valueRequired":true,"valueName":"search_term_string"}}],"inLanguage":"pt-BR"}]}},"jetpack_featured_media_url":"","_links":{"self":[{"href":"https:\/\/www.blogsoestado.com\/danielmatos\/wp-json\/wp\/v2\/posts\/60207","targetHints":{"allow":["GET"]}}],"collection":[{"href":"https:\/\/www.blogsoestado.com\/danielmatos\/wp-json\/wp\/v2\/posts"}],"about":[{"href":"https:\/\/www.blogsoestado.com\/danielmatos\/wp-json\/wp\/v2\/types\/post"}],"replies":[{"embeddable":true,"href":"https:\/\/www.blogsoestado.com\/danielmatos\/wp-json\/wp\/v2\/comments?post=60207"}],"version-history":[{"count":0,"href":"https:\/\/www.blogsoestado.com\/danielmatos\/wp-json\/wp\/v2\/posts\/60207\/revisions"}],"wp:attachment":[{"href":"https:\/\/www.blogsoestado.com\/danielmatos\/wp-json\/wp\/v2\/media?parent=60207"}],"wp:term":[{"taxonomy":"category","embeddable":true,"href":"https:\/\/www.blogsoestado.com\/danielmatos\/wp-json\/wp\/v2\/categories?post=60207"},{"taxonomy":"post_tag","embeddable":true,"href":"https:\/\/www.blogsoestado.com\/danielmatos\/wp-json\/wp\/v2\/tags?post=60207"}],"curies":[{"name":"wp","href":"https:\/\/api.w.org\/{rel}","templated":true}]}}