{"id":60215,"date":"2019-02-10T21:09:32","date_gmt":"2019-02-11T00:09:32","guid":{"rendered":"https:\/\/www.blogsoestado.com\/danielmatos\/?p=60215"},"modified":"2019-02-10T21:09:32","modified_gmt":"2019-02-11T00:09:32","slug":"osmar-filho-destaca-forca-do-pdt-para-as-eleicoes","status":"publish","type":"post","link":"https:\/\/www.blogsoestado.com\/danielmatos\/osmar-filho-destaca-forca-do-pdt-para-as-eleicoes\/","title":{"rendered":"Osmar Filho destaca for\u00e7a do PDT para as elei\u00e7\u00f5es"},"content":{"rendered":"\n<figure class=\"wp-block-image\"><img decoding=\"async\" src=\"https:\/\/www.blogsoestado.com\/danielmatos\/files\/2019\/02\/osmar-2-1024x682.jpg\" alt=\"\" class=\"wp-image-60216\"\/><figcaption>Osmar Filho exaltou for\u00e7a pol\u00edtica do PDT ao discurar no semin\u00e1rio<\/figcaption><\/figure>\n\n\n\n<p>O vereador e presidente da C\u00e2mara Municipal de S\u00e3o Lu\u00eds, Osmar Filho, participou, neste s\u00e1bado (09), do I Semin\u00e1rio de Forma\u00e7\u00e3o Pol\u00edtica, iniciativa promovida pelo&nbsp;do Partido Democr\u00e1tico Trabalhista (PDT) e Funda\u00e7\u00e3o Leonel Brizola \u2013 Alberto Pasqualini (FLB-AP).<\/p>\n\n\n\n<p>No evento,&nbsp;que aconteceu no Espa\u00e7o Orienta, no bairro do Renascen\u00e7a, a milit\u00e2ncia pedetista teve a oportunidade de participar de palestras que abordaram temas diversos, tais como as mudan\u00e7as e a participa\u00e7\u00e3o popular nas \u00faltimas elei\u00e7\u00f5es; al\u00e9m da influ\u00eancia da comunica\u00e7\u00e3o neste processo e como os partidos pol\u00edticos se adequam a nova realidade.<br><br>Integrante da executiva nacional da legenda, Osmar destacou a sua for\u00e7a e disse que o partido dever\u00e1, mais uma vez, figurar como ator principal na elei\u00e7\u00e3o de S\u00e3o Lu\u00eds e em v\u00e1rios outros munic\u00edpios maranhenses.<\/p>\n\n\n\n<p>&#8220;O PDT \u00e9 um partido consolidado na capital e em praticamente todos os munic\u00edpios de nosso estado. A proposta de um evento como este surge para come\u00e7armos a planejar os passos da legenda para o ano de 2019 e analisarmos o recorte da \u00faltima elei\u00e7\u00e3o pol\u00edtica&#8221;, disse o parlamentar, que recebeu diversas manifesta\u00e7\u00f5es de carinho dos filiados.<\/p>\n\n\n\n<figure class=\"wp-block-image\"><img decoding=\"async\" src=\"https:\/\/www.blogsoestado.com\/danielmatos\/files\/2019\/02\/osmar-1024x682.jpg\" alt=\"\" class=\"wp-image-60217\"\/><figcaption>Osmar Filho foi cumprimentado por militantes pedetistas no evento<\/figcaption><\/figure>\n\n\n\n<p>Eleito o vereador mais bem votado na legislatura de 2016, com quase 10 mil votos, Osmar Filho avaliou o encontro como produtivo e importante para se come\u00e7ar o ano tra\u00e7ando as metas partid\u00e1rias e se reciclar sobre o cen\u00e1rio pol\u00edtico atual do Brasil e do estado. &nbsp;&nbsp;<\/p>\n\n\n\n<p>Os temas das palestras foram abordados pelo professor Leonardo Zumpichiatti, da Universidade Leonel Brizola; pela jornalista Eliz\u00e2ngela Isaque da Silva, graduada em Comunica\u00e7\u00e3o Social e especialista em Bio\u00e9tica; e pelo o diretor-geral do Tribunal Regional Eleitoral do Maranh\u00e3o (TRE\/MA), Fl\u00e1vio Vinicius Ara\u00fajo Costa.<br><\/p>\n","protected":false},"excerpt":{"rendered":"<p>O vereador e presidente da C\u00e2mara Municipal de S\u00e3o Lu\u00eds, Osmar Filho, participou, neste s\u00e1bado (09), do I Semin\u00e1rio de [&hellip;]<\/p>\n","protected":false},"author":0,"featured_media":0,"comment_status":"open","ping_status":"open","sticky":false,"template":"","format":"standard","meta":{"site-sidebar-layout":"default","site-content-layout":"","ast-site-content-layout":"default","site-content-style":"default","site-sidebar-style":"default","ast-global-header-display":"","ast-banner-title-visibility":"","ast-main-header-display":"","ast-hfb-above-header-display":"","ast-hfb-below-header-display":"","ast-hfb-mobile-header-display":"","site-post-title":"","ast-breadcrumbs-content":"","ast-featured-img":"","footer-sml-layout":"","ast-disable-related-posts":"","theme-transparent-header-meta":"","adv-header-id-meta":"","stick-header-meta":"","header-above-stick-meta":"","header-main-stick-meta":"","header-below-stick-meta":"","astra-migrate-meta-layouts":"default","ast-page-background-enabled":"default","ast-page-background-meta":{"desktop":{"background-color":"var(--ast-global-color-5)","background-image":"","background-repeat":"repeat","background-position":"center center","background-size":"auto","background-attachment":"scroll","background-type":"","background-media":"","overlay-type":"","overlay-color":"","overlay-opacity":"","overlay-gradient":""},"tablet":{"background-color":"","background-image":"","background-repeat":"repeat","background-position":"center center","background-size":"auto","background-attachment":"scroll","background-type":"","background-media":"","overlay-type":"","overlay-color":"","overlay-opacity":"","overlay-gradient":""},"mobile":{"background-color":"","background-image":"","background-repeat":"repeat","background-position":"center center","background-size":"auto","background-attachment":"scroll","background-type":"","background-media":"","overlay-type":"","overlay-color":"","overlay-opacity":"","overlay-gradient":""}},"ast-content-background-meta":{"desktop":{"background-color":"var(--ast-global-color-4)","background-image":"","background-repeat":"repeat","background-position":"center center","background-size":"auto","background-attachment":"scroll","background-type":"","background-media":"","overlay-type":"","overlay-color":"","overlay-opacity":"","overlay-gradient":""},"tablet":{"background-color":"var(--ast-global-color-4)","background-image":"","background-repeat":"repeat","background-position":"center center","background-size":"auto","background-attachment":"scroll","background-type":"","background-media":"","overlay-type":"","overlay-color":"","overlay-opacity":"","overlay-gradient":""},"mobile":{"background-color":"var(--ast-global-color-4)","background-image":"","background-repeat":"repeat","background-position":"center center","background-size":"auto","background-attachment":"scroll","background-type":"","background-media":"","overlay-type":"","overlay-color":"","overlay-opacity":"","overlay-gradient":""}},"footnotes":""},"categories":[1],"tags":[],"class_list":["post-60215","post","type-post","status-publish","format-standard","hentry","category-sem-categoria"],"yoast_head":"<!-- This site is optimized with the Yoast SEO plugin v26.6 - https:\/\/yoast.com\/wordpress\/plugins\/seo\/ -->\n<title>Osmar Filho destaca for\u00e7a do PDT para as elei\u00e7\u00f5es - Daniel Matos<\/title>\n<meta name=\"robots\" content=\"index, follow, max-snippet:-1, max-image-preview:large, max-video-preview:-1\" \/>\n<link rel=\"canonical\" href=\"https:\/\/www.blogsoestado.com\/danielmatos\/osmar-filho-destaca-forca-do-pdt-para-as-eleicoes\/\" \/>\n<meta property=\"og:locale\" content=\"pt_BR\" \/>\n<meta property=\"og:type\" content=\"article\" \/>\n<meta property=\"og:title\" content=\"Osmar Filho destaca for\u00e7a do PDT para as elei\u00e7\u00f5es - Daniel Matos\" \/>\n<meta property=\"og:description\" content=\"O vereador e presidente da C\u00e2mara Municipal de S\u00e3o Lu\u00eds, Osmar Filho, participou, neste s\u00e1bado (09), do I Semin\u00e1rio de [&hellip;]\" \/>\n<meta property=\"og:url\" content=\"https:\/\/www.blogsoestado.com\/danielmatos\/osmar-filho-destaca-forca-do-pdt-para-as-eleicoes\/\" \/>\n<meta property=\"og:site_name\" content=\"Daniel Matos\" \/>\n<meta property=\"article:published_time\" content=\"2019-02-11T00:09:32+00:00\" \/>\n<meta property=\"og:image\" content=\"https:\/\/www.blogsoestado.com\/danielmatos\/files\/2019\/02\/osmar-2-1024x682.jpg\" \/>\n<meta name=\"twitter:card\" content=\"summary_large_image\" \/>\n<meta name=\"twitter:label1\" content=\"Est. tempo de leitura\" \/>\n\t<meta name=\"twitter:data1\" content=\"2 minutos\" \/>\n<script type=\"application\/ld+json\" class=\"yoast-schema-graph\">{\"@context\":\"https:\/\/schema.org\",\"@graph\":[{\"@type\":\"WebPage\",\"@id\":\"https:\/\/www.blogsoestado.com\/danielmatos\/osmar-filho-destaca-forca-do-pdt-para-as-eleicoes\/\",\"url\":\"https:\/\/www.blogsoestado.com\/danielmatos\/osmar-filho-destaca-forca-do-pdt-para-as-eleicoes\/\",\"name\":\"Osmar Filho destaca for\u00e7a do PDT para as elei\u00e7\u00f5es - Daniel Matos\",\"isPartOf\":{\"@id\":\"https:\/\/www.blogsoestado.com\/danielmatos\/#website\"},\"primaryImageOfPage\":{\"@id\":\"https:\/\/www.blogsoestado.com\/danielmatos\/osmar-filho-destaca-forca-do-pdt-para-as-eleicoes\/#primaryimage\"},\"image\":{\"@id\":\"https:\/\/www.blogsoestado.com\/danielmatos\/osmar-filho-destaca-forca-do-pdt-para-as-eleicoes\/#primaryimage\"},\"thumbnailUrl\":\"https:\/\/www.blogsoestado.com\/danielmatos\/files\/2019\/02\/osmar-2-1024x682.jpg\",\"datePublished\":\"2019-02-11T00:09:32+00:00\",\"author\":{\"@id\":\"\"},\"breadcrumb\":{\"@id\":\"https:\/\/www.blogsoestado.com\/danielmatos\/osmar-filho-destaca-forca-do-pdt-para-as-eleicoes\/#breadcrumb\"},\"inLanguage\":\"pt-BR\",\"potentialAction\":[{\"@type\":\"ReadAction\",\"target\":[\"https:\/\/www.blogsoestado.com\/danielmatos\/osmar-filho-destaca-forca-do-pdt-para-as-eleicoes\/\"]}]},{\"@type\":\"ImageObject\",\"inLanguage\":\"pt-BR\",\"@id\":\"https:\/\/www.blogsoestado.com\/danielmatos\/osmar-filho-destaca-forca-do-pdt-para-as-eleicoes\/#primaryimage\",\"url\":\"https:\/\/www.blogsoestado.com\/danielmatos\/files\/2019\/02\/osmar-2-1024x682.jpg\",\"contentUrl\":\"https:\/\/www.blogsoestado.com\/danielmatos\/files\/2019\/02\/osmar-2-1024x682.jpg\"},{\"@type\":\"BreadcrumbList\",\"@id\":\"https:\/\/www.blogsoestado.com\/danielmatos\/osmar-filho-destaca-forca-do-pdt-para-as-eleicoes\/#breadcrumb\",\"itemListElement\":[{\"@type\":\"ListItem\",\"position\":1,\"name\":\"In\u00edcio\",\"item\":\"https:\/\/www.blogsoestado.com\/danielmatos\/\"},{\"@type\":\"ListItem\",\"position\":2,\"name\":\"Osmar Filho destaca for\u00e7a do PDT para as elei\u00e7\u00f5es\"}]},{\"@type\":\"WebSite\",\"@id\":\"https:\/\/www.blogsoestado.com\/danielmatos\/#website\",\"url\":\"https:\/\/www.blogsoestado.com\/danielmatos\/\",\"name\":\"Daniel Matos\",\"description\":\"\",\"potentialAction\":[{\"@type\":\"SearchAction\",\"target\":{\"@type\":\"EntryPoint\",\"urlTemplate\":\"https:\/\/www.blogsoestado.com\/danielmatos\/?s={search_term_string}\"},\"query-input\":{\"@type\":\"PropertyValueSpecification\",\"valueRequired\":true,\"valueName\":\"search_term_string\"}}],\"inLanguage\":\"pt-BR\"}]}<\/script>\n<!-- \/ Yoast SEO plugin. -->","yoast_head_json":{"title":"Osmar Filho destaca for\u00e7a do PDT para as elei\u00e7\u00f5es - Daniel Matos","robots":{"index":"index","follow":"follow","max-snippet":"max-snippet:-1","max-image-preview":"max-image-preview:large","max-video-preview":"max-video-preview:-1"},"canonical":"https:\/\/www.blogsoestado.com\/danielmatos\/osmar-filho-destaca-forca-do-pdt-para-as-eleicoes\/","og_locale":"pt_BR","og_type":"article","og_title":"Osmar Filho destaca for\u00e7a do PDT para as elei\u00e7\u00f5es - Daniel Matos","og_description":"O vereador e presidente da C\u00e2mara Municipal de S\u00e3o Lu\u00eds, Osmar Filho, participou, neste s\u00e1bado (09), do I Semin\u00e1rio de [&hellip;]","og_url":"https:\/\/www.blogsoestado.com\/danielmatos\/osmar-filho-destaca-forca-do-pdt-para-as-eleicoes\/","og_site_name":"Daniel Matos","article_published_time":"2019-02-11T00:09:32+00:00","og_image":[{"url":"https:\/\/www.blogsoestado.com\/danielmatos\/files\/2019\/02\/osmar-2-1024x682.jpg","type":"","width":"","height":""}],"twitter_card":"summary_large_image","twitter_misc":{"Est. tempo de leitura":"2 minutos"},"schema":{"@context":"https:\/\/schema.org","@graph":[{"@type":"WebPage","@id":"https:\/\/www.blogsoestado.com\/danielmatos\/osmar-filho-destaca-forca-do-pdt-para-as-eleicoes\/","url":"https:\/\/www.blogsoestado.com\/danielmatos\/osmar-filho-destaca-forca-do-pdt-para-as-eleicoes\/","name":"Osmar Filho destaca for\u00e7a do PDT para as elei\u00e7\u00f5es - Daniel Matos","isPartOf":{"@id":"https:\/\/www.blogsoestado.com\/danielmatos\/#website"},"primaryImageOfPage":{"@id":"https:\/\/www.blogsoestado.com\/danielmatos\/osmar-filho-destaca-forca-do-pdt-para-as-eleicoes\/#primaryimage"},"image":{"@id":"https:\/\/www.blogsoestado.com\/danielmatos\/osmar-filho-destaca-forca-do-pdt-para-as-eleicoes\/#primaryimage"},"thumbnailUrl":"https:\/\/www.blogsoestado.com\/danielmatos\/files\/2019\/02\/osmar-2-1024x682.jpg","datePublished":"2019-02-11T00:09:32+00:00","author":{"@id":""},"breadcrumb":{"@id":"https:\/\/www.blogsoestado.com\/danielmatos\/osmar-filho-destaca-forca-do-pdt-para-as-eleicoes\/#breadcrumb"},"inLanguage":"pt-BR","potentialAction":[{"@type":"ReadAction","target":["https:\/\/www.blogsoestado.com\/danielmatos\/osmar-filho-destaca-forca-do-pdt-para-as-eleicoes\/"]}]},{"@type":"ImageObject","inLanguage":"pt-BR","@id":"https:\/\/www.blogsoestado.com\/danielmatos\/osmar-filho-destaca-forca-do-pdt-para-as-eleicoes\/#primaryimage","url":"https:\/\/www.blogsoestado.com\/danielmatos\/files\/2019\/02\/osmar-2-1024x682.jpg","contentUrl":"https:\/\/www.blogsoestado.com\/danielmatos\/files\/2019\/02\/osmar-2-1024x682.jpg"},{"@type":"BreadcrumbList","@id":"https:\/\/www.blogsoestado.com\/danielmatos\/osmar-filho-destaca-forca-do-pdt-para-as-eleicoes\/#breadcrumb","itemListElement":[{"@type":"ListItem","position":1,"name":"In\u00edcio","item":"https:\/\/www.blogsoestado.com\/danielmatos\/"},{"@type":"ListItem","position":2,"name":"Osmar Filho destaca for\u00e7a do PDT para as elei\u00e7\u00f5es"}]},{"@type":"WebSite","@id":"https:\/\/www.blogsoestado.com\/danielmatos\/#website","url":"https:\/\/www.blogsoestado.com\/danielmatos\/","name":"Daniel Matos","description":"","potentialAction":[{"@type":"SearchAction","target":{"@type":"EntryPoint","urlTemplate":"https:\/\/www.blogsoestado.com\/danielmatos\/?s={search_term_string}"},"query-input":{"@type":"PropertyValueSpecification","valueRequired":true,"valueName":"search_term_string"}}],"inLanguage":"pt-BR"}]}},"jetpack_featured_media_url":"","_links":{"self":[{"href":"https:\/\/www.blogsoestado.com\/danielmatos\/wp-json\/wp\/v2\/posts\/60215","targetHints":{"allow":["GET"]}}],"collection":[{"href":"https:\/\/www.blogsoestado.com\/danielmatos\/wp-json\/wp\/v2\/posts"}],"about":[{"href":"https:\/\/www.blogsoestado.com\/danielmatos\/wp-json\/wp\/v2\/types\/post"}],"replies":[{"embeddable":true,"href":"https:\/\/www.blogsoestado.com\/danielmatos\/wp-json\/wp\/v2\/comments?post=60215"}],"version-history":[{"count":0,"href":"https:\/\/www.blogsoestado.com\/danielmatos\/wp-json\/wp\/v2\/posts\/60215\/revisions"}],"wp:attachment":[{"href":"https:\/\/www.blogsoestado.com\/danielmatos\/wp-json\/wp\/v2\/media?parent=60215"}],"wp:term":[{"taxonomy":"category","embeddable":true,"href":"https:\/\/www.blogsoestado.com\/danielmatos\/wp-json\/wp\/v2\/categories?post=60215"},{"taxonomy":"post_tag","embeddable":true,"href":"https:\/\/www.blogsoestado.com\/danielmatos\/wp-json\/wp\/v2\/tags?post=60215"}],"curies":[{"name":"wp","href":"https:\/\/api.w.org\/{rel}","templated":true}]}}