{"id":60230,"date":"2019-02-11T12:56:34","date_gmt":"2019-02-11T15:56:34","guid":{"rendered":"https:\/\/www.blogsoestado.com\/danielmatos\/?p=60230"},"modified":"2019-02-11T12:56:34","modified_gmt":"2019-02-11T15:56:34","slug":"urgente-helicoptero-cai-em-sao-paulo-com-ancora-do-jornal-a-band-ricardo-boechat-morte-e-confirmada","status":"publish","type":"post","link":"https:\/\/www.blogsoestado.com\/danielmatos\/urgente-helicoptero-cai-em-sao-paulo-com-ancora-do-jornal-a-band-ricardo-boechat-morte-e-confirmada\/","title":{"rendered":"URGENTE: Helic\u00f3ptero cai em S\u00e3o Paulo com \u00e2ncora do jornal a Band, Ricardo Boechat; morte \u00e9 confirmada"},"content":{"rendered":"\n<figure class=\"wp-block-image\"><img decoding=\"async\" src=\"https:\/\/www.blogsoestado.com\/danielmatos\/files\/2019\/02\/boechat.jpg\" alt=\"\" class=\"wp-image-60231\"\/><figcaption>Jornalista Ricardo Boechat era \u00e2ncora do Jornada da Band e integrava a bancada do Canal Livre<\/figcaption><\/figure>\n\n\n\n<p>Nesta segunda-feira (11), um helic\u00f3ptero caiu na Rodovia Anhaguera, em S\u00e3o Paulo. A primeiras informa\u00e7\u00f5es s\u00e3o de que a aeronave tenha batido em um caminh\u00e3o que andava pela via no momento da queda.<\/p>\n\n\n\n<p>Duas mortes foram confirmadas pelo Corpo de Bombeiros; o piloto e o copiloto morrem carbonizados.<\/p>\n\n\n\n<p>O apresentador e tamb\u00e9m jornalista da Band, Ricardo Boechat, estava dentro do helic\u00f3ptero no momento da queda. N\u00e3o se tem mais informa\u00e7\u00f5es at\u00e9 o momento do estado de sa\u00fade do apresentador.<\/p>\n\n\n\n<figure class=\"wp-block-image\"><img decoding=\"async\" src=\"https:\/\/www.blogsoestado.com\/danielmatos\/files\/2019\/02\/boechat2.png\" alt=\"\" class=\"wp-image-60232\"\/><figcaption>Destro\u00e7os do helic\u00f3ptero em que o jornalista viajava, que caiu na Rodovia Anhanguera <\/figcaption><\/figure>\n\n\n\n<p>Em entrevista a BandNews, Felipe Araujo, um motorista que estava no local no momento da queda, contou que a aeronave foi perdendo altura:<\/p>\n\n\n\n<p>\u201cA aeronave foi perdendo altura e foi direcionando justamente para o espa\u00e7amento do Rodoanel, onde h\u00e1 aquela vaz\u00e3o da pista debaixo. Ent\u00e3o, percebi que ele foi perdendo altura. Pensei que fosse um pouso. Como estava muito r\u00e1pido, a gente percebeu que era uma queda. Rapidamente surgiu muita fuma\u00e7a escura\u201d, disse.<\/p>\n\n\n\n<p>O chamado de socorro foi feito \u00e0s 12h14.<\/p>\n","protected":false},"excerpt":{"rendered":"<p>Nesta segunda-feira (11), um helic\u00f3ptero caiu na Rodovia Anhaguera, em S\u00e3o Paulo. A primeiras informa\u00e7\u00f5es s\u00e3o de que a aeronave [&hellip;]<\/p>\n","protected":false},"author":0,"featured_media":0,"comment_status":"open","ping_status":"open","sticky":false,"template":"","format":"standard","meta":{"site-sidebar-layout":"default","site-content-layout":"","ast-site-content-layout":"default","site-content-style":"default","site-sidebar-style":"default","ast-global-header-display":"","ast-banner-title-visibility":"","ast-main-header-display":"","ast-hfb-above-header-display":"","ast-hfb-below-header-display":"","ast-hfb-mobile-header-display":"","site-post-title":"","ast-breadcrumbs-content":"","ast-featured-img":"","footer-sml-layout":"","ast-disable-related-posts":"","theme-transparent-header-meta":"","adv-header-id-meta":"","stick-header-meta":"","header-above-stick-meta":"","header-main-stick-meta":"","header-below-stick-meta":"","astra-migrate-meta-layouts":"default","ast-page-background-enabled":"default","ast-page-background-meta":{"desktop":{"background-color":"var(--ast-global-color-5)","background-image":"","background-repeat":"repeat","background-position":"center center","background-size":"auto","background-attachment":"scroll","background-type":"","background-media":"","overlay-type":"","overlay-color":"","overlay-opacity":"","overlay-gradient":""},"tablet":{"background-color":"","background-image":"","background-repeat":"repeat","background-position":"center center","background-size":"auto","background-attachment":"scroll","background-type":"","background-media":"","overlay-type":"","overlay-color":"","overlay-opacity":"","overlay-gradient":""},"mobile":{"background-color":"","background-image":"","background-repeat":"repeat","background-position":"center center","background-size":"auto","background-attachment":"scroll","background-type":"","background-media":"","overlay-type":"","overlay-color":"","overlay-opacity":"","overlay-gradient":""}},"ast-content-background-meta":{"desktop":{"background-color":"var(--ast-global-color-4)","background-image":"","background-repeat":"repeat","background-position":"center center","background-size":"auto","background-attachment":"scroll","background-type":"","background-media":"","overlay-type":"","overlay-color":"","overlay-opacity":"","overlay-gradient":""},"tablet":{"background-color":"var(--ast-global-color-4)","background-image":"","background-repeat":"repeat","background-position":"center center","background-size":"auto","background-attachment":"scroll","background-type":"","background-media":"","overlay-type":"","overlay-color":"","overlay-opacity":"","overlay-gradient":""},"mobile":{"background-color":"var(--ast-global-color-4)","background-image":"","background-repeat":"repeat","background-position":"center center","background-size":"auto","background-attachment":"scroll","background-type":"","background-media":"","overlay-type":"","overlay-color":"","overlay-opacity":"","overlay-gradient":""}},"footnotes":""},"categories":[1],"tags":[],"class_list":["post-60230","post","type-post","status-publish","format-standard","hentry","category-sem-categoria"],"yoast_head":"<!-- This site is optimized with the Yoast SEO plugin v26.6 - https:\/\/yoast.com\/wordpress\/plugins\/seo\/ -->\n<title>URGENTE: Helic\u00f3ptero cai em S\u00e3o Paulo com \u00e2ncora do jornal a Band, Ricardo Boechat; morte \u00e9 confirmada - Daniel Matos<\/title>\n<meta name=\"robots\" content=\"index, follow, max-snippet:-1, max-image-preview:large, max-video-preview:-1\" \/>\n<link rel=\"canonical\" href=\"https:\/\/www.blogsoestado.com\/danielmatos\/urgente-helicoptero-cai-em-sao-paulo-com-ancora-do-jornal-a-band-ricardo-boechat-morte-e-confirmada\/\" \/>\n<meta property=\"og:locale\" content=\"pt_BR\" \/>\n<meta property=\"og:type\" content=\"article\" \/>\n<meta property=\"og:title\" content=\"URGENTE: Helic\u00f3ptero cai em S\u00e3o Paulo com \u00e2ncora do jornal a Band, Ricardo Boechat; morte \u00e9 confirmada - Daniel Matos\" \/>\n<meta property=\"og:description\" content=\"Nesta segunda-feira (11), um helic\u00f3ptero caiu na Rodovia Anhaguera, em S\u00e3o Paulo. A primeiras informa\u00e7\u00f5es s\u00e3o de que a aeronave [&hellip;]\" \/>\n<meta property=\"og:url\" content=\"https:\/\/www.blogsoestado.com\/danielmatos\/urgente-helicoptero-cai-em-sao-paulo-com-ancora-do-jornal-a-band-ricardo-boechat-morte-e-confirmada\/\" \/>\n<meta property=\"og:site_name\" content=\"Daniel Matos\" \/>\n<meta property=\"article:published_time\" content=\"2019-02-11T15:56:34+00:00\" \/>\n<meta property=\"og:image\" content=\"https:\/\/www.blogsoestado.com\/danielmatos\/files\/2019\/02\/boechat.jpg\" \/>\n<meta name=\"twitter:card\" content=\"summary_large_image\" \/>\n<meta name=\"twitter:label1\" content=\"Est. tempo de leitura\" \/>\n\t<meta name=\"twitter:data1\" content=\"1 minuto\" \/>\n<script type=\"application\/ld+json\" class=\"yoast-schema-graph\">{\"@context\":\"https:\/\/schema.org\",\"@graph\":[{\"@type\":\"WebPage\",\"@id\":\"https:\/\/www.blogsoestado.com\/danielmatos\/urgente-helicoptero-cai-em-sao-paulo-com-ancora-do-jornal-a-band-ricardo-boechat-morte-e-confirmada\/\",\"url\":\"https:\/\/www.blogsoestado.com\/danielmatos\/urgente-helicoptero-cai-em-sao-paulo-com-ancora-do-jornal-a-band-ricardo-boechat-morte-e-confirmada\/\",\"name\":\"URGENTE: Helic\u00f3ptero cai em S\u00e3o Paulo com \u00e2ncora do jornal a Band, Ricardo Boechat; morte \u00e9 confirmada - Daniel Matos\",\"isPartOf\":{\"@id\":\"https:\/\/www.blogsoestado.com\/danielmatos\/#website\"},\"primaryImageOfPage\":{\"@id\":\"https:\/\/www.blogsoestado.com\/danielmatos\/urgente-helicoptero-cai-em-sao-paulo-com-ancora-do-jornal-a-band-ricardo-boechat-morte-e-confirmada\/#primaryimage\"},\"image\":{\"@id\":\"https:\/\/www.blogsoestado.com\/danielmatos\/urgente-helicoptero-cai-em-sao-paulo-com-ancora-do-jornal-a-band-ricardo-boechat-morte-e-confirmada\/#primaryimage\"},\"thumbnailUrl\":\"https:\/\/www.blogsoestado.com\/danielmatos\/files\/2019\/02\/boechat.jpg\",\"datePublished\":\"2019-02-11T15:56:34+00:00\",\"author\":{\"@id\":\"\"},\"breadcrumb\":{\"@id\":\"https:\/\/www.blogsoestado.com\/danielmatos\/urgente-helicoptero-cai-em-sao-paulo-com-ancora-do-jornal-a-band-ricardo-boechat-morte-e-confirmada\/#breadcrumb\"},\"inLanguage\":\"pt-BR\",\"potentialAction\":[{\"@type\":\"ReadAction\",\"target\":[\"https:\/\/www.blogsoestado.com\/danielmatos\/urgente-helicoptero-cai-em-sao-paulo-com-ancora-do-jornal-a-band-ricardo-boechat-morte-e-confirmada\/\"]}]},{\"@type\":\"ImageObject\",\"inLanguage\":\"pt-BR\",\"@id\":\"https:\/\/www.blogsoestado.com\/danielmatos\/urgente-helicoptero-cai-em-sao-paulo-com-ancora-do-jornal-a-band-ricardo-boechat-morte-e-confirmada\/#primaryimage\",\"url\":\"https:\/\/www.blogsoestado.com\/danielmatos\/files\/2019\/02\/boechat.jpg\",\"contentUrl\":\"https:\/\/www.blogsoestado.com\/danielmatos\/files\/2019\/02\/boechat.jpg\"},{\"@type\":\"BreadcrumbList\",\"@id\":\"https:\/\/www.blogsoestado.com\/danielmatos\/urgente-helicoptero-cai-em-sao-paulo-com-ancora-do-jornal-a-band-ricardo-boechat-morte-e-confirmada\/#breadcrumb\",\"itemListElement\":[{\"@type\":\"ListItem\",\"position\":1,\"name\":\"In\u00edcio\",\"item\":\"https:\/\/www.blogsoestado.com\/danielmatos\/\"},{\"@type\":\"ListItem\",\"position\":2,\"name\":\"URGENTE: Helic\u00f3ptero cai em S\u00e3o Paulo com \u00e2ncora do jornal a Band, Ricardo Boechat; morte \u00e9 confirmada\"}]},{\"@type\":\"WebSite\",\"@id\":\"https:\/\/www.blogsoestado.com\/danielmatos\/#website\",\"url\":\"https:\/\/www.blogsoestado.com\/danielmatos\/\",\"name\":\"Daniel Matos\",\"description\":\"\",\"potentialAction\":[{\"@type\":\"SearchAction\",\"target\":{\"@type\":\"EntryPoint\",\"urlTemplate\":\"https:\/\/www.blogsoestado.com\/danielmatos\/?s={search_term_string}\"},\"query-input\":{\"@type\":\"PropertyValueSpecification\",\"valueRequired\":true,\"valueName\":\"search_term_string\"}}],\"inLanguage\":\"pt-BR\"}]}<\/script>\n<!-- \/ Yoast SEO plugin. -->","yoast_head_json":{"title":"URGENTE: Helic\u00f3ptero cai em S\u00e3o Paulo com \u00e2ncora do jornal a Band, Ricardo Boechat; morte \u00e9 confirmada - Daniel Matos","robots":{"index":"index","follow":"follow","max-snippet":"max-snippet:-1","max-image-preview":"max-image-preview:large","max-video-preview":"max-video-preview:-1"},"canonical":"https:\/\/www.blogsoestado.com\/danielmatos\/urgente-helicoptero-cai-em-sao-paulo-com-ancora-do-jornal-a-band-ricardo-boechat-morte-e-confirmada\/","og_locale":"pt_BR","og_type":"article","og_title":"URGENTE: Helic\u00f3ptero cai em S\u00e3o Paulo com \u00e2ncora do jornal a Band, Ricardo Boechat; morte \u00e9 confirmada - Daniel Matos","og_description":"Nesta segunda-feira (11), um helic\u00f3ptero caiu na Rodovia Anhaguera, em S\u00e3o Paulo. A primeiras informa\u00e7\u00f5es s\u00e3o de que a aeronave [&hellip;]","og_url":"https:\/\/www.blogsoestado.com\/danielmatos\/urgente-helicoptero-cai-em-sao-paulo-com-ancora-do-jornal-a-band-ricardo-boechat-morte-e-confirmada\/","og_site_name":"Daniel Matos","article_published_time":"2019-02-11T15:56:34+00:00","og_image":[{"url":"https:\/\/www.blogsoestado.com\/danielmatos\/files\/2019\/02\/boechat.jpg","type":"","width":"","height":""}],"twitter_card":"summary_large_image","twitter_misc":{"Est. tempo de leitura":"1 minuto"},"schema":{"@context":"https:\/\/schema.org","@graph":[{"@type":"WebPage","@id":"https:\/\/www.blogsoestado.com\/danielmatos\/urgente-helicoptero-cai-em-sao-paulo-com-ancora-do-jornal-a-band-ricardo-boechat-morte-e-confirmada\/","url":"https:\/\/www.blogsoestado.com\/danielmatos\/urgente-helicoptero-cai-em-sao-paulo-com-ancora-do-jornal-a-band-ricardo-boechat-morte-e-confirmada\/","name":"URGENTE: Helic\u00f3ptero cai em S\u00e3o Paulo com \u00e2ncora do jornal a Band, Ricardo Boechat; morte \u00e9 confirmada - Daniel Matos","isPartOf":{"@id":"https:\/\/www.blogsoestado.com\/danielmatos\/#website"},"primaryImageOfPage":{"@id":"https:\/\/www.blogsoestado.com\/danielmatos\/urgente-helicoptero-cai-em-sao-paulo-com-ancora-do-jornal-a-band-ricardo-boechat-morte-e-confirmada\/#primaryimage"},"image":{"@id":"https:\/\/www.blogsoestado.com\/danielmatos\/urgente-helicoptero-cai-em-sao-paulo-com-ancora-do-jornal-a-band-ricardo-boechat-morte-e-confirmada\/#primaryimage"},"thumbnailUrl":"https:\/\/www.blogsoestado.com\/danielmatos\/files\/2019\/02\/boechat.jpg","datePublished":"2019-02-11T15:56:34+00:00","author":{"@id":""},"breadcrumb":{"@id":"https:\/\/www.blogsoestado.com\/danielmatos\/urgente-helicoptero-cai-em-sao-paulo-com-ancora-do-jornal-a-band-ricardo-boechat-morte-e-confirmada\/#breadcrumb"},"inLanguage":"pt-BR","potentialAction":[{"@type":"ReadAction","target":["https:\/\/www.blogsoestado.com\/danielmatos\/urgente-helicoptero-cai-em-sao-paulo-com-ancora-do-jornal-a-band-ricardo-boechat-morte-e-confirmada\/"]}]},{"@type":"ImageObject","inLanguage":"pt-BR","@id":"https:\/\/www.blogsoestado.com\/danielmatos\/urgente-helicoptero-cai-em-sao-paulo-com-ancora-do-jornal-a-band-ricardo-boechat-morte-e-confirmada\/#primaryimage","url":"https:\/\/www.blogsoestado.com\/danielmatos\/files\/2019\/02\/boechat.jpg","contentUrl":"https:\/\/www.blogsoestado.com\/danielmatos\/files\/2019\/02\/boechat.jpg"},{"@type":"BreadcrumbList","@id":"https:\/\/www.blogsoestado.com\/danielmatos\/urgente-helicoptero-cai-em-sao-paulo-com-ancora-do-jornal-a-band-ricardo-boechat-morte-e-confirmada\/#breadcrumb","itemListElement":[{"@type":"ListItem","position":1,"name":"In\u00edcio","item":"https:\/\/www.blogsoestado.com\/danielmatos\/"},{"@type":"ListItem","position":2,"name":"URGENTE: Helic\u00f3ptero cai em S\u00e3o Paulo com \u00e2ncora do jornal a Band, Ricardo Boechat; morte \u00e9 confirmada"}]},{"@type":"WebSite","@id":"https:\/\/www.blogsoestado.com\/danielmatos\/#website","url":"https:\/\/www.blogsoestado.com\/danielmatos\/","name":"Daniel Matos","description":"","potentialAction":[{"@type":"SearchAction","target":{"@type":"EntryPoint","urlTemplate":"https:\/\/www.blogsoestado.com\/danielmatos\/?s={search_term_string}"},"query-input":{"@type":"PropertyValueSpecification","valueRequired":true,"valueName":"search_term_string"}}],"inLanguage":"pt-BR"}]}},"jetpack_featured_media_url":"","_links":{"self":[{"href":"https:\/\/www.blogsoestado.com\/danielmatos\/wp-json\/wp\/v2\/posts\/60230","targetHints":{"allow":["GET"]}}],"collection":[{"href":"https:\/\/www.blogsoestado.com\/danielmatos\/wp-json\/wp\/v2\/posts"}],"about":[{"href":"https:\/\/www.blogsoestado.com\/danielmatos\/wp-json\/wp\/v2\/types\/post"}],"replies":[{"embeddable":true,"href":"https:\/\/www.blogsoestado.com\/danielmatos\/wp-json\/wp\/v2\/comments?post=60230"}],"version-history":[{"count":0,"href":"https:\/\/www.blogsoestado.com\/danielmatos\/wp-json\/wp\/v2\/posts\/60230\/revisions"}],"wp:attachment":[{"href":"https:\/\/www.blogsoestado.com\/danielmatos\/wp-json\/wp\/v2\/media?parent=60230"}],"wp:term":[{"taxonomy":"category","embeddable":true,"href":"https:\/\/www.blogsoestado.com\/danielmatos\/wp-json\/wp\/v2\/categories?post=60230"},{"taxonomy":"post_tag","embeddable":true,"href":"https:\/\/www.blogsoestado.com\/danielmatos\/wp-json\/wp\/v2\/tags?post=60230"}],"curies":[{"name":"wp","href":"https:\/\/api.w.org\/{rel}","templated":true}]}}