{"id":60234,"date":"2019-02-11T14:57:23","date_gmt":"2019-02-11T17:57:23","guid":{"rendered":"https:\/\/www.blogsoestado.com\/danielmatos\/?p=60234"},"modified":"2019-02-11T14:57:23","modified_gmt":"2019-02-11T17:57:23","slug":"comissao-da-camara-volta-a-se-reunir-para-tratar-sobre-reabertura-da-maria-do-amparo","status":"publish","type":"post","link":"https:\/\/www.blogsoestado.com\/danielmatos\/comissao-da-camara-volta-a-se-reunir-para-tratar-sobre-reabertura-da-maria-do-amparo\/","title":{"rendered":"Comiss\u00e3o da C\u00e2mara volta a se reunir para tratar sobre reabertura da Maria do Amparo"},"content":{"rendered":"\n<figure class=\"wp-block-image\"><img decoding=\"async\" src=\"https:\/\/www.blogsoestado.com\/danielmatos\/files\/2019\/02\/camara-amparo-1024x680.jpg\" alt=\"\" class=\"wp-image-60235\"\/><figcaption>Presidente Osmar Filho de demais membros da comiss\u00e3o discutiram novamente alternativas de solu\u00e7\u00e3o para o impasse que envolve ao Maternidade Maria do Amparo<\/figcaption><\/figure>\n\n\n\n<p>Vereadores de S\u00e3o Lu\u00eds que integram uma comiss\u00e3o formada para acompanhar a situa\u00e7\u00e3o da Maternidade Maria do Amparo, no bairro do Anil, se reuniram com a dire\u00e7\u00e3o da unidade de sa\u00fade, nesta segunda-feira (11), e deram prosseguimento \u00e0s discuss\u00f5es, iniciadas na semana passada, que visam encontrar uma solu\u00e7\u00e3o que resulte na sua reabertura.<\/p>\n\n\n\n<p>Funcionando h\u00e1 37 anos, a Maternidade \u00e9 filantr\u00f3pica e teve as suas atividades suspensas em fun\u00e7\u00e3o de problemas referentes aos repasses provenientes do Sistema \u00danico de Sa\u00fade (SUS), do governo federal.  <\/p>\n\n\n\n<p>\u201cTivemos um encontro de reavalia\u00e7\u00e3o hoje e amanh\u00e3 [ter\u00e7a-feira], \u00e0s 14h, haver\u00e1 uma reuni\u00e3o na Secretaria de Sa\u00fade do munic\u00edpio, com o secret\u00e1rio Lula Filho. O que percebemos \u00e9 que h\u00e1 uma boa inten\u00e7\u00e3o por parte das autoridades p\u00fablicas em contribuir para reabertura da Maternidade. Tenho convic\u00e7\u00e3o que iremos conseguir o desfecho esperado pela popula\u00e7\u00e3o da cidade\u201d, afirmou o presidente da Casa, Osmar Filho (PDT).<\/p>\n\n\n\n<p>O vereador Gutemberg (PRTB), que trouxe a discuss\u00e3o para a C\u00e2mara, tamb\u00e9m se disse otimista. \u201cAs expectativas s\u00e3o as melhores poss\u00edveis. O Parlamento Municipal, inclusive, vem exercendo um papel muito importante no que diz respeito a intermediar uma solu\u00e7\u00e3o para problem\u00e1tica\u201d.<\/p>\n\n\n\n<p>Eg\u00eddio Ribeiro, um dos fundadores da unidade de sa\u00fade, destacou o papel do Parlamento Municipal.<\/p>\n\n\n\n<p>\u201cEstamos vendo um interesse muito efetivo, por parte de todos os agentes envolvidos, em ajudar na reabertura da Maternidade, como \u00e9 o caso da C\u00e2mara de Vereadores\u201d, disse.<\/p>\n\n\n\n<p>A Maria do Amparo suspendeu os servi\u00e7os de interna\u00e7\u00e3o desde dezembro de 2018 em virtude de quest\u00f5es financeiras.<\/p>\n\n\n\n<p><strong>Tabela defasada<\/strong><\/p>\n\n\n\n<p>Com os valores repassados pela tabela do SUS defasados, n\u00e3o houve mais como cobrir os custos para sua manuten\u00e7\u00e3o, que gira em torno de R$ 280 mil. Incluindo material, maternidade e ambulat\u00f3rios, o faturamento total era de R$ 220 mil, com um d\u00e9ficit, portanto, de R$ 60 mil mensais, sem contar com os profissionais.<\/p>\n\n\n\n<p>Tamb\u00e9m participaram da reuni\u00e3o os vereadores Cezar Bombeiro (PSD), Marcelo Poeta (PCdoB), S\u00e1 Marques (PHS), Raimundo Penha (PDT), Concita Pinto (Patriota), Ricardo Diniz (PRTB), Jo\u00e3ozinho Freitas (PTB), Estev\u00e3o Arag\u00e3o (PSDB), F\u00e1tima Ara\u00fajo (PC do B) e, Pav\u00e3o Filho (PDT).<\/p>\n\n\n\n<p>O secretario de Assuntos Pol\u00edticos da Prefeitura de S\u00e3o Lu\u00eds, Ivaldo Rodrigues, tamb\u00e9m esteve presente, assim como o deputado federal Pedro Lucas Fernandes (PTB), que  se comprometeu em acionar a Bancada Maranhense em Bras\u00edlia para contribuir na causa.<\/p>\n","protected":false},"excerpt":{"rendered":"<p>Vereadores de S\u00e3o Lu\u00eds que integram uma comiss\u00e3o formada para acompanhar a situa\u00e7\u00e3o da Maternidade Maria do Amparo, no bairro [&hellip;]<\/p>\n","protected":false},"author":0,"featured_media":0,"comment_status":"open","ping_status":"open","sticky":false,"template":"","format":"standard","meta":{"site-sidebar-layout":"default","site-content-layout":"","ast-site-content-layout":"default","site-content-style":"default","site-sidebar-style":"default","ast-global-header-display":"","ast-banner-title-visibility":"","ast-main-header-display":"","ast-hfb-above-header-display":"","ast-hfb-below-header-display":"","ast-hfb-mobile-header-display":"","site-post-title":"","ast-breadcrumbs-content":"","ast-featured-img":"","footer-sml-layout":"","ast-disable-related-posts":"","theme-transparent-header-meta":"","adv-header-id-meta":"","stick-header-meta":"","header-above-stick-meta":"","header-main-stick-meta":"","header-below-stick-meta":"","astra-migrate-meta-layouts":"default","ast-page-background-enabled":"default","ast-page-background-meta":{"desktop":{"background-color":"var(--ast-global-color-5)","background-image":"","background-repeat":"repeat","background-position":"center center","background-size":"auto","background-attachment":"scroll","background-type":"","background-media":"","overlay-type":"","overlay-color":"","overlay-opacity":"","overlay-gradient":""},"tablet":{"background-color":"","background-image":"","background-repeat":"repeat","background-position":"center center","background-size":"auto","background-attachment":"scroll","background-type":"","background-media":"","overlay-type":"","overlay-color":"","overlay-opacity":"","overlay-gradient":""},"mobile":{"background-color":"","background-image":"","background-repeat":"repeat","background-position":"center center","background-size":"auto","background-attachment":"scroll","background-type":"","background-media":"","overlay-type":"","overlay-color":"","overlay-opacity":"","overlay-gradient":""}},"ast-content-background-meta":{"desktop":{"background-color":"var(--ast-global-color-4)","background-image":"","background-repeat":"repeat","background-position":"center center","background-size":"auto","background-attachment":"scroll","background-type":"","background-media":"","overlay-type":"","overlay-color":"","overlay-opacity":"","overlay-gradient":""},"tablet":{"background-color":"var(--ast-global-color-4)","background-image":"","background-repeat":"repeat","background-position":"center center","background-size":"auto","background-attachment":"scroll","background-type":"","background-media":"","overlay-type":"","overlay-color":"","overlay-opacity":"","overlay-gradient":""},"mobile":{"background-color":"var(--ast-global-color-4)","background-image":"","background-repeat":"repeat","background-position":"center center","background-size":"auto","background-attachment":"scroll","background-type":"","background-media":"","overlay-type":"","overlay-color":"","overlay-opacity":"","overlay-gradient":""}},"footnotes":""},"categories":[1],"tags":[],"class_list":["post-60234","post","type-post","status-publish","format-standard","hentry","category-sem-categoria"],"yoast_head":"<!-- This site is optimized with the Yoast SEO plugin v26.6 - https:\/\/yoast.com\/wordpress\/plugins\/seo\/ -->\n<title>Comiss\u00e3o da C\u00e2mara volta a se reunir para tratar sobre reabertura da Maria do Amparo - Daniel Matos<\/title>\n<meta name=\"robots\" content=\"index, follow, max-snippet:-1, max-image-preview:large, max-video-preview:-1\" \/>\n<link rel=\"canonical\" href=\"https:\/\/www.blogsoestado.com\/danielmatos\/comissao-da-camara-volta-a-se-reunir-para-tratar-sobre-reabertura-da-maria-do-amparo\/\" \/>\n<meta property=\"og:locale\" content=\"pt_BR\" \/>\n<meta property=\"og:type\" content=\"article\" \/>\n<meta property=\"og:title\" content=\"Comiss\u00e3o da C\u00e2mara volta a se reunir para tratar sobre reabertura da Maria do Amparo - Daniel Matos\" \/>\n<meta property=\"og:description\" content=\"Vereadores de S\u00e3o Lu\u00eds que integram uma comiss\u00e3o formada para acompanhar a situa\u00e7\u00e3o da Maternidade Maria do Amparo, no bairro [&hellip;]\" \/>\n<meta property=\"og:url\" content=\"https:\/\/www.blogsoestado.com\/danielmatos\/comissao-da-camara-volta-a-se-reunir-para-tratar-sobre-reabertura-da-maria-do-amparo\/\" \/>\n<meta property=\"og:site_name\" content=\"Daniel Matos\" \/>\n<meta property=\"article:published_time\" content=\"2019-02-11T17:57:23+00:00\" \/>\n<meta property=\"og:image\" content=\"https:\/\/www.blogsoestado.com\/danielmatos\/files\/2019\/02\/camara-amparo-1024x680.jpg\" \/>\n<meta name=\"twitter:card\" content=\"summary_large_image\" \/>\n<meta name=\"twitter:label1\" content=\"Est. tempo de leitura\" \/>\n\t<meta name=\"twitter:data1\" content=\"2 minutos\" \/>\n<script type=\"application\/ld+json\" class=\"yoast-schema-graph\">{\"@context\":\"https:\/\/schema.org\",\"@graph\":[{\"@type\":\"WebPage\",\"@id\":\"https:\/\/www.blogsoestado.com\/danielmatos\/comissao-da-camara-volta-a-se-reunir-para-tratar-sobre-reabertura-da-maria-do-amparo\/\",\"url\":\"https:\/\/www.blogsoestado.com\/danielmatos\/comissao-da-camara-volta-a-se-reunir-para-tratar-sobre-reabertura-da-maria-do-amparo\/\",\"name\":\"Comiss\u00e3o da C\u00e2mara volta a se reunir para tratar sobre reabertura da Maria do Amparo - Daniel Matos\",\"isPartOf\":{\"@id\":\"https:\/\/www.blogsoestado.com\/danielmatos\/#website\"},\"primaryImageOfPage\":{\"@id\":\"https:\/\/www.blogsoestado.com\/danielmatos\/comissao-da-camara-volta-a-se-reunir-para-tratar-sobre-reabertura-da-maria-do-amparo\/#primaryimage\"},\"image\":{\"@id\":\"https:\/\/www.blogsoestado.com\/danielmatos\/comissao-da-camara-volta-a-se-reunir-para-tratar-sobre-reabertura-da-maria-do-amparo\/#primaryimage\"},\"thumbnailUrl\":\"https:\/\/www.blogsoestado.com\/danielmatos\/files\/2019\/02\/camara-amparo-1024x680.jpg\",\"datePublished\":\"2019-02-11T17:57:23+00:00\",\"author\":{\"@id\":\"\"},\"breadcrumb\":{\"@id\":\"https:\/\/www.blogsoestado.com\/danielmatos\/comissao-da-camara-volta-a-se-reunir-para-tratar-sobre-reabertura-da-maria-do-amparo\/#breadcrumb\"},\"inLanguage\":\"pt-BR\",\"potentialAction\":[{\"@type\":\"ReadAction\",\"target\":[\"https:\/\/www.blogsoestado.com\/danielmatos\/comissao-da-camara-volta-a-se-reunir-para-tratar-sobre-reabertura-da-maria-do-amparo\/\"]}]},{\"@type\":\"ImageObject\",\"inLanguage\":\"pt-BR\",\"@id\":\"https:\/\/www.blogsoestado.com\/danielmatos\/comissao-da-camara-volta-a-se-reunir-para-tratar-sobre-reabertura-da-maria-do-amparo\/#primaryimage\",\"url\":\"https:\/\/www.blogsoestado.com\/danielmatos\/files\/2019\/02\/camara-amparo-1024x680.jpg\",\"contentUrl\":\"https:\/\/www.blogsoestado.com\/danielmatos\/files\/2019\/02\/camara-amparo-1024x680.jpg\"},{\"@type\":\"BreadcrumbList\",\"@id\":\"https:\/\/www.blogsoestado.com\/danielmatos\/comissao-da-camara-volta-a-se-reunir-para-tratar-sobre-reabertura-da-maria-do-amparo\/#breadcrumb\",\"itemListElement\":[{\"@type\":\"ListItem\",\"position\":1,\"name\":\"In\u00edcio\",\"item\":\"https:\/\/www.blogsoestado.com\/danielmatos\/\"},{\"@type\":\"ListItem\",\"position\":2,\"name\":\"Comiss\u00e3o da C\u00e2mara volta a se reunir para tratar sobre reabertura da Maria do Amparo\"}]},{\"@type\":\"WebSite\",\"@id\":\"https:\/\/www.blogsoestado.com\/danielmatos\/#website\",\"url\":\"https:\/\/www.blogsoestado.com\/danielmatos\/\",\"name\":\"Daniel Matos\",\"description\":\"\",\"potentialAction\":[{\"@type\":\"SearchAction\",\"target\":{\"@type\":\"EntryPoint\",\"urlTemplate\":\"https:\/\/www.blogsoestado.com\/danielmatos\/?s={search_term_string}\"},\"query-input\":{\"@type\":\"PropertyValueSpecification\",\"valueRequired\":true,\"valueName\":\"search_term_string\"}}],\"inLanguage\":\"pt-BR\"}]}<\/script>\n<!-- \/ Yoast SEO plugin. -->","yoast_head_json":{"title":"Comiss\u00e3o da C\u00e2mara volta a se reunir para tratar sobre reabertura da Maria do Amparo - Daniel Matos","robots":{"index":"index","follow":"follow","max-snippet":"max-snippet:-1","max-image-preview":"max-image-preview:large","max-video-preview":"max-video-preview:-1"},"canonical":"https:\/\/www.blogsoestado.com\/danielmatos\/comissao-da-camara-volta-a-se-reunir-para-tratar-sobre-reabertura-da-maria-do-amparo\/","og_locale":"pt_BR","og_type":"article","og_title":"Comiss\u00e3o da C\u00e2mara volta a se reunir para tratar sobre reabertura da Maria do Amparo - Daniel Matos","og_description":"Vereadores de S\u00e3o Lu\u00eds que integram uma comiss\u00e3o formada para acompanhar a situa\u00e7\u00e3o da Maternidade Maria do Amparo, no bairro [&hellip;]","og_url":"https:\/\/www.blogsoestado.com\/danielmatos\/comissao-da-camara-volta-a-se-reunir-para-tratar-sobre-reabertura-da-maria-do-amparo\/","og_site_name":"Daniel Matos","article_published_time":"2019-02-11T17:57:23+00:00","og_image":[{"url":"https:\/\/www.blogsoestado.com\/danielmatos\/files\/2019\/02\/camara-amparo-1024x680.jpg","type":"","width":"","height":""}],"twitter_card":"summary_large_image","twitter_misc":{"Est. tempo de leitura":"2 minutos"},"schema":{"@context":"https:\/\/schema.org","@graph":[{"@type":"WebPage","@id":"https:\/\/www.blogsoestado.com\/danielmatos\/comissao-da-camara-volta-a-se-reunir-para-tratar-sobre-reabertura-da-maria-do-amparo\/","url":"https:\/\/www.blogsoestado.com\/danielmatos\/comissao-da-camara-volta-a-se-reunir-para-tratar-sobre-reabertura-da-maria-do-amparo\/","name":"Comiss\u00e3o da C\u00e2mara volta a se reunir para tratar sobre reabertura da Maria do Amparo - Daniel Matos","isPartOf":{"@id":"https:\/\/www.blogsoestado.com\/danielmatos\/#website"},"primaryImageOfPage":{"@id":"https:\/\/www.blogsoestado.com\/danielmatos\/comissao-da-camara-volta-a-se-reunir-para-tratar-sobre-reabertura-da-maria-do-amparo\/#primaryimage"},"image":{"@id":"https:\/\/www.blogsoestado.com\/danielmatos\/comissao-da-camara-volta-a-se-reunir-para-tratar-sobre-reabertura-da-maria-do-amparo\/#primaryimage"},"thumbnailUrl":"https:\/\/www.blogsoestado.com\/danielmatos\/files\/2019\/02\/camara-amparo-1024x680.jpg","datePublished":"2019-02-11T17:57:23+00:00","author":{"@id":""},"breadcrumb":{"@id":"https:\/\/www.blogsoestado.com\/danielmatos\/comissao-da-camara-volta-a-se-reunir-para-tratar-sobre-reabertura-da-maria-do-amparo\/#breadcrumb"},"inLanguage":"pt-BR","potentialAction":[{"@type":"ReadAction","target":["https:\/\/www.blogsoestado.com\/danielmatos\/comissao-da-camara-volta-a-se-reunir-para-tratar-sobre-reabertura-da-maria-do-amparo\/"]}]},{"@type":"ImageObject","inLanguage":"pt-BR","@id":"https:\/\/www.blogsoestado.com\/danielmatos\/comissao-da-camara-volta-a-se-reunir-para-tratar-sobre-reabertura-da-maria-do-amparo\/#primaryimage","url":"https:\/\/www.blogsoestado.com\/danielmatos\/files\/2019\/02\/camara-amparo-1024x680.jpg","contentUrl":"https:\/\/www.blogsoestado.com\/danielmatos\/files\/2019\/02\/camara-amparo-1024x680.jpg"},{"@type":"BreadcrumbList","@id":"https:\/\/www.blogsoestado.com\/danielmatos\/comissao-da-camara-volta-a-se-reunir-para-tratar-sobre-reabertura-da-maria-do-amparo\/#breadcrumb","itemListElement":[{"@type":"ListItem","position":1,"name":"In\u00edcio","item":"https:\/\/www.blogsoestado.com\/danielmatos\/"},{"@type":"ListItem","position":2,"name":"Comiss\u00e3o da C\u00e2mara volta a se reunir para tratar sobre reabertura da Maria do Amparo"}]},{"@type":"WebSite","@id":"https:\/\/www.blogsoestado.com\/danielmatos\/#website","url":"https:\/\/www.blogsoestado.com\/danielmatos\/","name":"Daniel Matos","description":"","potentialAction":[{"@type":"SearchAction","target":{"@type":"EntryPoint","urlTemplate":"https:\/\/www.blogsoestado.com\/danielmatos\/?s={search_term_string}"},"query-input":{"@type":"PropertyValueSpecification","valueRequired":true,"valueName":"search_term_string"}}],"inLanguage":"pt-BR"}]}},"jetpack_featured_media_url":"","_links":{"self":[{"href":"https:\/\/www.blogsoestado.com\/danielmatos\/wp-json\/wp\/v2\/posts\/60234","targetHints":{"allow":["GET"]}}],"collection":[{"href":"https:\/\/www.blogsoestado.com\/danielmatos\/wp-json\/wp\/v2\/posts"}],"about":[{"href":"https:\/\/www.blogsoestado.com\/danielmatos\/wp-json\/wp\/v2\/types\/post"}],"replies":[{"embeddable":true,"href":"https:\/\/www.blogsoestado.com\/danielmatos\/wp-json\/wp\/v2\/comments?post=60234"}],"version-history":[{"count":0,"href":"https:\/\/www.blogsoestado.com\/danielmatos\/wp-json\/wp\/v2\/posts\/60234\/revisions"}],"wp:attachment":[{"href":"https:\/\/www.blogsoestado.com\/danielmatos\/wp-json\/wp\/v2\/media?parent=60234"}],"wp:term":[{"taxonomy":"category","embeddable":true,"href":"https:\/\/www.blogsoestado.com\/danielmatos\/wp-json\/wp\/v2\/categories?post=60234"},{"taxonomy":"post_tag","embeddable":true,"href":"https:\/\/www.blogsoestado.com\/danielmatos\/wp-json\/wp\/v2\/tags?post=60234"}],"curies":[{"name":"wp","href":"https:\/\/api.w.org\/{rel}","templated":true}]}}