{"id":60249,"date":"2019-02-11T20:15:46","date_gmt":"2019-02-11T23:15:46","guid":{"rendered":"https:\/\/www.blogsoestado.com\/danielmatos\/?p=60249"},"modified":"2019-02-11T20:15:46","modified_gmt":"2019-02-11T23:15:46","slug":"deputado-wellington-defende-motoristas-de-vans-e-transporte-alternativo-do-maranhao","status":"publish","type":"post","link":"https:\/\/www.blogsoestado.com\/danielmatos\/deputado-wellington-defende-motoristas-de-vans-e-transporte-alternativo-do-maranhao\/","title":{"rendered":"Deputado Wellington defende motoristas de vans e transporte alternativo do Maranh\u00e3o"},"content":{"rendered":"\n<figure class=\"wp-block-image\"><img decoding=\"async\" src=\"https:\/\/www.blogsoestado.com\/danielmatos\/files\/2019\/02\/w-vans2-1024x673.jpg\" alt=\"\" class=\"wp-image-60250\"\/><figcaption>Deputado Wellington foi at\u00e9 a BR-135 ouvir reivindica\u00e7\u00f5es de motoristas do transporte alternativo <\/figcaption><\/figure>\n\n\n\n<p>O deputado estadual Wellington do Curso foi ao encontro de motoristas de vans que realizaram, na manh\u00e3 desta segunda-feira (11), uma paralisa\u00e7\u00e3o no km 42 da BR-135, no povoado Bacabeira, a 58 km de S\u00e3o Lu\u00eds. De acordo com os motoristas, o protesto foi motivado ap\u00f3s a apreens\u00e3o de 62 vans na semana passada.<\/p>\n\n\n\n<p>Na ocasi\u00e3o, o deputado Wellington entrou em contato com o presidente da Ag\u00eancia de Mobilidade Urbana, Lawrence Melo, e marcou uma reuni\u00e3o em car\u00e1ter de urg\u00eancia, que aconteceu ainda agora pela manh\u00e3, e fez com que os motoristas desfizessem a manifesta\u00e7\u00e3o e acompanhasse o parlamentar at\u00e9 \u00e0 MOB.<\/p>\n\n\n\n<p>\u201cFomos at\u00e9 o local em que os motoristas de vans estavam mobilizados, atendendo \u00e0 solicita\u00e7\u00e3o feita por eles. L\u00e1, tendo por objetivo conciliar os interesses tanto dos motoristas quanto do estado do Maranh\u00e3o, entrei em contato imediatamente com o presidente da MOB, que logo nos recebeu. Assim, foi suspensa a manifesta\u00e7\u00e3o. Terminamos a reuni\u00e3o ainda agora, no in\u00edcio da tarde e, ap\u00f3s mais de tr\u00eas horas de discuss\u00e3o, conseguimos encontrar medidas que atendem a ambos, entre elas um novo prazo para a regulariza\u00e7\u00e3o do transporte. Nosso mandato \u00e9 assim: no meio do povo e de resultados\u201d, disse Wellington.<\/p>\n\n\n\n<p><strong>Encaminhamentos<\/strong><\/p>\n\n\n\n<figure class=\"wp-block-image\"><img decoding=\"async\" src=\"https:\/\/www.blogsoestado.com\/danielmatos\/files\/2019\/02\/w-vans-1024x768.jpg\" alt=\"\" class=\"wp-image-60251\"\/><figcaption>Reuni\u00e3o entre a gest\u00e3o da MOB e motoristas de vans foi realizada a pedido de Wellington <\/figcaption><\/figure>\n\n\n\n<p>Como encaminhamentos da reuni\u00e3o entre o deputado Wellington do Curso, a MOB e os motoristas alinhou-se que ser\u00e1 concedido o prazo de 45 dias, ap\u00f3s a publica\u00e7\u00e3o da Portaria da MOB, para que os motoristas apresentem toda a documenta\u00e7\u00e3o e, assim, regularizem a situa\u00e7\u00e3o do ve\u00edculo. Al\u00e9m disso, em rela\u00e7\u00e3o \u00e0s multas, o presidente da Ag\u00eancia Estadual comprometeu-sem em avaliar os casos de forma individualizada.<\/p>\n\n\n\n<p>Ainda na ocasi\u00e3o, Wellington prop\u00f4s uma frente funcional organizada pela MOB para receber e prestar todo o aux\u00edlio t\u00e9cnico aos motoristas, o que permitir\u00e1 que tenham amplo acesso \u00e0 Ag\u00eancia de Mobilidade Urbana e, consequentemente, maior facilidade na regulamenta\u00e7\u00e3o veicular. Al\u00e9m disso, se comprometeu em apresentar um Projeto de Lei  que altera a Lei N\u00b07.736, entre outros pontos, quanto ao valor de multas cobrados dos motoristas. H\u00e1, tamb\u00e9m, a proposta para que o Governo garanta a concess\u00e3o de incentivos fiscais para a aquisi\u00e7\u00e3o de ve\u00edculos para uso exclusivo em transporte alternativo.<\/p>\n","protected":false},"excerpt":{"rendered":"<p>O deputado estadual Wellington do Curso foi ao encontro de motoristas de vans que realizaram, na manh\u00e3 desta segunda-feira (11), [&hellip;]<\/p>\n","protected":false},"author":0,"featured_media":0,"comment_status":"open","ping_status":"open","sticky":false,"template":"","format":"standard","meta":{"site-sidebar-layout":"default","site-content-layout":"","ast-site-content-layout":"default","site-content-style":"default","site-sidebar-style":"default","ast-global-header-display":"","ast-banner-title-visibility":"","ast-main-header-display":"","ast-hfb-above-header-display":"","ast-hfb-below-header-display":"","ast-hfb-mobile-header-display":"","site-post-title":"","ast-breadcrumbs-content":"","ast-featured-img":"","footer-sml-layout":"","ast-disable-related-posts":"","theme-transparent-header-meta":"","adv-header-id-meta":"","stick-header-meta":"","header-above-stick-meta":"","header-main-stick-meta":"","header-below-stick-meta":"","astra-migrate-meta-layouts":"default","ast-page-background-enabled":"default","ast-page-background-meta":{"desktop":{"background-color":"var(--ast-global-color-5)","background-image":"","background-repeat":"repeat","background-position":"center center","background-size":"auto","background-attachment":"scroll","background-type":"","background-media":"","overlay-type":"","overlay-color":"","overlay-opacity":"","overlay-gradient":""},"tablet":{"background-color":"","background-image":"","background-repeat":"repeat","background-position":"center center","background-size":"auto","background-attachment":"scroll","background-type":"","background-media":"","overlay-type":"","overlay-color":"","overlay-opacity":"","overlay-gradient":""},"mobile":{"background-color":"","background-image":"","background-repeat":"repeat","background-position":"center center","background-size":"auto","background-attachment":"scroll","background-type":"","background-media":"","overlay-type":"","overlay-color":"","overlay-opacity":"","overlay-gradient":""}},"ast-content-background-meta":{"desktop":{"background-color":"var(--ast-global-color-4)","background-image":"","background-repeat":"repeat","background-position":"center center","background-size":"auto","background-attachment":"scroll","background-type":"","background-media":"","overlay-type":"","overlay-color":"","overlay-opacity":"","overlay-gradient":""},"tablet":{"background-color":"var(--ast-global-color-4)","background-image":"","background-repeat":"repeat","background-position":"center center","background-size":"auto","background-attachment":"scroll","background-type":"","background-media":"","overlay-type":"","overlay-color":"","overlay-opacity":"","overlay-gradient":""},"mobile":{"background-color":"var(--ast-global-color-4)","background-image":"","background-repeat":"repeat","background-position":"center center","background-size":"auto","background-attachment":"scroll","background-type":"","background-media":"","overlay-type":"","overlay-color":"","overlay-opacity":"","overlay-gradient":""}},"footnotes":""},"categories":[1],"tags":[],"class_list":["post-60249","post","type-post","status-publish","format-standard","hentry","category-sem-categoria"],"yoast_head":"<!-- This site is optimized with the Yoast SEO plugin v26.6 - https:\/\/yoast.com\/wordpress\/plugins\/seo\/ -->\n<title>Deputado Wellington defende motoristas de vans e transporte alternativo do Maranh\u00e3o - Daniel Matos<\/title>\n<meta name=\"robots\" content=\"index, follow, max-snippet:-1, max-image-preview:large, max-video-preview:-1\" \/>\n<link rel=\"canonical\" href=\"https:\/\/www.blogsoestado.com\/danielmatos\/deputado-wellington-defende-motoristas-de-vans-e-transporte-alternativo-do-maranhao\/\" \/>\n<meta property=\"og:locale\" content=\"pt_BR\" \/>\n<meta property=\"og:type\" content=\"article\" \/>\n<meta property=\"og:title\" content=\"Deputado Wellington defende motoristas de vans e transporte alternativo do Maranh\u00e3o - Daniel Matos\" \/>\n<meta property=\"og:description\" content=\"O deputado estadual Wellington do Curso foi ao encontro de motoristas de vans que realizaram, na manh\u00e3 desta segunda-feira (11), [&hellip;]\" \/>\n<meta property=\"og:url\" content=\"https:\/\/www.blogsoestado.com\/danielmatos\/deputado-wellington-defende-motoristas-de-vans-e-transporte-alternativo-do-maranhao\/\" \/>\n<meta property=\"og:site_name\" content=\"Daniel Matos\" \/>\n<meta property=\"article:published_time\" content=\"2019-02-11T23:15:46+00:00\" \/>\n<meta property=\"og:image\" content=\"https:\/\/www.blogsoestado.com\/danielmatos\/files\/2019\/02\/w-vans2-1024x673.jpg\" \/>\n<meta name=\"twitter:card\" content=\"summary_large_image\" \/>\n<meta name=\"twitter:label1\" content=\"Est. tempo de leitura\" \/>\n\t<meta name=\"twitter:data1\" content=\"2 minutos\" \/>\n<script type=\"application\/ld+json\" class=\"yoast-schema-graph\">{\"@context\":\"https:\/\/schema.org\",\"@graph\":[{\"@type\":\"WebPage\",\"@id\":\"https:\/\/www.blogsoestado.com\/danielmatos\/deputado-wellington-defende-motoristas-de-vans-e-transporte-alternativo-do-maranhao\/\",\"url\":\"https:\/\/www.blogsoestado.com\/danielmatos\/deputado-wellington-defende-motoristas-de-vans-e-transporte-alternativo-do-maranhao\/\",\"name\":\"Deputado Wellington defende motoristas de vans e transporte alternativo do Maranh\u00e3o - Daniel Matos\",\"isPartOf\":{\"@id\":\"https:\/\/www.blogsoestado.com\/danielmatos\/#website\"},\"primaryImageOfPage\":{\"@id\":\"https:\/\/www.blogsoestado.com\/danielmatos\/deputado-wellington-defende-motoristas-de-vans-e-transporte-alternativo-do-maranhao\/#primaryimage\"},\"image\":{\"@id\":\"https:\/\/www.blogsoestado.com\/danielmatos\/deputado-wellington-defende-motoristas-de-vans-e-transporte-alternativo-do-maranhao\/#primaryimage\"},\"thumbnailUrl\":\"https:\/\/www.blogsoestado.com\/danielmatos\/files\/2019\/02\/w-vans2-1024x673.jpg\",\"datePublished\":\"2019-02-11T23:15:46+00:00\",\"author\":{\"@id\":\"\"},\"breadcrumb\":{\"@id\":\"https:\/\/www.blogsoestado.com\/danielmatos\/deputado-wellington-defende-motoristas-de-vans-e-transporte-alternativo-do-maranhao\/#breadcrumb\"},\"inLanguage\":\"pt-BR\",\"potentialAction\":[{\"@type\":\"ReadAction\",\"target\":[\"https:\/\/www.blogsoestado.com\/danielmatos\/deputado-wellington-defende-motoristas-de-vans-e-transporte-alternativo-do-maranhao\/\"]}]},{\"@type\":\"ImageObject\",\"inLanguage\":\"pt-BR\",\"@id\":\"https:\/\/www.blogsoestado.com\/danielmatos\/deputado-wellington-defende-motoristas-de-vans-e-transporte-alternativo-do-maranhao\/#primaryimage\",\"url\":\"https:\/\/www.blogsoestado.com\/danielmatos\/files\/2019\/02\/w-vans2-1024x673.jpg\",\"contentUrl\":\"https:\/\/www.blogsoestado.com\/danielmatos\/files\/2019\/02\/w-vans2-1024x673.jpg\"},{\"@type\":\"BreadcrumbList\",\"@id\":\"https:\/\/www.blogsoestado.com\/danielmatos\/deputado-wellington-defende-motoristas-de-vans-e-transporte-alternativo-do-maranhao\/#breadcrumb\",\"itemListElement\":[{\"@type\":\"ListItem\",\"position\":1,\"name\":\"In\u00edcio\",\"item\":\"https:\/\/www.blogsoestado.com\/danielmatos\/\"},{\"@type\":\"ListItem\",\"position\":2,\"name\":\"Deputado Wellington defende motoristas de vans e transporte alternativo do Maranh\u00e3o\"}]},{\"@type\":\"WebSite\",\"@id\":\"https:\/\/www.blogsoestado.com\/danielmatos\/#website\",\"url\":\"https:\/\/www.blogsoestado.com\/danielmatos\/\",\"name\":\"Daniel Matos\",\"description\":\"\",\"potentialAction\":[{\"@type\":\"SearchAction\",\"target\":{\"@type\":\"EntryPoint\",\"urlTemplate\":\"https:\/\/www.blogsoestado.com\/danielmatos\/?s={search_term_string}\"},\"query-input\":{\"@type\":\"PropertyValueSpecification\",\"valueRequired\":true,\"valueName\":\"search_term_string\"}}],\"inLanguage\":\"pt-BR\"}]}<\/script>\n<!-- \/ Yoast SEO plugin. -->","yoast_head_json":{"title":"Deputado Wellington defende motoristas de vans e transporte alternativo do Maranh\u00e3o - Daniel Matos","robots":{"index":"index","follow":"follow","max-snippet":"max-snippet:-1","max-image-preview":"max-image-preview:large","max-video-preview":"max-video-preview:-1"},"canonical":"https:\/\/www.blogsoestado.com\/danielmatos\/deputado-wellington-defende-motoristas-de-vans-e-transporte-alternativo-do-maranhao\/","og_locale":"pt_BR","og_type":"article","og_title":"Deputado Wellington defende motoristas de vans e transporte alternativo do Maranh\u00e3o - Daniel Matos","og_description":"O deputado estadual Wellington do Curso foi ao encontro de motoristas de vans que realizaram, na manh\u00e3 desta segunda-feira (11), [&hellip;]","og_url":"https:\/\/www.blogsoestado.com\/danielmatos\/deputado-wellington-defende-motoristas-de-vans-e-transporte-alternativo-do-maranhao\/","og_site_name":"Daniel Matos","article_published_time":"2019-02-11T23:15:46+00:00","og_image":[{"url":"https:\/\/www.blogsoestado.com\/danielmatos\/files\/2019\/02\/w-vans2-1024x673.jpg","type":"","width":"","height":""}],"twitter_card":"summary_large_image","twitter_misc":{"Est. tempo de leitura":"2 minutos"},"schema":{"@context":"https:\/\/schema.org","@graph":[{"@type":"WebPage","@id":"https:\/\/www.blogsoestado.com\/danielmatos\/deputado-wellington-defende-motoristas-de-vans-e-transporte-alternativo-do-maranhao\/","url":"https:\/\/www.blogsoestado.com\/danielmatos\/deputado-wellington-defende-motoristas-de-vans-e-transporte-alternativo-do-maranhao\/","name":"Deputado Wellington defende motoristas de vans e transporte alternativo do Maranh\u00e3o - Daniel Matos","isPartOf":{"@id":"https:\/\/www.blogsoestado.com\/danielmatos\/#website"},"primaryImageOfPage":{"@id":"https:\/\/www.blogsoestado.com\/danielmatos\/deputado-wellington-defende-motoristas-de-vans-e-transporte-alternativo-do-maranhao\/#primaryimage"},"image":{"@id":"https:\/\/www.blogsoestado.com\/danielmatos\/deputado-wellington-defende-motoristas-de-vans-e-transporte-alternativo-do-maranhao\/#primaryimage"},"thumbnailUrl":"https:\/\/www.blogsoestado.com\/danielmatos\/files\/2019\/02\/w-vans2-1024x673.jpg","datePublished":"2019-02-11T23:15:46+00:00","author":{"@id":""},"breadcrumb":{"@id":"https:\/\/www.blogsoestado.com\/danielmatos\/deputado-wellington-defende-motoristas-de-vans-e-transporte-alternativo-do-maranhao\/#breadcrumb"},"inLanguage":"pt-BR","potentialAction":[{"@type":"ReadAction","target":["https:\/\/www.blogsoestado.com\/danielmatos\/deputado-wellington-defende-motoristas-de-vans-e-transporte-alternativo-do-maranhao\/"]}]},{"@type":"ImageObject","inLanguage":"pt-BR","@id":"https:\/\/www.blogsoestado.com\/danielmatos\/deputado-wellington-defende-motoristas-de-vans-e-transporte-alternativo-do-maranhao\/#primaryimage","url":"https:\/\/www.blogsoestado.com\/danielmatos\/files\/2019\/02\/w-vans2-1024x673.jpg","contentUrl":"https:\/\/www.blogsoestado.com\/danielmatos\/files\/2019\/02\/w-vans2-1024x673.jpg"},{"@type":"BreadcrumbList","@id":"https:\/\/www.blogsoestado.com\/danielmatos\/deputado-wellington-defende-motoristas-de-vans-e-transporte-alternativo-do-maranhao\/#breadcrumb","itemListElement":[{"@type":"ListItem","position":1,"name":"In\u00edcio","item":"https:\/\/www.blogsoestado.com\/danielmatos\/"},{"@type":"ListItem","position":2,"name":"Deputado Wellington defende motoristas de vans e transporte alternativo do Maranh\u00e3o"}]},{"@type":"WebSite","@id":"https:\/\/www.blogsoestado.com\/danielmatos\/#website","url":"https:\/\/www.blogsoestado.com\/danielmatos\/","name":"Daniel Matos","description":"","potentialAction":[{"@type":"SearchAction","target":{"@type":"EntryPoint","urlTemplate":"https:\/\/www.blogsoestado.com\/danielmatos\/?s={search_term_string}"},"query-input":{"@type":"PropertyValueSpecification","valueRequired":true,"valueName":"search_term_string"}}],"inLanguage":"pt-BR"}]}},"jetpack_featured_media_url":"","_links":{"self":[{"href":"https:\/\/www.blogsoestado.com\/danielmatos\/wp-json\/wp\/v2\/posts\/60249","targetHints":{"allow":["GET"]}}],"collection":[{"href":"https:\/\/www.blogsoestado.com\/danielmatos\/wp-json\/wp\/v2\/posts"}],"about":[{"href":"https:\/\/www.blogsoestado.com\/danielmatos\/wp-json\/wp\/v2\/types\/post"}],"replies":[{"embeddable":true,"href":"https:\/\/www.blogsoestado.com\/danielmatos\/wp-json\/wp\/v2\/comments?post=60249"}],"version-history":[{"count":0,"href":"https:\/\/www.blogsoestado.com\/danielmatos\/wp-json\/wp\/v2\/posts\/60249\/revisions"}],"wp:attachment":[{"href":"https:\/\/www.blogsoestado.com\/danielmatos\/wp-json\/wp\/v2\/media?parent=60249"}],"wp:term":[{"taxonomy":"category","embeddable":true,"href":"https:\/\/www.blogsoestado.com\/danielmatos\/wp-json\/wp\/v2\/categories?post=60249"},{"taxonomy":"post_tag","embeddable":true,"href":"https:\/\/www.blogsoestado.com\/danielmatos\/wp-json\/wp\/v2\/tags?post=60249"}],"curies":[{"name":"wp","href":"https:\/\/api.w.org\/{rel}","templated":true}]}}