{"id":60259,"date":"2019-02-12T10:26:51","date_gmt":"2019-02-12T13:26:51","guid":{"rendered":"https:\/\/www.blogsoestado.com\/danielmatos\/?p=60259"},"modified":"2019-02-12T10:26:51","modified_gmt":"2019-02-12T13:26:51","slug":"vereadores-conhecem-projeto-de-novos-terminais-maritimos-que-vao-ligar-sao-luis-a-alcantara","status":"publish","type":"post","link":"https:\/\/www.blogsoestado.com\/danielmatos\/vereadores-conhecem-projeto-de-novos-terminais-maritimos-que-vao-ligar-sao-luis-a-alcantara\/","title":{"rendered":"Vereadores conhecem projeto de novos terminais mar\u00edtimos que v\u00e3o ligar S\u00e3o Lu\u00eds a Alc\u00e2ntara"},"content":{"rendered":"\n<figure class=\"wp-block-image\"><img decoding=\"async\" src=\"https:\/\/www.blogsoestado.com\/danielmatos\/files\/2019\/02\/terminal-camara-1-1024x682.jpg\" alt=\"\" class=\"wp-image-60260\"\/><figcaption>T\u00e9cnica da Ag\u00eancia Executiva Metropolitana faz explana\u00e7\u00e3o sobre o Cais Flutuante S\u00e3o Lu\u00eds-Alc\u00e2ntar5a<\/figcaption><\/figure>\n\n\n\n<p>Os vereadores da C\u00e2mara Municipal de S\u00e3o Lu\u00eds conheceram, na manh\u00e3 desta segunda-feira, 11, o projeto b\u00e1sico e executivo do Cais Flutuante S\u00e3o Lu\u00eds-Alc\u00e2ntara (Terminal Portu\u00e1rio da Ponta d\u2019Areia, na capital, e Terminal Portu\u00e1rio da Independ\u00eancia, em Alc\u00e2ntara). A apresenta\u00e7\u00e3o realizada pelo presidente da Ag\u00eancia Executiva Metropolitana (Agem), L\u00edvio Jonas Mendon\u00e7a Corr\u00eaa, e por t\u00e9cnicos do \u00f3rg\u00e3o, ocorreu na sala de reuni\u00f5es do Pal\u00e1cio Pedro Neiva de Santana, sede do legislativo ludovicense.<\/p>\n\n\n\n<p>Atualmente, a travessia entre as duas cidades depende das oscila\u00e7\u00f5es de mar\u00e9. Diante desta realidade, as viagens ficam restritas a hor\u00e1rios oscilantes do dia, o que inviabiliza o melhor aproveitamento tur\u00edstico e econ\u00f4mico de Alc\u00e2ntara, que faz parte da Regi\u00e3o Metropolitana da Grande S\u00e3o Lu\u00eds.<\/p>\n\n\n\n<p>Para L\u00edvio Corr\u00eaa, a constru\u00e7\u00e3o do terminal vai mudar essa situa\u00e7\u00e3o. \u201cA constru\u00e7\u00e3o do Terminal Portu\u00e1rio da Ponta d\u2019Areia, em S\u00e3o Lu\u00eds, e do Terminal Portu\u00e1rio da Independ\u00eancia, em Alc\u00e2ntara, vai mudar essa situa\u00e7\u00e3o\u201d, destacou.<\/p>\n\n\n\n<p>Com as obras, o Cais da Praia Grande deixar\u00e1 de ser o \u00fanico Terminal Hidrovi\u00e1rio da capital. Isso tamb\u00e9m vai ampliar o n\u00famero de viagens feitas por dia, pois, segundo Corr\u00eaa, smente no novo Terminal Portu\u00e1rio na Ponta D\u2019Areia estima-se a realiza\u00e7\u00e3o de 24 viagens por dia, com embarca\u00e7\u00f5es saindo a cada 1 hora, transportando 3.312 passageiros diariamente.<\/p>\n\n\n\n<p>Para Osmar Filho (PDT), presidente da C\u00e2mara, o Cais Flutuante S\u00e3o Lu\u00eds-Alc\u00e2ntara vai contribuir para o incremento econ\u00f4mico, fortalecendo ainda mais o turismo na regi\u00e3o. \u201cSer\u00e1 uma obra importante e que impulsionar\u00e1 o turismo, pois permitir\u00e1 ao turista vir para nossa cidade e visitar nossas maravilhas sem pressa e tamb\u00e9m podendo desfrutar das belezas e culin\u00e1ria alcantarenses\u201d, disse<\/p>\n\n\n\n<p><strong>Como vai ser<\/strong><\/p>\n\n\n\n<figure class=\"wp-block-image\"><img decoding=\"async\" src=\"https:\/\/www.blogsoestado.com\/danielmatos\/files\/2019\/02\/terminal-camara3-1024x682.jpg\" alt=\"\" class=\"wp-image-60262\"\/><figcaption>Vereadores acompanharam atentamente as explana\u00e7\u00f5es no plen\u00e1rio da C\u00e2mara Municipal <\/figcaption><\/figure>\n\n\n\n<p>Com obras de alta complexidade, os terminais contar\u00e3o com urbaniza\u00e7\u00e3o das regi\u00f5es do entorno. As \u00e1reas ter\u00e3o estacionamento, jardim, passeio, espa\u00e7os para comercializa\u00e7\u00e3o de artesanato, lanchonetes, banheiros, \u00e1rea de retroporto, p\u00eder e rampas de acesso m\u00f3veis.<\/p>\n\n\n\n<p>Em S\u00e3o Lu\u00eds, o Terminal da Ponta d\u2019Areia ser\u00e1 constru\u00eddo em uma \u00e1rea pr\u00f3ximo ao Espig\u00e3o Costeiro e contar\u00e1 com \u00e1rea de 6.954,46 m\u00b2 com capacidade para sete embarca\u00e7\u00f5es grandes e 16 pequenas.<\/p>\n\n\n\n<p>J\u00e1 o Terminal Independ\u00eancia constru\u00eddo em Alc\u00e2ntara ser\u00e1 na localidade S\u00edtio da Independ\u00eancia, com \u00e1rea \u00fatil de 4.177,52 m\u00b2.<\/p>\n\n\n\n<p>\u201cEstamos trabalhando para concluir o processo de aquisi\u00e7\u00e3o das licen\u00e7as necess\u00e1rias para que em seguida iniciemos o processo licitat\u00f3rio. Por se tratar de obra de grande envergadura, a previs\u00e3o \u00e9 que os dois cais estejam conclu\u00eddos em 18 meses\u201d, afirmou o presidente da Agem.<\/p>\n\n\n\n<p><strong>Escoamento da produ\u00e7\u00e3o<\/strong><\/p>\n\n\n\n<figure class=\"wp-block-image\"><img decoding=\"async\" src=\"https:\/\/www.blogsoestado.com\/danielmatos\/files\/2019\/02\/terminal-camara2-1024x682.jpg\" alt=\"\" class=\"wp-image-60261\"\/><figcaption>Presidente da C\u00e2mara, Osmar Filho, com dirigentes e t\u00e9cnicos da Ag\u00eancia Executiva Metropolitana<\/figcaption><\/figure>\n\n\n\n<p>A Agem est\u00e1 apresentando os projetos para institui\u00e7\u00f5es envolvidas no projeto. Na semana passada, a C\u00e2mara Municipal de Alc\u00e2ntara recebeu a equipe da Ag\u00eancia para conhecer os detalhes t\u00e9cnicos da obra.<\/p>\n\n\n\n<p>Al\u00e9m de garantir a explora\u00e7\u00e3o integral das potencialidades tur\u00edsticas de Alc\u00e2ntara, os novos Terminais Hidrovi\u00e1rios encurtar\u00e3o em mais de 200 quil\u00f4metros o acesso \u00e0 Baixada Maranhense.<\/p>\n\n\n\n<p>\u201cConsiderando que o cais pode aportar pequenas e m\u00e9dias embarca\u00e7\u00f5es, haver\u00e1 tamb\u00e9m facilidade para carregamento de cargas, facilitando o escoamento da produ\u00e7\u00e3o, encurtando dist\u00e2ncias e barateando as viagens\u201d, disse L\u00edvio Corr\u00eaa.<\/p>\n\n\n\n<p>O presidente da Comiss\u00e3o de Mobilidade da C\u00e2mara de S\u00e3o Lu\u00eds, vereador Raimundo Penha (PDT), elogiou o esfor\u00e7o do Governo do Maranh\u00e3o para a realiza\u00e7\u00e3o de mais uma a\u00e7\u00e3o importante para o munic\u00edpio.<\/p>\n\n\n\n<p>\u201cCom essa obra, em pouco tempo, S\u00e3o Lu\u00eds ganhar\u00e1 uma via de liga\u00e7\u00e3o com o munic\u00edpio de Alc\u00e2ntara atrav\u00e9s da Ba\u00eda de S\u00e3o Marcos sem precisar das t\u00e1buas de mar\u00e9s. Isso \u00e9 fundamental para melhorar a qualidade de vida da popula\u00e7\u00e3o e para incrementar a economia local\u201d, disse o pedetista.<\/p>\n\n\n\n<p>O Projeto dos Terminais Portu\u00e1rios tamb\u00e9m ser\u00e1 apresentado aos dirigentes do Centro de Lan\u00e7amento de Alc\u00e2ntara e ainda \u00e0s institui\u00e7\u00f5es da sociedade ligadas ao empreendimento. A reuni\u00e3o de apresenta\u00e7\u00e3o tamb\u00e9m contou com a presen\u00e7a do arquiteto Jos\u00e9 Domingos de Brito, s\u00f3cio propriet\u00e1rio da empresa Via Arquitetura; do deputado federal Pedro Lucas Fernandes; do secret\u00e1rio adjunto de estado de Turismo, Hugo Viega; vereadores e pessoas da sociedade civil que acompanhavam pela galeria da Casa.<\/p>\n","protected":false},"excerpt":{"rendered":"<p>Os vereadores da C\u00e2mara Municipal de S\u00e3o Lu\u00eds conheceram, na manh\u00e3 desta segunda-feira, 11, o projeto b\u00e1sico e executivo do [&hellip;]<\/p>\n","protected":false},"author":0,"featured_media":0,"comment_status":"open","ping_status":"open","sticky":false,"template":"","format":"standard","meta":{"site-sidebar-layout":"default","site-content-layout":"","ast-site-content-layout":"default","site-content-style":"default","site-sidebar-style":"default","ast-global-header-display":"","ast-banner-title-visibility":"","ast-main-header-display":"","ast-hfb-above-header-display":"","ast-hfb-below-header-display":"","ast-hfb-mobile-header-display":"","site-post-title":"","ast-breadcrumbs-content":"","ast-featured-img":"","footer-sml-layout":"","ast-disable-related-posts":"","theme-transparent-header-meta":"","adv-header-id-meta":"","stick-header-meta":"","header-above-stick-meta":"","header-main-stick-meta":"","header-below-stick-meta":"","astra-migrate-meta-layouts":"default","ast-page-background-enabled":"default","ast-page-background-meta":{"desktop":{"background-color":"var(--ast-global-color-5)","background-image":"","background-repeat":"repeat","background-position":"center center","background-size":"auto","background-attachment":"scroll","background-type":"","background-media":"","overlay-type":"","overlay-color":"","overlay-opacity":"","overlay-gradient":""},"tablet":{"background-color":"","background-image":"","background-repeat":"repeat","background-position":"center center","background-size":"auto","background-attachment":"scroll","background-type":"","background-media":"","overlay-type":"","overlay-color":"","overlay-opacity":"","overlay-gradient":""},"mobile":{"background-color":"","background-image":"","background-repeat":"repeat","background-position":"center center","background-size":"auto","background-attachment":"scroll","background-type":"","background-media":"","overlay-type":"","overlay-color":"","overlay-opacity":"","overlay-gradient":""}},"ast-content-background-meta":{"desktop":{"background-color":"var(--ast-global-color-4)","background-image":"","background-repeat":"repeat","background-position":"center center","background-size":"auto","background-attachment":"scroll","background-type":"","background-media":"","overlay-type":"","overlay-color":"","overlay-opacity":"","overlay-gradient":""},"tablet":{"background-color":"var(--ast-global-color-4)","background-image":"","background-repeat":"repeat","background-position":"center center","background-size":"auto","background-attachment":"scroll","background-type":"","background-media":"","overlay-type":"","overlay-color":"","overlay-opacity":"","overlay-gradient":""},"mobile":{"background-color":"var(--ast-global-color-4)","background-image":"","background-repeat":"repeat","background-position":"center center","background-size":"auto","background-attachment":"scroll","background-type":"","background-media":"","overlay-type":"","overlay-color":"","overlay-opacity":"","overlay-gradient":""}},"footnotes":""},"categories":[1],"tags":[],"class_list":["post-60259","post","type-post","status-publish","format-standard","hentry","category-sem-categoria"],"yoast_head":"<!-- This site is optimized with the Yoast SEO plugin v26.6 - https:\/\/yoast.com\/wordpress\/plugins\/seo\/ -->\n<title>Vereadores conhecem projeto de novos terminais mar\u00edtimos que v\u00e3o ligar S\u00e3o Lu\u00eds a Alc\u00e2ntara - Daniel Matos<\/title>\n<meta name=\"robots\" content=\"index, follow, max-snippet:-1, max-image-preview:large, max-video-preview:-1\" \/>\n<link rel=\"canonical\" href=\"https:\/\/www.blogsoestado.com\/danielmatos\/vereadores-conhecem-projeto-de-novos-terminais-maritimos-que-vao-ligar-sao-luis-a-alcantara\/\" \/>\n<meta property=\"og:locale\" content=\"pt_BR\" \/>\n<meta property=\"og:type\" content=\"article\" \/>\n<meta property=\"og:title\" content=\"Vereadores conhecem projeto de novos terminais mar\u00edtimos que v\u00e3o ligar S\u00e3o Lu\u00eds a Alc\u00e2ntara - Daniel Matos\" \/>\n<meta property=\"og:description\" content=\"Os vereadores da C\u00e2mara Municipal de S\u00e3o Lu\u00eds conheceram, na manh\u00e3 desta segunda-feira, 11, o projeto b\u00e1sico e executivo do [&hellip;]\" \/>\n<meta property=\"og:url\" content=\"https:\/\/www.blogsoestado.com\/danielmatos\/vereadores-conhecem-projeto-de-novos-terminais-maritimos-que-vao-ligar-sao-luis-a-alcantara\/\" \/>\n<meta property=\"og:site_name\" content=\"Daniel Matos\" \/>\n<meta property=\"article:published_time\" content=\"2019-02-12T13:26:51+00:00\" \/>\n<meta property=\"og:image\" content=\"https:\/\/www.blogsoestado.com\/danielmatos\/files\/2019\/02\/terminal-camara-1-1024x682.jpg\" \/>\n<meta name=\"twitter:card\" content=\"summary_large_image\" \/>\n<meta name=\"twitter:label1\" content=\"Est. tempo de leitura\" \/>\n\t<meta name=\"twitter:data1\" content=\"4 minutos\" \/>\n<script type=\"application\/ld+json\" class=\"yoast-schema-graph\">{\"@context\":\"https:\/\/schema.org\",\"@graph\":[{\"@type\":\"WebPage\",\"@id\":\"https:\/\/www.blogsoestado.com\/danielmatos\/vereadores-conhecem-projeto-de-novos-terminais-maritimos-que-vao-ligar-sao-luis-a-alcantara\/\",\"url\":\"https:\/\/www.blogsoestado.com\/danielmatos\/vereadores-conhecem-projeto-de-novos-terminais-maritimos-que-vao-ligar-sao-luis-a-alcantara\/\",\"name\":\"Vereadores conhecem projeto de novos terminais mar\u00edtimos que v\u00e3o ligar S\u00e3o Lu\u00eds a Alc\u00e2ntara - Daniel Matos\",\"isPartOf\":{\"@id\":\"https:\/\/www.blogsoestado.com\/danielmatos\/#website\"},\"primaryImageOfPage\":{\"@id\":\"https:\/\/www.blogsoestado.com\/danielmatos\/vereadores-conhecem-projeto-de-novos-terminais-maritimos-que-vao-ligar-sao-luis-a-alcantara\/#primaryimage\"},\"image\":{\"@id\":\"https:\/\/www.blogsoestado.com\/danielmatos\/vereadores-conhecem-projeto-de-novos-terminais-maritimos-que-vao-ligar-sao-luis-a-alcantara\/#primaryimage\"},\"thumbnailUrl\":\"https:\/\/www.blogsoestado.com\/danielmatos\/files\/2019\/02\/terminal-camara-1-1024x682.jpg\",\"datePublished\":\"2019-02-12T13:26:51+00:00\",\"author\":{\"@id\":\"\"},\"breadcrumb\":{\"@id\":\"https:\/\/www.blogsoestado.com\/danielmatos\/vereadores-conhecem-projeto-de-novos-terminais-maritimos-que-vao-ligar-sao-luis-a-alcantara\/#breadcrumb\"},\"inLanguage\":\"pt-BR\",\"potentialAction\":[{\"@type\":\"ReadAction\",\"target\":[\"https:\/\/www.blogsoestado.com\/danielmatos\/vereadores-conhecem-projeto-de-novos-terminais-maritimos-que-vao-ligar-sao-luis-a-alcantara\/\"]}]},{\"@type\":\"ImageObject\",\"inLanguage\":\"pt-BR\",\"@id\":\"https:\/\/www.blogsoestado.com\/danielmatos\/vereadores-conhecem-projeto-de-novos-terminais-maritimos-que-vao-ligar-sao-luis-a-alcantara\/#primaryimage\",\"url\":\"https:\/\/www.blogsoestado.com\/danielmatos\/files\/2019\/02\/terminal-camara-1-1024x682.jpg\",\"contentUrl\":\"https:\/\/www.blogsoestado.com\/danielmatos\/files\/2019\/02\/terminal-camara-1-1024x682.jpg\"},{\"@type\":\"BreadcrumbList\",\"@id\":\"https:\/\/www.blogsoestado.com\/danielmatos\/vereadores-conhecem-projeto-de-novos-terminais-maritimos-que-vao-ligar-sao-luis-a-alcantara\/#breadcrumb\",\"itemListElement\":[{\"@type\":\"ListItem\",\"position\":1,\"name\":\"In\u00edcio\",\"item\":\"https:\/\/www.blogsoestado.com\/danielmatos\/\"},{\"@type\":\"ListItem\",\"position\":2,\"name\":\"Vereadores conhecem projeto de novos terminais mar\u00edtimos que v\u00e3o ligar S\u00e3o Lu\u00eds a Alc\u00e2ntara\"}]},{\"@type\":\"WebSite\",\"@id\":\"https:\/\/www.blogsoestado.com\/danielmatos\/#website\",\"url\":\"https:\/\/www.blogsoestado.com\/danielmatos\/\",\"name\":\"Daniel Matos\",\"description\":\"\",\"potentialAction\":[{\"@type\":\"SearchAction\",\"target\":{\"@type\":\"EntryPoint\",\"urlTemplate\":\"https:\/\/www.blogsoestado.com\/danielmatos\/?s={search_term_string}\"},\"query-input\":{\"@type\":\"PropertyValueSpecification\",\"valueRequired\":true,\"valueName\":\"search_term_string\"}}],\"inLanguage\":\"pt-BR\"}]}<\/script>\n<!-- \/ Yoast SEO plugin. -->","yoast_head_json":{"title":"Vereadores conhecem projeto de novos terminais mar\u00edtimos que v\u00e3o ligar S\u00e3o Lu\u00eds a Alc\u00e2ntara - Daniel Matos","robots":{"index":"index","follow":"follow","max-snippet":"max-snippet:-1","max-image-preview":"max-image-preview:large","max-video-preview":"max-video-preview:-1"},"canonical":"https:\/\/www.blogsoestado.com\/danielmatos\/vereadores-conhecem-projeto-de-novos-terminais-maritimos-que-vao-ligar-sao-luis-a-alcantara\/","og_locale":"pt_BR","og_type":"article","og_title":"Vereadores conhecem projeto de novos terminais mar\u00edtimos que v\u00e3o ligar S\u00e3o Lu\u00eds a Alc\u00e2ntara - Daniel Matos","og_description":"Os vereadores da C\u00e2mara Municipal de S\u00e3o Lu\u00eds conheceram, na manh\u00e3 desta segunda-feira, 11, o projeto b\u00e1sico e executivo do [&hellip;]","og_url":"https:\/\/www.blogsoestado.com\/danielmatos\/vereadores-conhecem-projeto-de-novos-terminais-maritimos-que-vao-ligar-sao-luis-a-alcantara\/","og_site_name":"Daniel Matos","article_published_time":"2019-02-12T13:26:51+00:00","og_image":[{"url":"https:\/\/www.blogsoestado.com\/danielmatos\/files\/2019\/02\/terminal-camara-1-1024x682.jpg","type":"","width":"","height":""}],"twitter_card":"summary_large_image","twitter_misc":{"Est. tempo de leitura":"4 minutos"},"schema":{"@context":"https:\/\/schema.org","@graph":[{"@type":"WebPage","@id":"https:\/\/www.blogsoestado.com\/danielmatos\/vereadores-conhecem-projeto-de-novos-terminais-maritimos-que-vao-ligar-sao-luis-a-alcantara\/","url":"https:\/\/www.blogsoestado.com\/danielmatos\/vereadores-conhecem-projeto-de-novos-terminais-maritimos-que-vao-ligar-sao-luis-a-alcantara\/","name":"Vereadores conhecem projeto de novos terminais mar\u00edtimos que v\u00e3o ligar S\u00e3o Lu\u00eds a Alc\u00e2ntara - Daniel Matos","isPartOf":{"@id":"https:\/\/www.blogsoestado.com\/danielmatos\/#website"},"primaryImageOfPage":{"@id":"https:\/\/www.blogsoestado.com\/danielmatos\/vereadores-conhecem-projeto-de-novos-terminais-maritimos-que-vao-ligar-sao-luis-a-alcantara\/#primaryimage"},"image":{"@id":"https:\/\/www.blogsoestado.com\/danielmatos\/vereadores-conhecem-projeto-de-novos-terminais-maritimos-que-vao-ligar-sao-luis-a-alcantara\/#primaryimage"},"thumbnailUrl":"https:\/\/www.blogsoestado.com\/danielmatos\/files\/2019\/02\/terminal-camara-1-1024x682.jpg","datePublished":"2019-02-12T13:26:51+00:00","author":{"@id":""},"breadcrumb":{"@id":"https:\/\/www.blogsoestado.com\/danielmatos\/vereadores-conhecem-projeto-de-novos-terminais-maritimos-que-vao-ligar-sao-luis-a-alcantara\/#breadcrumb"},"inLanguage":"pt-BR","potentialAction":[{"@type":"ReadAction","target":["https:\/\/www.blogsoestado.com\/danielmatos\/vereadores-conhecem-projeto-de-novos-terminais-maritimos-que-vao-ligar-sao-luis-a-alcantara\/"]}]},{"@type":"ImageObject","inLanguage":"pt-BR","@id":"https:\/\/www.blogsoestado.com\/danielmatos\/vereadores-conhecem-projeto-de-novos-terminais-maritimos-que-vao-ligar-sao-luis-a-alcantara\/#primaryimage","url":"https:\/\/www.blogsoestado.com\/danielmatos\/files\/2019\/02\/terminal-camara-1-1024x682.jpg","contentUrl":"https:\/\/www.blogsoestado.com\/danielmatos\/files\/2019\/02\/terminal-camara-1-1024x682.jpg"},{"@type":"BreadcrumbList","@id":"https:\/\/www.blogsoestado.com\/danielmatos\/vereadores-conhecem-projeto-de-novos-terminais-maritimos-que-vao-ligar-sao-luis-a-alcantara\/#breadcrumb","itemListElement":[{"@type":"ListItem","position":1,"name":"In\u00edcio","item":"https:\/\/www.blogsoestado.com\/danielmatos\/"},{"@type":"ListItem","position":2,"name":"Vereadores conhecem projeto de novos terminais mar\u00edtimos que v\u00e3o ligar S\u00e3o Lu\u00eds a Alc\u00e2ntara"}]},{"@type":"WebSite","@id":"https:\/\/www.blogsoestado.com\/danielmatos\/#website","url":"https:\/\/www.blogsoestado.com\/danielmatos\/","name":"Daniel Matos","description":"","potentialAction":[{"@type":"SearchAction","target":{"@type":"EntryPoint","urlTemplate":"https:\/\/www.blogsoestado.com\/danielmatos\/?s={search_term_string}"},"query-input":{"@type":"PropertyValueSpecification","valueRequired":true,"valueName":"search_term_string"}}],"inLanguage":"pt-BR"}]}},"jetpack_featured_media_url":"","_links":{"self":[{"href":"https:\/\/www.blogsoestado.com\/danielmatos\/wp-json\/wp\/v2\/posts\/60259","targetHints":{"allow":["GET"]}}],"collection":[{"href":"https:\/\/www.blogsoestado.com\/danielmatos\/wp-json\/wp\/v2\/posts"}],"about":[{"href":"https:\/\/www.blogsoestado.com\/danielmatos\/wp-json\/wp\/v2\/types\/post"}],"replies":[{"embeddable":true,"href":"https:\/\/www.blogsoestado.com\/danielmatos\/wp-json\/wp\/v2\/comments?post=60259"}],"version-history":[{"count":0,"href":"https:\/\/www.blogsoestado.com\/danielmatos\/wp-json\/wp\/v2\/posts\/60259\/revisions"}],"wp:attachment":[{"href":"https:\/\/www.blogsoestado.com\/danielmatos\/wp-json\/wp\/v2\/media?parent=60259"}],"wp:term":[{"taxonomy":"category","embeddable":true,"href":"https:\/\/www.blogsoestado.com\/danielmatos\/wp-json\/wp\/v2\/categories?post=60259"},{"taxonomy":"post_tag","embeddable":true,"href":"https:\/\/www.blogsoestado.com\/danielmatos\/wp-json\/wp\/v2\/tags?post=60259"}],"curies":[{"name":"wp","href":"https:\/\/api.w.org\/{rel}","templated":true}]}}