{"id":60264,"date":"2019-02-12T18:10:06","date_gmt":"2019-02-12T21:10:06","guid":{"rendered":"https:\/\/www.blogsoestado.com\/danielmatos\/?p=60264"},"modified":"2019-02-12T18:10:06","modified_gmt":"2019-02-12T21:10:06","slug":"de-pires-na-mao-em-brasilia-flavio-dino-apela-ao-stf-para-ter-reforco-de-caixa-na-base-da-canetada","status":"publish","type":"post","link":"https:\/\/www.blogsoestado.com\/danielmatos\/de-pires-na-mao-em-brasilia-flavio-dino-apela-ao-stf-para-ter-reforco-de-caixa-na-base-da-canetada\/","title":{"rendered":"De pires na m\u00e3o em Bras\u00edlia, Fl\u00e1vio Dino quer canetada do STF para ter refor\u00e7o de caixa"},"content":{"rendered":"\n<figure class=\"wp-block-image is-resized\"><img fetchpriority=\"high\" decoding=\"async\" src=\"https:\/\/www.blogsoestado.com\/danielmatos\/files\/2019\/02\/dino-stf.jpg\" alt=\"\" class=\"wp-image-60283\" width=\"594\" height=\"342\"\/><figcaption>Fl\u00e1vio Dino no STF com o presidente da corte, ministro Dias Toffoli, e os governadores de Pernambuco, Bahia, Rio Grande do Norte e Piau\u00ed <\/figcaption><\/figure>\n\n\n\n<p>O comunista Fl\u00e1vio Dino (PCdoB) foi um dos cinco governadores do Nordeste que se reuniram, no \u00faltimo dia 6, com o presidente do Supremo Tribunal Federal (STF), ministro Dias Toffoli, em Bras\u00edlia. A comitiva foi \u00e0 corte suprema com a miss\u00e3o de pressionar por julgamentos \u00e1geis e favor\u00e1veis aos seus interesses de processos que podem se reverter em refor\u00e7o de caixa para os seus respectivos estados.<\/p>\n\n\n\n<p>Na reuni\u00e3o, os cinco governantes apelaram ao presidente do STF pela ado\u00e7\u00e3o, tamb\u00e9m no \u00e2mbito do Poder Judici\u00e1rio, de medidas efetivas para combater os efeitos da recess\u00e3o econ\u00f4mica, que atinge as finan\u00e7as p\u00fablicas de modo agudo. <\/p>\n\n\n\n<p>Al\u00e9m de Fl\u00e1vio Dino, participaram da audi\u00eancia com Toffoli os governadores Rui Costa (Bahia), Paulo C\u00e2mara (Pernambuco), Wellington Dias (Piau\u00ed) e F\u00e1tima Bezerra (Rio Grande do Norte). Todos pediram prioridade na conclus\u00e3o de julgamentos de processos que poder\u00e3o impactar de forma positiva as finan\u00e7as p\u00fablicas de seus estados.<\/p>\n\n\n\n<p><strong>Processos<\/strong><\/p>\n\n\n\n<p>Uma das a\u00e7\u00f5es de interesse dos estados em pauta no STF \u00e9 a que trata do sal\u00e1rio-educa\u00e7\u00e3o (ADPF 188), pautada para a sess\u00e3o de 24 de abril. Os governadores tamb\u00e9m pediram a Toffoli que priorize o julgamento do processo que prev\u00ea a fixa\u00e7\u00e3o de valor m\u00ednimo nacional por aluno para repasse do Fundef (Fundo de Manuten\u00e7\u00e3o e Desenvolvimento do Ensino Fundamental e Valoriza\u00e7\u00e3o do Magist\u00e9rio), tema da ACO 648, marcado para a sess\u00e3o do dia 12 de junho. A comitiva tamb\u00e9m discutiu com o chefe do Supremo a a\u00e7\u00e3o judicial relativa \u00e0s novas regras de distribui\u00e7\u00e3o dos royalties do petr\u00f3leo contidas na Lei 12.734\/2012, questionada na ADI 4917 pelo governo do Estado do Rio de Janeiro e suspensa por liminar desde 2013.<\/p>\n\n\n\n<p>Segundo Fl\u00e1vio Dino, a conclus\u00e3o do julgamento da ADPF 188, por exemplo, trar\u00e1 impactos mais r\u00e1pidos do que uma eventual Reforma da Previd\u00eancia, que s\u00f3 produzir\u00e1 efeitos nas finan\u00e7as p\u00fablicas daqui a 20 ou 30 anos. \u201cN\u00f3s estamos falando de processos que muito rapidamente ir\u00e3o ajudar a melhorar as finan\u00e7as p\u00fablicas, por isso temos esse senso de urg\u00eancia. Acreditamos que o Supremo pode dar uma grande contribui\u00e7\u00e3o para que os estados possam funcionar\u201d, afirmou Dino, acrescentando que s\u00e3o demandas que dizem respeito ao dia a dia da popula\u00e7\u00e3o, como seguran\u00e7a p\u00fablica, educa\u00e7\u00e3o e hospitais.<\/p>\n\n\n\n<p>Pelo visto, Fl\u00e1vio Dino almeja que a crise financeira de sua gest\u00e3o, consequ\u00eancia, em grande parte, de atos administrativos desastrosos cometidos em seu primeiro mandato, seja debelada pela Justi\u00e7a, na base da canetada.     <\/p>\n","protected":false},"excerpt":{"rendered":"<p>O comunista Fl\u00e1vio Dino (PCdoB) foi um dos cinco governadores do Nordeste que se reuniram, no \u00faltimo dia 6, com [&hellip;]<\/p>\n","protected":false},"author":0,"featured_media":0,"comment_status":"open","ping_status":"open","sticky":false,"template":"","format":"standard","meta":{"site-sidebar-layout":"default","site-content-layout":"","ast-site-content-layout":"default","site-content-style":"default","site-sidebar-style":"default","ast-global-header-display":"","ast-banner-title-visibility":"","ast-main-header-display":"","ast-hfb-above-header-display":"","ast-hfb-below-header-display":"","ast-hfb-mobile-header-display":"","site-post-title":"","ast-breadcrumbs-content":"","ast-featured-img":"","footer-sml-layout":"","ast-disable-related-posts":"","theme-transparent-header-meta":"","adv-header-id-meta":"","stick-header-meta":"","header-above-stick-meta":"","header-main-stick-meta":"","header-below-stick-meta":"","astra-migrate-meta-layouts":"default","ast-page-background-enabled":"default","ast-page-background-meta":{"desktop":{"background-color":"var(--ast-global-color-5)","background-image":"","background-repeat":"repeat","background-position":"center center","background-size":"auto","background-attachment":"scroll","background-type":"","background-media":"","overlay-type":"","overlay-color":"","overlay-opacity":"","overlay-gradient":""},"tablet":{"background-color":"","background-image":"","background-repeat":"repeat","background-position":"center center","background-size":"auto","background-attachment":"scroll","background-type":"","background-media":"","overlay-type":"","overlay-color":"","overlay-opacity":"","overlay-gradient":""},"mobile":{"background-color":"","background-image":"","background-repeat":"repeat","background-position":"center center","background-size":"auto","background-attachment":"scroll","background-type":"","background-media":"","overlay-type":"","overlay-color":"","overlay-opacity":"","overlay-gradient":""}},"ast-content-background-meta":{"desktop":{"background-color":"var(--ast-global-color-4)","background-image":"","background-repeat":"repeat","background-position":"center center","background-size":"auto","background-attachment":"scroll","background-type":"","background-media":"","overlay-type":"","overlay-color":"","overlay-opacity":"","overlay-gradient":""},"tablet":{"background-color":"var(--ast-global-color-4)","background-image":"","background-repeat":"repeat","background-position":"center center","background-size":"auto","background-attachment":"scroll","background-type":"","background-media":"","overlay-type":"","overlay-color":"","overlay-opacity":"","overlay-gradient":""},"mobile":{"background-color":"var(--ast-global-color-4)","background-image":"","background-repeat":"repeat","background-position":"center center","background-size":"auto","background-attachment":"scroll","background-type":"","background-media":"","overlay-type":"","overlay-color":"","overlay-opacity":"","overlay-gradient":""}},"footnotes":""},"categories":[1],"tags":[],"class_list":["post-60264","post","type-post","status-publish","format-standard","hentry","category-sem-categoria"],"yoast_head":"<!-- This site is optimized with the Yoast SEO plugin v26.6 - https:\/\/yoast.com\/wordpress\/plugins\/seo\/ -->\n<title>De pires na m\u00e3o em Bras\u00edlia, Fl\u00e1vio Dino quer canetada do STF para ter refor\u00e7o de caixa - Daniel Matos<\/title>\n<meta name=\"robots\" content=\"index, follow, max-snippet:-1, max-image-preview:large, max-video-preview:-1\" \/>\n<link rel=\"canonical\" href=\"https:\/\/www.blogsoestado.com\/danielmatos\/de-pires-na-mao-em-brasilia-flavio-dino-apela-ao-stf-para-ter-reforco-de-caixa-na-base-da-canetada\/\" \/>\n<meta property=\"og:locale\" content=\"pt_BR\" \/>\n<meta property=\"og:type\" content=\"article\" \/>\n<meta property=\"og:title\" content=\"De pires na m\u00e3o em Bras\u00edlia, Fl\u00e1vio Dino quer canetada do STF para ter refor\u00e7o de caixa - Daniel Matos\" \/>\n<meta property=\"og:description\" content=\"O comunista Fl\u00e1vio Dino (PCdoB) foi um dos cinco governadores do Nordeste que se reuniram, no \u00faltimo dia 6, com [&hellip;]\" \/>\n<meta property=\"og:url\" content=\"https:\/\/www.blogsoestado.com\/danielmatos\/de-pires-na-mao-em-brasilia-flavio-dino-apela-ao-stf-para-ter-reforco-de-caixa-na-base-da-canetada\/\" \/>\n<meta property=\"og:site_name\" content=\"Daniel Matos\" \/>\n<meta property=\"article:published_time\" content=\"2019-02-12T21:10:06+00:00\" \/>\n<meta property=\"og:image\" content=\"https:\/\/www.blogsoestado.com\/danielmatos\/files\/2019\/02\/dino-stf.jpg\" \/>\n<meta name=\"twitter:card\" content=\"summary_large_image\" \/>\n<meta name=\"twitter:label1\" content=\"Est. tempo de leitura\" \/>\n\t<meta name=\"twitter:data1\" content=\"2 minutos\" \/>\n<script type=\"application\/ld+json\" class=\"yoast-schema-graph\">{\"@context\":\"https:\/\/schema.org\",\"@graph\":[{\"@type\":\"WebPage\",\"@id\":\"https:\/\/www.blogsoestado.com\/danielmatos\/de-pires-na-mao-em-brasilia-flavio-dino-apela-ao-stf-para-ter-reforco-de-caixa-na-base-da-canetada\/\",\"url\":\"https:\/\/www.blogsoestado.com\/danielmatos\/de-pires-na-mao-em-brasilia-flavio-dino-apela-ao-stf-para-ter-reforco-de-caixa-na-base-da-canetada\/\",\"name\":\"De pires na m\u00e3o em Bras\u00edlia, Fl\u00e1vio Dino quer canetada do STF para ter refor\u00e7o de caixa - Daniel Matos\",\"isPartOf\":{\"@id\":\"https:\/\/www.blogsoestado.com\/danielmatos\/#website\"},\"primaryImageOfPage\":{\"@id\":\"https:\/\/www.blogsoestado.com\/danielmatos\/de-pires-na-mao-em-brasilia-flavio-dino-apela-ao-stf-para-ter-reforco-de-caixa-na-base-da-canetada\/#primaryimage\"},\"image\":{\"@id\":\"https:\/\/www.blogsoestado.com\/danielmatos\/de-pires-na-mao-em-brasilia-flavio-dino-apela-ao-stf-para-ter-reforco-de-caixa-na-base-da-canetada\/#primaryimage\"},\"thumbnailUrl\":\"https:\/\/www.blogsoestado.com\/danielmatos\/files\/2019\/02\/dino-stf.jpg\",\"datePublished\":\"2019-02-12T21:10:06+00:00\",\"author\":{\"@id\":\"\"},\"breadcrumb\":{\"@id\":\"https:\/\/www.blogsoestado.com\/danielmatos\/de-pires-na-mao-em-brasilia-flavio-dino-apela-ao-stf-para-ter-reforco-de-caixa-na-base-da-canetada\/#breadcrumb\"},\"inLanguage\":\"pt-BR\",\"potentialAction\":[{\"@type\":\"ReadAction\",\"target\":[\"https:\/\/www.blogsoestado.com\/danielmatos\/de-pires-na-mao-em-brasilia-flavio-dino-apela-ao-stf-para-ter-reforco-de-caixa-na-base-da-canetada\/\"]}]},{\"@type\":\"ImageObject\",\"inLanguage\":\"pt-BR\",\"@id\":\"https:\/\/www.blogsoestado.com\/danielmatos\/de-pires-na-mao-em-brasilia-flavio-dino-apela-ao-stf-para-ter-reforco-de-caixa-na-base-da-canetada\/#primaryimage\",\"url\":\"https:\/\/www.blogsoestado.com\/danielmatos\/files\/2019\/02\/dino-stf.jpg\",\"contentUrl\":\"https:\/\/www.blogsoestado.com\/danielmatos\/files\/2019\/02\/dino-stf.jpg\"},{\"@type\":\"BreadcrumbList\",\"@id\":\"https:\/\/www.blogsoestado.com\/danielmatos\/de-pires-na-mao-em-brasilia-flavio-dino-apela-ao-stf-para-ter-reforco-de-caixa-na-base-da-canetada\/#breadcrumb\",\"itemListElement\":[{\"@type\":\"ListItem\",\"position\":1,\"name\":\"In\u00edcio\",\"item\":\"https:\/\/www.blogsoestado.com\/danielmatos\/\"},{\"@type\":\"ListItem\",\"position\":2,\"name\":\"De pires na m\u00e3o em Bras\u00edlia, Fl\u00e1vio Dino quer canetada do STF para ter refor\u00e7o de caixa\"}]},{\"@type\":\"WebSite\",\"@id\":\"https:\/\/www.blogsoestado.com\/danielmatos\/#website\",\"url\":\"https:\/\/www.blogsoestado.com\/danielmatos\/\",\"name\":\"Daniel Matos\",\"description\":\"\",\"potentialAction\":[{\"@type\":\"SearchAction\",\"target\":{\"@type\":\"EntryPoint\",\"urlTemplate\":\"https:\/\/www.blogsoestado.com\/danielmatos\/?s={search_term_string}\"},\"query-input\":{\"@type\":\"PropertyValueSpecification\",\"valueRequired\":true,\"valueName\":\"search_term_string\"}}],\"inLanguage\":\"pt-BR\"}]}<\/script>\n<!-- \/ Yoast SEO plugin. -->","yoast_head_json":{"title":"De pires na m\u00e3o em Bras\u00edlia, Fl\u00e1vio Dino quer canetada do STF para ter refor\u00e7o de caixa - Daniel Matos","robots":{"index":"index","follow":"follow","max-snippet":"max-snippet:-1","max-image-preview":"max-image-preview:large","max-video-preview":"max-video-preview:-1"},"canonical":"https:\/\/www.blogsoestado.com\/danielmatos\/de-pires-na-mao-em-brasilia-flavio-dino-apela-ao-stf-para-ter-reforco-de-caixa-na-base-da-canetada\/","og_locale":"pt_BR","og_type":"article","og_title":"De pires na m\u00e3o em Bras\u00edlia, Fl\u00e1vio Dino quer canetada do STF para ter refor\u00e7o de caixa - Daniel Matos","og_description":"O comunista Fl\u00e1vio Dino (PCdoB) foi um dos cinco governadores do Nordeste que se reuniram, no \u00faltimo dia 6, com [&hellip;]","og_url":"https:\/\/www.blogsoestado.com\/danielmatos\/de-pires-na-mao-em-brasilia-flavio-dino-apela-ao-stf-para-ter-reforco-de-caixa-na-base-da-canetada\/","og_site_name":"Daniel Matos","article_published_time":"2019-02-12T21:10:06+00:00","og_image":[{"url":"https:\/\/www.blogsoestado.com\/danielmatos\/files\/2019\/02\/dino-stf.jpg","type":"","width":"","height":""}],"twitter_card":"summary_large_image","twitter_misc":{"Est. tempo de leitura":"2 minutos"},"schema":{"@context":"https:\/\/schema.org","@graph":[{"@type":"WebPage","@id":"https:\/\/www.blogsoestado.com\/danielmatos\/de-pires-na-mao-em-brasilia-flavio-dino-apela-ao-stf-para-ter-reforco-de-caixa-na-base-da-canetada\/","url":"https:\/\/www.blogsoestado.com\/danielmatos\/de-pires-na-mao-em-brasilia-flavio-dino-apela-ao-stf-para-ter-reforco-de-caixa-na-base-da-canetada\/","name":"De pires na m\u00e3o em Bras\u00edlia, Fl\u00e1vio Dino quer canetada do STF para ter refor\u00e7o de caixa - Daniel Matos","isPartOf":{"@id":"https:\/\/www.blogsoestado.com\/danielmatos\/#website"},"primaryImageOfPage":{"@id":"https:\/\/www.blogsoestado.com\/danielmatos\/de-pires-na-mao-em-brasilia-flavio-dino-apela-ao-stf-para-ter-reforco-de-caixa-na-base-da-canetada\/#primaryimage"},"image":{"@id":"https:\/\/www.blogsoestado.com\/danielmatos\/de-pires-na-mao-em-brasilia-flavio-dino-apela-ao-stf-para-ter-reforco-de-caixa-na-base-da-canetada\/#primaryimage"},"thumbnailUrl":"https:\/\/www.blogsoestado.com\/danielmatos\/files\/2019\/02\/dino-stf.jpg","datePublished":"2019-02-12T21:10:06+00:00","author":{"@id":""},"breadcrumb":{"@id":"https:\/\/www.blogsoestado.com\/danielmatos\/de-pires-na-mao-em-brasilia-flavio-dino-apela-ao-stf-para-ter-reforco-de-caixa-na-base-da-canetada\/#breadcrumb"},"inLanguage":"pt-BR","potentialAction":[{"@type":"ReadAction","target":["https:\/\/www.blogsoestado.com\/danielmatos\/de-pires-na-mao-em-brasilia-flavio-dino-apela-ao-stf-para-ter-reforco-de-caixa-na-base-da-canetada\/"]}]},{"@type":"ImageObject","inLanguage":"pt-BR","@id":"https:\/\/www.blogsoestado.com\/danielmatos\/de-pires-na-mao-em-brasilia-flavio-dino-apela-ao-stf-para-ter-reforco-de-caixa-na-base-da-canetada\/#primaryimage","url":"https:\/\/www.blogsoestado.com\/danielmatos\/files\/2019\/02\/dino-stf.jpg","contentUrl":"https:\/\/www.blogsoestado.com\/danielmatos\/files\/2019\/02\/dino-stf.jpg"},{"@type":"BreadcrumbList","@id":"https:\/\/www.blogsoestado.com\/danielmatos\/de-pires-na-mao-em-brasilia-flavio-dino-apela-ao-stf-para-ter-reforco-de-caixa-na-base-da-canetada\/#breadcrumb","itemListElement":[{"@type":"ListItem","position":1,"name":"In\u00edcio","item":"https:\/\/www.blogsoestado.com\/danielmatos\/"},{"@type":"ListItem","position":2,"name":"De pires na m\u00e3o em Bras\u00edlia, Fl\u00e1vio Dino quer canetada do STF para ter refor\u00e7o de caixa"}]},{"@type":"WebSite","@id":"https:\/\/www.blogsoestado.com\/danielmatos\/#website","url":"https:\/\/www.blogsoestado.com\/danielmatos\/","name":"Daniel Matos","description":"","potentialAction":[{"@type":"SearchAction","target":{"@type":"EntryPoint","urlTemplate":"https:\/\/www.blogsoestado.com\/danielmatos\/?s={search_term_string}"},"query-input":{"@type":"PropertyValueSpecification","valueRequired":true,"valueName":"search_term_string"}}],"inLanguage":"pt-BR"}]}},"jetpack_featured_media_url":"","_links":{"self":[{"href":"https:\/\/www.blogsoestado.com\/danielmatos\/wp-json\/wp\/v2\/posts\/60264","targetHints":{"allow":["GET"]}}],"collection":[{"href":"https:\/\/www.blogsoestado.com\/danielmatos\/wp-json\/wp\/v2\/posts"}],"about":[{"href":"https:\/\/www.blogsoestado.com\/danielmatos\/wp-json\/wp\/v2\/types\/post"}],"replies":[{"embeddable":true,"href":"https:\/\/www.blogsoestado.com\/danielmatos\/wp-json\/wp\/v2\/comments?post=60264"}],"version-history":[{"count":0,"href":"https:\/\/www.blogsoestado.com\/danielmatos\/wp-json\/wp\/v2\/posts\/60264\/revisions"}],"wp:attachment":[{"href":"https:\/\/www.blogsoestado.com\/danielmatos\/wp-json\/wp\/v2\/media?parent=60264"}],"wp:term":[{"taxonomy":"category","embeddable":true,"href":"https:\/\/www.blogsoestado.com\/danielmatos\/wp-json\/wp\/v2\/categories?post=60264"},{"taxonomy":"post_tag","embeddable":true,"href":"https:\/\/www.blogsoestado.com\/danielmatos\/wp-json\/wp\/v2\/tags?post=60264"}],"curies":[{"name":"wp","href":"https:\/\/api.w.org\/{rel}","templated":true}]}}