{"id":60274,"date":"2019-02-12T14:43:49","date_gmt":"2019-02-12T17:43:49","guid":{"rendered":"https:\/\/www.blogsoestado.com\/danielmatos\/?p=60274"},"modified":"2019-02-12T14:43:49","modified_gmt":"2019-02-12T17:43:49","slug":"medico-da-maternidade-maria-do-amparo-destaca-o-empenho-da-camara-municipal-pela-casa-de-saude-2","status":"publish","type":"post","link":"https:\/\/www.blogsoestado.com\/danielmatos\/medico-da-maternidade-maria-do-amparo-destaca-o-empenho-da-camara-municipal-pela-casa-de-saude-2\/","title":{"rendered":"M\u00e9dico da Maternidade Maria do Amparo destaca o empenho da C\u00e2mara Municipal pela casa de sa\u00fade"},"content":{"rendered":"\n<figure class=\"wp-block-image\"><img decoding=\"async\" src=\"https:\/\/www.blogsoestado.com\/danielmatos\/files\/2019\/02\/medico-amparo.jpg\" alt=\"\" class=\"wp-image-60271\"\/><figcaption>Presidente da C\u00e2mara, Osmar Filho, e demais vereadores ouvem atentamente discurso de medico da maternidade<\/figcaption><\/figure>\n\n\n\n<p>A reuni\u00e3o dos vereadores da C\u00e2mara Municipal de S\u00e3o Lu\u00eds com a dire\u00e7\u00e3o da Maternidade Maria do Amparo contando a presen\u00e7a de v\u00e1rios empregados da casa de sa\u00fade foi avaliada como altamente positiva pelo m\u00e9dico Eg\u00eddio Carvalho Ribeiro, um dos benfeitores da maternidade. Ele foi a pessoa que fez ampla explana\u00e7\u00e3o da real situa\u00e7\u00e3o da unidade hospitalar para os vereadores, destacando com muita determina\u00e7\u00e3o que a Maternidade Maria do Amparo \u00e9 totalmente p\u00fablica e voltada para atendimento das gestantes da Regi\u00e3o Metropolitana de S\u00e3o Lu\u00eds.<\/p>\n\n\n\n<p>O m\u00e9dico Eg\u00eddio Carvalho Ribeiro \u00e9 um dos fundadores da Maternidade Maria do Amparo, integrando um idealismo da sua tia Maria de Jesus Carvalho e de profissionais abnegados. Para realizar a obra, eles foram movidos por sentimentos solid\u00e1rios fraternos em proporcionar atendimentos a gestantes pobres, inclusive com o preparativo do pr\u00e9-natal e tamb\u00e9m colaborar com a rede p\u00fablica de sa\u00fade, chegando a atingir o percentual de 11% de todos os partos feitos na Regi\u00e3o Metropolitana de S\u00e3o Lu\u00eds, alcan\u00e7ando uma m\u00e9dia de 200 todos os meses.<\/p>\n\n\n\n<p>Sobre a reuni\u00e3o com os vereadores, Eg\u00eddio Ribeiro destaca que foi muito importante e superou as expectativas n\u00e3o apenas dos diretores, mas dos empregados, os quais sa\u00edram do Legislativo Municipal confiantes na reabertura da Maternidade Maria do Amparo. A iniciativa do presidente da Casa, vereador Osmar Filho (PDT), de abrir espa\u00e7o para posicionamentos de cada vereador, foi de fundamental import\u00e2ncia para garantir a seguran\u00e7a, que os vereadores n\u00e3o abra\u00e7aram apenas a causa da dire\u00e7\u00e3o da maternidade, dos empregados, mas das gestantes pobres e do direito \u00e0 dignidade humana das mulheres que dar\u00e3o a luz na unidade hospitalar, salientou o m\u00e9dico benfeitor.<\/p>\n\n\n\n<p>O que proporcionou confian\u00e7a aos diretores e empregados da Maternidade Maria do Amparo, foi a firmeza dos vereadores e o compromisso de todos pela reabertura da casa de sa\u00fade e o seu pleno funcionamento. Eg\u00eddio Carvalho Ribeiro deixou a sede do parlamento com as esperan\u00e7as renovadas, e manifestou agradecimento a todos os vereadores presentes \u00e0 reuni\u00e3o e de um modo especial ao presidente Osmar Filho, que abriu espa\u00e7o para a manifesta\u00e7\u00e3o deles, que acabaram sendo o fermento essencial para a dire\u00e7\u00e3o e empregados da Maternidade Maria do Amparo.<\/p>\n","protected":false},"excerpt":{"rendered":"<p>A reuni\u00e3o dos vereadores da C\u00e2mara Municipal de S\u00e3o Lu\u00eds com a dire\u00e7\u00e3o da Maternidade Maria do Amparo contando a [&hellip;]<\/p>\n","protected":false},"author":0,"featured_media":0,"comment_status":"open","ping_status":"open","sticky":false,"template":"","format":"standard","meta":{"site-sidebar-layout":"default","site-content-layout":"","ast-site-content-layout":"default","site-content-style":"default","site-sidebar-style":"default","ast-global-header-display":"","ast-banner-title-visibility":"","ast-main-header-display":"","ast-hfb-above-header-display":"","ast-hfb-below-header-display":"","ast-hfb-mobile-header-display":"","site-post-title":"","ast-breadcrumbs-content":"","ast-featured-img":"","footer-sml-layout":"","ast-disable-related-posts":"","theme-transparent-header-meta":"","adv-header-id-meta":"","stick-header-meta":"","header-above-stick-meta":"","header-main-stick-meta":"","header-below-stick-meta":"","astra-migrate-meta-layouts":"default","ast-page-background-enabled":"default","ast-page-background-meta":{"desktop":{"background-color":"var(--ast-global-color-5)","background-image":"","background-repeat":"repeat","background-position":"center center","background-size":"auto","background-attachment":"scroll","background-type":"","background-media":"","overlay-type":"","overlay-color":"","overlay-opacity":"","overlay-gradient":""},"tablet":{"background-color":"","background-image":"","background-repeat":"repeat","background-position":"center center","background-size":"auto","background-attachment":"scroll","background-type":"","background-media":"","overlay-type":"","overlay-color":"","overlay-opacity":"","overlay-gradient":""},"mobile":{"background-color":"","background-image":"","background-repeat":"repeat","background-position":"center center","background-size":"auto","background-attachment":"scroll","background-type":"","background-media":"","overlay-type":"","overlay-color":"","overlay-opacity":"","overlay-gradient":""}},"ast-content-background-meta":{"desktop":{"background-color":"var(--ast-global-color-4)","background-image":"","background-repeat":"repeat","background-position":"center center","background-size":"auto","background-attachment":"scroll","background-type":"","background-media":"","overlay-type":"","overlay-color":"","overlay-opacity":"","overlay-gradient":""},"tablet":{"background-color":"var(--ast-global-color-4)","background-image":"","background-repeat":"repeat","background-position":"center center","background-size":"auto","background-attachment":"scroll","background-type":"","background-media":"","overlay-type":"","overlay-color":"","overlay-opacity":"","overlay-gradient":""},"mobile":{"background-color":"var(--ast-global-color-4)","background-image":"","background-repeat":"repeat","background-position":"center center","background-size":"auto","background-attachment":"scroll","background-type":"","background-media":"","overlay-type":"","overlay-color":"","overlay-opacity":"","overlay-gradient":""}},"footnotes":""},"categories":[1],"tags":[],"class_list":["post-60274","post","type-post","status-publish","format-standard","hentry","category-sem-categoria"],"yoast_head":"<!-- This site is optimized with the Yoast SEO plugin v26.6 - https:\/\/yoast.com\/wordpress\/plugins\/seo\/ -->\n<title>M\u00e9dico da Maternidade Maria do Amparo destaca o empenho da C\u00e2mara Municipal pela casa de sa\u00fade - Daniel Matos<\/title>\n<meta name=\"robots\" content=\"index, follow, max-snippet:-1, max-image-preview:large, max-video-preview:-1\" \/>\n<link rel=\"canonical\" href=\"https:\/\/www.blogsoestado.com\/danielmatos\/medico-da-maternidade-maria-do-amparo-destaca-o-empenho-da-camara-municipal-pela-casa-de-saude-2\/\" \/>\n<meta property=\"og:locale\" content=\"pt_BR\" \/>\n<meta property=\"og:type\" content=\"article\" \/>\n<meta property=\"og:title\" content=\"M\u00e9dico da Maternidade Maria do Amparo destaca o empenho da C\u00e2mara Municipal pela casa de sa\u00fade - Daniel Matos\" \/>\n<meta property=\"og:description\" content=\"A reuni\u00e3o dos vereadores da C\u00e2mara Municipal de S\u00e3o Lu\u00eds com a dire\u00e7\u00e3o da Maternidade Maria do Amparo contando a [&hellip;]\" \/>\n<meta property=\"og:url\" content=\"https:\/\/www.blogsoestado.com\/danielmatos\/medico-da-maternidade-maria-do-amparo-destaca-o-empenho-da-camara-municipal-pela-casa-de-saude-2\/\" \/>\n<meta property=\"og:site_name\" content=\"Daniel Matos\" \/>\n<meta property=\"article:published_time\" content=\"2019-02-12T17:43:49+00:00\" \/>\n<meta property=\"og:image\" content=\"https:\/\/www.blogsoestado.com\/danielmatos\/files\/2019\/02\/medico-amparo.jpg\" \/>\n<meta name=\"twitter:card\" content=\"summary_large_image\" \/>\n<meta name=\"twitter:label1\" content=\"Est. tempo de leitura\" \/>\n\t<meta name=\"twitter:data1\" content=\"2 minutos\" \/>\n<script type=\"application\/ld+json\" class=\"yoast-schema-graph\">{\"@context\":\"https:\/\/schema.org\",\"@graph\":[{\"@type\":\"WebPage\",\"@id\":\"https:\/\/www.blogsoestado.com\/danielmatos\/medico-da-maternidade-maria-do-amparo-destaca-o-empenho-da-camara-municipal-pela-casa-de-saude-2\/\",\"url\":\"https:\/\/www.blogsoestado.com\/danielmatos\/medico-da-maternidade-maria-do-amparo-destaca-o-empenho-da-camara-municipal-pela-casa-de-saude-2\/\",\"name\":\"M\u00e9dico da Maternidade Maria do Amparo destaca o empenho da C\u00e2mara Municipal pela casa de sa\u00fade - Daniel Matos\",\"isPartOf\":{\"@id\":\"https:\/\/www.blogsoestado.com\/danielmatos\/#website\"},\"primaryImageOfPage\":{\"@id\":\"https:\/\/www.blogsoestado.com\/danielmatos\/medico-da-maternidade-maria-do-amparo-destaca-o-empenho-da-camara-municipal-pela-casa-de-saude-2\/#primaryimage\"},\"image\":{\"@id\":\"https:\/\/www.blogsoestado.com\/danielmatos\/medico-da-maternidade-maria-do-amparo-destaca-o-empenho-da-camara-municipal-pela-casa-de-saude-2\/#primaryimage\"},\"thumbnailUrl\":\"https:\/\/www.blogsoestado.com\/danielmatos\/files\/2019\/02\/medico-amparo.jpg\",\"datePublished\":\"2019-02-12T17:43:49+00:00\",\"author\":{\"@id\":\"\"},\"breadcrumb\":{\"@id\":\"https:\/\/www.blogsoestado.com\/danielmatos\/medico-da-maternidade-maria-do-amparo-destaca-o-empenho-da-camara-municipal-pela-casa-de-saude-2\/#breadcrumb\"},\"inLanguage\":\"pt-BR\",\"potentialAction\":[{\"@type\":\"ReadAction\",\"target\":[\"https:\/\/www.blogsoestado.com\/danielmatos\/medico-da-maternidade-maria-do-amparo-destaca-o-empenho-da-camara-municipal-pela-casa-de-saude-2\/\"]}]},{\"@type\":\"ImageObject\",\"inLanguage\":\"pt-BR\",\"@id\":\"https:\/\/www.blogsoestado.com\/danielmatos\/medico-da-maternidade-maria-do-amparo-destaca-o-empenho-da-camara-municipal-pela-casa-de-saude-2\/#primaryimage\",\"url\":\"https:\/\/www.blogsoestado.com\/danielmatos\/files\/2019\/02\/medico-amparo.jpg\",\"contentUrl\":\"https:\/\/www.blogsoestado.com\/danielmatos\/files\/2019\/02\/medico-amparo.jpg\"},{\"@type\":\"BreadcrumbList\",\"@id\":\"https:\/\/www.blogsoestado.com\/danielmatos\/medico-da-maternidade-maria-do-amparo-destaca-o-empenho-da-camara-municipal-pela-casa-de-saude-2\/#breadcrumb\",\"itemListElement\":[{\"@type\":\"ListItem\",\"position\":1,\"name\":\"In\u00edcio\",\"item\":\"https:\/\/www.blogsoestado.com\/danielmatos\/\"},{\"@type\":\"ListItem\",\"position\":2,\"name\":\"M\u00e9dico da Maternidade Maria do Amparo destaca o empenho da C\u00e2mara Municipal pela casa de sa\u00fade\"}]},{\"@type\":\"WebSite\",\"@id\":\"https:\/\/www.blogsoestado.com\/danielmatos\/#website\",\"url\":\"https:\/\/www.blogsoestado.com\/danielmatos\/\",\"name\":\"Daniel Matos\",\"description\":\"\",\"potentialAction\":[{\"@type\":\"SearchAction\",\"target\":{\"@type\":\"EntryPoint\",\"urlTemplate\":\"https:\/\/www.blogsoestado.com\/danielmatos\/?s={search_term_string}\"},\"query-input\":{\"@type\":\"PropertyValueSpecification\",\"valueRequired\":true,\"valueName\":\"search_term_string\"}}],\"inLanguage\":\"pt-BR\"}]}<\/script>\n<!-- \/ Yoast SEO plugin. -->","yoast_head_json":{"title":"M\u00e9dico da Maternidade Maria do Amparo destaca o empenho da C\u00e2mara Municipal pela casa de sa\u00fade - Daniel Matos","robots":{"index":"index","follow":"follow","max-snippet":"max-snippet:-1","max-image-preview":"max-image-preview:large","max-video-preview":"max-video-preview:-1"},"canonical":"https:\/\/www.blogsoestado.com\/danielmatos\/medico-da-maternidade-maria-do-amparo-destaca-o-empenho-da-camara-municipal-pela-casa-de-saude-2\/","og_locale":"pt_BR","og_type":"article","og_title":"M\u00e9dico da Maternidade Maria do Amparo destaca o empenho da C\u00e2mara Municipal pela casa de sa\u00fade - Daniel Matos","og_description":"A reuni\u00e3o dos vereadores da C\u00e2mara Municipal de S\u00e3o Lu\u00eds com a dire\u00e7\u00e3o da Maternidade Maria do Amparo contando a [&hellip;]","og_url":"https:\/\/www.blogsoestado.com\/danielmatos\/medico-da-maternidade-maria-do-amparo-destaca-o-empenho-da-camara-municipal-pela-casa-de-saude-2\/","og_site_name":"Daniel Matos","article_published_time":"2019-02-12T17:43:49+00:00","og_image":[{"url":"https:\/\/www.blogsoestado.com\/danielmatos\/files\/2019\/02\/medico-amparo.jpg","type":"","width":"","height":""}],"twitter_card":"summary_large_image","twitter_misc":{"Est. tempo de leitura":"2 minutos"},"schema":{"@context":"https:\/\/schema.org","@graph":[{"@type":"WebPage","@id":"https:\/\/www.blogsoestado.com\/danielmatos\/medico-da-maternidade-maria-do-amparo-destaca-o-empenho-da-camara-municipal-pela-casa-de-saude-2\/","url":"https:\/\/www.blogsoestado.com\/danielmatos\/medico-da-maternidade-maria-do-amparo-destaca-o-empenho-da-camara-municipal-pela-casa-de-saude-2\/","name":"M\u00e9dico da Maternidade Maria do Amparo destaca o empenho da C\u00e2mara Municipal pela casa de sa\u00fade - Daniel Matos","isPartOf":{"@id":"https:\/\/www.blogsoestado.com\/danielmatos\/#website"},"primaryImageOfPage":{"@id":"https:\/\/www.blogsoestado.com\/danielmatos\/medico-da-maternidade-maria-do-amparo-destaca-o-empenho-da-camara-municipal-pela-casa-de-saude-2\/#primaryimage"},"image":{"@id":"https:\/\/www.blogsoestado.com\/danielmatos\/medico-da-maternidade-maria-do-amparo-destaca-o-empenho-da-camara-municipal-pela-casa-de-saude-2\/#primaryimage"},"thumbnailUrl":"https:\/\/www.blogsoestado.com\/danielmatos\/files\/2019\/02\/medico-amparo.jpg","datePublished":"2019-02-12T17:43:49+00:00","author":{"@id":""},"breadcrumb":{"@id":"https:\/\/www.blogsoestado.com\/danielmatos\/medico-da-maternidade-maria-do-amparo-destaca-o-empenho-da-camara-municipal-pela-casa-de-saude-2\/#breadcrumb"},"inLanguage":"pt-BR","potentialAction":[{"@type":"ReadAction","target":["https:\/\/www.blogsoestado.com\/danielmatos\/medico-da-maternidade-maria-do-amparo-destaca-o-empenho-da-camara-municipal-pela-casa-de-saude-2\/"]}]},{"@type":"ImageObject","inLanguage":"pt-BR","@id":"https:\/\/www.blogsoestado.com\/danielmatos\/medico-da-maternidade-maria-do-amparo-destaca-o-empenho-da-camara-municipal-pela-casa-de-saude-2\/#primaryimage","url":"https:\/\/www.blogsoestado.com\/danielmatos\/files\/2019\/02\/medico-amparo.jpg","contentUrl":"https:\/\/www.blogsoestado.com\/danielmatos\/files\/2019\/02\/medico-amparo.jpg"},{"@type":"BreadcrumbList","@id":"https:\/\/www.blogsoestado.com\/danielmatos\/medico-da-maternidade-maria-do-amparo-destaca-o-empenho-da-camara-municipal-pela-casa-de-saude-2\/#breadcrumb","itemListElement":[{"@type":"ListItem","position":1,"name":"In\u00edcio","item":"https:\/\/www.blogsoestado.com\/danielmatos\/"},{"@type":"ListItem","position":2,"name":"M\u00e9dico da Maternidade Maria do Amparo destaca o empenho da C\u00e2mara Municipal pela casa de sa\u00fade"}]},{"@type":"WebSite","@id":"https:\/\/www.blogsoestado.com\/danielmatos\/#website","url":"https:\/\/www.blogsoestado.com\/danielmatos\/","name":"Daniel Matos","description":"","potentialAction":[{"@type":"SearchAction","target":{"@type":"EntryPoint","urlTemplate":"https:\/\/www.blogsoestado.com\/danielmatos\/?s={search_term_string}"},"query-input":{"@type":"PropertyValueSpecification","valueRequired":true,"valueName":"search_term_string"}}],"inLanguage":"pt-BR"}]}},"jetpack_featured_media_url":"","_links":{"self":[{"href":"https:\/\/www.blogsoestado.com\/danielmatos\/wp-json\/wp\/v2\/posts\/60274","targetHints":{"allow":["GET"]}}],"collection":[{"href":"https:\/\/www.blogsoestado.com\/danielmatos\/wp-json\/wp\/v2\/posts"}],"about":[{"href":"https:\/\/www.blogsoestado.com\/danielmatos\/wp-json\/wp\/v2\/types\/post"}],"replies":[{"embeddable":true,"href":"https:\/\/www.blogsoestado.com\/danielmatos\/wp-json\/wp\/v2\/comments?post=60274"}],"version-history":[{"count":0,"href":"https:\/\/www.blogsoestado.com\/danielmatos\/wp-json\/wp\/v2\/posts\/60274\/revisions"}],"wp:attachment":[{"href":"https:\/\/www.blogsoestado.com\/danielmatos\/wp-json\/wp\/v2\/media?parent=60274"}],"wp:term":[{"taxonomy":"category","embeddable":true,"href":"https:\/\/www.blogsoestado.com\/danielmatos\/wp-json\/wp\/v2\/categories?post=60274"},{"taxonomy":"post_tag","embeddable":true,"href":"https:\/\/www.blogsoestado.com\/danielmatos\/wp-json\/wp\/v2\/tags?post=60274"}],"curies":[{"name":"wp","href":"https:\/\/api.w.org\/{rel}","templated":true}]}}