{"id":60278,"date":"2019-02-12T15:32:01","date_gmt":"2019-02-12T18:32:01","guid":{"rendered":"https:\/\/www.blogsoestado.com\/danielmatos\/?p=60278"},"modified":"2019-02-12T15:32:01","modified_gmt":"2019-02-12T18:32:01","slug":"governo-vai-ter-de-explicar-fechamento-do-hospital-de-matoes-diz-adriano","status":"publish","type":"post","link":"https:\/\/www.blogsoestado.com\/danielmatos\/governo-vai-ter-de-explicar-fechamento-do-hospital-de-matoes-diz-adriano\/","title":{"rendered":"\u201cGoverno vai ter de explicar fechamento do Hospital de Mat\u00f5es\u201d, diz Adriano"},"content":{"rendered":"\n<figure class=\"wp-block-image\"><img decoding=\"async\" src=\"https:\/\/www.blogsoestado.com\/danielmatos\/files\/2019\/02\/adriano-hospital-1024x678.jpg\" alt=\"\" class=\"wp-image-60279\"\/><figcaption>Adriano disse que  o fechamento do hospital prejudicou muito o atendimento das pessoas da regi\u00e3o, a maioria trabalhadores rurais <\/figcaption><\/figure>\n\n\n\n<p>Por iniciativa do deputado estadual Adriano (PV), a Assembleia Legislativa vai requerer junto ao secret\u00e1rio da Sa\u00fade, Carlos Lula, informa\u00e7\u00f5es detalhadas sobre a situa\u00e7\u00e3o do Hospital Geral de Mat\u00f5es do Norte. Hospital localizado a 138 km de S\u00e3o Lu\u00eds, cujo fechamento prejudicou o atendimento \u00e0 popula\u00e7\u00e3o de 14 munic\u00edpios da regi\u00e3o.<\/p>\n\n\n\n<p>\u201cPrecisamos saber o que vai acontecer com as dezenas de servidores que foram surpreendidos com o fechamento do hospital e que chegaram a denunciar uma demiss\u00e3o em massa. \u00c9 preciso saber dados completos da obra a ser feita no local, pois queremos saber custo, prazo de conclus\u00e3o. Enfim, estamos cobrando transpar\u00eancia do governo\u201d, declarou Adriano.<\/p>\n\n\n\n<p>\u201cO fechamento do hospital prejudicou muito o atendimento das pessoas da regi\u00e3o, a maioria trabalhadores rurais. Nesta semana, muitos pacientes de munic\u00edpios vizinhos tiveram que vir para os Socorr\u00f5es de S\u00e3o Lu\u00eds em busca de atendimento\u201d, informou Ana L\u00e9a Co\u00ealho dos Santos Costa, presidente do Sindicato dos Enfermeiros do Estado do Maranh\u00e3o (SEEMA). \u201cEste hospital atendia a popula\u00e7\u00e3o de 14 munic\u00edpios e agradecemos o empenho deputado Adriano para que a gente possa esclarecer esta situa\u00e7\u00e3o dif\u00edcil  do atendimento \u00e0 sa\u00fade em toda a regi\u00e3o\u201d, disse o vereador Ismael Viana Bezerra (PRTB), o Ismael do Sindicato, de Mat\u00f5es do Norte.<\/p>\n\n\n\n<p>O requerimento do deputado Adriano solicita informa\u00e7\u00f5es sobre os profissionais que, direta ou indiretamente, foram afetados por essa situa\u00e7\u00e3o: se ser\u00e3o realocados ou se retornar\u00e3o aos seus postos de trabalho ao final dessa paralisa\u00e7\u00e3o\/reforma e como ser\u00e1 o desdobramento da situa\u00e7\u00e3o trabalhista, caso sejam dispensados ou exonerados, para que n\u00e3o haja d\u00favidas quanto \u00e0 quest\u00e3o salarial dos funcion\u00e1rios daquela unidade. O deputado tamb\u00e9m requisita maiores explica\u00e7\u00f5es em alus\u00e3o ao princ\u00edpio da transpar\u00eancia administrativa e publicidade dos atos governamentais sobre a reforma do hospital regional divulgada em nota oficial da SES. Detalhando: a finalidade a que se destina a obra, nome da empresa que faz a execu\u00e7\u00e3o da obra, nome do engenheiro respons\u00e1vel, valor da obra e per\u00edodo de execu\u00e7\u00e3o.<\/p>\n\n\n\n<p>Abaixo, c\u00f3pia do requerimento:<\/p>\n\n\n\n<div class=\"wp-block-image\"><figure class=\"aligncenter is-resized\"><img fetchpriority=\"high\" decoding=\"async\" src=\"https:\/\/www.blogsoestado.com\/danielmatos\/files\/2019\/02\/adriano-requerimento2.jpg\" alt=\"\" class=\"wp-image-60280\" width=\"616\" height=\"704\"\/><\/figure><\/div>\n","protected":false},"excerpt":{"rendered":"<p>Por iniciativa do deputado estadual Adriano (PV), a Assembleia Legislativa vai requerer junto ao secret\u00e1rio da Sa\u00fade, Carlos Lula, informa\u00e7\u00f5es [&hellip;]<\/p>\n","protected":false},"author":0,"featured_media":0,"comment_status":"open","ping_status":"open","sticky":false,"template":"","format":"standard","meta":{"site-sidebar-layout":"default","site-content-layout":"","ast-site-content-layout":"default","site-content-style":"default","site-sidebar-style":"default","ast-global-header-display":"","ast-banner-title-visibility":"","ast-main-header-display":"","ast-hfb-above-header-display":"","ast-hfb-below-header-display":"","ast-hfb-mobile-header-display":"","site-post-title":"","ast-breadcrumbs-content":"","ast-featured-img":"","footer-sml-layout":"","ast-disable-related-posts":"","theme-transparent-header-meta":"","adv-header-id-meta":"","stick-header-meta":"","header-above-stick-meta":"","header-main-stick-meta":"","header-below-stick-meta":"","astra-migrate-meta-layouts":"default","ast-page-background-enabled":"default","ast-page-background-meta":{"desktop":{"background-color":"var(--ast-global-color-5)","background-image":"","background-repeat":"repeat","background-position":"center center","background-size":"auto","background-attachment":"scroll","background-type":"","background-media":"","overlay-type":"","overlay-color":"","overlay-opacity":"","overlay-gradient":""},"tablet":{"background-color":"","background-image":"","background-repeat":"repeat","background-position":"center center","background-size":"auto","background-attachment":"scroll","background-type":"","background-media":"","overlay-type":"","overlay-color":"","overlay-opacity":"","overlay-gradient":""},"mobile":{"background-color":"","background-image":"","background-repeat":"repeat","background-position":"center center","background-size":"auto","background-attachment":"scroll","background-type":"","background-media":"","overlay-type":"","overlay-color":"","overlay-opacity":"","overlay-gradient":""}},"ast-content-background-meta":{"desktop":{"background-color":"var(--ast-global-color-4)","background-image":"","background-repeat":"repeat","background-position":"center center","background-size":"auto","background-attachment":"scroll","background-type":"","background-media":"","overlay-type":"","overlay-color":"","overlay-opacity":"","overlay-gradient":""},"tablet":{"background-color":"var(--ast-global-color-4)","background-image":"","background-repeat":"repeat","background-position":"center center","background-size":"auto","background-attachment":"scroll","background-type":"","background-media":"","overlay-type":"","overlay-color":"","overlay-opacity":"","overlay-gradient":""},"mobile":{"background-color":"var(--ast-global-color-4)","background-image":"","background-repeat":"repeat","background-position":"center center","background-size":"auto","background-attachment":"scroll","background-type":"","background-media":"","overlay-type":"","overlay-color":"","overlay-opacity":"","overlay-gradient":""}},"footnotes":""},"categories":[1],"tags":[],"class_list":["post-60278","post","type-post","status-publish","format-standard","hentry","category-sem-categoria"],"yoast_head":"<!-- This site is optimized with the Yoast SEO plugin v26.6 - https:\/\/yoast.com\/wordpress\/plugins\/seo\/ -->\n<title>\u201cGoverno vai ter de explicar fechamento do Hospital de Mat\u00f5es\u201d, diz Adriano - Daniel Matos<\/title>\n<meta name=\"robots\" content=\"index, follow, max-snippet:-1, max-image-preview:large, max-video-preview:-1\" \/>\n<link rel=\"canonical\" href=\"https:\/\/www.blogsoestado.com\/danielmatos\/governo-vai-ter-de-explicar-fechamento-do-hospital-de-matoes-diz-adriano\/\" \/>\n<meta property=\"og:locale\" content=\"pt_BR\" \/>\n<meta property=\"og:type\" content=\"article\" \/>\n<meta property=\"og:title\" content=\"\u201cGoverno vai ter de explicar fechamento do Hospital de Mat\u00f5es\u201d, diz Adriano - Daniel Matos\" \/>\n<meta property=\"og:description\" content=\"Por iniciativa do deputado estadual Adriano (PV), a Assembleia Legislativa vai requerer junto ao secret\u00e1rio da Sa\u00fade, Carlos Lula, informa\u00e7\u00f5es [&hellip;]\" \/>\n<meta property=\"og:url\" content=\"https:\/\/www.blogsoestado.com\/danielmatos\/governo-vai-ter-de-explicar-fechamento-do-hospital-de-matoes-diz-adriano\/\" \/>\n<meta property=\"og:site_name\" content=\"Daniel Matos\" \/>\n<meta property=\"article:published_time\" content=\"2019-02-12T18:32:01+00:00\" \/>\n<meta property=\"og:image\" content=\"https:\/\/www.blogsoestado.com\/danielmatos\/files\/2019\/02\/adriano-hospital-1024x678.jpg\" \/>\n<meta name=\"twitter:card\" content=\"summary_large_image\" \/>\n<meta name=\"twitter:label1\" content=\"Est. tempo de leitura\" \/>\n\t<meta name=\"twitter:data1\" content=\"2 minutos\" \/>\n<script type=\"application\/ld+json\" class=\"yoast-schema-graph\">{\"@context\":\"https:\/\/schema.org\",\"@graph\":[{\"@type\":\"WebPage\",\"@id\":\"https:\/\/www.blogsoestado.com\/danielmatos\/governo-vai-ter-de-explicar-fechamento-do-hospital-de-matoes-diz-adriano\/\",\"url\":\"https:\/\/www.blogsoestado.com\/danielmatos\/governo-vai-ter-de-explicar-fechamento-do-hospital-de-matoes-diz-adriano\/\",\"name\":\"\u201cGoverno vai ter de explicar fechamento do Hospital de Mat\u00f5es\u201d, diz Adriano - Daniel Matos\",\"isPartOf\":{\"@id\":\"https:\/\/www.blogsoestado.com\/danielmatos\/#website\"},\"primaryImageOfPage\":{\"@id\":\"https:\/\/www.blogsoestado.com\/danielmatos\/governo-vai-ter-de-explicar-fechamento-do-hospital-de-matoes-diz-adriano\/#primaryimage\"},\"image\":{\"@id\":\"https:\/\/www.blogsoestado.com\/danielmatos\/governo-vai-ter-de-explicar-fechamento-do-hospital-de-matoes-diz-adriano\/#primaryimage\"},\"thumbnailUrl\":\"https:\/\/www.blogsoestado.com\/danielmatos\/files\/2019\/02\/adriano-hospital-1024x678.jpg\",\"datePublished\":\"2019-02-12T18:32:01+00:00\",\"author\":{\"@id\":\"\"},\"breadcrumb\":{\"@id\":\"https:\/\/www.blogsoestado.com\/danielmatos\/governo-vai-ter-de-explicar-fechamento-do-hospital-de-matoes-diz-adriano\/#breadcrumb\"},\"inLanguage\":\"pt-BR\",\"potentialAction\":[{\"@type\":\"ReadAction\",\"target\":[\"https:\/\/www.blogsoestado.com\/danielmatos\/governo-vai-ter-de-explicar-fechamento-do-hospital-de-matoes-diz-adriano\/\"]}]},{\"@type\":\"ImageObject\",\"inLanguage\":\"pt-BR\",\"@id\":\"https:\/\/www.blogsoestado.com\/danielmatos\/governo-vai-ter-de-explicar-fechamento-do-hospital-de-matoes-diz-adriano\/#primaryimage\",\"url\":\"https:\/\/www.blogsoestado.com\/danielmatos\/files\/2019\/02\/adriano-hospital-1024x678.jpg\",\"contentUrl\":\"https:\/\/www.blogsoestado.com\/danielmatos\/files\/2019\/02\/adriano-hospital-1024x678.jpg\"},{\"@type\":\"BreadcrumbList\",\"@id\":\"https:\/\/www.blogsoestado.com\/danielmatos\/governo-vai-ter-de-explicar-fechamento-do-hospital-de-matoes-diz-adriano\/#breadcrumb\",\"itemListElement\":[{\"@type\":\"ListItem\",\"position\":1,\"name\":\"In\u00edcio\",\"item\":\"https:\/\/www.blogsoestado.com\/danielmatos\/\"},{\"@type\":\"ListItem\",\"position\":2,\"name\":\"\u201cGoverno vai ter de explicar fechamento do Hospital de Mat\u00f5es\u201d, diz Adriano\"}]},{\"@type\":\"WebSite\",\"@id\":\"https:\/\/www.blogsoestado.com\/danielmatos\/#website\",\"url\":\"https:\/\/www.blogsoestado.com\/danielmatos\/\",\"name\":\"Daniel Matos\",\"description\":\"\",\"potentialAction\":[{\"@type\":\"SearchAction\",\"target\":{\"@type\":\"EntryPoint\",\"urlTemplate\":\"https:\/\/www.blogsoestado.com\/danielmatos\/?s={search_term_string}\"},\"query-input\":{\"@type\":\"PropertyValueSpecification\",\"valueRequired\":true,\"valueName\":\"search_term_string\"}}],\"inLanguage\":\"pt-BR\"}]}<\/script>\n<!-- \/ Yoast SEO plugin. -->","yoast_head_json":{"title":"\u201cGoverno vai ter de explicar fechamento do Hospital de Mat\u00f5es\u201d, diz Adriano - Daniel Matos","robots":{"index":"index","follow":"follow","max-snippet":"max-snippet:-1","max-image-preview":"max-image-preview:large","max-video-preview":"max-video-preview:-1"},"canonical":"https:\/\/www.blogsoestado.com\/danielmatos\/governo-vai-ter-de-explicar-fechamento-do-hospital-de-matoes-diz-adriano\/","og_locale":"pt_BR","og_type":"article","og_title":"\u201cGoverno vai ter de explicar fechamento do Hospital de Mat\u00f5es\u201d, diz Adriano - Daniel Matos","og_description":"Por iniciativa do deputado estadual Adriano (PV), a Assembleia Legislativa vai requerer junto ao secret\u00e1rio da Sa\u00fade, Carlos Lula, informa\u00e7\u00f5es [&hellip;]","og_url":"https:\/\/www.blogsoestado.com\/danielmatos\/governo-vai-ter-de-explicar-fechamento-do-hospital-de-matoes-diz-adriano\/","og_site_name":"Daniel Matos","article_published_time":"2019-02-12T18:32:01+00:00","og_image":[{"url":"https:\/\/www.blogsoestado.com\/danielmatos\/files\/2019\/02\/adriano-hospital-1024x678.jpg","type":"","width":"","height":""}],"twitter_card":"summary_large_image","twitter_misc":{"Est. tempo de leitura":"2 minutos"},"schema":{"@context":"https:\/\/schema.org","@graph":[{"@type":"WebPage","@id":"https:\/\/www.blogsoestado.com\/danielmatos\/governo-vai-ter-de-explicar-fechamento-do-hospital-de-matoes-diz-adriano\/","url":"https:\/\/www.blogsoestado.com\/danielmatos\/governo-vai-ter-de-explicar-fechamento-do-hospital-de-matoes-diz-adriano\/","name":"\u201cGoverno vai ter de explicar fechamento do Hospital de Mat\u00f5es\u201d, diz Adriano - Daniel Matos","isPartOf":{"@id":"https:\/\/www.blogsoestado.com\/danielmatos\/#website"},"primaryImageOfPage":{"@id":"https:\/\/www.blogsoestado.com\/danielmatos\/governo-vai-ter-de-explicar-fechamento-do-hospital-de-matoes-diz-adriano\/#primaryimage"},"image":{"@id":"https:\/\/www.blogsoestado.com\/danielmatos\/governo-vai-ter-de-explicar-fechamento-do-hospital-de-matoes-diz-adriano\/#primaryimage"},"thumbnailUrl":"https:\/\/www.blogsoestado.com\/danielmatos\/files\/2019\/02\/adriano-hospital-1024x678.jpg","datePublished":"2019-02-12T18:32:01+00:00","author":{"@id":""},"breadcrumb":{"@id":"https:\/\/www.blogsoestado.com\/danielmatos\/governo-vai-ter-de-explicar-fechamento-do-hospital-de-matoes-diz-adriano\/#breadcrumb"},"inLanguage":"pt-BR","potentialAction":[{"@type":"ReadAction","target":["https:\/\/www.blogsoestado.com\/danielmatos\/governo-vai-ter-de-explicar-fechamento-do-hospital-de-matoes-diz-adriano\/"]}]},{"@type":"ImageObject","inLanguage":"pt-BR","@id":"https:\/\/www.blogsoestado.com\/danielmatos\/governo-vai-ter-de-explicar-fechamento-do-hospital-de-matoes-diz-adriano\/#primaryimage","url":"https:\/\/www.blogsoestado.com\/danielmatos\/files\/2019\/02\/adriano-hospital-1024x678.jpg","contentUrl":"https:\/\/www.blogsoestado.com\/danielmatos\/files\/2019\/02\/adriano-hospital-1024x678.jpg"},{"@type":"BreadcrumbList","@id":"https:\/\/www.blogsoestado.com\/danielmatos\/governo-vai-ter-de-explicar-fechamento-do-hospital-de-matoes-diz-adriano\/#breadcrumb","itemListElement":[{"@type":"ListItem","position":1,"name":"In\u00edcio","item":"https:\/\/www.blogsoestado.com\/danielmatos\/"},{"@type":"ListItem","position":2,"name":"\u201cGoverno vai ter de explicar fechamento do Hospital de Mat\u00f5es\u201d, diz Adriano"}]},{"@type":"WebSite","@id":"https:\/\/www.blogsoestado.com\/danielmatos\/#website","url":"https:\/\/www.blogsoestado.com\/danielmatos\/","name":"Daniel Matos","description":"","potentialAction":[{"@type":"SearchAction","target":{"@type":"EntryPoint","urlTemplate":"https:\/\/www.blogsoestado.com\/danielmatos\/?s={search_term_string}"},"query-input":{"@type":"PropertyValueSpecification","valueRequired":true,"valueName":"search_term_string"}}],"inLanguage":"pt-BR"}]}},"jetpack_featured_media_url":"","_links":{"self":[{"href":"https:\/\/www.blogsoestado.com\/danielmatos\/wp-json\/wp\/v2\/posts\/60278","targetHints":{"allow":["GET"]}}],"collection":[{"href":"https:\/\/www.blogsoestado.com\/danielmatos\/wp-json\/wp\/v2\/posts"}],"about":[{"href":"https:\/\/www.blogsoestado.com\/danielmatos\/wp-json\/wp\/v2\/types\/post"}],"replies":[{"embeddable":true,"href":"https:\/\/www.blogsoestado.com\/danielmatos\/wp-json\/wp\/v2\/comments?post=60278"}],"version-history":[{"count":0,"href":"https:\/\/www.blogsoestado.com\/danielmatos\/wp-json\/wp\/v2\/posts\/60278\/revisions"}],"wp:attachment":[{"href":"https:\/\/www.blogsoestado.com\/danielmatos\/wp-json\/wp\/v2\/media?parent=60278"}],"wp:term":[{"taxonomy":"category","embeddable":true,"href":"https:\/\/www.blogsoestado.com\/danielmatos\/wp-json\/wp\/v2\/categories?post=60278"},{"taxonomy":"post_tag","embeddable":true,"href":"https:\/\/www.blogsoestado.com\/danielmatos\/wp-json\/wp\/v2\/tags?post=60278"}],"curies":[{"name":"wp","href":"https:\/\/api.w.org\/{rel}","templated":true}]}}