{"id":60294,"date":"2019-02-12T20:00:34","date_gmt":"2019-02-12T23:00:34","guid":{"rendered":"https:\/\/www.blogsoestado.com\/danielmatos\/?p=60294"},"modified":"2019-02-12T20:00:34","modified_gmt":"2019-02-12T23:00:34","slug":"dr-yglesio-recebe-comissao-para-tratar-da-emancipacao-do-povoado-independencia-em-peritoro","status":"publish","type":"post","link":"https:\/\/www.blogsoestado.com\/danielmatos\/dr-yglesio-recebe-comissao-para-tratar-da-emancipacao-do-povoado-independencia-em-peritoro\/","title":{"rendered":"Dr. Ygl\u00e9sio recebe comiss\u00e3o para tratar da emancipa\u00e7\u00e3o do povoado Independ\u00eancia, em Peritor\u00f3"},"content":{"rendered":"\n<figure class=\"wp-block-image\"><img decoding=\"async\" src=\"https:\/\/www.blogsoestado.com\/danielmatos\/files\/2019\/02\/yglesio-comissao-1024x683.jpg\" alt=\"\" class=\"wp-image-60295\"\/><figcaption> <br>Dr. Ygl\u00e9sio exibe com os colegas deputados Rigo Teles, Wellington e Adelmo Soares documento com 46 mil assinaturas de moradores da regi\u00e3o  <\/figcaption><\/figure>\n\n\n\n<p>O deputado estadual DrdYgl\u00e9sio (PDT) recebeu, em seu gabinete, uma comiss\u00e3o de representantes de associa\u00e7\u00f5es e moradores do Povoado Independ\u00eancia, que esteve na Assembleia Legislativa do Maranh\u00e3o (Alema) para tratar da emancipa\u00e7\u00e3o daquela comunidade ao munic\u00edpio de Peritor\u00f3 (a 234 quil\u00f4metros de S\u00e3o Luis).<\/p>\n\n\n\n<p>O parlamentar, que nos pr\u00f3ximos dias assumir\u00e1 a presid\u00eancia da Comiss\u00e3o de Assuntos Municipais e Desenvolvimento Regional, adiantou que a mat\u00e9ria \u00e9 de grande relev\u00e2ncia para a Casa Legislativa, e ser\u00e1 tratada com total prioridade e crit\u00e9rio. \u201cHoje iniciamos os trabalhos \u00e0 frente desta Comiss\u00e3o, com a perspectiva de fixar um marco divis\u00f3rio no estado do Maranh\u00e3o. A cria\u00e7\u00e3o de novos munic\u00edpios \u00e9 uma pauta importante e representa o sonho de comunidades inteiras, e por isso, vamos analisar o pleito recebido pela comitiva com muito crit\u00e9rio, de modo que j\u00e1 colocamos nosso gabinete \u00e0 disposi\u00e7\u00e3o para receber propostas e construir as delibera\u00e7\u00f5es necess\u00e1rias\u201d.<\/p>\n\n\n\n<p>Dr. Ygl\u00e9sio afirmou aos presentes que ir\u00e1 propor uma agenda de visitas a diversos munic\u00edpios, pela Comiss\u00e3o, para conhecer as peculiaridades de cada povoado ou comunidade, em torno de 40, atualmente com pedidos de emancipa\u00e7\u00e3o. \u201cVamos verificar a viabilidade de cria\u00e7\u00e3o de novos munic\u00edpios, com cautela e responsabilidade, conhecendo in loco as particularidades de cada um, e propondo a\u00e7\u00f5es dentro do que oportuniza o processo legislativo pertinente \u00e0 iniciativa que nos foi entregue\u201d.<\/p>\n\n\n\n<figure class=\"wp-block-image\"><img decoding=\"async\" src=\"https:\/\/www.blogsoestado.com\/danielmatos\/files\/2019\/02\/yglesio-comissao2-1024x683.jpg\" alt=\"\" class=\"wp-image-60296\"\/><figcaption>Dr. Ygl\u00e9sio de reuniu com comiss\u00e3o de moradores do povoado Independ\u00eancia<\/figcaption><\/figure>\n\n\n\n<p>Na avalia\u00e7\u00e3o do deputado, \u00e9 salutar o movimento emancipacionista. Ele dever\u00e1 buscar apoio dos demais deputados para que analisem o projeto de forma priorit\u00e1ria. \u201cSeremos parceiros e somaremos for\u00e7a nessa constru\u00e7\u00e3o de resultados que atendam aos anseios das comunidades, conforme os requisitos legais, com a contribui\u00e7\u00e3o, tamb\u00e9m, dos deputados federais e dos senadores\u201d.<\/p>\n\n\n\n<p><strong>Audi\u00eancia<\/strong><\/p>\n\n\n\n<p>Antes, Dr. Ygl\u00e9sio participou da audi\u00eancia p\u00fablica no Audit\u00f3rio Fernando Falc\u00e3o, juntamente com os deputados Rigo Teles (PV) e Wellington do Curso (PSDB). Na ocasi\u00e3o, o parlamentar recebeu das m\u00e3os do presidente do Movimento Pr\u00f3-emancipa\u00e7\u00e3o Maranhense, Augusto C\u00e9sar, um documento com 46 mil assinaturas de moradores da regi\u00e3o. Estiveram presentes vereadores e representantes de distritos que militam na causa.<\/p>\n","protected":false},"excerpt":{"rendered":"<p>O deputado estadual DrdYgl\u00e9sio (PDT) recebeu, em seu gabinete, uma comiss\u00e3o de representantes de associa\u00e7\u00f5es e moradores do Povoado Independ\u00eancia, [&hellip;]<\/p>\n","protected":false},"author":0,"featured_media":0,"comment_status":"open","ping_status":"open","sticky":false,"template":"","format":"standard","meta":{"site-sidebar-layout":"default","site-content-layout":"","ast-site-content-layout":"default","site-content-style":"default","site-sidebar-style":"default","ast-global-header-display":"","ast-banner-title-visibility":"","ast-main-header-display":"","ast-hfb-above-header-display":"","ast-hfb-below-header-display":"","ast-hfb-mobile-header-display":"","site-post-title":"","ast-breadcrumbs-content":"","ast-featured-img":"","footer-sml-layout":"","ast-disable-related-posts":"","theme-transparent-header-meta":"","adv-header-id-meta":"","stick-header-meta":"","header-above-stick-meta":"","header-main-stick-meta":"","header-below-stick-meta":"","astra-migrate-meta-layouts":"default","ast-page-background-enabled":"default","ast-page-background-meta":{"desktop":{"background-color":"var(--ast-global-color-5)","background-image":"","background-repeat":"repeat","background-position":"center center","background-size":"auto","background-attachment":"scroll","background-type":"","background-media":"","overlay-type":"","overlay-color":"","overlay-opacity":"","overlay-gradient":""},"tablet":{"background-color":"","background-image":"","background-repeat":"repeat","background-position":"center center","background-size":"auto","background-attachment":"scroll","background-type":"","background-media":"","overlay-type":"","overlay-color":"","overlay-opacity":"","overlay-gradient":""},"mobile":{"background-color":"","background-image":"","background-repeat":"repeat","background-position":"center center","background-size":"auto","background-attachment":"scroll","background-type":"","background-media":"","overlay-type":"","overlay-color":"","overlay-opacity":"","overlay-gradient":""}},"ast-content-background-meta":{"desktop":{"background-color":"var(--ast-global-color-4)","background-image":"","background-repeat":"repeat","background-position":"center center","background-size":"auto","background-attachment":"scroll","background-type":"","background-media":"","overlay-type":"","overlay-color":"","overlay-opacity":"","overlay-gradient":""},"tablet":{"background-color":"var(--ast-global-color-4)","background-image":"","background-repeat":"repeat","background-position":"center center","background-size":"auto","background-attachment":"scroll","background-type":"","background-media":"","overlay-type":"","overlay-color":"","overlay-opacity":"","overlay-gradient":""},"mobile":{"background-color":"var(--ast-global-color-4)","background-image":"","background-repeat":"repeat","background-position":"center center","background-size":"auto","background-attachment":"scroll","background-type":"","background-media":"","overlay-type":"","overlay-color":"","overlay-opacity":"","overlay-gradient":""}},"footnotes":""},"categories":[1],"tags":[],"class_list":["post-60294","post","type-post","status-publish","format-standard","hentry","category-sem-categoria"],"yoast_head":"<!-- This site is optimized with the Yoast SEO plugin v26.6 - https:\/\/yoast.com\/wordpress\/plugins\/seo\/ -->\n<title>Dr. Ygl\u00e9sio recebe comiss\u00e3o para tratar da emancipa\u00e7\u00e3o do povoado Independ\u00eancia, em Peritor\u00f3 - Daniel Matos<\/title>\n<meta name=\"robots\" content=\"index, follow, max-snippet:-1, max-image-preview:large, max-video-preview:-1\" \/>\n<link rel=\"canonical\" href=\"https:\/\/www.blogsoestado.com\/danielmatos\/dr-yglesio-recebe-comissao-para-tratar-da-emancipacao-do-povoado-independencia-em-peritoro\/\" \/>\n<meta property=\"og:locale\" content=\"pt_BR\" \/>\n<meta property=\"og:type\" content=\"article\" \/>\n<meta property=\"og:title\" content=\"Dr. Ygl\u00e9sio recebe comiss\u00e3o para tratar da emancipa\u00e7\u00e3o do povoado Independ\u00eancia, em Peritor\u00f3 - Daniel Matos\" \/>\n<meta property=\"og:description\" content=\"O deputado estadual DrdYgl\u00e9sio (PDT) recebeu, em seu gabinete, uma comiss\u00e3o de representantes de associa\u00e7\u00f5es e moradores do Povoado Independ\u00eancia, [&hellip;]\" \/>\n<meta property=\"og:url\" content=\"https:\/\/www.blogsoestado.com\/danielmatos\/dr-yglesio-recebe-comissao-para-tratar-da-emancipacao-do-povoado-independencia-em-peritoro\/\" \/>\n<meta property=\"og:site_name\" content=\"Daniel Matos\" \/>\n<meta property=\"article:published_time\" content=\"2019-02-12T23:00:34+00:00\" \/>\n<meta property=\"og:image\" content=\"https:\/\/www.blogsoestado.com\/danielmatos\/files\/2019\/02\/yglesio-comissao-1024x683.jpg\" \/>\n<meta name=\"twitter:card\" content=\"summary_large_image\" \/>\n<meta name=\"twitter:label1\" content=\"Est. tempo de leitura\" \/>\n\t<meta name=\"twitter:data1\" content=\"2 minutos\" \/>\n<script type=\"application\/ld+json\" class=\"yoast-schema-graph\">{\"@context\":\"https:\/\/schema.org\",\"@graph\":[{\"@type\":\"WebPage\",\"@id\":\"https:\/\/www.blogsoestado.com\/danielmatos\/dr-yglesio-recebe-comissao-para-tratar-da-emancipacao-do-povoado-independencia-em-peritoro\/\",\"url\":\"https:\/\/www.blogsoestado.com\/danielmatos\/dr-yglesio-recebe-comissao-para-tratar-da-emancipacao-do-povoado-independencia-em-peritoro\/\",\"name\":\"Dr. Ygl\u00e9sio recebe comiss\u00e3o para tratar da emancipa\u00e7\u00e3o do povoado Independ\u00eancia, em Peritor\u00f3 - Daniel Matos\",\"isPartOf\":{\"@id\":\"https:\/\/www.blogsoestado.com\/danielmatos\/#website\"},\"primaryImageOfPage\":{\"@id\":\"https:\/\/www.blogsoestado.com\/danielmatos\/dr-yglesio-recebe-comissao-para-tratar-da-emancipacao-do-povoado-independencia-em-peritoro\/#primaryimage\"},\"image\":{\"@id\":\"https:\/\/www.blogsoestado.com\/danielmatos\/dr-yglesio-recebe-comissao-para-tratar-da-emancipacao-do-povoado-independencia-em-peritoro\/#primaryimage\"},\"thumbnailUrl\":\"https:\/\/www.blogsoestado.com\/danielmatos\/files\/2019\/02\/yglesio-comissao-1024x683.jpg\",\"datePublished\":\"2019-02-12T23:00:34+00:00\",\"author\":{\"@id\":\"\"},\"breadcrumb\":{\"@id\":\"https:\/\/www.blogsoestado.com\/danielmatos\/dr-yglesio-recebe-comissao-para-tratar-da-emancipacao-do-povoado-independencia-em-peritoro\/#breadcrumb\"},\"inLanguage\":\"pt-BR\",\"potentialAction\":[{\"@type\":\"ReadAction\",\"target\":[\"https:\/\/www.blogsoestado.com\/danielmatos\/dr-yglesio-recebe-comissao-para-tratar-da-emancipacao-do-povoado-independencia-em-peritoro\/\"]}]},{\"@type\":\"ImageObject\",\"inLanguage\":\"pt-BR\",\"@id\":\"https:\/\/www.blogsoestado.com\/danielmatos\/dr-yglesio-recebe-comissao-para-tratar-da-emancipacao-do-povoado-independencia-em-peritoro\/#primaryimage\",\"url\":\"https:\/\/www.blogsoestado.com\/danielmatos\/files\/2019\/02\/yglesio-comissao-1024x683.jpg\",\"contentUrl\":\"https:\/\/www.blogsoestado.com\/danielmatos\/files\/2019\/02\/yglesio-comissao-1024x683.jpg\"},{\"@type\":\"BreadcrumbList\",\"@id\":\"https:\/\/www.blogsoestado.com\/danielmatos\/dr-yglesio-recebe-comissao-para-tratar-da-emancipacao-do-povoado-independencia-em-peritoro\/#breadcrumb\",\"itemListElement\":[{\"@type\":\"ListItem\",\"position\":1,\"name\":\"In\u00edcio\",\"item\":\"https:\/\/www.blogsoestado.com\/danielmatos\/\"},{\"@type\":\"ListItem\",\"position\":2,\"name\":\"Dr. Ygl\u00e9sio recebe comiss\u00e3o para tratar da emancipa\u00e7\u00e3o do povoado Independ\u00eancia, em Peritor\u00f3\"}]},{\"@type\":\"WebSite\",\"@id\":\"https:\/\/www.blogsoestado.com\/danielmatos\/#website\",\"url\":\"https:\/\/www.blogsoestado.com\/danielmatos\/\",\"name\":\"Daniel Matos\",\"description\":\"\",\"potentialAction\":[{\"@type\":\"SearchAction\",\"target\":{\"@type\":\"EntryPoint\",\"urlTemplate\":\"https:\/\/www.blogsoestado.com\/danielmatos\/?s={search_term_string}\"},\"query-input\":{\"@type\":\"PropertyValueSpecification\",\"valueRequired\":true,\"valueName\":\"search_term_string\"}}],\"inLanguage\":\"pt-BR\"}]}<\/script>\n<!-- \/ Yoast SEO plugin. -->","yoast_head_json":{"title":"Dr. Ygl\u00e9sio recebe comiss\u00e3o para tratar da emancipa\u00e7\u00e3o do povoado Independ\u00eancia, em Peritor\u00f3 - Daniel Matos","robots":{"index":"index","follow":"follow","max-snippet":"max-snippet:-1","max-image-preview":"max-image-preview:large","max-video-preview":"max-video-preview:-1"},"canonical":"https:\/\/www.blogsoestado.com\/danielmatos\/dr-yglesio-recebe-comissao-para-tratar-da-emancipacao-do-povoado-independencia-em-peritoro\/","og_locale":"pt_BR","og_type":"article","og_title":"Dr. Ygl\u00e9sio recebe comiss\u00e3o para tratar da emancipa\u00e7\u00e3o do povoado Independ\u00eancia, em Peritor\u00f3 - Daniel Matos","og_description":"O deputado estadual DrdYgl\u00e9sio (PDT) recebeu, em seu gabinete, uma comiss\u00e3o de representantes de associa\u00e7\u00f5es e moradores do Povoado Independ\u00eancia, [&hellip;]","og_url":"https:\/\/www.blogsoestado.com\/danielmatos\/dr-yglesio-recebe-comissao-para-tratar-da-emancipacao-do-povoado-independencia-em-peritoro\/","og_site_name":"Daniel Matos","article_published_time":"2019-02-12T23:00:34+00:00","og_image":[{"url":"https:\/\/www.blogsoestado.com\/danielmatos\/files\/2019\/02\/yglesio-comissao-1024x683.jpg","type":"","width":"","height":""}],"twitter_card":"summary_large_image","twitter_misc":{"Est. tempo de leitura":"2 minutos"},"schema":{"@context":"https:\/\/schema.org","@graph":[{"@type":"WebPage","@id":"https:\/\/www.blogsoestado.com\/danielmatos\/dr-yglesio-recebe-comissao-para-tratar-da-emancipacao-do-povoado-independencia-em-peritoro\/","url":"https:\/\/www.blogsoestado.com\/danielmatos\/dr-yglesio-recebe-comissao-para-tratar-da-emancipacao-do-povoado-independencia-em-peritoro\/","name":"Dr. Ygl\u00e9sio recebe comiss\u00e3o para tratar da emancipa\u00e7\u00e3o do povoado Independ\u00eancia, em Peritor\u00f3 - Daniel Matos","isPartOf":{"@id":"https:\/\/www.blogsoestado.com\/danielmatos\/#website"},"primaryImageOfPage":{"@id":"https:\/\/www.blogsoestado.com\/danielmatos\/dr-yglesio-recebe-comissao-para-tratar-da-emancipacao-do-povoado-independencia-em-peritoro\/#primaryimage"},"image":{"@id":"https:\/\/www.blogsoestado.com\/danielmatos\/dr-yglesio-recebe-comissao-para-tratar-da-emancipacao-do-povoado-independencia-em-peritoro\/#primaryimage"},"thumbnailUrl":"https:\/\/www.blogsoestado.com\/danielmatos\/files\/2019\/02\/yglesio-comissao-1024x683.jpg","datePublished":"2019-02-12T23:00:34+00:00","author":{"@id":""},"breadcrumb":{"@id":"https:\/\/www.blogsoestado.com\/danielmatos\/dr-yglesio-recebe-comissao-para-tratar-da-emancipacao-do-povoado-independencia-em-peritoro\/#breadcrumb"},"inLanguage":"pt-BR","potentialAction":[{"@type":"ReadAction","target":["https:\/\/www.blogsoestado.com\/danielmatos\/dr-yglesio-recebe-comissao-para-tratar-da-emancipacao-do-povoado-independencia-em-peritoro\/"]}]},{"@type":"ImageObject","inLanguage":"pt-BR","@id":"https:\/\/www.blogsoestado.com\/danielmatos\/dr-yglesio-recebe-comissao-para-tratar-da-emancipacao-do-povoado-independencia-em-peritoro\/#primaryimage","url":"https:\/\/www.blogsoestado.com\/danielmatos\/files\/2019\/02\/yglesio-comissao-1024x683.jpg","contentUrl":"https:\/\/www.blogsoestado.com\/danielmatos\/files\/2019\/02\/yglesio-comissao-1024x683.jpg"},{"@type":"BreadcrumbList","@id":"https:\/\/www.blogsoestado.com\/danielmatos\/dr-yglesio-recebe-comissao-para-tratar-da-emancipacao-do-povoado-independencia-em-peritoro\/#breadcrumb","itemListElement":[{"@type":"ListItem","position":1,"name":"In\u00edcio","item":"https:\/\/www.blogsoestado.com\/danielmatos\/"},{"@type":"ListItem","position":2,"name":"Dr. Ygl\u00e9sio recebe comiss\u00e3o para tratar da emancipa\u00e7\u00e3o do povoado Independ\u00eancia, em Peritor\u00f3"}]},{"@type":"WebSite","@id":"https:\/\/www.blogsoestado.com\/danielmatos\/#website","url":"https:\/\/www.blogsoestado.com\/danielmatos\/","name":"Daniel Matos","description":"","potentialAction":[{"@type":"SearchAction","target":{"@type":"EntryPoint","urlTemplate":"https:\/\/www.blogsoestado.com\/danielmatos\/?s={search_term_string}"},"query-input":{"@type":"PropertyValueSpecification","valueRequired":true,"valueName":"search_term_string"}}],"inLanguage":"pt-BR"}]}},"jetpack_featured_media_url":"","_links":{"self":[{"href":"https:\/\/www.blogsoestado.com\/danielmatos\/wp-json\/wp\/v2\/posts\/60294","targetHints":{"allow":["GET"]}}],"collection":[{"href":"https:\/\/www.blogsoestado.com\/danielmatos\/wp-json\/wp\/v2\/posts"}],"about":[{"href":"https:\/\/www.blogsoestado.com\/danielmatos\/wp-json\/wp\/v2\/types\/post"}],"replies":[{"embeddable":true,"href":"https:\/\/www.blogsoestado.com\/danielmatos\/wp-json\/wp\/v2\/comments?post=60294"}],"version-history":[{"count":0,"href":"https:\/\/www.blogsoestado.com\/danielmatos\/wp-json\/wp\/v2\/posts\/60294\/revisions"}],"wp:attachment":[{"href":"https:\/\/www.blogsoestado.com\/danielmatos\/wp-json\/wp\/v2\/media?parent=60294"}],"wp:term":[{"taxonomy":"category","embeddable":true,"href":"https:\/\/www.blogsoestado.com\/danielmatos\/wp-json\/wp\/v2\/categories?post=60294"},{"taxonomy":"post_tag","embeddable":true,"href":"https:\/\/www.blogsoestado.com\/danielmatos\/wp-json\/wp\/v2\/tags?post=60294"}],"curies":[{"name":"wp","href":"https:\/\/api.w.org\/{rel}","templated":true}]}}