{"id":60300,"date":"2019-02-13T09:47:11","date_gmt":"2019-02-13T12:47:11","guid":{"rendered":"https:\/\/www.blogsoestado.com\/danielmatos\/?p=60300"},"modified":"2019-02-13T09:47:11","modified_gmt":"2019-02-13T12:47:11","slug":"adelmo-soares-e-ze-gentil-reunem-se-com-secretario-de-estado-da-saude","status":"publish","type":"post","link":"https:\/\/www.blogsoestado.com\/danielmatos\/adelmo-soares-e-ze-gentil-reunem-se-com-secretario-de-estado-da-saude\/","title":{"rendered":"Adelmo Soares e Z\u00e9 Gentil re\u00fanem-se com secret\u00e1rio de Estado da Sa\u00fade"},"content":{"rendered":"\n<div class=\"wp-block-image\"><figure class=\"alignright is-resized\"><img fetchpriority=\"high\" decoding=\"async\" src=\"https:\/\/www.blogsoestado.com\/danielmatos\/files\/2019\/02\/gentil-adelmo-768x1024.jpg\" alt=\"\" class=\"wp-image-60301\" width=\"320\" height=\"427\"\/><\/figure><\/div>\n\n\n\n<p>Os deputados estaduais Adelmo Soares (PCdoB) e Z\u00e9 Gentil (PRB) reuniram-se, na manh\u00e3 desta ter\u00e7a-feira (12),  com o secret\u00e1rio de Estado da Sa\u00fade, Carlos Lula, para tratar de assuntos pertinentes \u00e0 qualidade da sa\u00fade p\u00fablica no Maranh\u00e3o e, especificamente, do atendimento aos munic\u00edpios do leste maranhense.<\/p>\n\n\n\n<p>Para os deputados, garantir sa\u00fade de qualidade \u00e9 um dever essencial de todos e direito do povo maranhense. \u201cSa\u00fade p\u00fablica de qualidade \u00e9 um dos direitos universais e que fazem parte da nossa bandeira, das causas que lutamos na Assembleia Legislativa. O secret\u00e1rio Carlos Lula tem atuado com afinco e \u00e9 de extrema import\u00e2ncia a proximidade entre n\u00f3s e as secretarias de Estado para que possamos, juntos, buscar solu\u00e7\u00f5es que atendam \u00e0s necessidades do povo e dos que mais precisam\u201d, afirmou Adelmo Soares.<\/p>\n","protected":false},"excerpt":{"rendered":"<p>Os deputados estaduais Adelmo Soares (PCdoB) e Z\u00e9 Gentil (PRB) reuniram-se, na manh\u00e3 desta ter\u00e7a-feira (12), com o secret\u00e1rio de [&hellip;]<\/p>\n","protected":false},"author":0,"featured_media":0,"comment_status":"open","ping_status":"open","sticky":false,"template":"","format":"standard","meta":{"site-sidebar-layout":"default","site-content-layout":"","ast-site-content-layout":"default","site-content-style":"default","site-sidebar-style":"default","ast-global-header-display":"","ast-banner-title-visibility":"","ast-main-header-display":"","ast-hfb-above-header-display":"","ast-hfb-below-header-display":"","ast-hfb-mobile-header-display":"","site-post-title":"","ast-breadcrumbs-content":"","ast-featured-img":"","footer-sml-layout":"","ast-disable-related-posts":"","theme-transparent-header-meta":"","adv-header-id-meta":"","stick-header-meta":"","header-above-stick-meta":"","header-main-stick-meta":"","header-below-stick-meta":"","astra-migrate-meta-layouts":"default","ast-page-background-enabled":"default","ast-page-background-meta":{"desktop":{"background-color":"var(--ast-global-color-5)","background-image":"","background-repeat":"repeat","background-position":"center center","background-size":"auto","background-attachment":"scroll","background-type":"","background-media":"","overlay-type":"","overlay-color":"","overlay-opacity":"","overlay-gradient":""},"tablet":{"background-color":"","background-image":"","background-repeat":"repeat","background-position":"center center","background-size":"auto","background-attachment":"scroll","background-type":"","background-media":"","overlay-type":"","overlay-color":"","overlay-opacity":"","overlay-gradient":""},"mobile":{"background-color":"","background-image":"","background-repeat":"repeat","background-position":"center center","background-size":"auto","background-attachment":"scroll","background-type":"","background-media":"","overlay-type":"","overlay-color":"","overlay-opacity":"","overlay-gradient":""}},"ast-content-background-meta":{"desktop":{"background-color":"var(--ast-global-color-4)","background-image":"","background-repeat":"repeat","background-position":"center center","background-size":"auto","background-attachment":"scroll","background-type":"","background-media":"","overlay-type":"","overlay-color":"","overlay-opacity":"","overlay-gradient":""},"tablet":{"background-color":"var(--ast-global-color-4)","background-image":"","background-repeat":"repeat","background-position":"center center","background-size":"auto","background-attachment":"scroll","background-type":"","background-media":"","overlay-type":"","overlay-color":"","overlay-opacity":"","overlay-gradient":""},"mobile":{"background-color":"var(--ast-global-color-4)","background-image":"","background-repeat":"repeat","background-position":"center center","background-size":"auto","background-attachment":"scroll","background-type":"","background-media":"","overlay-type":"","overlay-color":"","overlay-opacity":"","overlay-gradient":""}},"footnotes":""},"categories":[1],"tags":[],"class_list":["post-60300","post","type-post","status-publish","format-standard","hentry","category-sem-categoria"],"yoast_head":"<!-- This site is optimized with the Yoast SEO plugin v26.6 - https:\/\/yoast.com\/wordpress\/plugins\/seo\/ -->\n<title>Adelmo Soares e Z\u00e9 Gentil re\u00fanem-se com secret\u00e1rio de Estado da Sa\u00fade - Daniel Matos<\/title>\n<meta name=\"robots\" content=\"index, follow, max-snippet:-1, max-image-preview:large, max-video-preview:-1\" \/>\n<link rel=\"canonical\" href=\"https:\/\/www.blogsoestado.com\/danielmatos\/adelmo-soares-e-ze-gentil-reunem-se-com-secretario-de-estado-da-saude\/\" \/>\n<meta property=\"og:locale\" content=\"pt_BR\" \/>\n<meta property=\"og:type\" content=\"article\" \/>\n<meta property=\"og:title\" content=\"Adelmo Soares e Z\u00e9 Gentil re\u00fanem-se com secret\u00e1rio de Estado da Sa\u00fade - Daniel Matos\" \/>\n<meta property=\"og:description\" content=\"Os deputados estaduais Adelmo Soares (PCdoB) e Z\u00e9 Gentil (PRB) reuniram-se, na manh\u00e3 desta ter\u00e7a-feira (12), com o secret\u00e1rio de [&hellip;]\" \/>\n<meta property=\"og:url\" content=\"https:\/\/www.blogsoestado.com\/danielmatos\/adelmo-soares-e-ze-gentil-reunem-se-com-secretario-de-estado-da-saude\/\" \/>\n<meta property=\"og:site_name\" content=\"Daniel Matos\" \/>\n<meta property=\"article:published_time\" content=\"2019-02-13T12:47:11+00:00\" \/>\n<meta property=\"og:image\" content=\"https:\/\/www.blogsoestado.com\/danielmatos\/files\/2019\/02\/gentil-adelmo-768x1024.jpg\" \/>\n<meta name=\"twitter:card\" content=\"summary_large_image\" \/>\n<meta name=\"twitter:label1\" content=\"Est. tempo de leitura\" \/>\n\t<meta name=\"twitter:data1\" content=\"1 minuto\" \/>\n<script type=\"application\/ld+json\" class=\"yoast-schema-graph\">{\"@context\":\"https:\/\/schema.org\",\"@graph\":[{\"@type\":\"WebPage\",\"@id\":\"https:\/\/www.blogsoestado.com\/danielmatos\/adelmo-soares-e-ze-gentil-reunem-se-com-secretario-de-estado-da-saude\/\",\"url\":\"https:\/\/www.blogsoestado.com\/danielmatos\/adelmo-soares-e-ze-gentil-reunem-se-com-secretario-de-estado-da-saude\/\",\"name\":\"Adelmo Soares e Z\u00e9 Gentil re\u00fanem-se com secret\u00e1rio de Estado da Sa\u00fade - Daniel Matos\",\"isPartOf\":{\"@id\":\"https:\/\/www.blogsoestado.com\/danielmatos\/#website\"},\"primaryImageOfPage\":{\"@id\":\"https:\/\/www.blogsoestado.com\/danielmatos\/adelmo-soares-e-ze-gentil-reunem-se-com-secretario-de-estado-da-saude\/#primaryimage\"},\"image\":{\"@id\":\"https:\/\/www.blogsoestado.com\/danielmatos\/adelmo-soares-e-ze-gentil-reunem-se-com-secretario-de-estado-da-saude\/#primaryimage\"},\"thumbnailUrl\":\"https:\/\/www.blogsoestado.com\/danielmatos\/files\/2019\/02\/gentil-adelmo-768x1024.jpg\",\"datePublished\":\"2019-02-13T12:47:11+00:00\",\"author\":{\"@id\":\"\"},\"breadcrumb\":{\"@id\":\"https:\/\/www.blogsoestado.com\/danielmatos\/adelmo-soares-e-ze-gentil-reunem-se-com-secretario-de-estado-da-saude\/#breadcrumb\"},\"inLanguage\":\"pt-BR\",\"potentialAction\":[{\"@type\":\"ReadAction\",\"target\":[\"https:\/\/www.blogsoestado.com\/danielmatos\/adelmo-soares-e-ze-gentil-reunem-se-com-secretario-de-estado-da-saude\/\"]}]},{\"@type\":\"ImageObject\",\"inLanguage\":\"pt-BR\",\"@id\":\"https:\/\/www.blogsoestado.com\/danielmatos\/adelmo-soares-e-ze-gentil-reunem-se-com-secretario-de-estado-da-saude\/#primaryimage\",\"url\":\"https:\/\/www.blogsoestado.com\/danielmatos\/files\/2019\/02\/gentil-adelmo-768x1024.jpg\",\"contentUrl\":\"https:\/\/www.blogsoestado.com\/danielmatos\/files\/2019\/02\/gentil-adelmo-768x1024.jpg\"},{\"@type\":\"BreadcrumbList\",\"@id\":\"https:\/\/www.blogsoestado.com\/danielmatos\/adelmo-soares-e-ze-gentil-reunem-se-com-secretario-de-estado-da-saude\/#breadcrumb\",\"itemListElement\":[{\"@type\":\"ListItem\",\"position\":1,\"name\":\"In\u00edcio\",\"item\":\"https:\/\/www.blogsoestado.com\/danielmatos\/\"},{\"@type\":\"ListItem\",\"position\":2,\"name\":\"Adelmo Soares e Z\u00e9 Gentil re\u00fanem-se com secret\u00e1rio de Estado da Sa\u00fade\"}]},{\"@type\":\"WebSite\",\"@id\":\"https:\/\/www.blogsoestado.com\/danielmatos\/#website\",\"url\":\"https:\/\/www.blogsoestado.com\/danielmatos\/\",\"name\":\"Daniel Matos\",\"description\":\"\",\"potentialAction\":[{\"@type\":\"SearchAction\",\"target\":{\"@type\":\"EntryPoint\",\"urlTemplate\":\"https:\/\/www.blogsoestado.com\/danielmatos\/?s={search_term_string}\"},\"query-input\":{\"@type\":\"PropertyValueSpecification\",\"valueRequired\":true,\"valueName\":\"search_term_string\"}}],\"inLanguage\":\"pt-BR\"}]}<\/script>\n<!-- \/ Yoast SEO plugin. -->","yoast_head_json":{"title":"Adelmo Soares e Z\u00e9 Gentil re\u00fanem-se com secret\u00e1rio de Estado da Sa\u00fade - Daniel Matos","robots":{"index":"index","follow":"follow","max-snippet":"max-snippet:-1","max-image-preview":"max-image-preview:large","max-video-preview":"max-video-preview:-1"},"canonical":"https:\/\/www.blogsoestado.com\/danielmatos\/adelmo-soares-e-ze-gentil-reunem-se-com-secretario-de-estado-da-saude\/","og_locale":"pt_BR","og_type":"article","og_title":"Adelmo Soares e Z\u00e9 Gentil re\u00fanem-se com secret\u00e1rio de Estado da Sa\u00fade - Daniel Matos","og_description":"Os deputados estaduais Adelmo Soares (PCdoB) e Z\u00e9 Gentil (PRB) reuniram-se, na manh\u00e3 desta ter\u00e7a-feira (12), com o secret\u00e1rio de [&hellip;]","og_url":"https:\/\/www.blogsoestado.com\/danielmatos\/adelmo-soares-e-ze-gentil-reunem-se-com-secretario-de-estado-da-saude\/","og_site_name":"Daniel Matos","article_published_time":"2019-02-13T12:47:11+00:00","og_image":[{"url":"https:\/\/www.blogsoestado.com\/danielmatos\/files\/2019\/02\/gentil-adelmo-768x1024.jpg","type":"","width":"","height":""}],"twitter_card":"summary_large_image","twitter_misc":{"Est. tempo de leitura":"1 minuto"},"schema":{"@context":"https:\/\/schema.org","@graph":[{"@type":"WebPage","@id":"https:\/\/www.blogsoestado.com\/danielmatos\/adelmo-soares-e-ze-gentil-reunem-se-com-secretario-de-estado-da-saude\/","url":"https:\/\/www.blogsoestado.com\/danielmatos\/adelmo-soares-e-ze-gentil-reunem-se-com-secretario-de-estado-da-saude\/","name":"Adelmo Soares e Z\u00e9 Gentil re\u00fanem-se com secret\u00e1rio de Estado da Sa\u00fade - Daniel Matos","isPartOf":{"@id":"https:\/\/www.blogsoestado.com\/danielmatos\/#website"},"primaryImageOfPage":{"@id":"https:\/\/www.blogsoestado.com\/danielmatos\/adelmo-soares-e-ze-gentil-reunem-se-com-secretario-de-estado-da-saude\/#primaryimage"},"image":{"@id":"https:\/\/www.blogsoestado.com\/danielmatos\/adelmo-soares-e-ze-gentil-reunem-se-com-secretario-de-estado-da-saude\/#primaryimage"},"thumbnailUrl":"https:\/\/www.blogsoestado.com\/danielmatos\/files\/2019\/02\/gentil-adelmo-768x1024.jpg","datePublished":"2019-02-13T12:47:11+00:00","author":{"@id":""},"breadcrumb":{"@id":"https:\/\/www.blogsoestado.com\/danielmatos\/adelmo-soares-e-ze-gentil-reunem-se-com-secretario-de-estado-da-saude\/#breadcrumb"},"inLanguage":"pt-BR","potentialAction":[{"@type":"ReadAction","target":["https:\/\/www.blogsoestado.com\/danielmatos\/adelmo-soares-e-ze-gentil-reunem-se-com-secretario-de-estado-da-saude\/"]}]},{"@type":"ImageObject","inLanguage":"pt-BR","@id":"https:\/\/www.blogsoestado.com\/danielmatos\/adelmo-soares-e-ze-gentil-reunem-se-com-secretario-de-estado-da-saude\/#primaryimage","url":"https:\/\/www.blogsoestado.com\/danielmatos\/files\/2019\/02\/gentil-adelmo-768x1024.jpg","contentUrl":"https:\/\/www.blogsoestado.com\/danielmatos\/files\/2019\/02\/gentil-adelmo-768x1024.jpg"},{"@type":"BreadcrumbList","@id":"https:\/\/www.blogsoestado.com\/danielmatos\/adelmo-soares-e-ze-gentil-reunem-se-com-secretario-de-estado-da-saude\/#breadcrumb","itemListElement":[{"@type":"ListItem","position":1,"name":"In\u00edcio","item":"https:\/\/www.blogsoestado.com\/danielmatos\/"},{"@type":"ListItem","position":2,"name":"Adelmo Soares e Z\u00e9 Gentil re\u00fanem-se com secret\u00e1rio de Estado da Sa\u00fade"}]},{"@type":"WebSite","@id":"https:\/\/www.blogsoestado.com\/danielmatos\/#website","url":"https:\/\/www.blogsoestado.com\/danielmatos\/","name":"Daniel Matos","description":"","potentialAction":[{"@type":"SearchAction","target":{"@type":"EntryPoint","urlTemplate":"https:\/\/www.blogsoestado.com\/danielmatos\/?s={search_term_string}"},"query-input":{"@type":"PropertyValueSpecification","valueRequired":true,"valueName":"search_term_string"}}],"inLanguage":"pt-BR"}]}},"jetpack_featured_media_url":"","_links":{"self":[{"href":"https:\/\/www.blogsoestado.com\/danielmatos\/wp-json\/wp\/v2\/posts\/60300","targetHints":{"allow":["GET"]}}],"collection":[{"href":"https:\/\/www.blogsoestado.com\/danielmatos\/wp-json\/wp\/v2\/posts"}],"about":[{"href":"https:\/\/www.blogsoestado.com\/danielmatos\/wp-json\/wp\/v2\/types\/post"}],"replies":[{"embeddable":true,"href":"https:\/\/www.blogsoestado.com\/danielmatos\/wp-json\/wp\/v2\/comments?post=60300"}],"version-history":[{"count":0,"href":"https:\/\/www.blogsoestado.com\/danielmatos\/wp-json\/wp\/v2\/posts\/60300\/revisions"}],"wp:attachment":[{"href":"https:\/\/www.blogsoestado.com\/danielmatos\/wp-json\/wp\/v2\/media?parent=60300"}],"wp:term":[{"taxonomy":"category","embeddable":true,"href":"https:\/\/www.blogsoestado.com\/danielmatos\/wp-json\/wp\/v2\/categories?post=60300"},{"taxonomy":"post_tag","embeddable":true,"href":"https:\/\/www.blogsoestado.com\/danielmatos\/wp-json\/wp\/v2\/tags?post=60300"}],"curies":[{"name":"wp","href":"https:\/\/api.w.org\/{rel}","templated":true}]}}