{"id":60309,"date":"2019-02-13T12:43:02","date_gmt":"2019-02-13T15:43:02","guid":{"rendered":"https:\/\/www.blogsoestado.com\/danielmatos\/?p=60309"},"modified":"2019-02-13T12:43:02","modified_gmt":"2019-02-13T15:43:02","slug":"osmar-filho-assina-convenio-que-beneficia-servidores-da-cmsl-com-ingresso-no-ensino-superior","status":"publish","type":"post","link":"https:\/\/www.blogsoestado.com\/danielmatos\/osmar-filho-assina-convenio-que-beneficia-servidores-da-cmsl-com-ingresso-no-ensino-superior\/","title":{"rendered":"Osmar Filho assina conv\u00eanio que beneficia servidores da CMSL com ingresso no ensino superior"},"content":{"rendered":"\n<figure class=\"wp-block-image\"><img decoding=\"async\" src=\"https:\/\/www.blogsoestado.com\/danielmatos\/files\/2019\/02\/osmar-facul-1024x682.jpg\" alt=\"\" class=\"wp-image-60310\"\/><figcaption>Osmar Filho assina contrato que tornar\u00e1 mais f\u00e1cil o acesso de servidores da C\u00e2mara ao ensino superior<\/figcaption><\/figure>\n\n\n\n<p>O presidente da C\u00e2mara Municipal de S\u00e3o Lu\u00eds, vereador Osmar Filho (PDT), assinou, nesta ter\u00e7a-feira (12), conv\u00eanio com representantes da Faculdade Est\u00e1cio para a qualifica\u00e7\u00e3o dos servidores da Casa Legislativa \u2013 efetivos e comissionados &#8212; que ter\u00e3o desconto de 50% nas mensalidades dos cursos de gradua\u00e7\u00e3o, p\u00f3s-gradua\u00e7\u00e3o e educa\u00e7\u00e3o \u00e0 dist\u00e2ncia oferecidos pela institui\u00e7\u00e3o de ensino superior.<\/p>\n\n\n\n<p>\u201cTrata-se da realiza\u00e7\u00e3o de um sonho, principalmente para aqueles que almejavam ingressar no ensino superior e por quest\u00f5es financeiras, por exemplo, n\u00e3o o fizeram. Ao oferecer esta oportunidade de qualifica\u00e7\u00e3o aos servidores, tamb\u00e9m estamos contribuindo para melhorar o atendimento na Casa o que, consequentemente, refletir\u00e1 na popula\u00e7\u00e3o\u201d, afirmou Osmar.<\/p>\n\n\n\n<p>\u00c9 a primeira vez na hist\u00f3ria da C\u00e2mara Municipal que uma gest\u00e3o da Mesa Diretora oferece aos servidores a oportunidade de qualifica\u00e7\u00e3o.<\/p>\n\n\n\n<p>O diretor da Faculdade Est\u00e1cio, professor Francisco Ant\u00f4nio Teixeira, explicou que o conv\u00eanio abrange todos os cursos e se estende aos dependentes dos servidores (c\u00f4njuge e filhos).<\/p>\n\n\n\n<p>\u201cAgradecemos a confian\u00e7a da C\u00e2mara na nossa institui\u00e7\u00e3o e parabenizamos o presidente Osmar e o Legislativo Municipal pela preocupa\u00e7\u00e3o com os seus servidores e familiares\u201d.<\/p>\n\n\n\n<p><strong>Campo de est\u00e1gio<\/strong><\/p>\n\n\n\n<figure class=\"wp-block-image\"><img decoding=\"async\" src=\"https:\/\/www.blogsoestado.com\/danielmatos\/files\/2019\/02\/osmar-facul2-1024x682.jpg\" alt=\"\" class=\"wp-image-60311\"\/><figcaption> <br><strong><em>Vereadores reunidos com representantes da Faculdade Est\u00e1cio<\/em><\/strong> <\/figcaption><\/figure>\n\n\n\n<p>Ele disse ter ficado feliz com a oferta de Osmar Filho em abrir a Casa para que alunos da Est\u00e1cio \u2013 inicialmente do curso de Comunica\u00e7\u00e3o &#8211; possam fazer seus est\u00e1gios curriculares.<\/p>\n\n\n\n<p>Interlocutor do conv\u00eanio, o vereador Ricardo Diniz (PRTB) afirmou que a C\u00e2mara est\u00e1 proporcionando uma grande oportunidade aos funcion\u00e1rios e seus familiares.<\/p>\n\n\n\n<p>Docente h\u00e1 16 anos, o vereador defendeu a educa\u00e7\u00e3o como um divisor de \u00e1guas na vida das pessoas e agradeceu ao presidente Osmar Filho, que foi muito receptivo \u00e0 ideia.<\/p>\n\n\n\n<p>A presidente da Associa\u00e7\u00e3o dos Servidores do Poder Legislativo do Munic\u00edpio de S\u00e3o Lu\u00eds (ASPOLEM), Deusa Guimar\u00e3es, falou da sua satisfa\u00e7\u00e3o pela oportunidade que a C\u00e2mara est\u00e1 proporcionando. \u201c\u00c9 um momento impar. Agrade\u00e7o ao vereador Ricardo Diniz por ter nos ouvido; e ao presidente Osmar Filho, que tamb\u00e9m abra\u00e7ou esta causa com carinho, demonstrando a sua humanidade\u201d.<\/p>\n\n\n\n<p>Tamb\u00e9m participaram da solenidade de assinatura do conv\u00eanio o gerente comercial da institui\u00e7\u00e3o de ensino, Adriana Assis; e os vereadores Concita Pinto (Patriota), Jo\u00e3ozinho Freitas (PTB), F\u00e1tima Ara\u00fajo (PC do B), Pav\u00e3o Filho (PDT), Edson Gaguinho (PHS), Genival Alves (PRTB), Nato J\u00fanior (PP), Aldir J\u00fanior (PR) e Silvino Abreu (PRTB).<\/p>\n","protected":false},"excerpt":{"rendered":"<p>O presidente da C\u00e2mara Municipal de S\u00e3o Lu\u00eds, vereador Osmar Filho (PDT), assinou, nesta ter\u00e7a-feira (12), conv\u00eanio com representantes da [&hellip;]<\/p>\n","protected":false},"author":0,"featured_media":0,"comment_status":"open","ping_status":"open","sticky":false,"template":"","format":"standard","meta":{"site-sidebar-layout":"default","site-content-layout":"","ast-site-content-layout":"default","site-content-style":"default","site-sidebar-style":"default","ast-global-header-display":"","ast-banner-title-visibility":"","ast-main-header-display":"","ast-hfb-above-header-display":"","ast-hfb-below-header-display":"","ast-hfb-mobile-header-display":"","site-post-title":"","ast-breadcrumbs-content":"","ast-featured-img":"","footer-sml-layout":"","ast-disable-related-posts":"","theme-transparent-header-meta":"","adv-header-id-meta":"","stick-header-meta":"","header-above-stick-meta":"","header-main-stick-meta":"","header-below-stick-meta":"","astra-migrate-meta-layouts":"default","ast-page-background-enabled":"default","ast-page-background-meta":{"desktop":{"background-color":"var(--ast-global-color-5)","background-image":"","background-repeat":"repeat","background-position":"center center","background-size":"auto","background-attachment":"scroll","background-type":"","background-media":"","overlay-type":"","overlay-color":"","overlay-opacity":"","overlay-gradient":""},"tablet":{"background-color":"","background-image":"","background-repeat":"repeat","background-position":"center center","background-size":"auto","background-attachment":"scroll","background-type":"","background-media":"","overlay-type":"","overlay-color":"","overlay-opacity":"","overlay-gradient":""},"mobile":{"background-color":"","background-image":"","background-repeat":"repeat","background-position":"center center","background-size":"auto","background-attachment":"scroll","background-type":"","background-media":"","overlay-type":"","overlay-color":"","overlay-opacity":"","overlay-gradient":""}},"ast-content-background-meta":{"desktop":{"background-color":"var(--ast-global-color-4)","background-image":"","background-repeat":"repeat","background-position":"center center","background-size":"auto","background-attachment":"scroll","background-type":"","background-media":"","overlay-type":"","overlay-color":"","overlay-opacity":"","overlay-gradient":""},"tablet":{"background-color":"var(--ast-global-color-4)","background-image":"","background-repeat":"repeat","background-position":"center center","background-size":"auto","background-attachment":"scroll","background-type":"","background-media":"","overlay-type":"","overlay-color":"","overlay-opacity":"","overlay-gradient":""},"mobile":{"background-color":"var(--ast-global-color-4)","background-image":"","background-repeat":"repeat","background-position":"center center","background-size":"auto","background-attachment":"scroll","background-type":"","background-media":"","overlay-type":"","overlay-color":"","overlay-opacity":"","overlay-gradient":""}},"footnotes":""},"categories":[1],"tags":[],"class_list":["post-60309","post","type-post","status-publish","format-standard","hentry","category-sem-categoria"],"yoast_head":"<!-- This site is optimized with the Yoast SEO plugin v26.6 - https:\/\/yoast.com\/wordpress\/plugins\/seo\/ -->\n<title>Osmar Filho assina conv\u00eanio que beneficia servidores da CMSL com ingresso no ensino superior - Daniel Matos<\/title>\n<meta name=\"robots\" content=\"index, follow, max-snippet:-1, max-image-preview:large, max-video-preview:-1\" \/>\n<link rel=\"canonical\" href=\"https:\/\/www.blogsoestado.com\/danielmatos\/osmar-filho-assina-convenio-que-beneficia-servidores-da-cmsl-com-ingresso-no-ensino-superior\/\" \/>\n<meta property=\"og:locale\" content=\"pt_BR\" \/>\n<meta property=\"og:type\" content=\"article\" \/>\n<meta property=\"og:title\" content=\"Osmar Filho assina conv\u00eanio que beneficia servidores da CMSL com ingresso no ensino superior - Daniel Matos\" \/>\n<meta property=\"og:description\" content=\"O presidente da C\u00e2mara Municipal de S\u00e3o Lu\u00eds, vereador Osmar Filho (PDT), assinou, nesta ter\u00e7a-feira (12), conv\u00eanio com representantes da [&hellip;]\" \/>\n<meta property=\"og:url\" content=\"https:\/\/www.blogsoestado.com\/danielmatos\/osmar-filho-assina-convenio-que-beneficia-servidores-da-cmsl-com-ingresso-no-ensino-superior\/\" \/>\n<meta property=\"og:site_name\" content=\"Daniel Matos\" \/>\n<meta property=\"article:published_time\" content=\"2019-02-13T15:43:02+00:00\" \/>\n<meta property=\"og:image\" content=\"https:\/\/www.blogsoestado.com\/danielmatos\/files\/2019\/02\/osmar-facul-1024x682.jpg\" \/>\n<meta name=\"twitter:card\" content=\"summary_large_image\" \/>\n<meta name=\"twitter:label1\" content=\"Est. tempo de leitura\" \/>\n\t<meta name=\"twitter:data1\" content=\"2 minutos\" \/>\n<script type=\"application\/ld+json\" class=\"yoast-schema-graph\">{\"@context\":\"https:\/\/schema.org\",\"@graph\":[{\"@type\":\"WebPage\",\"@id\":\"https:\/\/www.blogsoestado.com\/danielmatos\/osmar-filho-assina-convenio-que-beneficia-servidores-da-cmsl-com-ingresso-no-ensino-superior\/\",\"url\":\"https:\/\/www.blogsoestado.com\/danielmatos\/osmar-filho-assina-convenio-que-beneficia-servidores-da-cmsl-com-ingresso-no-ensino-superior\/\",\"name\":\"Osmar Filho assina conv\u00eanio que beneficia servidores da CMSL com ingresso no ensino superior - Daniel Matos\",\"isPartOf\":{\"@id\":\"https:\/\/www.blogsoestado.com\/danielmatos\/#website\"},\"primaryImageOfPage\":{\"@id\":\"https:\/\/www.blogsoestado.com\/danielmatos\/osmar-filho-assina-convenio-que-beneficia-servidores-da-cmsl-com-ingresso-no-ensino-superior\/#primaryimage\"},\"image\":{\"@id\":\"https:\/\/www.blogsoestado.com\/danielmatos\/osmar-filho-assina-convenio-que-beneficia-servidores-da-cmsl-com-ingresso-no-ensino-superior\/#primaryimage\"},\"thumbnailUrl\":\"https:\/\/www.blogsoestado.com\/danielmatos\/files\/2019\/02\/osmar-facul-1024x682.jpg\",\"datePublished\":\"2019-02-13T15:43:02+00:00\",\"author\":{\"@id\":\"\"},\"breadcrumb\":{\"@id\":\"https:\/\/www.blogsoestado.com\/danielmatos\/osmar-filho-assina-convenio-que-beneficia-servidores-da-cmsl-com-ingresso-no-ensino-superior\/#breadcrumb\"},\"inLanguage\":\"pt-BR\",\"potentialAction\":[{\"@type\":\"ReadAction\",\"target\":[\"https:\/\/www.blogsoestado.com\/danielmatos\/osmar-filho-assina-convenio-que-beneficia-servidores-da-cmsl-com-ingresso-no-ensino-superior\/\"]}]},{\"@type\":\"ImageObject\",\"inLanguage\":\"pt-BR\",\"@id\":\"https:\/\/www.blogsoestado.com\/danielmatos\/osmar-filho-assina-convenio-que-beneficia-servidores-da-cmsl-com-ingresso-no-ensino-superior\/#primaryimage\",\"url\":\"https:\/\/www.blogsoestado.com\/danielmatos\/files\/2019\/02\/osmar-facul-1024x682.jpg\",\"contentUrl\":\"https:\/\/www.blogsoestado.com\/danielmatos\/files\/2019\/02\/osmar-facul-1024x682.jpg\"},{\"@type\":\"BreadcrumbList\",\"@id\":\"https:\/\/www.blogsoestado.com\/danielmatos\/osmar-filho-assina-convenio-que-beneficia-servidores-da-cmsl-com-ingresso-no-ensino-superior\/#breadcrumb\",\"itemListElement\":[{\"@type\":\"ListItem\",\"position\":1,\"name\":\"In\u00edcio\",\"item\":\"https:\/\/www.blogsoestado.com\/danielmatos\/\"},{\"@type\":\"ListItem\",\"position\":2,\"name\":\"Osmar Filho assina conv\u00eanio que beneficia servidores da CMSL com ingresso no ensino superior\"}]},{\"@type\":\"WebSite\",\"@id\":\"https:\/\/www.blogsoestado.com\/danielmatos\/#website\",\"url\":\"https:\/\/www.blogsoestado.com\/danielmatos\/\",\"name\":\"Daniel Matos\",\"description\":\"\",\"potentialAction\":[{\"@type\":\"SearchAction\",\"target\":{\"@type\":\"EntryPoint\",\"urlTemplate\":\"https:\/\/www.blogsoestado.com\/danielmatos\/?s={search_term_string}\"},\"query-input\":{\"@type\":\"PropertyValueSpecification\",\"valueRequired\":true,\"valueName\":\"search_term_string\"}}],\"inLanguage\":\"pt-BR\"}]}<\/script>\n<!-- \/ Yoast SEO plugin. -->","yoast_head_json":{"title":"Osmar Filho assina conv\u00eanio que beneficia servidores da CMSL com ingresso no ensino superior - Daniel Matos","robots":{"index":"index","follow":"follow","max-snippet":"max-snippet:-1","max-image-preview":"max-image-preview:large","max-video-preview":"max-video-preview:-1"},"canonical":"https:\/\/www.blogsoestado.com\/danielmatos\/osmar-filho-assina-convenio-que-beneficia-servidores-da-cmsl-com-ingresso-no-ensino-superior\/","og_locale":"pt_BR","og_type":"article","og_title":"Osmar Filho assina conv\u00eanio que beneficia servidores da CMSL com ingresso no ensino superior - Daniel Matos","og_description":"O presidente da C\u00e2mara Municipal de S\u00e3o Lu\u00eds, vereador Osmar Filho (PDT), assinou, nesta ter\u00e7a-feira (12), conv\u00eanio com representantes da [&hellip;]","og_url":"https:\/\/www.blogsoestado.com\/danielmatos\/osmar-filho-assina-convenio-que-beneficia-servidores-da-cmsl-com-ingresso-no-ensino-superior\/","og_site_name":"Daniel Matos","article_published_time":"2019-02-13T15:43:02+00:00","og_image":[{"url":"https:\/\/www.blogsoestado.com\/danielmatos\/files\/2019\/02\/osmar-facul-1024x682.jpg","type":"","width":"","height":""}],"twitter_card":"summary_large_image","twitter_misc":{"Est. tempo de leitura":"2 minutos"},"schema":{"@context":"https:\/\/schema.org","@graph":[{"@type":"WebPage","@id":"https:\/\/www.blogsoestado.com\/danielmatos\/osmar-filho-assina-convenio-que-beneficia-servidores-da-cmsl-com-ingresso-no-ensino-superior\/","url":"https:\/\/www.blogsoestado.com\/danielmatos\/osmar-filho-assina-convenio-que-beneficia-servidores-da-cmsl-com-ingresso-no-ensino-superior\/","name":"Osmar Filho assina conv\u00eanio que beneficia servidores da CMSL com ingresso no ensino superior - Daniel Matos","isPartOf":{"@id":"https:\/\/www.blogsoestado.com\/danielmatos\/#website"},"primaryImageOfPage":{"@id":"https:\/\/www.blogsoestado.com\/danielmatos\/osmar-filho-assina-convenio-que-beneficia-servidores-da-cmsl-com-ingresso-no-ensino-superior\/#primaryimage"},"image":{"@id":"https:\/\/www.blogsoestado.com\/danielmatos\/osmar-filho-assina-convenio-que-beneficia-servidores-da-cmsl-com-ingresso-no-ensino-superior\/#primaryimage"},"thumbnailUrl":"https:\/\/www.blogsoestado.com\/danielmatos\/files\/2019\/02\/osmar-facul-1024x682.jpg","datePublished":"2019-02-13T15:43:02+00:00","author":{"@id":""},"breadcrumb":{"@id":"https:\/\/www.blogsoestado.com\/danielmatos\/osmar-filho-assina-convenio-que-beneficia-servidores-da-cmsl-com-ingresso-no-ensino-superior\/#breadcrumb"},"inLanguage":"pt-BR","potentialAction":[{"@type":"ReadAction","target":["https:\/\/www.blogsoestado.com\/danielmatos\/osmar-filho-assina-convenio-que-beneficia-servidores-da-cmsl-com-ingresso-no-ensino-superior\/"]}]},{"@type":"ImageObject","inLanguage":"pt-BR","@id":"https:\/\/www.blogsoestado.com\/danielmatos\/osmar-filho-assina-convenio-que-beneficia-servidores-da-cmsl-com-ingresso-no-ensino-superior\/#primaryimage","url":"https:\/\/www.blogsoestado.com\/danielmatos\/files\/2019\/02\/osmar-facul-1024x682.jpg","contentUrl":"https:\/\/www.blogsoestado.com\/danielmatos\/files\/2019\/02\/osmar-facul-1024x682.jpg"},{"@type":"BreadcrumbList","@id":"https:\/\/www.blogsoestado.com\/danielmatos\/osmar-filho-assina-convenio-que-beneficia-servidores-da-cmsl-com-ingresso-no-ensino-superior\/#breadcrumb","itemListElement":[{"@type":"ListItem","position":1,"name":"In\u00edcio","item":"https:\/\/www.blogsoestado.com\/danielmatos\/"},{"@type":"ListItem","position":2,"name":"Osmar Filho assina conv\u00eanio que beneficia servidores da CMSL com ingresso no ensino superior"}]},{"@type":"WebSite","@id":"https:\/\/www.blogsoestado.com\/danielmatos\/#website","url":"https:\/\/www.blogsoestado.com\/danielmatos\/","name":"Daniel Matos","description":"","potentialAction":[{"@type":"SearchAction","target":{"@type":"EntryPoint","urlTemplate":"https:\/\/www.blogsoestado.com\/danielmatos\/?s={search_term_string}"},"query-input":{"@type":"PropertyValueSpecification","valueRequired":true,"valueName":"search_term_string"}}],"inLanguage":"pt-BR"}]}},"jetpack_featured_media_url":"","_links":{"self":[{"href":"https:\/\/www.blogsoestado.com\/danielmatos\/wp-json\/wp\/v2\/posts\/60309","targetHints":{"allow":["GET"]}}],"collection":[{"href":"https:\/\/www.blogsoestado.com\/danielmatos\/wp-json\/wp\/v2\/posts"}],"about":[{"href":"https:\/\/www.blogsoestado.com\/danielmatos\/wp-json\/wp\/v2\/types\/post"}],"replies":[{"embeddable":true,"href":"https:\/\/www.blogsoestado.com\/danielmatos\/wp-json\/wp\/v2\/comments?post=60309"}],"version-history":[{"count":0,"href":"https:\/\/www.blogsoestado.com\/danielmatos\/wp-json\/wp\/v2\/posts\/60309\/revisions"}],"wp:attachment":[{"href":"https:\/\/www.blogsoestado.com\/danielmatos\/wp-json\/wp\/v2\/media?parent=60309"}],"wp:term":[{"taxonomy":"category","embeddable":true,"href":"https:\/\/www.blogsoestado.com\/danielmatos\/wp-json\/wp\/v2\/categories?post=60309"},{"taxonomy":"post_tag","embeddable":true,"href":"https:\/\/www.blogsoestado.com\/danielmatos\/wp-json\/wp\/v2\/tags?post=60309"}],"curies":[{"name":"wp","href":"https:\/\/api.w.org\/{rel}","templated":true}]}}