{"id":60319,"date":"2019-02-13T15:59:21","date_gmt":"2019-02-13T18:59:21","guid":{"rendered":"https:\/\/www.blogsoestado.com\/danielmatos\/?p=60319"},"modified":"2019-02-13T15:59:21","modified_gmt":"2019-02-13T18:59:21","slug":"maternidade-maria-do-amparo-sera-reaberta-apos-intervencao-da-camara","status":"publish","type":"post","link":"https:\/\/www.blogsoestado.com\/danielmatos\/maternidade-maria-do-amparo-sera-reaberta-apos-intervencao-da-camara\/","title":{"rendered":"Maternidade Maria do Amparo ser\u00e1 reaberta ap\u00f3s interven\u00e7\u00e3o da C\u00e2mara"},"content":{"rendered":"\n<div class=\"wp-block-image\"><figure class=\"aligncenter\"><img decoding=\"async\" src=\"https:\/\/www.blogsoestado.com\/danielmatos\/files\/2019\/02\/maria-do-amparo-1024x683.jpg\" alt=\"\" class=\"wp-image-60320\"\/><figcaption>Secret\u00e1rio, vereadores e dire\u00e7\u00e3o da maternidade comemoram de m\u00e3os dadas solu\u00e7\u00e3o para o impasse que mantinha a unidade de sa\u00fade fechada<\/figcaption><\/figure><\/div>\n\n\n\n<p>Ap\u00f3s diversas reuni\u00f5es e tratativas com a C\u00e2mara Municipal de S\u00e3o Lu\u00eds (CMSL), a prefeitura da capital anunciou que assumir\u00e1 conv\u00eanio com a Maternidade Maria do Amparo para manter o funcionamento da unidade de sa\u00fade, localizada no bairro do Anil.<\/p>\n\n\n\n<p>A decis\u00e3o saiu nesta \u00faltima ter\u00e7a-feira (12), durante reuni\u00e3o na Secretaria Municipal de Sa\u00fade (Semus), com uma comiss\u00e3o especial formada por vereadores e a diretoria do Centro Assistencial Elgita Brand\u00e3o, entidade mantenedora da casa de sa\u00fade.<\/p>\n\n\n\n<p>De acordo com as informa\u00e7\u00f5es, a proposta do conv\u00eanio consiste em manter o kit m\u00e9dico &#8211; grupo de profissionais formado por um ginecologista obstetra, um m\u00e9dico anestesista e um pediatra &#8211; que ser\u00e1 respons\u00e1vel pela assist\u00eancia \u00e0s parturientes que chegam at\u00e9 a unidade de sa\u00fade, anteriormente coberta pelo Sistema \u00danico de Sa\u00fade (SUS).<\/p>\n\n\n\n<p>O vereador Gutemberg Ara\u00fajo (PRTB), que integrou a comiss\u00e3o especial da C\u00e2mara de S\u00e3o Lu\u00eds, ressaltou a import\u00e2ncia da a\u00e7\u00e3o da prefeitura para manter funcionamento da Maternidade. &#8220;A Maria do Amparo \u00e9 uma unidade de sa\u00fade de grande import\u00e2ncia para a popula\u00e7\u00e3o da cidade. \u00c9 respons\u00e1vel por realizar mais de dois mil partos por ano na capital, ent\u00e3o, n\u00e3o poder\u00edamos deixar fechar as portas, pois \u00e9 uma unidade que atende mulheres de todo o Estado. Sabemos que nossa cidade tem 520 mil mulheres, ent\u00e3o \u00e9 uma demanda muito grande que vai poder contar tamb\u00e9m com a Maternidade Maria do Amparo&#8221;, afirmou Gutemberg.<\/p>\n\n\n\n<p>O parlamentar tamb\u00e9m evidenciou o papel importante do presidente da C\u00e2mara, Osmar Filho (PDT), na resolu\u00e7\u00e3o do problema e destacou a uni\u00e3o de for\u00e7as para garantir a manuten\u00e7\u00e3o do grupo de m\u00e9dicos respons\u00e1vel pela assist\u00eancia \u00e0s parturientes que chegam \u00e0 unidade de sa\u00fade, cujo conv\u00eanio com o SUS foi suspenso em dezembro de 2018.<\/p>\n\n\n\n<p>&#8220;Essa n\u00e3o \u00e9 uma vit\u00f3ria pessoal do Dr. Gutemberg. \u00c9 uma vit\u00f3ria da popula\u00e7\u00e3o que coloram seus representantes nesta Casa para lutar por isso. Agrade\u00e7o ao vereador Osmar Filho, presidente da C\u00e2mara, que teve um papel importante nessa discuss\u00e3o. A verdade \u00e9 que a uni\u00e3o de for\u00e7as garantiu a manuten\u00e7\u00e3o da assist\u00eancia \u00e0s parturientes&#8221;, completou.<\/p>\n\n\n\n<p>Al\u00e9m de vereadores e diretores da Maternidade, a reuni\u00e3o contou com a presen\u00e7a do secret\u00e1rio Lula Fylho, titular da Semus, que apresentou a proposta do munic\u00edpio assumir o &#8216;kit m\u00e9dico&#8217; da unidade.<\/p>\n\n\n\n<p>&#8220;O prefeito Edivaldo pediu para que tom\u00e1ssemos todas as medidas cab\u00edveis relativas \u00e0 maternidade. T\u00e3o logo haja o aceite oficial por parte da diretoria do Centro Assistencial Elgita Brand\u00e3o e os tr\u00e2mites jur\u00eddicos ocorram nos prazos certos, vamos iniciar esse novo conv\u00eanio&#8221;, informou o secret\u00e1rio.<\/p>\n\n\n\n<p><strong>Atendimento<\/strong><\/p>\n\n\n\n<figure class=\"wp-block-image\"><img decoding=\"async\" src=\"https:\/\/www.blogsoestado.com\/danielmatos\/files\/2019\/02\/maria-do-amparo2-1024x683.jpg\" alt=\"\" class=\"wp-image-60323\"\/><figcaption>Lula Fylho anunciou conv\u00eanio para manter o kit m\u00e9dico &#8211; grupo de profissionais formado por um ginecologista obstetra, um m\u00e9dico anestesista e um pediatra <\/figcaption><\/figure>\n\n\n\n<p>A Maria do Amparo \u00e9 respons\u00e1vel por 11% dos partos registrados na capital maranhense, sendo 180 realizados por m\u00eas e 100 mil contabilizados ao longo de 37 anos de exist\u00eancia da maternidade.<\/p>\n\n\n\n<p>O presidente do Centro Assistencial Elgita Brand\u00e3o, Paulo Henrique Ribeiro, comemorou a possibilidade da unidade voltar a funcionar.<\/p>\n\n\n\n<p>&#8220;Estamos fortemente agradecidos pelo apoio do prefeito Edivaldo. Hoje ainda estamos com as interna\u00e7\u00f5es suspensas por n\u00e3o ter condi\u00e7\u00f5es financeiras de reabrir a maternidade para o atendimento integral ao p\u00fablico. Mas com a ajuda da Prefeitura, por meio da Semus, a gente espera que, t\u00e3o logo finalize a parte legal do convenio com o munic\u00edpio, a maternidade volte a funcionar&#8221;, destacou.<\/p>\n\n\n\n<p>Integrante do colegiado que discutiu o assunto na C\u00e2mara, o vereador Marcial Lima (PRTB) tamb\u00e9m ressaltou que a medida apresentada pelo munic\u00edpio, de custear o &#8216;kits m\u00e9dico&#8217;, foi louv\u00e1vel.<\/p>\n\n\n\n<p>&#8220;Acho que foi uma atua\u00e7\u00e3o de grande sensibilidade do prefeito Edivaldo. Como respons\u00e1vel pelo meu mandato que foi dado pelo povo, n\u00e3o posso deixar de reconhecer que foi uma a\u00e7\u00e3o muito importante para n\u00e3o se perder uma unidade de sa\u00fade que presta servi\u00e7os relevantes n\u00e3o s\u00f3 para S\u00e3o Lu\u00eds, como para todo o Maranh\u00e3o&#8221;, afirmou.<\/p>\n\n\n\n<p>Tamb\u00e9m participaram da reuni\u00e3o os vereadores Jo\u00e3ozinho Freitas, Silvino Abreu, Genival Alves e a secret\u00e1ria adjunta da Semus, Nat\u00e1lia Mandarino.<\/p>\n","protected":false},"excerpt":{"rendered":"<p>Ap\u00f3s diversas reuni\u00f5es e tratativas com a C\u00e2mara Municipal de S\u00e3o Lu\u00eds (CMSL), a prefeitura da capital anunciou que assumir\u00e1 [&hellip;]<\/p>\n","protected":false},"author":0,"featured_media":0,"comment_status":"open","ping_status":"open","sticky":false,"template":"","format":"standard","meta":{"site-sidebar-layout":"default","site-content-layout":"","ast-site-content-layout":"default","site-content-style":"default","site-sidebar-style":"default","ast-global-header-display":"","ast-banner-title-visibility":"","ast-main-header-display":"","ast-hfb-above-header-display":"","ast-hfb-below-header-display":"","ast-hfb-mobile-header-display":"","site-post-title":"","ast-breadcrumbs-content":"","ast-featured-img":"","footer-sml-layout":"","ast-disable-related-posts":"","theme-transparent-header-meta":"","adv-header-id-meta":"","stick-header-meta":"","header-above-stick-meta":"","header-main-stick-meta":"","header-below-stick-meta":"","astra-migrate-meta-layouts":"default","ast-page-background-enabled":"default","ast-page-background-meta":{"desktop":{"background-color":"var(--ast-global-color-5)","background-image":"","background-repeat":"repeat","background-position":"center center","background-size":"auto","background-attachment":"scroll","background-type":"","background-media":"","overlay-type":"","overlay-color":"","overlay-opacity":"","overlay-gradient":""},"tablet":{"background-color":"","background-image":"","background-repeat":"repeat","background-position":"center center","background-size":"auto","background-attachment":"scroll","background-type":"","background-media":"","overlay-type":"","overlay-color":"","overlay-opacity":"","overlay-gradient":""},"mobile":{"background-color":"","background-image":"","background-repeat":"repeat","background-position":"center center","background-size":"auto","background-attachment":"scroll","background-type":"","background-media":"","overlay-type":"","overlay-color":"","overlay-opacity":"","overlay-gradient":""}},"ast-content-background-meta":{"desktop":{"background-color":"var(--ast-global-color-4)","background-image":"","background-repeat":"repeat","background-position":"center center","background-size":"auto","background-attachment":"scroll","background-type":"","background-media":"","overlay-type":"","overlay-color":"","overlay-opacity":"","overlay-gradient":""},"tablet":{"background-color":"var(--ast-global-color-4)","background-image":"","background-repeat":"repeat","background-position":"center center","background-size":"auto","background-attachment":"scroll","background-type":"","background-media":"","overlay-type":"","overlay-color":"","overlay-opacity":"","overlay-gradient":""},"mobile":{"background-color":"var(--ast-global-color-4)","background-image":"","background-repeat":"repeat","background-position":"center center","background-size":"auto","background-attachment":"scroll","background-type":"","background-media":"","overlay-type":"","overlay-color":"","overlay-opacity":"","overlay-gradient":""}},"footnotes":""},"categories":[1],"tags":[],"class_list":["post-60319","post","type-post","status-publish","format-standard","hentry","category-sem-categoria"],"yoast_head":"<!-- This site is optimized with the Yoast SEO plugin v26.6 - https:\/\/yoast.com\/wordpress\/plugins\/seo\/ -->\n<title>Maternidade Maria do Amparo ser\u00e1 reaberta ap\u00f3s interven\u00e7\u00e3o da C\u00e2mara - Daniel Matos<\/title>\n<meta name=\"robots\" content=\"index, follow, max-snippet:-1, max-image-preview:large, max-video-preview:-1\" \/>\n<link rel=\"canonical\" href=\"https:\/\/www.blogsoestado.com\/danielmatos\/maternidade-maria-do-amparo-sera-reaberta-apos-intervencao-da-camara\/\" \/>\n<meta property=\"og:locale\" content=\"pt_BR\" \/>\n<meta property=\"og:type\" content=\"article\" \/>\n<meta property=\"og:title\" content=\"Maternidade Maria do Amparo ser\u00e1 reaberta ap\u00f3s interven\u00e7\u00e3o da C\u00e2mara - Daniel Matos\" \/>\n<meta property=\"og:description\" content=\"Ap\u00f3s diversas reuni\u00f5es e tratativas com a C\u00e2mara Municipal de S\u00e3o Lu\u00eds (CMSL), a prefeitura da capital anunciou que assumir\u00e1 [&hellip;]\" \/>\n<meta property=\"og:url\" content=\"https:\/\/www.blogsoestado.com\/danielmatos\/maternidade-maria-do-amparo-sera-reaberta-apos-intervencao-da-camara\/\" \/>\n<meta property=\"og:site_name\" content=\"Daniel Matos\" \/>\n<meta property=\"article:published_time\" content=\"2019-02-13T18:59:21+00:00\" \/>\n<meta property=\"og:image\" content=\"https:\/\/www.blogsoestado.com\/danielmatos\/files\/2019\/02\/maria-do-amparo-1024x683.jpg\" \/>\n<meta name=\"twitter:card\" content=\"summary_large_image\" \/>\n<meta name=\"twitter:label1\" content=\"Est. tempo de leitura\" \/>\n\t<meta name=\"twitter:data1\" content=\"4 minutos\" \/>\n<script type=\"application\/ld+json\" class=\"yoast-schema-graph\">{\"@context\":\"https:\/\/schema.org\",\"@graph\":[{\"@type\":\"WebPage\",\"@id\":\"https:\/\/www.blogsoestado.com\/danielmatos\/maternidade-maria-do-amparo-sera-reaberta-apos-intervencao-da-camara\/\",\"url\":\"https:\/\/www.blogsoestado.com\/danielmatos\/maternidade-maria-do-amparo-sera-reaberta-apos-intervencao-da-camara\/\",\"name\":\"Maternidade Maria do Amparo ser\u00e1 reaberta ap\u00f3s interven\u00e7\u00e3o da C\u00e2mara - Daniel Matos\",\"isPartOf\":{\"@id\":\"https:\/\/www.blogsoestado.com\/danielmatos\/#website\"},\"primaryImageOfPage\":{\"@id\":\"https:\/\/www.blogsoestado.com\/danielmatos\/maternidade-maria-do-amparo-sera-reaberta-apos-intervencao-da-camara\/#primaryimage\"},\"image\":{\"@id\":\"https:\/\/www.blogsoestado.com\/danielmatos\/maternidade-maria-do-amparo-sera-reaberta-apos-intervencao-da-camara\/#primaryimage\"},\"thumbnailUrl\":\"https:\/\/www.blogsoestado.com\/danielmatos\/files\/2019\/02\/maria-do-amparo-1024x683.jpg\",\"datePublished\":\"2019-02-13T18:59:21+00:00\",\"author\":{\"@id\":\"\"},\"breadcrumb\":{\"@id\":\"https:\/\/www.blogsoestado.com\/danielmatos\/maternidade-maria-do-amparo-sera-reaberta-apos-intervencao-da-camara\/#breadcrumb\"},\"inLanguage\":\"pt-BR\",\"potentialAction\":[{\"@type\":\"ReadAction\",\"target\":[\"https:\/\/www.blogsoestado.com\/danielmatos\/maternidade-maria-do-amparo-sera-reaberta-apos-intervencao-da-camara\/\"]}]},{\"@type\":\"ImageObject\",\"inLanguage\":\"pt-BR\",\"@id\":\"https:\/\/www.blogsoestado.com\/danielmatos\/maternidade-maria-do-amparo-sera-reaberta-apos-intervencao-da-camara\/#primaryimage\",\"url\":\"https:\/\/www.blogsoestado.com\/danielmatos\/files\/2019\/02\/maria-do-amparo-1024x683.jpg\",\"contentUrl\":\"https:\/\/www.blogsoestado.com\/danielmatos\/files\/2019\/02\/maria-do-amparo-1024x683.jpg\"},{\"@type\":\"BreadcrumbList\",\"@id\":\"https:\/\/www.blogsoestado.com\/danielmatos\/maternidade-maria-do-amparo-sera-reaberta-apos-intervencao-da-camara\/#breadcrumb\",\"itemListElement\":[{\"@type\":\"ListItem\",\"position\":1,\"name\":\"In\u00edcio\",\"item\":\"https:\/\/www.blogsoestado.com\/danielmatos\/\"},{\"@type\":\"ListItem\",\"position\":2,\"name\":\"Maternidade Maria do Amparo ser\u00e1 reaberta ap\u00f3s interven\u00e7\u00e3o da C\u00e2mara\"}]},{\"@type\":\"WebSite\",\"@id\":\"https:\/\/www.blogsoestado.com\/danielmatos\/#website\",\"url\":\"https:\/\/www.blogsoestado.com\/danielmatos\/\",\"name\":\"Daniel Matos\",\"description\":\"\",\"potentialAction\":[{\"@type\":\"SearchAction\",\"target\":{\"@type\":\"EntryPoint\",\"urlTemplate\":\"https:\/\/www.blogsoestado.com\/danielmatos\/?s={search_term_string}\"},\"query-input\":{\"@type\":\"PropertyValueSpecification\",\"valueRequired\":true,\"valueName\":\"search_term_string\"}}],\"inLanguage\":\"pt-BR\"}]}<\/script>\n<!-- \/ Yoast SEO plugin. -->","yoast_head_json":{"title":"Maternidade Maria do Amparo ser\u00e1 reaberta ap\u00f3s interven\u00e7\u00e3o da C\u00e2mara - Daniel Matos","robots":{"index":"index","follow":"follow","max-snippet":"max-snippet:-1","max-image-preview":"max-image-preview:large","max-video-preview":"max-video-preview:-1"},"canonical":"https:\/\/www.blogsoestado.com\/danielmatos\/maternidade-maria-do-amparo-sera-reaberta-apos-intervencao-da-camara\/","og_locale":"pt_BR","og_type":"article","og_title":"Maternidade Maria do Amparo ser\u00e1 reaberta ap\u00f3s interven\u00e7\u00e3o da C\u00e2mara - Daniel Matos","og_description":"Ap\u00f3s diversas reuni\u00f5es e tratativas com a C\u00e2mara Municipal de S\u00e3o Lu\u00eds (CMSL), a prefeitura da capital anunciou que assumir\u00e1 [&hellip;]","og_url":"https:\/\/www.blogsoestado.com\/danielmatos\/maternidade-maria-do-amparo-sera-reaberta-apos-intervencao-da-camara\/","og_site_name":"Daniel Matos","article_published_time":"2019-02-13T18:59:21+00:00","og_image":[{"url":"https:\/\/www.blogsoestado.com\/danielmatos\/files\/2019\/02\/maria-do-amparo-1024x683.jpg","type":"","width":"","height":""}],"twitter_card":"summary_large_image","twitter_misc":{"Est. tempo de leitura":"4 minutos"},"schema":{"@context":"https:\/\/schema.org","@graph":[{"@type":"WebPage","@id":"https:\/\/www.blogsoestado.com\/danielmatos\/maternidade-maria-do-amparo-sera-reaberta-apos-intervencao-da-camara\/","url":"https:\/\/www.blogsoestado.com\/danielmatos\/maternidade-maria-do-amparo-sera-reaberta-apos-intervencao-da-camara\/","name":"Maternidade Maria do Amparo ser\u00e1 reaberta ap\u00f3s interven\u00e7\u00e3o da C\u00e2mara - Daniel Matos","isPartOf":{"@id":"https:\/\/www.blogsoestado.com\/danielmatos\/#website"},"primaryImageOfPage":{"@id":"https:\/\/www.blogsoestado.com\/danielmatos\/maternidade-maria-do-amparo-sera-reaberta-apos-intervencao-da-camara\/#primaryimage"},"image":{"@id":"https:\/\/www.blogsoestado.com\/danielmatos\/maternidade-maria-do-amparo-sera-reaberta-apos-intervencao-da-camara\/#primaryimage"},"thumbnailUrl":"https:\/\/www.blogsoestado.com\/danielmatos\/files\/2019\/02\/maria-do-amparo-1024x683.jpg","datePublished":"2019-02-13T18:59:21+00:00","author":{"@id":""},"breadcrumb":{"@id":"https:\/\/www.blogsoestado.com\/danielmatos\/maternidade-maria-do-amparo-sera-reaberta-apos-intervencao-da-camara\/#breadcrumb"},"inLanguage":"pt-BR","potentialAction":[{"@type":"ReadAction","target":["https:\/\/www.blogsoestado.com\/danielmatos\/maternidade-maria-do-amparo-sera-reaberta-apos-intervencao-da-camara\/"]}]},{"@type":"ImageObject","inLanguage":"pt-BR","@id":"https:\/\/www.blogsoestado.com\/danielmatos\/maternidade-maria-do-amparo-sera-reaberta-apos-intervencao-da-camara\/#primaryimage","url":"https:\/\/www.blogsoestado.com\/danielmatos\/files\/2019\/02\/maria-do-amparo-1024x683.jpg","contentUrl":"https:\/\/www.blogsoestado.com\/danielmatos\/files\/2019\/02\/maria-do-amparo-1024x683.jpg"},{"@type":"BreadcrumbList","@id":"https:\/\/www.blogsoestado.com\/danielmatos\/maternidade-maria-do-amparo-sera-reaberta-apos-intervencao-da-camara\/#breadcrumb","itemListElement":[{"@type":"ListItem","position":1,"name":"In\u00edcio","item":"https:\/\/www.blogsoestado.com\/danielmatos\/"},{"@type":"ListItem","position":2,"name":"Maternidade Maria do Amparo ser\u00e1 reaberta ap\u00f3s interven\u00e7\u00e3o da C\u00e2mara"}]},{"@type":"WebSite","@id":"https:\/\/www.blogsoestado.com\/danielmatos\/#website","url":"https:\/\/www.blogsoestado.com\/danielmatos\/","name":"Daniel Matos","description":"","potentialAction":[{"@type":"SearchAction","target":{"@type":"EntryPoint","urlTemplate":"https:\/\/www.blogsoestado.com\/danielmatos\/?s={search_term_string}"},"query-input":{"@type":"PropertyValueSpecification","valueRequired":true,"valueName":"search_term_string"}}],"inLanguage":"pt-BR"}]}},"jetpack_featured_media_url":"","_links":{"self":[{"href":"https:\/\/www.blogsoestado.com\/danielmatos\/wp-json\/wp\/v2\/posts\/60319","targetHints":{"allow":["GET"]}}],"collection":[{"href":"https:\/\/www.blogsoestado.com\/danielmatos\/wp-json\/wp\/v2\/posts"}],"about":[{"href":"https:\/\/www.blogsoestado.com\/danielmatos\/wp-json\/wp\/v2\/types\/post"}],"replies":[{"embeddable":true,"href":"https:\/\/www.blogsoestado.com\/danielmatos\/wp-json\/wp\/v2\/comments?post=60319"}],"version-history":[{"count":0,"href":"https:\/\/www.blogsoestado.com\/danielmatos\/wp-json\/wp\/v2\/posts\/60319\/revisions"}],"wp:attachment":[{"href":"https:\/\/www.blogsoestado.com\/danielmatos\/wp-json\/wp\/v2\/media?parent=60319"}],"wp:term":[{"taxonomy":"category","embeddable":true,"href":"https:\/\/www.blogsoestado.com\/danielmatos\/wp-json\/wp\/v2\/categories?post=60319"},{"taxonomy":"post_tag","embeddable":true,"href":"https:\/\/www.blogsoestado.com\/danielmatos\/wp-json\/wp\/v2\/tags?post=60319"}],"curies":[{"name":"wp","href":"https:\/\/api.w.org\/{rel}","templated":true}]}}