{"id":60335,"date":"2019-02-13T19:13:14","date_gmt":"2019-02-13T22:13:14","guid":{"rendered":"https:\/\/www.blogsoestado.com\/danielmatos\/?p=60335"},"modified":"2019-02-13T19:13:14","modified_gmt":"2019-02-13T22:13:14","slug":"vereador-gutemberg-anuncia-reabertura-da-maternidade-maria-do-amparo","status":"publish","type":"post","link":"https:\/\/www.blogsoestado.com\/danielmatos\/vereador-gutemberg-anuncia-reabertura-da-maternidade-maria-do-amparo\/","title":{"rendered":"Vereador Gutemberg anuncia reabertura da Maternidade Maria do Amparo"},"content":{"rendered":"\n<figure class=\"wp-block-image\"><img decoding=\"async\" src=\"https:\/\/www.blogsoestado.com\/danielmatos\/files\/2019\/02\/gutemberg-ampara-1024x512.jpg\" alt=\"\" class=\"wp-image-60336\"\/><figcaption>Vereador Gutemberg ao lado do secret\u00e1rio municipal de Sa\u00fade, Lula Fylho, na reuni\u00e3o em que foi anunciado o conv\u00eanio para retomar o atendimento da maternidade<\/figcaption><\/figure>\n\n\n\n<p>A incerteza a respeito da volta dos trabalhos na Maternidade Maria do Amparo chegou ao fim. A unidade de sa\u00fade, que atende gestantes da Grande S\u00e3o Lu\u00eds, voltar\u00e1 a funcionar a partir do m\u00eas de mar\u00e7o. O an\u00fancio foi feito pelo vereador Gutemberg Ara\u00fajo (PRTB).<\/p>\n\n\n\n<p>&#8220;Tenho a felicidade de anunciar que a maternidade Maria do Amparo vai reabrir no in\u00edcio de mar\u00e7o&#8221;, disse o vereador.<\/p>\n\n\n\n<p>A reabertura da maternidade foi poss\u00edvel devido a um acordo firmado, durante reuni\u00e3o coordenada por Gutemberg Ara\u00fajo, entre secret\u00e1rio Municipal de Sa\u00fade, Lula Fylho, com os diretores da maternidade. Com isto, o funcionamento integral dos servi\u00e7os da unidade de sa\u00fade est\u00e3o garantidos. <\/p>\n\n\n\n<p>Pelo que foi acordado, ser\u00e1 realizado um conv\u00eanio para repassar, aproximadamente,  R$ 518 mil por m\u00eas \u00e0 institui\u00e7\u00e3o. <\/p>\n\n\n\n<p>J\u00e1 no fim do ano passado, o vereador Gutemberg solicitou emendas na Lei Or\u00e7ament\u00e1ria Anual &#8211; LOA 2019, para destinar cerca de R$ 1 milh\u00e3o para a Maternidade Maria do Amparo.<\/p>\n\n\n\n<p>&#8220;Essa reuni\u00e3o foi decisiva para a reabertura da maternidade, que chega a fazer 200 partos por m\u00eas. Imagina, nesse per\u00edodo fechada, como sofreram m\u00e3es e fam\u00edlias. Ent\u00e3o, agrade\u00e7o aos amigos vereadores que se juntaram a causa, a dire\u00e7\u00e3o da maternidade, e ao secret\u00e1rio Lula Fylho pelos esfor\u00e7os para encontrar solu\u00e7\u00f5es para os problemas financeiros da institui\u00e7\u00e3o. Hoje \u00e9 um dia de celebrar. E vamos ficar vigilantes para que o acordo seja cumprido&#8221;, afirmou O vereador Gutemberg.  <\/p>\n\n\n\n<p>A maternidade Maria do Amparo suspendeu os servi\u00e7os de interna\u00e7\u00e3o desde dezembro de 2018, devido aos problemas financeiros. Com os valores repassados pela tabela do SUS defasados, n\u00e3o houve mais como cobrir os custos para a manuten\u00e7\u00e3o da institui\u00e7\u00e3o.  <\/p>\n\n\n\n<p>Ent\u00e3o, desde o fim de 2018, Gutemberg Ara\u00fajo tem lutado para que a maternidade, localizada no bairro Anil, n\u00e3o encerre as atividades. Foi o parlamentar que trouxe o caso \u00e0 C\u00e2mara Municipal de S\u00e3o Lu\u00eds. Na reabertura dos trabalhos da Casa, o vereador promoveu uma reuni\u00e3o  para tratar sobre os problemas da institui\u00e7\u00e3o. Na ocasi\u00e3o, todos os vereadores se uniram a causa e formaram uma comiss\u00e3o para acompanhar a situa\u00e7\u00e3o.<\/p>\n\n\n\n<p>O  presidente maternidade, Paulo Ribeiro, agradeceu o apoio de todos. &#8220;Agrade\u00e7o  esse esfor\u00e7o coletivo, que foi liderado pelo vereador Dr. Gutemberg. Agrade\u00e7o ao presidente da Casa, Osmar Filho, e demais vereadores que abra\u00e7aram essa causa. Tamb\u00e9m agrade\u00e7o ao secret\u00e1rio Lula Fylho por  nos receber e mostrar solu\u00e7\u00f5es para a manuten\u00e7\u00e3o da maternidade. Os termos desse acordo ainda est\u00e3o sendo formatos. Mas essa j\u00e1 \u00e9 uma importante vit\u00f3ria para a reabertura da maternidade&#8221;, disse Paulo Ribeiro<\/p>\n\n\n\n<p>Lula Fylho tamb\u00e9m destacou a import\u00e2ncia da uni\u00e3o dos vereadores que come\u00e7ou com o vereador Dr. Gutemberg trazendo o assunto para a C\u00e2mara. &#8220;Destaco a preocupa\u00e7\u00e3o do Dr. Gutemberg em estabelecer esse di\u00e1logo. Agrade\u00e7o a participa\u00e7\u00e3o de todos, do presidente da Casa, vereador Osmar Filho, e demais vereadores, para juntos encontrarmos as melhores solu\u00e7\u00f5es para a reabertura dessa importante maternidade para a cidade de S\u00e3o Lu\u00eds&#8221;, disse secret\u00e1rio.<\/p>\n","protected":false},"excerpt":{"rendered":"<p>A incerteza a respeito da volta dos trabalhos na Maternidade Maria do Amparo chegou ao fim. A unidade de sa\u00fade, [&hellip;]<\/p>\n","protected":false},"author":0,"featured_media":0,"comment_status":"open","ping_status":"open","sticky":false,"template":"","format":"standard","meta":{"site-sidebar-layout":"default","site-content-layout":"","ast-site-content-layout":"default","site-content-style":"default","site-sidebar-style":"default","ast-global-header-display":"","ast-banner-title-visibility":"","ast-main-header-display":"","ast-hfb-above-header-display":"","ast-hfb-below-header-display":"","ast-hfb-mobile-header-display":"","site-post-title":"","ast-breadcrumbs-content":"","ast-featured-img":"","footer-sml-layout":"","ast-disable-related-posts":"","theme-transparent-header-meta":"","adv-header-id-meta":"","stick-header-meta":"","header-above-stick-meta":"","header-main-stick-meta":"","header-below-stick-meta":"","astra-migrate-meta-layouts":"default","ast-page-background-enabled":"default","ast-page-background-meta":{"desktop":{"background-color":"var(--ast-global-color-5)","background-image":"","background-repeat":"repeat","background-position":"center center","background-size":"auto","background-attachment":"scroll","background-type":"","background-media":"","overlay-type":"","overlay-color":"","overlay-opacity":"","overlay-gradient":""},"tablet":{"background-color":"","background-image":"","background-repeat":"repeat","background-position":"center center","background-size":"auto","background-attachment":"scroll","background-type":"","background-media":"","overlay-type":"","overlay-color":"","overlay-opacity":"","overlay-gradient":""},"mobile":{"background-color":"","background-image":"","background-repeat":"repeat","background-position":"center center","background-size":"auto","background-attachment":"scroll","background-type":"","background-media":"","overlay-type":"","overlay-color":"","overlay-opacity":"","overlay-gradient":""}},"ast-content-background-meta":{"desktop":{"background-color":"var(--ast-global-color-4)","background-image":"","background-repeat":"repeat","background-position":"center center","background-size":"auto","background-attachment":"scroll","background-type":"","background-media":"","overlay-type":"","overlay-color":"","overlay-opacity":"","overlay-gradient":""},"tablet":{"background-color":"var(--ast-global-color-4)","background-image":"","background-repeat":"repeat","background-position":"center center","background-size":"auto","background-attachment":"scroll","background-type":"","background-media":"","overlay-type":"","overlay-color":"","overlay-opacity":"","overlay-gradient":""},"mobile":{"background-color":"var(--ast-global-color-4)","background-image":"","background-repeat":"repeat","background-position":"center center","background-size":"auto","background-attachment":"scroll","background-type":"","background-media":"","overlay-type":"","overlay-color":"","overlay-opacity":"","overlay-gradient":""}},"footnotes":""},"categories":[1],"tags":[],"class_list":["post-60335","post","type-post","status-publish","format-standard","hentry","category-sem-categoria"],"yoast_head":"<!-- This site is optimized with the Yoast SEO plugin v26.6 - https:\/\/yoast.com\/wordpress\/plugins\/seo\/ -->\n<title>Vereador Gutemberg anuncia reabertura da Maternidade Maria do Amparo - Daniel Matos<\/title>\n<meta name=\"robots\" content=\"index, follow, max-snippet:-1, max-image-preview:large, max-video-preview:-1\" \/>\n<link rel=\"canonical\" href=\"https:\/\/www.blogsoestado.com\/danielmatos\/vereador-gutemberg-anuncia-reabertura-da-maternidade-maria-do-amparo\/\" \/>\n<meta property=\"og:locale\" content=\"pt_BR\" \/>\n<meta property=\"og:type\" content=\"article\" \/>\n<meta property=\"og:title\" content=\"Vereador Gutemberg anuncia reabertura da Maternidade Maria do Amparo - Daniel Matos\" \/>\n<meta property=\"og:description\" content=\"A incerteza a respeito da volta dos trabalhos na Maternidade Maria do Amparo chegou ao fim. A unidade de sa\u00fade, [&hellip;]\" \/>\n<meta property=\"og:url\" content=\"https:\/\/www.blogsoestado.com\/danielmatos\/vereador-gutemberg-anuncia-reabertura-da-maternidade-maria-do-amparo\/\" \/>\n<meta property=\"og:site_name\" content=\"Daniel Matos\" \/>\n<meta property=\"article:published_time\" content=\"2019-02-13T22:13:14+00:00\" \/>\n<meta property=\"og:image\" content=\"https:\/\/www.blogsoestado.com\/danielmatos\/files\/2019\/02\/gutemberg-ampara-1024x512.jpg\" \/>\n<meta name=\"twitter:card\" content=\"summary_large_image\" \/>\n<meta name=\"twitter:label1\" content=\"Est. tempo de leitura\" \/>\n\t<meta name=\"twitter:data1\" content=\"3 minutos\" \/>\n<script type=\"application\/ld+json\" class=\"yoast-schema-graph\">{\"@context\":\"https:\/\/schema.org\",\"@graph\":[{\"@type\":\"WebPage\",\"@id\":\"https:\/\/www.blogsoestado.com\/danielmatos\/vereador-gutemberg-anuncia-reabertura-da-maternidade-maria-do-amparo\/\",\"url\":\"https:\/\/www.blogsoestado.com\/danielmatos\/vereador-gutemberg-anuncia-reabertura-da-maternidade-maria-do-amparo\/\",\"name\":\"Vereador Gutemberg anuncia reabertura da Maternidade Maria do Amparo - Daniel Matos\",\"isPartOf\":{\"@id\":\"https:\/\/www.blogsoestado.com\/danielmatos\/#website\"},\"primaryImageOfPage\":{\"@id\":\"https:\/\/www.blogsoestado.com\/danielmatos\/vereador-gutemberg-anuncia-reabertura-da-maternidade-maria-do-amparo\/#primaryimage\"},\"image\":{\"@id\":\"https:\/\/www.blogsoestado.com\/danielmatos\/vereador-gutemberg-anuncia-reabertura-da-maternidade-maria-do-amparo\/#primaryimage\"},\"thumbnailUrl\":\"https:\/\/www.blogsoestado.com\/danielmatos\/files\/2019\/02\/gutemberg-ampara-1024x512.jpg\",\"datePublished\":\"2019-02-13T22:13:14+00:00\",\"author\":{\"@id\":\"\"},\"breadcrumb\":{\"@id\":\"https:\/\/www.blogsoestado.com\/danielmatos\/vereador-gutemberg-anuncia-reabertura-da-maternidade-maria-do-amparo\/#breadcrumb\"},\"inLanguage\":\"pt-BR\",\"potentialAction\":[{\"@type\":\"ReadAction\",\"target\":[\"https:\/\/www.blogsoestado.com\/danielmatos\/vereador-gutemberg-anuncia-reabertura-da-maternidade-maria-do-amparo\/\"]}]},{\"@type\":\"ImageObject\",\"inLanguage\":\"pt-BR\",\"@id\":\"https:\/\/www.blogsoestado.com\/danielmatos\/vereador-gutemberg-anuncia-reabertura-da-maternidade-maria-do-amparo\/#primaryimage\",\"url\":\"https:\/\/www.blogsoestado.com\/danielmatos\/files\/2019\/02\/gutemberg-ampara-1024x512.jpg\",\"contentUrl\":\"https:\/\/www.blogsoestado.com\/danielmatos\/files\/2019\/02\/gutemberg-ampara-1024x512.jpg\"},{\"@type\":\"BreadcrumbList\",\"@id\":\"https:\/\/www.blogsoestado.com\/danielmatos\/vereador-gutemberg-anuncia-reabertura-da-maternidade-maria-do-amparo\/#breadcrumb\",\"itemListElement\":[{\"@type\":\"ListItem\",\"position\":1,\"name\":\"In\u00edcio\",\"item\":\"https:\/\/www.blogsoestado.com\/danielmatos\/\"},{\"@type\":\"ListItem\",\"position\":2,\"name\":\"Vereador Gutemberg anuncia reabertura da Maternidade Maria do Amparo\"}]},{\"@type\":\"WebSite\",\"@id\":\"https:\/\/www.blogsoestado.com\/danielmatos\/#website\",\"url\":\"https:\/\/www.blogsoestado.com\/danielmatos\/\",\"name\":\"Daniel Matos\",\"description\":\"\",\"potentialAction\":[{\"@type\":\"SearchAction\",\"target\":{\"@type\":\"EntryPoint\",\"urlTemplate\":\"https:\/\/www.blogsoestado.com\/danielmatos\/?s={search_term_string}\"},\"query-input\":{\"@type\":\"PropertyValueSpecification\",\"valueRequired\":true,\"valueName\":\"search_term_string\"}}],\"inLanguage\":\"pt-BR\"}]}<\/script>\n<!-- \/ Yoast SEO plugin. -->","yoast_head_json":{"title":"Vereador Gutemberg anuncia reabertura da Maternidade Maria do Amparo - Daniel Matos","robots":{"index":"index","follow":"follow","max-snippet":"max-snippet:-1","max-image-preview":"max-image-preview:large","max-video-preview":"max-video-preview:-1"},"canonical":"https:\/\/www.blogsoestado.com\/danielmatos\/vereador-gutemberg-anuncia-reabertura-da-maternidade-maria-do-amparo\/","og_locale":"pt_BR","og_type":"article","og_title":"Vereador Gutemberg anuncia reabertura da Maternidade Maria do Amparo - Daniel Matos","og_description":"A incerteza a respeito da volta dos trabalhos na Maternidade Maria do Amparo chegou ao fim. A unidade de sa\u00fade, [&hellip;]","og_url":"https:\/\/www.blogsoestado.com\/danielmatos\/vereador-gutemberg-anuncia-reabertura-da-maternidade-maria-do-amparo\/","og_site_name":"Daniel Matos","article_published_time":"2019-02-13T22:13:14+00:00","og_image":[{"url":"https:\/\/www.blogsoestado.com\/danielmatos\/files\/2019\/02\/gutemberg-ampara-1024x512.jpg","type":"","width":"","height":""}],"twitter_card":"summary_large_image","twitter_misc":{"Est. tempo de leitura":"3 minutos"},"schema":{"@context":"https:\/\/schema.org","@graph":[{"@type":"WebPage","@id":"https:\/\/www.blogsoestado.com\/danielmatos\/vereador-gutemberg-anuncia-reabertura-da-maternidade-maria-do-amparo\/","url":"https:\/\/www.blogsoestado.com\/danielmatos\/vereador-gutemberg-anuncia-reabertura-da-maternidade-maria-do-amparo\/","name":"Vereador Gutemberg anuncia reabertura da Maternidade Maria do Amparo - Daniel Matos","isPartOf":{"@id":"https:\/\/www.blogsoestado.com\/danielmatos\/#website"},"primaryImageOfPage":{"@id":"https:\/\/www.blogsoestado.com\/danielmatos\/vereador-gutemberg-anuncia-reabertura-da-maternidade-maria-do-amparo\/#primaryimage"},"image":{"@id":"https:\/\/www.blogsoestado.com\/danielmatos\/vereador-gutemberg-anuncia-reabertura-da-maternidade-maria-do-amparo\/#primaryimage"},"thumbnailUrl":"https:\/\/www.blogsoestado.com\/danielmatos\/files\/2019\/02\/gutemberg-ampara-1024x512.jpg","datePublished":"2019-02-13T22:13:14+00:00","author":{"@id":""},"breadcrumb":{"@id":"https:\/\/www.blogsoestado.com\/danielmatos\/vereador-gutemberg-anuncia-reabertura-da-maternidade-maria-do-amparo\/#breadcrumb"},"inLanguage":"pt-BR","potentialAction":[{"@type":"ReadAction","target":["https:\/\/www.blogsoestado.com\/danielmatos\/vereador-gutemberg-anuncia-reabertura-da-maternidade-maria-do-amparo\/"]}]},{"@type":"ImageObject","inLanguage":"pt-BR","@id":"https:\/\/www.blogsoestado.com\/danielmatos\/vereador-gutemberg-anuncia-reabertura-da-maternidade-maria-do-amparo\/#primaryimage","url":"https:\/\/www.blogsoestado.com\/danielmatos\/files\/2019\/02\/gutemberg-ampara-1024x512.jpg","contentUrl":"https:\/\/www.blogsoestado.com\/danielmatos\/files\/2019\/02\/gutemberg-ampara-1024x512.jpg"},{"@type":"BreadcrumbList","@id":"https:\/\/www.blogsoestado.com\/danielmatos\/vereador-gutemberg-anuncia-reabertura-da-maternidade-maria-do-amparo\/#breadcrumb","itemListElement":[{"@type":"ListItem","position":1,"name":"In\u00edcio","item":"https:\/\/www.blogsoestado.com\/danielmatos\/"},{"@type":"ListItem","position":2,"name":"Vereador Gutemberg anuncia reabertura da Maternidade Maria do Amparo"}]},{"@type":"WebSite","@id":"https:\/\/www.blogsoestado.com\/danielmatos\/#website","url":"https:\/\/www.blogsoestado.com\/danielmatos\/","name":"Daniel Matos","description":"","potentialAction":[{"@type":"SearchAction","target":{"@type":"EntryPoint","urlTemplate":"https:\/\/www.blogsoestado.com\/danielmatos\/?s={search_term_string}"},"query-input":{"@type":"PropertyValueSpecification","valueRequired":true,"valueName":"search_term_string"}}],"inLanguage":"pt-BR"}]}},"jetpack_featured_media_url":"","_links":{"self":[{"href":"https:\/\/www.blogsoestado.com\/danielmatos\/wp-json\/wp\/v2\/posts\/60335","targetHints":{"allow":["GET"]}}],"collection":[{"href":"https:\/\/www.blogsoestado.com\/danielmatos\/wp-json\/wp\/v2\/posts"}],"about":[{"href":"https:\/\/www.blogsoestado.com\/danielmatos\/wp-json\/wp\/v2\/types\/post"}],"replies":[{"embeddable":true,"href":"https:\/\/www.blogsoestado.com\/danielmatos\/wp-json\/wp\/v2\/comments?post=60335"}],"version-history":[{"count":0,"href":"https:\/\/www.blogsoestado.com\/danielmatos\/wp-json\/wp\/v2\/posts\/60335\/revisions"}],"wp:attachment":[{"href":"https:\/\/www.blogsoestado.com\/danielmatos\/wp-json\/wp\/v2\/media?parent=60335"}],"wp:term":[{"taxonomy":"category","embeddable":true,"href":"https:\/\/www.blogsoestado.com\/danielmatos\/wp-json\/wp\/v2\/categories?post=60335"},{"taxonomy":"post_tag","embeddable":true,"href":"https:\/\/www.blogsoestado.com\/danielmatos\/wp-json\/wp\/v2\/tags?post=60335"}],"curies":[{"name":"wp","href":"https:\/\/api.w.org\/{rel}","templated":true}]}}