{"id":60347,"date":"2019-02-14T09:54:00","date_gmt":"2019-02-14T12:54:00","guid":{"rendered":"https:\/\/www.blogsoestado.com\/danielmatos\/?p=60347"},"modified":"2019-02-14T09:54:00","modified_gmt":"2019-02-14T12:54:00","slug":"em-nota-prefeito-de-bequimao-chama-denuncia-do-mpma-de-factoide","status":"publish","type":"post","link":"https:\/\/www.blogsoestado.com\/danielmatos\/em-nota-prefeito-de-bequimao-chama-denuncia-do-mpma-de-factoide\/","title":{"rendered":"Em nota, prefeito de Bequim\u00e3o chama den\u00fancia do MPMA de factoide"},"content":{"rendered":"\n<figure class=\"wp-block-image\"><img decoding=\"async\" src=\"https:\/\/www.blogsoestado.com\/danielmatos\/files\/2019\/02\/ze-martins-sebrae-1024x768.jpg\" alt=\"\" class=\"wp-image-60348\"\/><figcaption>Instala\u00e7\u00f5es do Parque Expocapril, evento que continua sendo realizado em Bequim\u00e3o <\/figcaption><\/figure>\n\n\n\n<p>Ap\u00f3s o Minist\u00e9rio P\u00fablico do Estado do Maranh\u00e3o (MPMA) publicar uma mat\u00e9ria sem argumenta\u00e7\u00e3o apontando uma s\u00e9rie de irregularidades e acusar o prefeito de Bequim\u00e3o, Z\u00e9 Martins, de abandonar a obra do Parque Expocapril e alega aus\u00eancia de presta\u00e7\u00e3o de contas dos valores recebidos por meio do conv\u00eanio com o Governo do Estado, atrav\u00e9s da Secretaria de Agricultura (Sagrima), o prefeito Z\u00e9 Martins emitiu nota de esclarecimento desmontando o verdadeiro factoide do MP de Bequim\u00e3o. Com documentos e fotos, o gestor bequim\u00e3oense prova o exagero do Minist\u00e9rio P\u00fablico e a injusti\u00e7a cometida por falta de informa\u00e7\u00f5es.<\/p>\n\n\n\n<p><strong>VEJA ABAIXO A NOTA DE ESCLARECIMENTO NA \u00cdNTEGRA:<\/strong><\/p>\n\n\n\n<figure class=\"wp-block-image\"><img decoding=\"async\" src=\"https:\/\/www.blogsoestado.com\/danielmatos\/files\/2019\/02\/ze-martins-sebrae2-1024x420.jpg\" alt=\"\" class=\"wp-image-60349\"\/><figcaption>Documento da Sagrima comprova empenho da Prefeitura de Bequim\u00e3o para receber o restante do valor do conv\u00eanio<\/figcaption><\/figure>\n\n\n\n<p>O prefeito de Bequim\u00e3o, Z\u00e9 Martins, em respeito \u00e0 opini\u00e3o p\u00fablica, e em aten\u00e7\u00e3o \u00e0s mat\u00e9rias jornal\u00edsticas diversas dando conta da propositura de A\u00e7\u00e3o Civil por ato de Improbidade Administrativa proposta pelo Minist\u00e9rio P\u00fablico Estadual atrav\u00e9s de sua Promotoria instalada na Comarca de Bequim\u00e3o, vem esclarecer o que segue:<\/p>\n\n\n\n<p>1 &#8211; Inicialmente devemos reconhecer e louvar o zelo do Minist\u00e9rio P\u00fablico na defesa do patrim\u00f4nio p\u00fablico e da probidade administrativa, iniciativas que por vezes, devido ao excesso de zelo, acaba por cometer algumas injusti\u00e7as, como foi no presente caso;<\/p>\n\n\n\n<figure class=\"wp-block-image\"><img decoding=\"async\" src=\"https:\/\/www.blogsoestado.com\/danielmatos\/files\/2019\/02\/ze-martins-sebrae3-1024x683.jpg\" alt=\"\" class=\"wp-image-60350\"\/><figcaption>Um dos eventos realizados como parte da programa\u00e7\u00e3o da exposi\u00e7\u00e3o<\/figcaption><\/figure>\n\n\n\n<p>2 &#8211; Com efeito, o Munic\u00edpio de Bequim\u00e3o assinou conv\u00eanio com o Governo do Estado, atrav\u00e9s da Secretaria de Estado da Agricultura, ainda no ano de 2014, cujo objeto era a constru\u00e7\u00e3o da infraestrutura do Parque de Exposi\u00e7\u00e3o do munic\u00edpio, no valor de R$ 200.000,00 (duzentos mil reais);<\/p>\n\n\n\n<p>3 &#8211; Do total contratado, o governo estadual repassou apenas R$ 100.000,00 (cem mil reais), tendo o Munic\u00edpio de Bequim\u00e3o executado bem al\u00e9m deste valor, prova disso \u00e9 que nunca cessou as exposi\u00e7\u00f5es no mencionado parque como mostram as fotografias que seguem em anexo a esta nota;<\/p>\n\n\n\n<p>4 &#8211; Embora tenha recebido somente o valor da primeira parcela, apesar de reiterados pedidos de medi\u00e7\u00f5es para receber o restante do conv\u00eanio e concluir a obra, o Munic\u00edpio de Bequim\u00e3o, fez sim, a presta\u00e7\u00e3o de contas do valor recebido em 26 de dezembro de 2014, conforme protocolo da SAGRIMA, tendo sido a mesma autuada com o Processo 0244876\/2014 (SAGRIMA), falecendo de qualquer sentido a acusa\u00e7\u00e3o da parte do MPE de que n\u00e3o houve a presta\u00e7\u00e3o de contas;<\/p>\n\n\n\n<figure class=\"wp-block-image\"><img decoding=\"async\" src=\"https:\/\/www.blogsoestado.com\/danielmatos\/files\/2019\/02\/ze-martins-sebrae4-1024x768.jpg\" alt=\"\" class=\"wp-image-60351\"\/><figcaption>Obra ficou inacabada porque valor do conv\u00eanio n\u00e3o foi repassado integralmente pelo governo<\/figcaption><\/figure>\n\n\n\n<p>5 &#8211; Com rela\u00e7\u00e3o \u00e0 ila\u00e7\u00e3o de que teria havido \u201cirregularidades no processo\u201d, trata-se de uma acusa\u00e7\u00e3o totalmente sem sentido. O processo licitat\u00f3rio obedeceu todas as etapas previstas em lei e o objeto foi executado. N\u00e3o tendo sido conclu\u00eddo at\u00e9 o final, devido \u00e0 ruptura unilateral do conv\u00eanio por parte do atual governo estadual.<\/p>\n\n\n\n<p>6 &#8211; Por fim, conclamamos, n\u00e3o apenas o Minist\u00e9rio P\u00fablico, mas, tamb\u00e9m, a imprensa e toda a sociedade a se manterem vigilantes quanto \u00e0 fiscaliza\u00e7\u00e3o dos recursos p\u00fablicos, pois da parte deste gestor tais iniciativas sempre ter\u00e3o todo o apoio necess\u00e1rio, uma vez que a fiscaliza\u00e7\u00e3o e vigil\u00e2ncia apenas atestar\u00e3o a lisura dos nossos procedimentos.<\/p>\n\n\n\n<p>Atenciosamente,<\/p>\n\n\n\n<p>Z\u00e9 Martins.<\/p>\n\n\n\n<p>Prefeito de Bequim\u00e3o.<\/p>\n","protected":false},"excerpt":{"rendered":"<p>Ap\u00f3s o Minist\u00e9rio P\u00fablico do Estado do Maranh\u00e3o (MPMA) publicar uma mat\u00e9ria sem argumenta\u00e7\u00e3o apontando uma s\u00e9rie de irregularidades e [&hellip;]<\/p>\n","protected":false},"author":0,"featured_media":0,"comment_status":"open","ping_status":"open","sticky":false,"template":"","format":"standard","meta":{"site-sidebar-layout":"default","site-content-layout":"","ast-site-content-layout":"default","site-content-style":"default","site-sidebar-style":"default","ast-global-header-display":"","ast-banner-title-visibility":"","ast-main-header-display":"","ast-hfb-above-header-display":"","ast-hfb-below-header-display":"","ast-hfb-mobile-header-display":"","site-post-title":"","ast-breadcrumbs-content":"","ast-featured-img":"","footer-sml-layout":"","ast-disable-related-posts":"","theme-transparent-header-meta":"","adv-header-id-meta":"","stick-header-meta":"","header-above-stick-meta":"","header-main-stick-meta":"","header-below-stick-meta":"","astra-migrate-meta-layouts":"default","ast-page-background-enabled":"default","ast-page-background-meta":{"desktop":{"background-color":"var(--ast-global-color-5)","background-image":"","background-repeat":"repeat","background-position":"center center","background-size":"auto","background-attachment":"scroll","background-type":"","background-media":"","overlay-type":"","overlay-color":"","overlay-opacity":"","overlay-gradient":""},"tablet":{"background-color":"","background-image":"","background-repeat":"repeat","background-position":"center center","background-size":"auto","background-attachment":"scroll","background-type":"","background-media":"","overlay-type":"","overlay-color":"","overlay-opacity":"","overlay-gradient":""},"mobile":{"background-color":"","background-image":"","background-repeat":"repeat","background-position":"center center","background-size":"auto","background-attachment":"scroll","background-type":"","background-media":"","overlay-type":"","overlay-color":"","overlay-opacity":"","overlay-gradient":""}},"ast-content-background-meta":{"desktop":{"background-color":"var(--ast-global-color-4)","background-image":"","background-repeat":"repeat","background-position":"center center","background-size":"auto","background-attachment":"scroll","background-type":"","background-media":"","overlay-type":"","overlay-color":"","overlay-opacity":"","overlay-gradient":""},"tablet":{"background-color":"var(--ast-global-color-4)","background-image":"","background-repeat":"repeat","background-position":"center center","background-size":"auto","background-attachment":"scroll","background-type":"","background-media":"","overlay-type":"","overlay-color":"","overlay-opacity":"","overlay-gradient":""},"mobile":{"background-color":"var(--ast-global-color-4)","background-image":"","background-repeat":"repeat","background-position":"center center","background-size":"auto","background-attachment":"scroll","background-type":"","background-media":"","overlay-type":"","overlay-color":"","overlay-opacity":"","overlay-gradient":""}},"footnotes":""},"categories":[1],"tags":[],"class_list":["post-60347","post","type-post","status-publish","format-standard","hentry","category-sem-categoria"],"yoast_head":"<!-- This site is optimized with the Yoast SEO plugin v26.6 - https:\/\/yoast.com\/wordpress\/plugins\/seo\/ -->\n<title>Em nota, prefeito de Bequim\u00e3o chama den\u00fancia do MPMA de factoide - Daniel Matos<\/title>\n<meta name=\"robots\" content=\"index, follow, max-snippet:-1, max-image-preview:large, max-video-preview:-1\" \/>\n<link rel=\"canonical\" href=\"https:\/\/www.blogsoestado.com\/danielmatos\/em-nota-prefeito-de-bequimao-chama-denuncia-do-mpma-de-factoide\/\" \/>\n<meta property=\"og:locale\" content=\"pt_BR\" \/>\n<meta property=\"og:type\" content=\"article\" \/>\n<meta property=\"og:title\" content=\"Em nota, prefeito de Bequim\u00e3o chama den\u00fancia do MPMA de factoide - Daniel Matos\" \/>\n<meta property=\"og:description\" content=\"Ap\u00f3s o Minist\u00e9rio P\u00fablico do Estado do Maranh\u00e3o (MPMA) publicar uma mat\u00e9ria sem argumenta\u00e7\u00e3o apontando uma s\u00e9rie de irregularidades e [&hellip;]\" \/>\n<meta property=\"og:url\" content=\"https:\/\/www.blogsoestado.com\/danielmatos\/em-nota-prefeito-de-bequimao-chama-denuncia-do-mpma-de-factoide\/\" \/>\n<meta property=\"og:site_name\" content=\"Daniel Matos\" \/>\n<meta property=\"article:published_time\" content=\"2019-02-14T12:54:00+00:00\" \/>\n<meta property=\"og:image\" content=\"https:\/\/www.blogsoestado.com\/danielmatos\/files\/2019\/02\/ze-martins-sebrae-1024x768.jpg\" \/>\n<meta name=\"twitter:card\" content=\"summary_large_image\" \/>\n<meta name=\"twitter:label1\" content=\"Est. tempo de leitura\" \/>\n\t<meta name=\"twitter:data1\" content=\"3 minutos\" \/>\n<script type=\"application\/ld+json\" class=\"yoast-schema-graph\">{\"@context\":\"https:\/\/schema.org\",\"@graph\":[{\"@type\":\"WebPage\",\"@id\":\"https:\/\/www.blogsoestado.com\/danielmatos\/em-nota-prefeito-de-bequimao-chama-denuncia-do-mpma-de-factoide\/\",\"url\":\"https:\/\/www.blogsoestado.com\/danielmatos\/em-nota-prefeito-de-bequimao-chama-denuncia-do-mpma-de-factoide\/\",\"name\":\"Em nota, prefeito de Bequim\u00e3o chama den\u00fancia do MPMA de factoide - Daniel Matos\",\"isPartOf\":{\"@id\":\"https:\/\/www.blogsoestado.com\/danielmatos\/#website\"},\"primaryImageOfPage\":{\"@id\":\"https:\/\/www.blogsoestado.com\/danielmatos\/em-nota-prefeito-de-bequimao-chama-denuncia-do-mpma-de-factoide\/#primaryimage\"},\"image\":{\"@id\":\"https:\/\/www.blogsoestado.com\/danielmatos\/em-nota-prefeito-de-bequimao-chama-denuncia-do-mpma-de-factoide\/#primaryimage\"},\"thumbnailUrl\":\"https:\/\/www.blogsoestado.com\/danielmatos\/files\/2019\/02\/ze-martins-sebrae-1024x768.jpg\",\"datePublished\":\"2019-02-14T12:54:00+00:00\",\"author\":{\"@id\":\"\"},\"breadcrumb\":{\"@id\":\"https:\/\/www.blogsoestado.com\/danielmatos\/em-nota-prefeito-de-bequimao-chama-denuncia-do-mpma-de-factoide\/#breadcrumb\"},\"inLanguage\":\"pt-BR\",\"potentialAction\":[{\"@type\":\"ReadAction\",\"target\":[\"https:\/\/www.blogsoestado.com\/danielmatos\/em-nota-prefeito-de-bequimao-chama-denuncia-do-mpma-de-factoide\/\"]}]},{\"@type\":\"ImageObject\",\"inLanguage\":\"pt-BR\",\"@id\":\"https:\/\/www.blogsoestado.com\/danielmatos\/em-nota-prefeito-de-bequimao-chama-denuncia-do-mpma-de-factoide\/#primaryimage\",\"url\":\"https:\/\/www.blogsoestado.com\/danielmatos\/files\/2019\/02\/ze-martins-sebrae-1024x768.jpg\",\"contentUrl\":\"https:\/\/www.blogsoestado.com\/danielmatos\/files\/2019\/02\/ze-martins-sebrae-1024x768.jpg\"},{\"@type\":\"BreadcrumbList\",\"@id\":\"https:\/\/www.blogsoestado.com\/danielmatos\/em-nota-prefeito-de-bequimao-chama-denuncia-do-mpma-de-factoide\/#breadcrumb\",\"itemListElement\":[{\"@type\":\"ListItem\",\"position\":1,\"name\":\"In\u00edcio\",\"item\":\"https:\/\/www.blogsoestado.com\/danielmatos\/\"},{\"@type\":\"ListItem\",\"position\":2,\"name\":\"Em nota, prefeito de Bequim\u00e3o chama den\u00fancia do MPMA de factoide\"}]},{\"@type\":\"WebSite\",\"@id\":\"https:\/\/www.blogsoestado.com\/danielmatos\/#website\",\"url\":\"https:\/\/www.blogsoestado.com\/danielmatos\/\",\"name\":\"Daniel Matos\",\"description\":\"\",\"potentialAction\":[{\"@type\":\"SearchAction\",\"target\":{\"@type\":\"EntryPoint\",\"urlTemplate\":\"https:\/\/www.blogsoestado.com\/danielmatos\/?s={search_term_string}\"},\"query-input\":{\"@type\":\"PropertyValueSpecification\",\"valueRequired\":true,\"valueName\":\"search_term_string\"}}],\"inLanguage\":\"pt-BR\"}]}<\/script>\n<!-- \/ Yoast SEO plugin. -->","yoast_head_json":{"title":"Em nota, prefeito de Bequim\u00e3o chama den\u00fancia do MPMA de factoide - Daniel Matos","robots":{"index":"index","follow":"follow","max-snippet":"max-snippet:-1","max-image-preview":"max-image-preview:large","max-video-preview":"max-video-preview:-1"},"canonical":"https:\/\/www.blogsoestado.com\/danielmatos\/em-nota-prefeito-de-bequimao-chama-denuncia-do-mpma-de-factoide\/","og_locale":"pt_BR","og_type":"article","og_title":"Em nota, prefeito de Bequim\u00e3o chama den\u00fancia do MPMA de factoide - Daniel Matos","og_description":"Ap\u00f3s o Minist\u00e9rio P\u00fablico do Estado do Maranh\u00e3o (MPMA) publicar uma mat\u00e9ria sem argumenta\u00e7\u00e3o apontando uma s\u00e9rie de irregularidades e [&hellip;]","og_url":"https:\/\/www.blogsoestado.com\/danielmatos\/em-nota-prefeito-de-bequimao-chama-denuncia-do-mpma-de-factoide\/","og_site_name":"Daniel Matos","article_published_time":"2019-02-14T12:54:00+00:00","og_image":[{"url":"https:\/\/www.blogsoestado.com\/danielmatos\/files\/2019\/02\/ze-martins-sebrae-1024x768.jpg","type":"","width":"","height":""}],"twitter_card":"summary_large_image","twitter_misc":{"Est. tempo de leitura":"3 minutos"},"schema":{"@context":"https:\/\/schema.org","@graph":[{"@type":"WebPage","@id":"https:\/\/www.blogsoestado.com\/danielmatos\/em-nota-prefeito-de-bequimao-chama-denuncia-do-mpma-de-factoide\/","url":"https:\/\/www.blogsoestado.com\/danielmatos\/em-nota-prefeito-de-bequimao-chama-denuncia-do-mpma-de-factoide\/","name":"Em nota, prefeito de Bequim\u00e3o chama den\u00fancia do MPMA de factoide - Daniel Matos","isPartOf":{"@id":"https:\/\/www.blogsoestado.com\/danielmatos\/#website"},"primaryImageOfPage":{"@id":"https:\/\/www.blogsoestado.com\/danielmatos\/em-nota-prefeito-de-bequimao-chama-denuncia-do-mpma-de-factoide\/#primaryimage"},"image":{"@id":"https:\/\/www.blogsoestado.com\/danielmatos\/em-nota-prefeito-de-bequimao-chama-denuncia-do-mpma-de-factoide\/#primaryimage"},"thumbnailUrl":"https:\/\/www.blogsoestado.com\/danielmatos\/files\/2019\/02\/ze-martins-sebrae-1024x768.jpg","datePublished":"2019-02-14T12:54:00+00:00","author":{"@id":""},"breadcrumb":{"@id":"https:\/\/www.blogsoestado.com\/danielmatos\/em-nota-prefeito-de-bequimao-chama-denuncia-do-mpma-de-factoide\/#breadcrumb"},"inLanguage":"pt-BR","potentialAction":[{"@type":"ReadAction","target":["https:\/\/www.blogsoestado.com\/danielmatos\/em-nota-prefeito-de-bequimao-chama-denuncia-do-mpma-de-factoide\/"]}]},{"@type":"ImageObject","inLanguage":"pt-BR","@id":"https:\/\/www.blogsoestado.com\/danielmatos\/em-nota-prefeito-de-bequimao-chama-denuncia-do-mpma-de-factoide\/#primaryimage","url":"https:\/\/www.blogsoestado.com\/danielmatos\/files\/2019\/02\/ze-martins-sebrae-1024x768.jpg","contentUrl":"https:\/\/www.blogsoestado.com\/danielmatos\/files\/2019\/02\/ze-martins-sebrae-1024x768.jpg"},{"@type":"BreadcrumbList","@id":"https:\/\/www.blogsoestado.com\/danielmatos\/em-nota-prefeito-de-bequimao-chama-denuncia-do-mpma-de-factoide\/#breadcrumb","itemListElement":[{"@type":"ListItem","position":1,"name":"In\u00edcio","item":"https:\/\/www.blogsoestado.com\/danielmatos\/"},{"@type":"ListItem","position":2,"name":"Em nota, prefeito de Bequim\u00e3o chama den\u00fancia do MPMA de factoide"}]},{"@type":"WebSite","@id":"https:\/\/www.blogsoestado.com\/danielmatos\/#website","url":"https:\/\/www.blogsoestado.com\/danielmatos\/","name":"Daniel Matos","description":"","potentialAction":[{"@type":"SearchAction","target":{"@type":"EntryPoint","urlTemplate":"https:\/\/www.blogsoestado.com\/danielmatos\/?s={search_term_string}"},"query-input":{"@type":"PropertyValueSpecification","valueRequired":true,"valueName":"search_term_string"}}],"inLanguage":"pt-BR"}]}},"jetpack_featured_media_url":"","_links":{"self":[{"href":"https:\/\/www.blogsoestado.com\/danielmatos\/wp-json\/wp\/v2\/posts\/60347","targetHints":{"allow":["GET"]}}],"collection":[{"href":"https:\/\/www.blogsoestado.com\/danielmatos\/wp-json\/wp\/v2\/posts"}],"about":[{"href":"https:\/\/www.blogsoestado.com\/danielmatos\/wp-json\/wp\/v2\/types\/post"}],"replies":[{"embeddable":true,"href":"https:\/\/www.blogsoestado.com\/danielmatos\/wp-json\/wp\/v2\/comments?post=60347"}],"version-history":[{"count":0,"href":"https:\/\/www.blogsoestado.com\/danielmatos\/wp-json\/wp\/v2\/posts\/60347\/revisions"}],"wp:attachment":[{"href":"https:\/\/www.blogsoestado.com\/danielmatos\/wp-json\/wp\/v2\/media?parent=60347"}],"wp:term":[{"taxonomy":"category","embeddable":true,"href":"https:\/\/www.blogsoestado.com\/danielmatos\/wp-json\/wp\/v2\/categories?post=60347"},{"taxonomy":"post_tag","embeddable":true,"href":"https:\/\/www.blogsoestado.com\/danielmatos\/wp-json\/wp\/v2\/tags?post=60347"}],"curies":[{"name":"wp","href":"https:\/\/api.w.org\/{rel}","templated":true}]}}