{"id":60353,"date":"2019-02-14T10:26:44","date_gmt":"2019-02-14T13:26:44","guid":{"rendered":"https:\/\/www.blogsoestado.com\/danielmatos\/?p=60353"},"modified":"2019-02-14T10:26:44","modified_gmt":"2019-02-14T13:26:44","slug":"para-figueiredo-afirma-que-exercera-mandato-visando-ao-desenvolvimento-do-maranhao","status":"publish","type":"post","link":"https:\/\/www.blogsoestado.com\/danielmatos\/para-figueiredo-afirma-que-exercera-mandato-visando-ao-desenvolvimento-do-maranhao\/","title":{"rendered":"Par\u00e1 Figueiredo afirma que exercer\u00e1 mandato visando ao desenvolvimento do Maranh\u00e3o"},"content":{"rendered":"\n<figure class=\"wp-block-image\"><img decoding=\"async\" src=\"https:\/\/www.blogsoestado.com\/danielmatos\/files\/2019\/02\/para-discursa-1024x684.jpg\" alt=\"\" class=\"wp-image-60354\"\/><figcaption> <br>Par\u00e1 Figueiredo disse estar consciente de que sua miss\u00e3o no Parlamento ser\u00e1 traduzir a confian\u00e7a depositada pelos eleitores <\/figcaption><\/figure>\n\n\n\n<p>Ao utilizar a tribuna pela primeira vez, nesta quarta-feira (13), o deputado Par\u00e1 Figueiredo (PSL) afirmou que exercer\u00e1 o mandato parlamentar visando ao desenvolvimento do Maranh\u00e3o. Ele disse que pretendia, nas suas primeiras palavras, \u201cfazer uma breve reflex\u00e3o sobre a pol\u00edtica, uma ci\u00eancia cr\u00edtica da realidade, mas que mant\u00e9m a utopia como uma de suas principais refer\u00eancias\u201d.<\/p>\n\n\n\n<p>Por conta disso, o deputado garantiu que n\u00e3o se furtar\u00e1 das articula\u00e7\u00f5es de for\u00e7a visando ao desenvolvimento do Estado. \u201cCreio que para ser um pol\u00edtico, o homem precisa, antes de tudo, ser um sonhador, com voca\u00e7\u00e3o para o otimismo, capaz de vislumbrar grandes transforma\u00e7\u00f5es. N\u00e3o tenho d\u00favidas de que o objetivo pol\u00edtico \u00e9 a garantia da vida em seu sentido mais amplo, que \u00e9 o sentido de liberta\u00e7\u00e3o para ser satisfat\u00f3rio enquanto um homem puder caminhar em busca dos objetivos\u201d, enfatizou.<\/p>\n\n\n\n<p>O parlamentar disse que est\u00e1 consciente de que sua miss\u00e3o no Parlamento ser\u00e1 traduzir a confian\u00e7a depositada pelos eleitores, respondendo com responsabilidade e dedica\u00e7\u00e3o ao esp\u00edrito p\u00fablico e \u00e0s determina\u00e7\u00f5es m\u00faltiplas da popula\u00e7\u00e3o. \u201cPara isso, \u00e9 necess\u00e1rio compromisso, empenho, dedica\u00e7\u00e3o, ideias, convic\u00e7\u00f5es e, sobretudo, transpar\u00eancia em um processo di\u00e1rio e em constante constru\u00e7\u00e3o, cujos tijolos s\u00e3o colocados um a um\u201d.<\/p>\n\n\n\n<p>De acordo com o deputado, sua atua\u00e7\u00e3o ser\u00e1 pautada nos ideais democr\u00e1ticos e que seu olhar ser\u00e1 voltado para a formula\u00e7\u00e3o de pol\u00edticas p\u00fablicas com vistas ao desenvolvimento econ\u00f4mico, inclus\u00e3o social e melhoria da qualidade dos servi\u00e7o b\u00e1sicos \u00e0 popula\u00e7\u00e3o.<\/p>\n\n\n\n<p>Ele agradeceu, tamb\u00e9m, aos eleitores e familiares que o ajudaram a se eleger deputado estadual. \u201cAo meu pai, minha m\u00e3e, minha esposa, meus filhos que, nas l\u00e1grimas derramadas, no franzir das testas e,sobretudo, nas ang\u00fastias dos sonhos, me deram todas as for\u00e7as e me enrijeceram para vencer\u201d, disse.<\/p>\n\n\n\n<p>Fez ainda um agradecimento especial ao povo de S\u00e3o Jo\u00e3o Batista, que ele disse ser um munic\u00edpio com forte tradi\u00e7\u00e3o cultural e hist\u00f3ricas lutas libert\u00e1rias: \u201cAgrade\u00e7o, tamb\u00e9m, ao governador Flavio Dino pela entrega do Centro de Ensino Ros\u00e1rio S\u00e1, no pr\u00f3ximo dia 14, no programa Escola Digna, na minha querida Feira Nova, do meu amigo, o prefeito Tiago Dantas. Antes de concluirmos, elevo o meu pensamento a Deus, pedindo que ilumine e derrame suas b\u00ean\u00e7\u00e3os sobre todos n\u00f3s. Por derradeiro, agrade\u00e7o aos colegas desta nova Assembleia pela defer\u00eancia, considera\u00e7\u00e3o e carinho\u201d.<\/p>\n","protected":false},"excerpt":{"rendered":"<p>Ao utilizar a tribuna pela primeira vez, nesta quarta-feira (13), o deputado Par\u00e1 Figueiredo (PSL) afirmou que exercer\u00e1 o mandato [&hellip;]<\/p>\n","protected":false},"author":0,"featured_media":0,"comment_status":"open","ping_status":"open","sticky":false,"template":"","format":"standard","meta":{"site-sidebar-layout":"default","site-content-layout":"","ast-site-content-layout":"default","site-content-style":"default","site-sidebar-style":"default","ast-global-header-display":"","ast-banner-title-visibility":"","ast-main-header-display":"","ast-hfb-above-header-display":"","ast-hfb-below-header-display":"","ast-hfb-mobile-header-display":"","site-post-title":"","ast-breadcrumbs-content":"","ast-featured-img":"","footer-sml-layout":"","ast-disable-related-posts":"","theme-transparent-header-meta":"","adv-header-id-meta":"","stick-header-meta":"","header-above-stick-meta":"","header-main-stick-meta":"","header-below-stick-meta":"","astra-migrate-meta-layouts":"default","ast-page-background-enabled":"default","ast-page-background-meta":{"desktop":{"background-color":"var(--ast-global-color-5)","background-image":"","background-repeat":"repeat","background-position":"center center","background-size":"auto","background-attachment":"scroll","background-type":"","background-media":"","overlay-type":"","overlay-color":"","overlay-opacity":"","overlay-gradient":""},"tablet":{"background-color":"","background-image":"","background-repeat":"repeat","background-position":"center center","background-size":"auto","background-attachment":"scroll","background-type":"","background-media":"","overlay-type":"","overlay-color":"","overlay-opacity":"","overlay-gradient":""},"mobile":{"background-color":"","background-image":"","background-repeat":"repeat","background-position":"center center","background-size":"auto","background-attachment":"scroll","background-type":"","background-media":"","overlay-type":"","overlay-color":"","overlay-opacity":"","overlay-gradient":""}},"ast-content-background-meta":{"desktop":{"background-color":"var(--ast-global-color-4)","background-image":"","background-repeat":"repeat","background-position":"center center","background-size":"auto","background-attachment":"scroll","background-type":"","background-media":"","overlay-type":"","overlay-color":"","overlay-opacity":"","overlay-gradient":""},"tablet":{"background-color":"var(--ast-global-color-4)","background-image":"","background-repeat":"repeat","background-position":"center center","background-size":"auto","background-attachment":"scroll","background-type":"","background-media":"","overlay-type":"","overlay-color":"","overlay-opacity":"","overlay-gradient":""},"mobile":{"background-color":"var(--ast-global-color-4)","background-image":"","background-repeat":"repeat","background-position":"center center","background-size":"auto","background-attachment":"scroll","background-type":"","background-media":"","overlay-type":"","overlay-color":"","overlay-opacity":"","overlay-gradient":""}},"footnotes":""},"categories":[1],"tags":[],"class_list":["post-60353","post","type-post","status-publish","format-standard","hentry","category-sem-categoria"],"yoast_head":"<!-- This site is optimized with the Yoast SEO plugin v26.6 - https:\/\/yoast.com\/wordpress\/plugins\/seo\/ -->\n<title>Par\u00e1 Figueiredo afirma que exercer\u00e1 mandato visando ao desenvolvimento do Maranh\u00e3o - Daniel Matos<\/title>\n<meta name=\"robots\" content=\"index, follow, max-snippet:-1, max-image-preview:large, max-video-preview:-1\" \/>\n<link rel=\"canonical\" href=\"https:\/\/www.blogsoestado.com\/danielmatos\/para-figueiredo-afirma-que-exercera-mandato-visando-ao-desenvolvimento-do-maranhao\/\" \/>\n<meta property=\"og:locale\" content=\"pt_BR\" \/>\n<meta property=\"og:type\" content=\"article\" \/>\n<meta property=\"og:title\" content=\"Par\u00e1 Figueiredo afirma que exercer\u00e1 mandato visando ao desenvolvimento do Maranh\u00e3o - Daniel Matos\" \/>\n<meta property=\"og:description\" content=\"Ao utilizar a tribuna pela primeira vez, nesta quarta-feira (13), o deputado Par\u00e1 Figueiredo (PSL) afirmou que exercer\u00e1 o mandato [&hellip;]\" \/>\n<meta property=\"og:url\" content=\"https:\/\/www.blogsoestado.com\/danielmatos\/para-figueiredo-afirma-que-exercera-mandato-visando-ao-desenvolvimento-do-maranhao\/\" \/>\n<meta property=\"og:site_name\" content=\"Daniel Matos\" \/>\n<meta property=\"article:published_time\" content=\"2019-02-14T13:26:44+00:00\" \/>\n<meta property=\"og:image\" content=\"https:\/\/www.blogsoestado.com\/danielmatos\/files\/2019\/02\/para-discursa-1024x684.jpg\" \/>\n<meta name=\"twitter:card\" content=\"summary_large_image\" \/>\n<meta name=\"twitter:label1\" content=\"Est. tempo de leitura\" \/>\n\t<meta name=\"twitter:data1\" content=\"2 minutos\" \/>\n<script type=\"application\/ld+json\" class=\"yoast-schema-graph\">{\"@context\":\"https:\/\/schema.org\",\"@graph\":[{\"@type\":\"WebPage\",\"@id\":\"https:\/\/www.blogsoestado.com\/danielmatos\/para-figueiredo-afirma-que-exercera-mandato-visando-ao-desenvolvimento-do-maranhao\/\",\"url\":\"https:\/\/www.blogsoestado.com\/danielmatos\/para-figueiredo-afirma-que-exercera-mandato-visando-ao-desenvolvimento-do-maranhao\/\",\"name\":\"Par\u00e1 Figueiredo afirma que exercer\u00e1 mandato visando ao desenvolvimento do Maranh\u00e3o - Daniel Matos\",\"isPartOf\":{\"@id\":\"https:\/\/www.blogsoestado.com\/danielmatos\/#website\"},\"primaryImageOfPage\":{\"@id\":\"https:\/\/www.blogsoestado.com\/danielmatos\/para-figueiredo-afirma-que-exercera-mandato-visando-ao-desenvolvimento-do-maranhao\/#primaryimage\"},\"image\":{\"@id\":\"https:\/\/www.blogsoestado.com\/danielmatos\/para-figueiredo-afirma-que-exercera-mandato-visando-ao-desenvolvimento-do-maranhao\/#primaryimage\"},\"thumbnailUrl\":\"https:\/\/www.blogsoestado.com\/danielmatos\/files\/2019\/02\/para-discursa-1024x684.jpg\",\"datePublished\":\"2019-02-14T13:26:44+00:00\",\"author\":{\"@id\":\"\"},\"breadcrumb\":{\"@id\":\"https:\/\/www.blogsoestado.com\/danielmatos\/para-figueiredo-afirma-que-exercera-mandato-visando-ao-desenvolvimento-do-maranhao\/#breadcrumb\"},\"inLanguage\":\"pt-BR\",\"potentialAction\":[{\"@type\":\"ReadAction\",\"target\":[\"https:\/\/www.blogsoestado.com\/danielmatos\/para-figueiredo-afirma-que-exercera-mandato-visando-ao-desenvolvimento-do-maranhao\/\"]}]},{\"@type\":\"ImageObject\",\"inLanguage\":\"pt-BR\",\"@id\":\"https:\/\/www.blogsoestado.com\/danielmatos\/para-figueiredo-afirma-que-exercera-mandato-visando-ao-desenvolvimento-do-maranhao\/#primaryimage\",\"url\":\"https:\/\/www.blogsoestado.com\/danielmatos\/files\/2019\/02\/para-discursa-1024x684.jpg\",\"contentUrl\":\"https:\/\/www.blogsoestado.com\/danielmatos\/files\/2019\/02\/para-discursa-1024x684.jpg\"},{\"@type\":\"BreadcrumbList\",\"@id\":\"https:\/\/www.blogsoestado.com\/danielmatos\/para-figueiredo-afirma-que-exercera-mandato-visando-ao-desenvolvimento-do-maranhao\/#breadcrumb\",\"itemListElement\":[{\"@type\":\"ListItem\",\"position\":1,\"name\":\"In\u00edcio\",\"item\":\"https:\/\/www.blogsoestado.com\/danielmatos\/\"},{\"@type\":\"ListItem\",\"position\":2,\"name\":\"Par\u00e1 Figueiredo afirma que exercer\u00e1 mandato visando ao desenvolvimento do Maranh\u00e3o\"}]},{\"@type\":\"WebSite\",\"@id\":\"https:\/\/www.blogsoestado.com\/danielmatos\/#website\",\"url\":\"https:\/\/www.blogsoestado.com\/danielmatos\/\",\"name\":\"Daniel Matos\",\"description\":\"\",\"potentialAction\":[{\"@type\":\"SearchAction\",\"target\":{\"@type\":\"EntryPoint\",\"urlTemplate\":\"https:\/\/www.blogsoestado.com\/danielmatos\/?s={search_term_string}\"},\"query-input\":{\"@type\":\"PropertyValueSpecification\",\"valueRequired\":true,\"valueName\":\"search_term_string\"}}],\"inLanguage\":\"pt-BR\"}]}<\/script>\n<!-- \/ Yoast SEO plugin. -->","yoast_head_json":{"title":"Par\u00e1 Figueiredo afirma que exercer\u00e1 mandato visando ao desenvolvimento do Maranh\u00e3o - Daniel Matos","robots":{"index":"index","follow":"follow","max-snippet":"max-snippet:-1","max-image-preview":"max-image-preview:large","max-video-preview":"max-video-preview:-1"},"canonical":"https:\/\/www.blogsoestado.com\/danielmatos\/para-figueiredo-afirma-que-exercera-mandato-visando-ao-desenvolvimento-do-maranhao\/","og_locale":"pt_BR","og_type":"article","og_title":"Par\u00e1 Figueiredo afirma que exercer\u00e1 mandato visando ao desenvolvimento do Maranh\u00e3o - Daniel Matos","og_description":"Ao utilizar a tribuna pela primeira vez, nesta quarta-feira (13), o deputado Par\u00e1 Figueiredo (PSL) afirmou que exercer\u00e1 o mandato [&hellip;]","og_url":"https:\/\/www.blogsoestado.com\/danielmatos\/para-figueiredo-afirma-que-exercera-mandato-visando-ao-desenvolvimento-do-maranhao\/","og_site_name":"Daniel Matos","article_published_time":"2019-02-14T13:26:44+00:00","og_image":[{"url":"https:\/\/www.blogsoestado.com\/danielmatos\/files\/2019\/02\/para-discursa-1024x684.jpg","type":"","width":"","height":""}],"twitter_card":"summary_large_image","twitter_misc":{"Est. tempo de leitura":"2 minutos"},"schema":{"@context":"https:\/\/schema.org","@graph":[{"@type":"WebPage","@id":"https:\/\/www.blogsoestado.com\/danielmatos\/para-figueiredo-afirma-que-exercera-mandato-visando-ao-desenvolvimento-do-maranhao\/","url":"https:\/\/www.blogsoestado.com\/danielmatos\/para-figueiredo-afirma-que-exercera-mandato-visando-ao-desenvolvimento-do-maranhao\/","name":"Par\u00e1 Figueiredo afirma que exercer\u00e1 mandato visando ao desenvolvimento do Maranh\u00e3o - Daniel Matos","isPartOf":{"@id":"https:\/\/www.blogsoestado.com\/danielmatos\/#website"},"primaryImageOfPage":{"@id":"https:\/\/www.blogsoestado.com\/danielmatos\/para-figueiredo-afirma-que-exercera-mandato-visando-ao-desenvolvimento-do-maranhao\/#primaryimage"},"image":{"@id":"https:\/\/www.blogsoestado.com\/danielmatos\/para-figueiredo-afirma-que-exercera-mandato-visando-ao-desenvolvimento-do-maranhao\/#primaryimage"},"thumbnailUrl":"https:\/\/www.blogsoestado.com\/danielmatos\/files\/2019\/02\/para-discursa-1024x684.jpg","datePublished":"2019-02-14T13:26:44+00:00","author":{"@id":""},"breadcrumb":{"@id":"https:\/\/www.blogsoestado.com\/danielmatos\/para-figueiredo-afirma-que-exercera-mandato-visando-ao-desenvolvimento-do-maranhao\/#breadcrumb"},"inLanguage":"pt-BR","potentialAction":[{"@type":"ReadAction","target":["https:\/\/www.blogsoestado.com\/danielmatos\/para-figueiredo-afirma-que-exercera-mandato-visando-ao-desenvolvimento-do-maranhao\/"]}]},{"@type":"ImageObject","inLanguage":"pt-BR","@id":"https:\/\/www.blogsoestado.com\/danielmatos\/para-figueiredo-afirma-que-exercera-mandato-visando-ao-desenvolvimento-do-maranhao\/#primaryimage","url":"https:\/\/www.blogsoestado.com\/danielmatos\/files\/2019\/02\/para-discursa-1024x684.jpg","contentUrl":"https:\/\/www.blogsoestado.com\/danielmatos\/files\/2019\/02\/para-discursa-1024x684.jpg"},{"@type":"BreadcrumbList","@id":"https:\/\/www.blogsoestado.com\/danielmatos\/para-figueiredo-afirma-que-exercera-mandato-visando-ao-desenvolvimento-do-maranhao\/#breadcrumb","itemListElement":[{"@type":"ListItem","position":1,"name":"In\u00edcio","item":"https:\/\/www.blogsoestado.com\/danielmatos\/"},{"@type":"ListItem","position":2,"name":"Par\u00e1 Figueiredo afirma que exercer\u00e1 mandato visando ao desenvolvimento do Maranh\u00e3o"}]},{"@type":"WebSite","@id":"https:\/\/www.blogsoestado.com\/danielmatos\/#website","url":"https:\/\/www.blogsoestado.com\/danielmatos\/","name":"Daniel Matos","description":"","potentialAction":[{"@type":"SearchAction","target":{"@type":"EntryPoint","urlTemplate":"https:\/\/www.blogsoestado.com\/danielmatos\/?s={search_term_string}"},"query-input":{"@type":"PropertyValueSpecification","valueRequired":true,"valueName":"search_term_string"}}],"inLanguage":"pt-BR"}]}},"jetpack_featured_media_url":"","_links":{"self":[{"href":"https:\/\/www.blogsoestado.com\/danielmatos\/wp-json\/wp\/v2\/posts\/60353","targetHints":{"allow":["GET"]}}],"collection":[{"href":"https:\/\/www.blogsoestado.com\/danielmatos\/wp-json\/wp\/v2\/posts"}],"about":[{"href":"https:\/\/www.blogsoestado.com\/danielmatos\/wp-json\/wp\/v2\/types\/post"}],"replies":[{"embeddable":true,"href":"https:\/\/www.blogsoestado.com\/danielmatos\/wp-json\/wp\/v2\/comments?post=60353"}],"version-history":[{"count":0,"href":"https:\/\/www.blogsoestado.com\/danielmatos\/wp-json\/wp\/v2\/posts\/60353\/revisions"}],"wp:attachment":[{"href":"https:\/\/www.blogsoestado.com\/danielmatos\/wp-json\/wp\/v2\/media?parent=60353"}],"wp:term":[{"taxonomy":"category","embeddable":true,"href":"https:\/\/www.blogsoestado.com\/danielmatos\/wp-json\/wp\/v2\/categories?post=60353"},{"taxonomy":"post_tag","embeddable":true,"href":"https:\/\/www.blogsoestado.com\/danielmatos\/wp-json\/wp\/v2\/tags?post=60353"}],"curies":[{"name":"wp","href":"https:\/\/api.w.org\/{rel}","templated":true}]}}