{"id":60356,"date":"2019-02-14T12:16:29","date_gmt":"2019-02-14T15:16:29","guid":{"rendered":"https:\/\/www.blogsoestado.com\/danielmatos\/?p=60356"},"modified":"2019-02-14T12:16:29","modified_gmt":"2019-02-14T15:16:29","slug":"sangue-e-medo-na-orla","status":"publish","type":"post","link":"https:\/\/www.blogsoestado.com\/danielmatos\/sangue-e-medo-na-orla\/","title":{"rendered":"Sangue e medo na orla"},"content":{"rendered":"\n<div class=\"wp-block-image\"><figure class=\"alignleft is-resized\"><img fetchpriority=\"high\" decoding=\"async\" src=\"https:\/\/www.blogsoestado.com\/danielmatos\/files\/2019\/02\/morte-lito.jpg\" alt=\"\" class=\"wp-image-60357\" width=\"378\" height=\"503\"\/><figcaption>PM acionada para atender mais uma ocorr\u00eancia de homic\u00eddio na Avenida Litor\u00e2nea<\/figcaption><\/figure><\/div>\n\n\n\n<p>A divers\u00e3o noturna outrora garantida aos frequentadores da Avenida Litor\u00e2nea deu lugar \u00e0 sensa\u00e7\u00e3o de p\u00e2nico em raz\u00e3o da viol\u00eancia que assola um dos principais cart\u00f5es postais de S\u00e3o Lu\u00eds. Nos \u00faltimos tr\u00eas anos, foram registrados nada menos do que cinco homic\u00eddios na via, manchando de sangue um ambiente onde deveria imperar apenas o bem-estar proporcionado pelas pr\u00e1ticas saud\u00e1veis e pelas op\u00e7\u00f5es diversificadas de lazer dispon\u00edveis. O assassinato mais recente, que teve como v\u00edtima um jovem de 19 anos, ocorreu na noite da \u00faltima segunda-feira e sinalizou um clima ainda mais hostil. <\/p>\n\n\n\n<p>A divers\u00e3o noturna outrora garantida aos frequentadores da Avenida Litor\u00e2nea deu lugar \u00e0 sensa\u00e7\u00e3o de p\u00e2nico em raz\u00e3o da viol\u00eancia que assola um dos principais cart\u00f5es postais de S\u00e3o Lu\u00eds. Nos \u00faltimos tr\u00eas anos, foram registrados nada menos do que cinco homic\u00eddios na via, manchando de sangue um ambiente onde deveria imperar apenas o bem-estar proporcionado pelas pr\u00e1ticas saud\u00e1veis e pelas op\u00e7\u00f5es diversificadas de lazer dispon\u00edveis. O assassinato mais recente, que teve como v\u00edtima um jovem de 19 anos, ocorreu na noite da \u00faltima segunda-feira e sinalizou um clima ainda mais hostil. <\/p>\n\n\n\n<p>Com a frequ\u00eancia de p\u00fablico em baixa devido \u00e0 amea\u00e7a constante da inseguran\u00e7a, um n\u00famero crescente de donos bares da orla aboliu o turno noturno da rotina. Al\u00e9m de constatarem que o trabalho nesse hor\u00e1rio n\u00e3o compensa o sacrif\u00edcio em termos f\u00edsicos e financeiros, os empres\u00e1rios do ramo sentem-se intimidados, tamanha a exposi\u00e7\u00e3o \u00e0 viol\u00eancia.<\/p>\n\n\n\n<p>\u00c9 cada vez mais comum pretensos clientes serem surpreendidos logo ao anoitecer com a falta de alternativa para curtir um bom happy hour. Muitos bares da orla que antes funcionavam sem limite de hor\u00e1rio para fechar as portas j\u00e1 n\u00e3o atendem mais ap\u00f3s as 18h, reflexo da criminalidade, que n\u00e3o afeta s\u00f3 o entretenimento, mas todo o movimento no extenso trecho formado pelas praias de S\u00e3o Marcos (ou Marcela, para muitos), Calhau e Caolho.<\/p>\n\n\n\n<p>O litoral da capital, apesar de toda a urbaniza\u00e7\u00e3o que experimenta desde o in\u00edcio da d\u00e9cada de 90, j\u00e1 n\u00e3o \u00e9 mais t\u00e3o atrativo, embora seja dotado de equipamentos urbanos dignos do melhor lazer, como quiosques, cal\u00e7ad\u00e3o e vagas de estacionamento, al\u00e9m de gastronomia e bebidas diversificadas e agrad\u00e1veis aos paladares mais exigentes. \u00c0 procura de v\u00edtimas, bandidos interferem prejudicialmente  nos h\u00e1bitos cultivados no local. Quem decide mant\u00ea-los, o faz movido por extrema coragem, j\u00e1 que os malfeitores est\u00e3o sempre \u00e0 espreita, tornando o risco de furtos, assaltos e at\u00e9 de assassinatos cada vez mais real.  <\/p>\n\n\n\n<p>A estrutura por si s\u00f3 deixou de ser motiva\u00e7\u00e3o \u00fanica para a escolha da orla como point de divers\u00e3o, ou mesmo de um singelo bate-papo regado a chopp gelado e ao sabor de uma caranguejada, por exemplo. Sejam moradores de S\u00e3o Lu\u00eds, sejam turistas, os frequentadores buscam algo al\u00e9m dos atrativos \u00e0 disposi\u00e7\u00e3o. Querem seguran\u00e7a, um direito que o Estado tem se mostrado incapaz de garantir. <\/p>\n\n\n\n<p>O policiamento ostensivo em um ambiente que gera volume significativo de emprego e renda deve ser prioridade para qualquer governante. Se o descaso persistir, mais bares fechar\u00e3o em pleno hor\u00e1rio prop\u00edcio ao atendimento, extinguindo postos de trabalho e reduzindo drasticamente a capacidade financeira de um setor que reverte boa parte do seu faturamento em tributos aos cofres do Estado.<\/p>\n\n\n\n<p><strong>Editorial publicado nesta quinta-feira em <a href=\"http:\/\/www.oestadoma.com.br\">O Estado do Maranh\u00e3o<\/a><\/strong><\/p>\n","protected":false},"excerpt":{"rendered":"<p>A divers\u00e3o noturna outrora garantida aos frequentadores da Avenida Litor\u00e2nea deu lugar \u00e0 sensa\u00e7\u00e3o de p\u00e2nico em raz\u00e3o da viol\u00eancia [&hellip;]<\/p>\n","protected":false},"author":0,"featured_media":0,"comment_status":"open","ping_status":"open","sticky":false,"template":"","format":"standard","meta":{"site-sidebar-layout":"default","site-content-layout":"","ast-site-content-layout":"default","site-content-style":"default","site-sidebar-style":"default","ast-global-header-display":"","ast-banner-title-visibility":"","ast-main-header-display":"","ast-hfb-above-header-display":"","ast-hfb-below-header-display":"","ast-hfb-mobile-header-display":"","site-post-title":"","ast-breadcrumbs-content":"","ast-featured-img":"","footer-sml-layout":"","ast-disable-related-posts":"","theme-transparent-header-meta":"","adv-header-id-meta":"","stick-header-meta":"","header-above-stick-meta":"","header-main-stick-meta":"","header-below-stick-meta":"","astra-migrate-meta-layouts":"default","ast-page-background-enabled":"default","ast-page-background-meta":{"desktop":{"background-color":"var(--ast-global-color-5)","background-image":"","background-repeat":"repeat","background-position":"center center","background-size":"auto","background-attachment":"scroll","background-type":"","background-media":"","overlay-type":"","overlay-color":"","overlay-opacity":"","overlay-gradient":""},"tablet":{"background-color":"","background-image":"","background-repeat":"repeat","background-position":"center center","background-size":"auto","background-attachment":"scroll","background-type":"","background-media":"","overlay-type":"","overlay-color":"","overlay-opacity":"","overlay-gradient":""},"mobile":{"background-color":"","background-image":"","background-repeat":"repeat","background-position":"center center","background-size":"auto","background-attachment":"scroll","background-type":"","background-media":"","overlay-type":"","overlay-color":"","overlay-opacity":"","overlay-gradient":""}},"ast-content-background-meta":{"desktop":{"background-color":"var(--ast-global-color-4)","background-image":"","background-repeat":"repeat","background-position":"center center","background-size":"auto","background-attachment":"scroll","background-type":"","background-media":"","overlay-type":"","overlay-color":"","overlay-opacity":"","overlay-gradient":""},"tablet":{"background-color":"var(--ast-global-color-4)","background-image":"","background-repeat":"repeat","background-position":"center center","background-size":"auto","background-attachment":"scroll","background-type":"","background-media":"","overlay-type":"","overlay-color":"","overlay-opacity":"","overlay-gradient":""},"mobile":{"background-color":"var(--ast-global-color-4)","background-image":"","background-repeat":"repeat","background-position":"center center","background-size":"auto","background-attachment":"scroll","background-type":"","background-media":"","overlay-type":"","overlay-color":"","overlay-opacity":"","overlay-gradient":""}},"footnotes":""},"categories":[1],"tags":[],"class_list":["post-60356","post","type-post","status-publish","format-standard","hentry","category-sem-categoria"],"yoast_head":"<!-- This site is optimized with the Yoast SEO plugin v26.6 - https:\/\/yoast.com\/wordpress\/plugins\/seo\/ -->\n<title>Sangue e medo na orla - Daniel Matos<\/title>\n<meta name=\"robots\" content=\"index, follow, max-snippet:-1, max-image-preview:large, max-video-preview:-1\" \/>\n<link rel=\"canonical\" href=\"https:\/\/www.blogsoestado.com\/danielmatos\/sangue-e-medo-na-orla\/\" \/>\n<meta property=\"og:locale\" content=\"pt_BR\" \/>\n<meta property=\"og:type\" content=\"article\" \/>\n<meta property=\"og:title\" content=\"Sangue e medo na orla - Daniel Matos\" \/>\n<meta property=\"og:description\" content=\"A divers\u00e3o noturna outrora garantida aos frequentadores da Avenida Litor\u00e2nea deu lugar \u00e0 sensa\u00e7\u00e3o de p\u00e2nico em raz\u00e3o da viol\u00eancia [&hellip;]\" \/>\n<meta property=\"og:url\" content=\"https:\/\/www.blogsoestado.com\/danielmatos\/sangue-e-medo-na-orla\/\" \/>\n<meta property=\"og:site_name\" content=\"Daniel Matos\" \/>\n<meta property=\"article:published_time\" content=\"2019-02-14T15:16:29+00:00\" \/>\n<meta property=\"og:image\" content=\"https:\/\/www.blogsoestado.com\/danielmatos\/files\/2019\/02\/morte-lito.jpg\" \/>\n<meta name=\"twitter:card\" content=\"summary_large_image\" \/>\n<meta name=\"twitter:label1\" content=\"Est. tempo de leitura\" \/>\n\t<meta name=\"twitter:data1\" content=\"3 minutos\" \/>\n<script type=\"application\/ld+json\" class=\"yoast-schema-graph\">{\"@context\":\"https:\/\/schema.org\",\"@graph\":[{\"@type\":\"WebPage\",\"@id\":\"https:\/\/www.blogsoestado.com\/danielmatos\/sangue-e-medo-na-orla\/\",\"url\":\"https:\/\/www.blogsoestado.com\/danielmatos\/sangue-e-medo-na-orla\/\",\"name\":\"Sangue e medo na orla - Daniel Matos\",\"isPartOf\":{\"@id\":\"https:\/\/www.blogsoestado.com\/danielmatos\/#website\"},\"primaryImageOfPage\":{\"@id\":\"https:\/\/www.blogsoestado.com\/danielmatos\/sangue-e-medo-na-orla\/#primaryimage\"},\"image\":{\"@id\":\"https:\/\/www.blogsoestado.com\/danielmatos\/sangue-e-medo-na-orla\/#primaryimage\"},\"thumbnailUrl\":\"https:\/\/www.blogsoestado.com\/danielmatos\/files\/2019\/02\/morte-lito.jpg\",\"datePublished\":\"2019-02-14T15:16:29+00:00\",\"author\":{\"@id\":\"\"},\"breadcrumb\":{\"@id\":\"https:\/\/www.blogsoestado.com\/danielmatos\/sangue-e-medo-na-orla\/#breadcrumb\"},\"inLanguage\":\"pt-BR\",\"potentialAction\":[{\"@type\":\"ReadAction\",\"target\":[\"https:\/\/www.blogsoestado.com\/danielmatos\/sangue-e-medo-na-orla\/\"]}]},{\"@type\":\"ImageObject\",\"inLanguage\":\"pt-BR\",\"@id\":\"https:\/\/www.blogsoestado.com\/danielmatos\/sangue-e-medo-na-orla\/#primaryimage\",\"url\":\"https:\/\/www.blogsoestado.com\/danielmatos\/files\/2019\/02\/morte-lito.jpg\",\"contentUrl\":\"https:\/\/www.blogsoestado.com\/danielmatos\/files\/2019\/02\/morte-lito.jpg\"},{\"@type\":\"BreadcrumbList\",\"@id\":\"https:\/\/www.blogsoestado.com\/danielmatos\/sangue-e-medo-na-orla\/#breadcrumb\",\"itemListElement\":[{\"@type\":\"ListItem\",\"position\":1,\"name\":\"In\u00edcio\",\"item\":\"https:\/\/www.blogsoestado.com\/danielmatos\/\"},{\"@type\":\"ListItem\",\"position\":2,\"name\":\"Sangue e medo na orla\"}]},{\"@type\":\"WebSite\",\"@id\":\"https:\/\/www.blogsoestado.com\/danielmatos\/#website\",\"url\":\"https:\/\/www.blogsoestado.com\/danielmatos\/\",\"name\":\"Daniel Matos\",\"description\":\"\",\"potentialAction\":[{\"@type\":\"SearchAction\",\"target\":{\"@type\":\"EntryPoint\",\"urlTemplate\":\"https:\/\/www.blogsoestado.com\/danielmatos\/?s={search_term_string}\"},\"query-input\":{\"@type\":\"PropertyValueSpecification\",\"valueRequired\":true,\"valueName\":\"search_term_string\"}}],\"inLanguage\":\"pt-BR\"}]}<\/script>\n<!-- \/ Yoast SEO plugin. -->","yoast_head_json":{"title":"Sangue e medo na orla - Daniel Matos","robots":{"index":"index","follow":"follow","max-snippet":"max-snippet:-1","max-image-preview":"max-image-preview:large","max-video-preview":"max-video-preview:-1"},"canonical":"https:\/\/www.blogsoestado.com\/danielmatos\/sangue-e-medo-na-orla\/","og_locale":"pt_BR","og_type":"article","og_title":"Sangue e medo na orla - Daniel Matos","og_description":"A divers\u00e3o noturna outrora garantida aos frequentadores da Avenida Litor\u00e2nea deu lugar \u00e0 sensa\u00e7\u00e3o de p\u00e2nico em raz\u00e3o da viol\u00eancia [&hellip;]","og_url":"https:\/\/www.blogsoestado.com\/danielmatos\/sangue-e-medo-na-orla\/","og_site_name":"Daniel Matos","article_published_time":"2019-02-14T15:16:29+00:00","og_image":[{"url":"https:\/\/www.blogsoestado.com\/danielmatos\/files\/2019\/02\/morte-lito.jpg","type":"","width":"","height":""}],"twitter_card":"summary_large_image","twitter_misc":{"Est. tempo de leitura":"3 minutos"},"schema":{"@context":"https:\/\/schema.org","@graph":[{"@type":"WebPage","@id":"https:\/\/www.blogsoestado.com\/danielmatos\/sangue-e-medo-na-orla\/","url":"https:\/\/www.blogsoestado.com\/danielmatos\/sangue-e-medo-na-orla\/","name":"Sangue e medo na orla - Daniel Matos","isPartOf":{"@id":"https:\/\/www.blogsoestado.com\/danielmatos\/#website"},"primaryImageOfPage":{"@id":"https:\/\/www.blogsoestado.com\/danielmatos\/sangue-e-medo-na-orla\/#primaryimage"},"image":{"@id":"https:\/\/www.blogsoestado.com\/danielmatos\/sangue-e-medo-na-orla\/#primaryimage"},"thumbnailUrl":"https:\/\/www.blogsoestado.com\/danielmatos\/files\/2019\/02\/morte-lito.jpg","datePublished":"2019-02-14T15:16:29+00:00","author":{"@id":""},"breadcrumb":{"@id":"https:\/\/www.blogsoestado.com\/danielmatos\/sangue-e-medo-na-orla\/#breadcrumb"},"inLanguage":"pt-BR","potentialAction":[{"@type":"ReadAction","target":["https:\/\/www.blogsoestado.com\/danielmatos\/sangue-e-medo-na-orla\/"]}]},{"@type":"ImageObject","inLanguage":"pt-BR","@id":"https:\/\/www.blogsoestado.com\/danielmatos\/sangue-e-medo-na-orla\/#primaryimage","url":"https:\/\/www.blogsoestado.com\/danielmatos\/files\/2019\/02\/morte-lito.jpg","contentUrl":"https:\/\/www.blogsoestado.com\/danielmatos\/files\/2019\/02\/morte-lito.jpg"},{"@type":"BreadcrumbList","@id":"https:\/\/www.blogsoestado.com\/danielmatos\/sangue-e-medo-na-orla\/#breadcrumb","itemListElement":[{"@type":"ListItem","position":1,"name":"In\u00edcio","item":"https:\/\/www.blogsoestado.com\/danielmatos\/"},{"@type":"ListItem","position":2,"name":"Sangue e medo na orla"}]},{"@type":"WebSite","@id":"https:\/\/www.blogsoestado.com\/danielmatos\/#website","url":"https:\/\/www.blogsoestado.com\/danielmatos\/","name":"Daniel Matos","description":"","potentialAction":[{"@type":"SearchAction","target":{"@type":"EntryPoint","urlTemplate":"https:\/\/www.blogsoestado.com\/danielmatos\/?s={search_term_string}"},"query-input":{"@type":"PropertyValueSpecification","valueRequired":true,"valueName":"search_term_string"}}],"inLanguage":"pt-BR"}]}},"jetpack_featured_media_url":"","_links":{"self":[{"href":"https:\/\/www.blogsoestado.com\/danielmatos\/wp-json\/wp\/v2\/posts\/60356","targetHints":{"allow":["GET"]}}],"collection":[{"href":"https:\/\/www.blogsoestado.com\/danielmatos\/wp-json\/wp\/v2\/posts"}],"about":[{"href":"https:\/\/www.blogsoestado.com\/danielmatos\/wp-json\/wp\/v2\/types\/post"}],"replies":[{"embeddable":true,"href":"https:\/\/www.blogsoestado.com\/danielmatos\/wp-json\/wp\/v2\/comments?post=60356"}],"version-history":[{"count":0,"href":"https:\/\/www.blogsoestado.com\/danielmatos\/wp-json\/wp\/v2\/posts\/60356\/revisions"}],"wp:attachment":[{"href":"https:\/\/www.blogsoestado.com\/danielmatos\/wp-json\/wp\/v2\/media?parent=60356"}],"wp:term":[{"taxonomy":"category","embeddable":true,"href":"https:\/\/www.blogsoestado.com\/danielmatos\/wp-json\/wp\/v2\/categories?post=60356"},{"taxonomy":"post_tag","embeddable":true,"href":"https:\/\/www.blogsoestado.com\/danielmatos\/wp-json\/wp\/v2\/tags?post=60356"}],"curies":[{"name":"wp","href":"https:\/\/api.w.org\/{rel}","templated":true}]}}