{"id":60359,"date":"2019-02-14T15:25:06","date_gmt":"2019-02-14T18:25:06","guid":{"rendered":"https:\/\/www.blogsoestado.com\/danielmatos\/?p=60359"},"modified":"2019-02-14T15:25:06","modified_gmt":"2019-02-14T18:25:06","slug":"deputado-wellington-defende-agentes-comunitarios-de-saude-e-aciona-ministerio-publico-para-obrigar-flavio-dino-a-cumprir-a-lei","status":"publish","type":"post","link":"https:\/\/www.blogsoestado.com\/danielmatos\/deputado-wellington-defende-agentes-comunitarios-de-saude-e-aciona-ministerio-publico-para-obrigar-flavio-dino-a-cumprir-a-lei\/","title":{"rendered":"Deputado Wellington defende agentes comunit\u00e1rios de sa\u00fade e aciona Minist\u00e9rio P\u00fablico para obrigar Fl\u00e1vio Dino a cumprir a lei"},"content":{"rendered":"\n<figure class=\"wp-block-image\"><img decoding=\"async\" src=\"https:\/\/www.blogsoestado.com\/danielmatos\/files\/2019\/02\/w-agentes-comunitarios-1024x768.jpg\" alt=\"\" class=\"wp-image-60360\"\/><figcaption> <br>Ap\u00f3s ouvir as solicita\u00e7\u00f5es dos agentes comunit\u00e1rios, o deputado Wellington ofereceu representa\u00e7\u00e3o ao Minist\u00e9rio P\u00fablico e \u00e0 OAB para que adotem as devidas provid\u00eancias <\/figcaption><\/figure>\n\n\n\n<p>O deputado estadual Wellington do Curso se reuniu, na Assembleia Legislativa do Maranh\u00e3o, com varios agentes comunit\u00e1rios de sa\u00fade, que foram at\u00e9 ao Parlamento como forma de manifesta\u00e7\u00e3o para que o governador Fl\u00e1vio Dino respeite a categoria. A principal demanda \u00e9 para que haja o cumprimento da Lei Estadual n\u00ba 10.583\/2017, para implanta\u00e7\u00e3o da Pol\u00edtica Estadual de Cofinanciamento da Aten\u00e7\u00e3o Prim\u00e1ria em Sa\u00fade do Estado do Maranh\u00e3o (Pecaps).<\/p>\n\n\n\n<p>Na ocasi\u00e3o, os agentes comunit\u00e1rios expuseram suas experi\u00eancias e disseram que, atualmente, se sentem enganados pelo governador.<\/p>\n\n\n\n<p>\u201cAno passado, o governador nos chamou para uma conversa. Editou uma Medida Provis\u00f3ria que adequava a Lei \u00e0 nossa realidade, suspendendo a exigibilidade do prontu\u00e1rio eletr\u00f4nico  como obten\u00e7\u00e3o para o incentivo financeiro de at\u00e9 10%. Ele fez isso porque sabia que era imposs\u00edvel atender a todos os requisitos. O tempo passou e a medida provis\u00f3ria n\u00e3o foi transformada em lei. Agora, aqui estamos: enganados e sem ter acesso ao que nos \u00e9 de direito\u201d, desabafou uma das agentes de sa\u00fade presentes na audi\u00eancia.<\/p>\n\n\n\n<p>Ap\u00f3s ouvir as solicita\u00e7\u00f5es dos agentes comunit\u00e1rios, o deputado Wellington ofereceu representa\u00e7\u00e3o ao Minist\u00e9rio P\u00fablico e \u00e0 OAB para que adotem as devidas provid\u00eancias quanto ao descumprimento da Lei Estadual e, ainda, quando \u00e0 n\u00e3o adequa\u00e7\u00e3o da legisla\u00e7\u00e3o \u00e0 realidade social do estado.<\/p>\n\n\n\n<p>\u201dExistem exig\u00eancias legais que n\u00e3o t\u00eam sido atendidas junto aos munic\u00edpios e que, com a atual infraestrutura, nem tem como ser atendidas. Como consequ\u00eancia, Fl\u00e1vio Dino, com o seu legalismo descontrolado, prejudica os agentes comunit\u00e1rios de sa\u00fade com a n\u00e3o concess\u00e3o de, pelo menos, 10% de incentivo financeiro. N\u00e3o \u00e9 favor. \u00c9 previsto em Lei. Encaminhamos os fatos aqui barrados ao Minist\u00e9rio P\u00fablico para que adote as devidas provid\u00eancias. N\u00e3o adianta, em coisa alguma, ter uma legisla\u00e7\u00e3o que n\u00e3o \u00e9 adequada \u00e0 realidade social. O governador sabe disso. Tanto \u00e9 que em 2018 ele suspendeu uma dessas exig\u00eancias para que os agentes em todo Maranh\u00e3o pudessem receber essa gratifica\u00e7\u00e3o a partir de mar\u00e7o. Agora, tenta usar a Lei para prejudicar a categoria. Estamos nessa luta. Contem comigo, agentes comunit\u00e1rios de sa\u00fade do Maranh\u00e3o \u201c, disse Wellington.<\/p>\n","protected":false},"excerpt":{"rendered":"<p>O deputado estadual Wellington do Curso se reuniu, na Assembleia Legislativa do Maranh\u00e3o, com varios agentes comunit\u00e1rios de sa\u00fade, que [&hellip;]<\/p>\n","protected":false},"author":0,"featured_media":0,"comment_status":"open","ping_status":"open","sticky":false,"template":"","format":"standard","meta":{"site-sidebar-layout":"default","site-content-layout":"","ast-site-content-layout":"default","site-content-style":"default","site-sidebar-style":"default","ast-global-header-display":"","ast-banner-title-visibility":"","ast-main-header-display":"","ast-hfb-above-header-display":"","ast-hfb-below-header-display":"","ast-hfb-mobile-header-display":"","site-post-title":"","ast-breadcrumbs-content":"","ast-featured-img":"","footer-sml-layout":"","ast-disable-related-posts":"","theme-transparent-header-meta":"","adv-header-id-meta":"","stick-header-meta":"","header-above-stick-meta":"","header-main-stick-meta":"","header-below-stick-meta":"","astra-migrate-meta-layouts":"default","ast-page-background-enabled":"default","ast-page-background-meta":{"desktop":{"background-color":"var(--ast-global-color-5)","background-image":"","background-repeat":"repeat","background-position":"center center","background-size":"auto","background-attachment":"scroll","background-type":"","background-media":"","overlay-type":"","overlay-color":"","overlay-opacity":"","overlay-gradient":""},"tablet":{"background-color":"","background-image":"","background-repeat":"repeat","background-position":"center center","background-size":"auto","background-attachment":"scroll","background-type":"","background-media":"","overlay-type":"","overlay-color":"","overlay-opacity":"","overlay-gradient":""},"mobile":{"background-color":"","background-image":"","background-repeat":"repeat","background-position":"center center","background-size":"auto","background-attachment":"scroll","background-type":"","background-media":"","overlay-type":"","overlay-color":"","overlay-opacity":"","overlay-gradient":""}},"ast-content-background-meta":{"desktop":{"background-color":"var(--ast-global-color-4)","background-image":"","background-repeat":"repeat","background-position":"center center","background-size":"auto","background-attachment":"scroll","background-type":"","background-media":"","overlay-type":"","overlay-color":"","overlay-opacity":"","overlay-gradient":""},"tablet":{"background-color":"var(--ast-global-color-4)","background-image":"","background-repeat":"repeat","background-position":"center center","background-size":"auto","background-attachment":"scroll","background-type":"","background-media":"","overlay-type":"","overlay-color":"","overlay-opacity":"","overlay-gradient":""},"mobile":{"background-color":"var(--ast-global-color-4)","background-image":"","background-repeat":"repeat","background-position":"center center","background-size":"auto","background-attachment":"scroll","background-type":"","background-media":"","overlay-type":"","overlay-color":"","overlay-opacity":"","overlay-gradient":""}},"footnotes":""},"categories":[1],"tags":[],"class_list":["post-60359","post","type-post","status-publish","format-standard","hentry","category-sem-categoria"],"yoast_head":"<!-- This site is optimized with the Yoast SEO plugin v26.6 - https:\/\/yoast.com\/wordpress\/plugins\/seo\/ -->\n<title>Deputado Wellington defende agentes comunit\u00e1rios de sa\u00fade e aciona Minist\u00e9rio P\u00fablico para obrigar Fl\u00e1vio Dino a cumprir a lei - Daniel Matos<\/title>\n<meta name=\"robots\" content=\"index, follow, max-snippet:-1, max-image-preview:large, max-video-preview:-1\" \/>\n<link rel=\"canonical\" href=\"https:\/\/www.blogsoestado.com\/danielmatos\/deputado-wellington-defende-agentes-comunitarios-de-saude-e-aciona-ministerio-publico-para-obrigar-flavio-dino-a-cumprir-a-lei\/\" \/>\n<meta property=\"og:locale\" content=\"pt_BR\" \/>\n<meta property=\"og:type\" content=\"article\" \/>\n<meta property=\"og:title\" content=\"Deputado Wellington defende agentes comunit\u00e1rios de sa\u00fade e aciona Minist\u00e9rio P\u00fablico para obrigar Fl\u00e1vio Dino a cumprir a lei - Daniel Matos\" \/>\n<meta property=\"og:description\" content=\"O deputado estadual Wellington do Curso se reuniu, na Assembleia Legislativa do Maranh\u00e3o, com varios agentes comunit\u00e1rios de sa\u00fade, que [&hellip;]\" \/>\n<meta property=\"og:url\" content=\"https:\/\/www.blogsoestado.com\/danielmatos\/deputado-wellington-defende-agentes-comunitarios-de-saude-e-aciona-ministerio-publico-para-obrigar-flavio-dino-a-cumprir-a-lei\/\" \/>\n<meta property=\"og:site_name\" content=\"Daniel Matos\" \/>\n<meta property=\"article:published_time\" content=\"2019-02-14T18:25:06+00:00\" \/>\n<meta property=\"og:image\" content=\"https:\/\/www.blogsoestado.com\/danielmatos\/files\/2019\/02\/w-agentes-comunitarios-1024x768.jpg\" \/>\n<meta name=\"twitter:card\" content=\"summary_large_image\" \/>\n<meta name=\"twitter:label1\" content=\"Est. tempo de leitura\" \/>\n\t<meta name=\"twitter:data1\" content=\"2 minutos\" \/>\n<script type=\"application\/ld+json\" class=\"yoast-schema-graph\">{\"@context\":\"https:\/\/schema.org\",\"@graph\":[{\"@type\":\"WebPage\",\"@id\":\"https:\/\/www.blogsoestado.com\/danielmatos\/deputado-wellington-defende-agentes-comunitarios-de-saude-e-aciona-ministerio-publico-para-obrigar-flavio-dino-a-cumprir-a-lei\/\",\"url\":\"https:\/\/www.blogsoestado.com\/danielmatos\/deputado-wellington-defende-agentes-comunitarios-de-saude-e-aciona-ministerio-publico-para-obrigar-flavio-dino-a-cumprir-a-lei\/\",\"name\":\"Deputado Wellington defende agentes comunit\u00e1rios de sa\u00fade e aciona Minist\u00e9rio P\u00fablico para obrigar Fl\u00e1vio Dino a cumprir a lei - Daniel Matos\",\"isPartOf\":{\"@id\":\"https:\/\/www.blogsoestado.com\/danielmatos\/#website\"},\"primaryImageOfPage\":{\"@id\":\"https:\/\/www.blogsoestado.com\/danielmatos\/deputado-wellington-defende-agentes-comunitarios-de-saude-e-aciona-ministerio-publico-para-obrigar-flavio-dino-a-cumprir-a-lei\/#primaryimage\"},\"image\":{\"@id\":\"https:\/\/www.blogsoestado.com\/danielmatos\/deputado-wellington-defende-agentes-comunitarios-de-saude-e-aciona-ministerio-publico-para-obrigar-flavio-dino-a-cumprir-a-lei\/#primaryimage\"},\"thumbnailUrl\":\"https:\/\/www.blogsoestado.com\/danielmatos\/files\/2019\/02\/w-agentes-comunitarios-1024x768.jpg\",\"datePublished\":\"2019-02-14T18:25:06+00:00\",\"author\":{\"@id\":\"\"},\"breadcrumb\":{\"@id\":\"https:\/\/www.blogsoestado.com\/danielmatos\/deputado-wellington-defende-agentes-comunitarios-de-saude-e-aciona-ministerio-publico-para-obrigar-flavio-dino-a-cumprir-a-lei\/#breadcrumb\"},\"inLanguage\":\"pt-BR\",\"potentialAction\":[{\"@type\":\"ReadAction\",\"target\":[\"https:\/\/www.blogsoestado.com\/danielmatos\/deputado-wellington-defende-agentes-comunitarios-de-saude-e-aciona-ministerio-publico-para-obrigar-flavio-dino-a-cumprir-a-lei\/\"]}]},{\"@type\":\"ImageObject\",\"inLanguage\":\"pt-BR\",\"@id\":\"https:\/\/www.blogsoestado.com\/danielmatos\/deputado-wellington-defende-agentes-comunitarios-de-saude-e-aciona-ministerio-publico-para-obrigar-flavio-dino-a-cumprir-a-lei\/#primaryimage\",\"url\":\"https:\/\/www.blogsoestado.com\/danielmatos\/files\/2019\/02\/w-agentes-comunitarios-1024x768.jpg\",\"contentUrl\":\"https:\/\/www.blogsoestado.com\/danielmatos\/files\/2019\/02\/w-agentes-comunitarios-1024x768.jpg\"},{\"@type\":\"BreadcrumbList\",\"@id\":\"https:\/\/www.blogsoestado.com\/danielmatos\/deputado-wellington-defende-agentes-comunitarios-de-saude-e-aciona-ministerio-publico-para-obrigar-flavio-dino-a-cumprir-a-lei\/#breadcrumb\",\"itemListElement\":[{\"@type\":\"ListItem\",\"position\":1,\"name\":\"In\u00edcio\",\"item\":\"https:\/\/www.blogsoestado.com\/danielmatos\/\"},{\"@type\":\"ListItem\",\"position\":2,\"name\":\"Deputado Wellington defende agentes comunit\u00e1rios de sa\u00fade e aciona Minist\u00e9rio P\u00fablico para obrigar Fl\u00e1vio Dino a cumprir a lei\"}]},{\"@type\":\"WebSite\",\"@id\":\"https:\/\/www.blogsoestado.com\/danielmatos\/#website\",\"url\":\"https:\/\/www.blogsoestado.com\/danielmatos\/\",\"name\":\"Daniel Matos\",\"description\":\"\",\"potentialAction\":[{\"@type\":\"SearchAction\",\"target\":{\"@type\":\"EntryPoint\",\"urlTemplate\":\"https:\/\/www.blogsoestado.com\/danielmatos\/?s={search_term_string}\"},\"query-input\":{\"@type\":\"PropertyValueSpecification\",\"valueRequired\":true,\"valueName\":\"search_term_string\"}}],\"inLanguage\":\"pt-BR\"}]}<\/script>\n<!-- \/ Yoast SEO plugin. -->","yoast_head_json":{"title":"Deputado Wellington defende agentes comunit\u00e1rios de sa\u00fade e aciona Minist\u00e9rio P\u00fablico para obrigar Fl\u00e1vio Dino a cumprir a lei - Daniel Matos","robots":{"index":"index","follow":"follow","max-snippet":"max-snippet:-1","max-image-preview":"max-image-preview:large","max-video-preview":"max-video-preview:-1"},"canonical":"https:\/\/www.blogsoestado.com\/danielmatos\/deputado-wellington-defende-agentes-comunitarios-de-saude-e-aciona-ministerio-publico-para-obrigar-flavio-dino-a-cumprir-a-lei\/","og_locale":"pt_BR","og_type":"article","og_title":"Deputado Wellington defende agentes comunit\u00e1rios de sa\u00fade e aciona Minist\u00e9rio P\u00fablico para obrigar Fl\u00e1vio Dino a cumprir a lei - Daniel Matos","og_description":"O deputado estadual Wellington do Curso se reuniu, na Assembleia Legislativa do Maranh\u00e3o, com varios agentes comunit\u00e1rios de sa\u00fade, que [&hellip;]","og_url":"https:\/\/www.blogsoestado.com\/danielmatos\/deputado-wellington-defende-agentes-comunitarios-de-saude-e-aciona-ministerio-publico-para-obrigar-flavio-dino-a-cumprir-a-lei\/","og_site_name":"Daniel Matos","article_published_time":"2019-02-14T18:25:06+00:00","og_image":[{"url":"https:\/\/www.blogsoestado.com\/danielmatos\/files\/2019\/02\/w-agentes-comunitarios-1024x768.jpg","type":"","width":"","height":""}],"twitter_card":"summary_large_image","twitter_misc":{"Est. tempo de leitura":"2 minutos"},"schema":{"@context":"https:\/\/schema.org","@graph":[{"@type":"WebPage","@id":"https:\/\/www.blogsoestado.com\/danielmatos\/deputado-wellington-defende-agentes-comunitarios-de-saude-e-aciona-ministerio-publico-para-obrigar-flavio-dino-a-cumprir-a-lei\/","url":"https:\/\/www.blogsoestado.com\/danielmatos\/deputado-wellington-defende-agentes-comunitarios-de-saude-e-aciona-ministerio-publico-para-obrigar-flavio-dino-a-cumprir-a-lei\/","name":"Deputado Wellington defende agentes comunit\u00e1rios de sa\u00fade e aciona Minist\u00e9rio P\u00fablico para obrigar Fl\u00e1vio Dino a cumprir a lei - Daniel Matos","isPartOf":{"@id":"https:\/\/www.blogsoestado.com\/danielmatos\/#website"},"primaryImageOfPage":{"@id":"https:\/\/www.blogsoestado.com\/danielmatos\/deputado-wellington-defende-agentes-comunitarios-de-saude-e-aciona-ministerio-publico-para-obrigar-flavio-dino-a-cumprir-a-lei\/#primaryimage"},"image":{"@id":"https:\/\/www.blogsoestado.com\/danielmatos\/deputado-wellington-defende-agentes-comunitarios-de-saude-e-aciona-ministerio-publico-para-obrigar-flavio-dino-a-cumprir-a-lei\/#primaryimage"},"thumbnailUrl":"https:\/\/www.blogsoestado.com\/danielmatos\/files\/2019\/02\/w-agentes-comunitarios-1024x768.jpg","datePublished":"2019-02-14T18:25:06+00:00","author":{"@id":""},"breadcrumb":{"@id":"https:\/\/www.blogsoestado.com\/danielmatos\/deputado-wellington-defende-agentes-comunitarios-de-saude-e-aciona-ministerio-publico-para-obrigar-flavio-dino-a-cumprir-a-lei\/#breadcrumb"},"inLanguage":"pt-BR","potentialAction":[{"@type":"ReadAction","target":["https:\/\/www.blogsoestado.com\/danielmatos\/deputado-wellington-defende-agentes-comunitarios-de-saude-e-aciona-ministerio-publico-para-obrigar-flavio-dino-a-cumprir-a-lei\/"]}]},{"@type":"ImageObject","inLanguage":"pt-BR","@id":"https:\/\/www.blogsoestado.com\/danielmatos\/deputado-wellington-defende-agentes-comunitarios-de-saude-e-aciona-ministerio-publico-para-obrigar-flavio-dino-a-cumprir-a-lei\/#primaryimage","url":"https:\/\/www.blogsoestado.com\/danielmatos\/files\/2019\/02\/w-agentes-comunitarios-1024x768.jpg","contentUrl":"https:\/\/www.blogsoestado.com\/danielmatos\/files\/2019\/02\/w-agentes-comunitarios-1024x768.jpg"},{"@type":"BreadcrumbList","@id":"https:\/\/www.blogsoestado.com\/danielmatos\/deputado-wellington-defende-agentes-comunitarios-de-saude-e-aciona-ministerio-publico-para-obrigar-flavio-dino-a-cumprir-a-lei\/#breadcrumb","itemListElement":[{"@type":"ListItem","position":1,"name":"In\u00edcio","item":"https:\/\/www.blogsoestado.com\/danielmatos\/"},{"@type":"ListItem","position":2,"name":"Deputado Wellington defende agentes comunit\u00e1rios de sa\u00fade e aciona Minist\u00e9rio P\u00fablico para obrigar Fl\u00e1vio Dino a cumprir a lei"}]},{"@type":"WebSite","@id":"https:\/\/www.blogsoestado.com\/danielmatos\/#website","url":"https:\/\/www.blogsoestado.com\/danielmatos\/","name":"Daniel Matos","description":"","potentialAction":[{"@type":"SearchAction","target":{"@type":"EntryPoint","urlTemplate":"https:\/\/www.blogsoestado.com\/danielmatos\/?s={search_term_string}"},"query-input":{"@type":"PropertyValueSpecification","valueRequired":true,"valueName":"search_term_string"}}],"inLanguage":"pt-BR"}]}},"jetpack_featured_media_url":"","_links":{"self":[{"href":"https:\/\/www.blogsoestado.com\/danielmatos\/wp-json\/wp\/v2\/posts\/60359","targetHints":{"allow":["GET"]}}],"collection":[{"href":"https:\/\/www.blogsoestado.com\/danielmatos\/wp-json\/wp\/v2\/posts"}],"about":[{"href":"https:\/\/www.blogsoestado.com\/danielmatos\/wp-json\/wp\/v2\/types\/post"}],"replies":[{"embeddable":true,"href":"https:\/\/www.blogsoestado.com\/danielmatos\/wp-json\/wp\/v2\/comments?post=60359"}],"version-history":[{"count":0,"href":"https:\/\/www.blogsoestado.com\/danielmatos\/wp-json\/wp\/v2\/posts\/60359\/revisions"}],"wp:attachment":[{"href":"https:\/\/www.blogsoestado.com\/danielmatos\/wp-json\/wp\/v2\/media?parent=60359"}],"wp:term":[{"taxonomy":"category","embeddable":true,"href":"https:\/\/www.blogsoestado.com\/danielmatos\/wp-json\/wp\/v2\/categories?post=60359"},{"taxonomy":"post_tag","embeddable":true,"href":"https:\/\/www.blogsoestado.com\/danielmatos\/wp-json\/wp\/v2\/tags?post=60359"}],"curies":[{"name":"wp","href":"https:\/\/api.w.org\/{rel}","templated":true}]}}