{"id":60382,"date":"2019-02-14T18:14:48","date_gmt":"2019-02-14T21:14:48","guid":{"rendered":"https:\/\/www.blogsoestado.com\/danielmatos\/?p=60382"},"modified":"2019-02-14T18:14:48","modified_gmt":"2019-02-14T21:14:48","slug":"adriano-defende-agentes-comunitarios-de-saude","status":"publish","type":"post","link":"https:\/\/www.blogsoestado.com\/danielmatos\/adriano-defende-agentes-comunitarios-de-saude\/","title":{"rendered":"Adriano defende agentes comunit\u00e1rios de sa\u00fade"},"content":{"rendered":"\n<figure class=\"wp-block-image\"><img decoding=\"async\" src=\"https:\/\/www.blogsoestado.com\/danielmatos\/files\/2019\/02\/adriano-agentes-1024x768.jpg\" alt=\"\" class=\"wp-image-60383\"\/><figcaption> <br>Adriano lembrou que acompanha a luta dos agentes comunit\u00e1rios de sa\u00fade h\u00e1 tempos, desde as reivindica\u00e7\u00f5es iniciadas na C\u00e2mara dos Deputados, em Bras\u00edlia <\/figcaption><\/figure>\n\n\n\n<p>O deputado estadual Adriano Sarney (PV) cobrou responsabilidade do governo e defendeu reivindica\u00e7\u00f5es dos agentes comunit\u00e1rios de sa\u00fade do Maranh\u00e3o, que pedem melhorias nas condi\u00e7\u00f5es de trabalho e de remunera\u00e7\u00e3o, como adicional de 10% dos sal\u00e1rios. \u201cA categoria fez uma manifesta\u00e7\u00e3o civilizada, eficiente e organizada, pedindo ajuda na sua luta para fazer com que o governo cumpra com as suas obriga\u00e7\u00f5es. Os agentes podem contar com o meu apoio nesta causa\u201d, disse Adriano.<\/p>\n\n\n\n<p>Segundo o deputado oposicionista, a principal reivindica\u00e7\u00e3o dos agentes de sa\u00fade \u00e9 o cumprimento da Lei Estadual n\u00ba 10.583\/2017, para implanta\u00e7\u00e3o da Pol\u00edtica Estadual de Cofinanciamento da Aten\u00e7\u00e3o Prim\u00e1ria em Sa\u00fade do Estado do Maranh\u00e3o (PECAPS). \u201cIsto vem de um acordo nacional. \u00c9 um programa nacional de agentes de sa\u00fade. E o governo comunista editou uma lei estadual que, na pr\u00e1tica, se tornou uma pegadinha, porque \u00e9 muito dif\u00edcil de ser cumprida, pois trouxe uma s\u00e9rie de requisitos que dificultam o acesso ao benef\u00edcio\u201d, explicou Adriano.<\/p>\n\n\n\n<p>O parlamentar destacou ainda que um dos pontos mais pol\u00eamicos da referida lei estadual diz respeito \u00e0 exig\u00eancia de haver um prontu\u00e1rio eletr\u00f4nico em cada unidade b\u00e1sica de sa\u00fade. \u201cPara que os agentes de sa\u00fade recebam os 10% adicionais, precisam fazer presente no prontu\u00e1rio eletr\u00f4nico. S\u00f3 que o Governo do Estado, talvez de forma proposital, n\u00e3o combinou com as prefeituras, que teriam que fazer o investimento em prontu\u00e1rios eletr\u00f4nicos em todas as unidades b\u00e1sicas\u201d, ressaltou.<\/p>\n\n\n\n<p>Adriano informou ainda que acompanha a luta dos agentes comunit\u00e1rios de sa\u00fade h\u00e1 tempos, desde as reivindica\u00e7\u00f5es iniciadas na C\u00e2mara dos Deputados, em Bras\u00edlia (DF). \u201cTestemunhei muitas vezes, quando Sarney Filho era deputado federal, os agentes comunit\u00e1rios na galeria da fazendo press\u00e3o, conseguindo muitas vit\u00f3rias. A \u00faltima foi recente no final do ano passado conseguiram um aumento do teto salarial, na C\u00e2mara\u201d, destacou o deputado.<\/p>\n\n\n\n<p>Assista:<\/p>\n\n\n\n<figure class=\"wp-block-embed-youtube wp-block-embed is-type-video is-provider-youtube wp-embed-aspect-16-9 wp-has-aspect-ratio\"><div class=\"wp-block-embed__wrapper\">\n<iframe title=\"Discurso do deputado Adriano 14 02 2019\" width=\"500\" height=\"281\" src=\"https:\/\/www.youtube.com\/embed\/-EG2HOsm6os?feature=oembed\" frameborder=\"0\" allow=\"accelerometer; autoplay; clipboard-write; encrypted-media; gyroscope; picture-in-picture; web-share\" referrerpolicy=\"strict-origin-when-cross-origin\" allowfullscreen><\/iframe>\n<\/div><\/figure>\n","protected":false},"excerpt":{"rendered":"<p>O deputado estadual Adriano Sarney (PV) cobrou responsabilidade do governo e defendeu reivindica\u00e7\u00f5es dos agentes comunit\u00e1rios de sa\u00fade do Maranh\u00e3o, [&hellip;]<\/p>\n","protected":false},"author":0,"featured_media":0,"comment_status":"open","ping_status":"open","sticky":false,"template":"","format":"standard","meta":{"site-sidebar-layout":"default","site-content-layout":"","ast-site-content-layout":"default","site-content-style":"default","site-sidebar-style":"default","ast-global-header-display":"","ast-banner-title-visibility":"","ast-main-header-display":"","ast-hfb-above-header-display":"","ast-hfb-below-header-display":"","ast-hfb-mobile-header-display":"","site-post-title":"","ast-breadcrumbs-content":"","ast-featured-img":"","footer-sml-layout":"","ast-disable-related-posts":"","theme-transparent-header-meta":"","adv-header-id-meta":"","stick-header-meta":"","header-above-stick-meta":"","header-main-stick-meta":"","header-below-stick-meta":"","astra-migrate-meta-layouts":"default","ast-page-background-enabled":"default","ast-page-background-meta":{"desktop":{"background-color":"var(--ast-global-color-5)","background-image":"","background-repeat":"repeat","background-position":"center center","background-size":"auto","background-attachment":"scroll","background-type":"","background-media":"","overlay-type":"","overlay-color":"","overlay-opacity":"","overlay-gradient":""},"tablet":{"background-color":"","background-image":"","background-repeat":"repeat","background-position":"center center","background-size":"auto","background-attachment":"scroll","background-type":"","background-media":"","overlay-type":"","overlay-color":"","overlay-opacity":"","overlay-gradient":""},"mobile":{"background-color":"","background-image":"","background-repeat":"repeat","background-position":"center center","background-size":"auto","background-attachment":"scroll","background-type":"","background-media":"","overlay-type":"","overlay-color":"","overlay-opacity":"","overlay-gradient":""}},"ast-content-background-meta":{"desktop":{"background-color":"var(--ast-global-color-4)","background-image":"","background-repeat":"repeat","background-position":"center center","background-size":"auto","background-attachment":"scroll","background-type":"","background-media":"","overlay-type":"","overlay-color":"","overlay-opacity":"","overlay-gradient":""},"tablet":{"background-color":"var(--ast-global-color-4)","background-image":"","background-repeat":"repeat","background-position":"center center","background-size":"auto","background-attachment":"scroll","background-type":"","background-media":"","overlay-type":"","overlay-color":"","overlay-opacity":"","overlay-gradient":""},"mobile":{"background-color":"var(--ast-global-color-4)","background-image":"","background-repeat":"repeat","background-position":"center center","background-size":"auto","background-attachment":"scroll","background-type":"","background-media":"","overlay-type":"","overlay-color":"","overlay-opacity":"","overlay-gradient":""}},"footnotes":""},"categories":[1],"tags":[],"class_list":["post-60382","post","type-post","status-publish","format-standard","hentry","category-sem-categoria"],"yoast_head":"<!-- This site is optimized with the Yoast SEO plugin v26.6 - https:\/\/yoast.com\/wordpress\/plugins\/seo\/ -->\n<title>Adriano defende agentes comunit\u00e1rios de sa\u00fade - Daniel Matos<\/title>\n<meta name=\"robots\" content=\"index, follow, max-snippet:-1, max-image-preview:large, max-video-preview:-1\" \/>\n<link rel=\"canonical\" href=\"https:\/\/www.blogsoestado.com\/danielmatos\/adriano-defende-agentes-comunitarios-de-saude\/\" \/>\n<meta property=\"og:locale\" content=\"pt_BR\" \/>\n<meta property=\"og:type\" content=\"article\" \/>\n<meta property=\"og:title\" content=\"Adriano defende agentes comunit\u00e1rios de sa\u00fade - Daniel Matos\" \/>\n<meta property=\"og:description\" content=\"O deputado estadual Adriano Sarney (PV) cobrou responsabilidade do governo e defendeu reivindica\u00e7\u00f5es dos agentes comunit\u00e1rios de sa\u00fade do Maranh\u00e3o, [&hellip;]\" \/>\n<meta property=\"og:url\" content=\"https:\/\/www.blogsoestado.com\/danielmatos\/adriano-defende-agentes-comunitarios-de-saude\/\" \/>\n<meta property=\"og:site_name\" content=\"Daniel Matos\" \/>\n<meta property=\"article:published_time\" content=\"2019-02-14T21:14:48+00:00\" \/>\n<meta property=\"og:image\" content=\"https:\/\/www.blogsoestado.com\/danielmatos\/files\/2019\/02\/adriano-agentes-1024x768.jpg\" \/>\n<meta name=\"twitter:card\" content=\"summary_large_image\" \/>\n<meta name=\"twitter:label1\" content=\"Est. tempo de leitura\" \/>\n\t<meta name=\"twitter:data1\" content=\"2 minutos\" \/>\n<script type=\"application\/ld+json\" class=\"yoast-schema-graph\">{\"@context\":\"https:\/\/schema.org\",\"@graph\":[{\"@type\":\"WebPage\",\"@id\":\"https:\/\/www.blogsoestado.com\/danielmatos\/adriano-defende-agentes-comunitarios-de-saude\/\",\"url\":\"https:\/\/www.blogsoestado.com\/danielmatos\/adriano-defende-agentes-comunitarios-de-saude\/\",\"name\":\"Adriano defende agentes comunit\u00e1rios de sa\u00fade - Daniel Matos\",\"isPartOf\":{\"@id\":\"https:\/\/www.blogsoestado.com\/danielmatos\/#website\"},\"primaryImageOfPage\":{\"@id\":\"https:\/\/www.blogsoestado.com\/danielmatos\/adriano-defende-agentes-comunitarios-de-saude\/#primaryimage\"},\"image\":{\"@id\":\"https:\/\/www.blogsoestado.com\/danielmatos\/adriano-defende-agentes-comunitarios-de-saude\/#primaryimage\"},\"thumbnailUrl\":\"https:\/\/www.blogsoestado.com\/danielmatos\/files\/2019\/02\/adriano-agentes-1024x768.jpg\",\"datePublished\":\"2019-02-14T21:14:48+00:00\",\"author\":{\"@id\":\"\"},\"breadcrumb\":{\"@id\":\"https:\/\/www.blogsoestado.com\/danielmatos\/adriano-defende-agentes-comunitarios-de-saude\/#breadcrumb\"},\"inLanguage\":\"pt-BR\",\"potentialAction\":[{\"@type\":\"ReadAction\",\"target\":[\"https:\/\/www.blogsoestado.com\/danielmatos\/adriano-defende-agentes-comunitarios-de-saude\/\"]}]},{\"@type\":\"ImageObject\",\"inLanguage\":\"pt-BR\",\"@id\":\"https:\/\/www.blogsoestado.com\/danielmatos\/adriano-defende-agentes-comunitarios-de-saude\/#primaryimage\",\"url\":\"https:\/\/www.blogsoestado.com\/danielmatos\/files\/2019\/02\/adriano-agentes-1024x768.jpg\",\"contentUrl\":\"https:\/\/www.blogsoestado.com\/danielmatos\/files\/2019\/02\/adriano-agentes-1024x768.jpg\"},{\"@type\":\"BreadcrumbList\",\"@id\":\"https:\/\/www.blogsoestado.com\/danielmatos\/adriano-defende-agentes-comunitarios-de-saude\/#breadcrumb\",\"itemListElement\":[{\"@type\":\"ListItem\",\"position\":1,\"name\":\"In\u00edcio\",\"item\":\"https:\/\/www.blogsoestado.com\/danielmatos\/\"},{\"@type\":\"ListItem\",\"position\":2,\"name\":\"Adriano defende agentes comunit\u00e1rios de sa\u00fade\"}]},{\"@type\":\"WebSite\",\"@id\":\"https:\/\/www.blogsoestado.com\/danielmatos\/#website\",\"url\":\"https:\/\/www.blogsoestado.com\/danielmatos\/\",\"name\":\"Daniel Matos\",\"description\":\"\",\"potentialAction\":[{\"@type\":\"SearchAction\",\"target\":{\"@type\":\"EntryPoint\",\"urlTemplate\":\"https:\/\/www.blogsoestado.com\/danielmatos\/?s={search_term_string}\"},\"query-input\":{\"@type\":\"PropertyValueSpecification\",\"valueRequired\":true,\"valueName\":\"search_term_string\"}}],\"inLanguage\":\"pt-BR\"}]}<\/script>\n<!-- \/ Yoast SEO plugin. -->","yoast_head_json":{"title":"Adriano defende agentes comunit\u00e1rios de sa\u00fade - Daniel Matos","robots":{"index":"index","follow":"follow","max-snippet":"max-snippet:-1","max-image-preview":"max-image-preview:large","max-video-preview":"max-video-preview:-1"},"canonical":"https:\/\/www.blogsoestado.com\/danielmatos\/adriano-defende-agentes-comunitarios-de-saude\/","og_locale":"pt_BR","og_type":"article","og_title":"Adriano defende agentes comunit\u00e1rios de sa\u00fade - Daniel Matos","og_description":"O deputado estadual Adriano Sarney (PV) cobrou responsabilidade do governo e defendeu reivindica\u00e7\u00f5es dos agentes comunit\u00e1rios de sa\u00fade do Maranh\u00e3o, [&hellip;]","og_url":"https:\/\/www.blogsoestado.com\/danielmatos\/adriano-defende-agentes-comunitarios-de-saude\/","og_site_name":"Daniel Matos","article_published_time":"2019-02-14T21:14:48+00:00","og_image":[{"url":"https:\/\/www.blogsoestado.com\/danielmatos\/files\/2019\/02\/adriano-agentes-1024x768.jpg","type":"","width":"","height":""}],"twitter_card":"summary_large_image","twitter_misc":{"Est. tempo de leitura":"2 minutos"},"schema":{"@context":"https:\/\/schema.org","@graph":[{"@type":"WebPage","@id":"https:\/\/www.blogsoestado.com\/danielmatos\/adriano-defende-agentes-comunitarios-de-saude\/","url":"https:\/\/www.blogsoestado.com\/danielmatos\/adriano-defende-agentes-comunitarios-de-saude\/","name":"Adriano defende agentes comunit\u00e1rios de sa\u00fade - Daniel Matos","isPartOf":{"@id":"https:\/\/www.blogsoestado.com\/danielmatos\/#website"},"primaryImageOfPage":{"@id":"https:\/\/www.blogsoestado.com\/danielmatos\/adriano-defende-agentes-comunitarios-de-saude\/#primaryimage"},"image":{"@id":"https:\/\/www.blogsoestado.com\/danielmatos\/adriano-defende-agentes-comunitarios-de-saude\/#primaryimage"},"thumbnailUrl":"https:\/\/www.blogsoestado.com\/danielmatos\/files\/2019\/02\/adriano-agentes-1024x768.jpg","datePublished":"2019-02-14T21:14:48+00:00","author":{"@id":""},"breadcrumb":{"@id":"https:\/\/www.blogsoestado.com\/danielmatos\/adriano-defende-agentes-comunitarios-de-saude\/#breadcrumb"},"inLanguage":"pt-BR","potentialAction":[{"@type":"ReadAction","target":["https:\/\/www.blogsoestado.com\/danielmatos\/adriano-defende-agentes-comunitarios-de-saude\/"]}]},{"@type":"ImageObject","inLanguage":"pt-BR","@id":"https:\/\/www.blogsoestado.com\/danielmatos\/adriano-defende-agentes-comunitarios-de-saude\/#primaryimage","url":"https:\/\/www.blogsoestado.com\/danielmatos\/files\/2019\/02\/adriano-agentes-1024x768.jpg","contentUrl":"https:\/\/www.blogsoestado.com\/danielmatos\/files\/2019\/02\/adriano-agentes-1024x768.jpg"},{"@type":"BreadcrumbList","@id":"https:\/\/www.blogsoestado.com\/danielmatos\/adriano-defende-agentes-comunitarios-de-saude\/#breadcrumb","itemListElement":[{"@type":"ListItem","position":1,"name":"In\u00edcio","item":"https:\/\/www.blogsoestado.com\/danielmatos\/"},{"@type":"ListItem","position":2,"name":"Adriano defende agentes comunit\u00e1rios de sa\u00fade"}]},{"@type":"WebSite","@id":"https:\/\/www.blogsoestado.com\/danielmatos\/#website","url":"https:\/\/www.blogsoestado.com\/danielmatos\/","name":"Daniel Matos","description":"","potentialAction":[{"@type":"SearchAction","target":{"@type":"EntryPoint","urlTemplate":"https:\/\/www.blogsoestado.com\/danielmatos\/?s={search_term_string}"},"query-input":{"@type":"PropertyValueSpecification","valueRequired":true,"valueName":"search_term_string"}}],"inLanguage":"pt-BR"}]}},"jetpack_featured_media_url":"","_links":{"self":[{"href":"https:\/\/www.blogsoestado.com\/danielmatos\/wp-json\/wp\/v2\/posts\/60382","targetHints":{"allow":["GET"]}}],"collection":[{"href":"https:\/\/www.blogsoestado.com\/danielmatos\/wp-json\/wp\/v2\/posts"}],"about":[{"href":"https:\/\/www.blogsoestado.com\/danielmatos\/wp-json\/wp\/v2\/types\/post"}],"replies":[{"embeddable":true,"href":"https:\/\/www.blogsoestado.com\/danielmatos\/wp-json\/wp\/v2\/comments?post=60382"}],"version-history":[{"count":0,"href":"https:\/\/www.blogsoestado.com\/danielmatos\/wp-json\/wp\/v2\/posts\/60382\/revisions"}],"wp:attachment":[{"href":"https:\/\/www.blogsoestado.com\/danielmatos\/wp-json\/wp\/v2\/media?parent=60382"}],"wp:term":[{"taxonomy":"category","embeddable":true,"href":"https:\/\/www.blogsoestado.com\/danielmatos\/wp-json\/wp\/v2\/categories?post=60382"},{"taxonomy":"post_tag","embeddable":true,"href":"https:\/\/www.blogsoestado.com\/danielmatos\/wp-json\/wp\/v2\/tags?post=60382"}],"curies":[{"name":"wp","href":"https:\/\/api.w.org\/{rel}","templated":true}]}}