{"id":60389,"date":"2019-02-15T11:03:18","date_gmt":"2019-02-15T14:03:18","guid":{"rendered":"https:\/\/www.blogsoestado.com\/danielmatos\/?p=60389"},"modified":"2019-02-15T11:03:18","modified_gmt":"2019-02-15T14:03:18","slug":"em-brasilia-osmar-filho-dialoga-com-politicos-e-trata-de-beneficios-para-sao-luis","status":"publish","type":"post","link":"https:\/\/www.blogsoestado.com\/danielmatos\/em-brasilia-osmar-filho-dialoga-com-politicos-e-trata-de-beneficios-para-sao-luis\/","title":{"rendered":"Em Bras\u00edlia, Osmar Filho dialoga com pol\u00edticos e trata de benef\u00edcios para S\u00e3o Lu\u00eds"},"content":{"rendered":"\n<figure class=\"wp-block-image\"><img decoding=\"async\" src=\"https:\/\/www.blogsoestado.com\/danielmatos\/files\/2019\/02\/osmar-brasilia-1024x682.jpg\" alt=\"\" class=\"wp-image-60390\"\/><figcaption><strong><em>Osmar Filho reuniu-se com o ministro Marcelo \u00c1lvaro e tratou de investimentos para a capital<\/em><\/strong>  <\/figcaption><\/figure>\n\n\n\n<p>O presidente da C\u00e2mara Municipal de S\u00e3o Lu\u00eds, vereador Osmar Filho (PDT), manteve, nesta quinta-feira (14), movimentada agenda de trabalho em Bras\u00edlia.<\/p>\n\n\n\n<p>O parlamentar reuniu-se com membros da Bancada Maranhense, ocasi\u00e3o na qual estreitou o di\u00e1logo acerca de tem\u00e1ticas pol\u00edticas importantes, e encontrou-se com diretores da C\u00e2mara dos Deputados e ministros do governo Jair Bolsonaro.<\/p>\n\n\n\n<p>A organiza\u00e7\u00e3o da agenda contou com a total colabora\u00e7\u00e3o do deputado federal Pedro Lucas Fernandes (PTB). Tamb\u00e9m participaram dos encontros os vereadores Estev\u00e3o Arag\u00e3o (PSDB) e Marquinhos (DEM); o deputado federal Gil Cutrim (PDT); al\u00e9m do procurador-geral da C\u00e2mara, Vitor Cardoso.<\/p>\n\n\n\n<p>Osmar Filho conversou com a coordenadora da Rede Legislativa de R\u00e1dio e TV da C\u00e2mara Federal, Evelin Maciel Brisolla. Na pauta, tratativas para produzir programas do Poder Legislativo Municipal que dever\u00e3o ser inseridos na programa\u00e7\u00e3o da R\u00e1dio e TV C\u00e2mara ou at\u00e9 mesmo veiculados atrav\u00e9s de um canal pr\u00f3prio que poder\u00e1 ser disponibilizado atrav\u00e9s da parceria entre a Casa e a C\u00e2mara.<\/p>\n\n\n\n<figure class=\"wp-block-image\"><img decoding=\"async\" src=\"https:\/\/www.blogsoestado.com\/danielmatos\/files\/2019\/02\/osmar-brasilia2-1024x683.jpg\" alt=\"\" class=\"wp-image-60391\"\/><figcaption>No encontro com o ministro, o presidente da C\u00e2mara foi acompanhado de colegas vereadores e de membros da Bancada Federal<\/figcaption><\/figure>\n\n\n\n<p>O presidente participou de reuni\u00e3o com o ministro do Turismo, Marcelo \u00c1lvaro Ant\u00f4nio. Foram discutidos projetos infraestruturais para alavancar o setor na capital maranhense.<\/p>\n\n\n\n<p>Tamb\u00e9m foi proposta a cria\u00e7\u00e3o de uma frente de trabalho que envolva a participa\u00e7\u00e3o dos munic\u00edpios, estado e governo federal objetivando estabelecer uma agenda permanente capaz de alavancar investimentos que estimulem atividades culturais e o turismo no Maranh\u00e3o.<\/p>\n\n\n\n<p>No Minist\u00e9rio do Desenvolvimento Regional, Osmar foi recebido pelo assessor especial da pasta, Marco Porto. Foi debatida a possibilidade de obter recursos para serem investidos no saneamento b\u00e1sico dos bairros de S\u00e3o Lu\u00eds.<\/p>\n\n\n\n<p>Osmar Filho tamb\u00e9m esteve com os senadores Weverton Rocha e Eliziane Gama (PPS).<\/p>\n\n\n\n<p>\u201cTratou-se de uma visita extremamente produtiva, pautada em propostas de desenvolvimento para o Maranh\u00e3o\u201d, assinalou o l\u00edder do PDT na C\u00e2mara Alta.<\/p>\n\n\n\n<figure class=\"wp-block-image\"><img decoding=\"async\" src=\"https:\/\/www.blogsoestado.com\/danielmatos\/files\/2019\/02\/osmar-brasilia3-1024x645.jpg\" alt=\"\" class=\"wp-image-60392\"\/><figcaption><strong><em>O presidente da C\u00e2mara tamb\u00e9m esteve com o senador Weverton Rocha discutindo assuntos de interesse de S\u00e3o Lu\u00eds<\/em><\/strong> <\/figcaption><\/figure>\n\n\n\n<p>O presidente da C\u00e2mara visitou o gabinete da lideran\u00e7a do PTB na C\u00e2mara, cujo comando est\u00e1 sob a responsabilidade de Pedro Lucas.<\/p>\n\n\n\n<p>\u201cA agenda serviu, ainda, para estreitarmos a rela\u00e7\u00e3o da C\u00e2mara Municipal com a nossa classe pol\u00edtica e os representantes do governo federal. O Parlamento de S\u00e3o Lu\u00eds, garanto, estar\u00e1 inserido nos debates importantes que possam trazer benef\u00edcios para capital e para o estado\u201d, disse Osmar.<\/p>\n\n\n\n<p>De acordo com ele, os vereadores ludovicenses ir\u00e3o se reunir nos pr\u00f3ximos dias para elaborar uma pauta de assuntos de interesse da cidade que ser\u00e3o permanentemente discutidos em Bras\u00edlia.<\/p>\n\n\n\n<p>Nesta sexta-feira (15), Osmar Filho ter\u00e1 reuni\u00f5es com representantes do Banco do Brasil e do Instituto do Patrim\u00f4nio Hist\u00f3rico e Art\u00edstico Nacional (IPHAN). Ele finalizar\u00e1 a agenda de trabalho participando de um almo\u00e7o com a juventude do PDT.<\/p>\n","protected":false},"excerpt":{"rendered":"<p>O presidente da C\u00e2mara Municipal de S\u00e3o Lu\u00eds, vereador Osmar Filho (PDT), manteve, nesta quinta-feira (14), movimentada agenda de trabalho [&hellip;]<\/p>\n","protected":false},"author":0,"featured_media":0,"comment_status":"open","ping_status":"open","sticky":false,"template":"","format":"standard","meta":{"site-sidebar-layout":"default","site-content-layout":"","ast-site-content-layout":"default","site-content-style":"default","site-sidebar-style":"default","ast-global-header-display":"","ast-banner-title-visibility":"","ast-main-header-display":"","ast-hfb-above-header-display":"","ast-hfb-below-header-display":"","ast-hfb-mobile-header-display":"","site-post-title":"","ast-breadcrumbs-content":"","ast-featured-img":"","footer-sml-layout":"","ast-disable-related-posts":"","theme-transparent-header-meta":"","adv-header-id-meta":"","stick-header-meta":"","header-above-stick-meta":"","header-main-stick-meta":"","header-below-stick-meta":"","astra-migrate-meta-layouts":"default","ast-page-background-enabled":"default","ast-page-background-meta":{"desktop":{"background-color":"var(--ast-global-color-5)","background-image":"","background-repeat":"repeat","background-position":"center center","background-size":"auto","background-attachment":"scroll","background-type":"","background-media":"","overlay-type":"","overlay-color":"","overlay-opacity":"","overlay-gradient":""},"tablet":{"background-color":"","background-image":"","background-repeat":"repeat","background-position":"center center","background-size":"auto","background-attachment":"scroll","background-type":"","background-media":"","overlay-type":"","overlay-color":"","overlay-opacity":"","overlay-gradient":""},"mobile":{"background-color":"","background-image":"","background-repeat":"repeat","background-position":"center center","background-size":"auto","background-attachment":"scroll","background-type":"","background-media":"","overlay-type":"","overlay-color":"","overlay-opacity":"","overlay-gradient":""}},"ast-content-background-meta":{"desktop":{"background-color":"var(--ast-global-color-4)","background-image":"","background-repeat":"repeat","background-position":"center center","background-size":"auto","background-attachment":"scroll","background-type":"","background-media":"","overlay-type":"","overlay-color":"","overlay-opacity":"","overlay-gradient":""},"tablet":{"background-color":"var(--ast-global-color-4)","background-image":"","background-repeat":"repeat","background-position":"center center","background-size":"auto","background-attachment":"scroll","background-type":"","background-media":"","overlay-type":"","overlay-color":"","overlay-opacity":"","overlay-gradient":""},"mobile":{"background-color":"var(--ast-global-color-4)","background-image":"","background-repeat":"repeat","background-position":"center center","background-size":"auto","background-attachment":"scroll","background-type":"","background-media":"","overlay-type":"","overlay-color":"","overlay-opacity":"","overlay-gradient":""}},"footnotes":""},"categories":[1],"tags":[],"class_list":["post-60389","post","type-post","status-publish","format-standard","hentry","category-sem-categoria"],"yoast_head":"<!-- This site is optimized with the Yoast SEO plugin v26.6 - https:\/\/yoast.com\/wordpress\/plugins\/seo\/ -->\n<title>Em Bras\u00edlia, Osmar Filho dialoga com pol\u00edticos e trata de benef\u00edcios para S\u00e3o Lu\u00eds - Daniel Matos<\/title>\n<meta name=\"robots\" content=\"index, follow, max-snippet:-1, max-image-preview:large, max-video-preview:-1\" \/>\n<link rel=\"canonical\" href=\"https:\/\/www.blogsoestado.com\/danielmatos\/em-brasilia-osmar-filho-dialoga-com-politicos-e-trata-de-beneficios-para-sao-luis\/\" \/>\n<meta property=\"og:locale\" content=\"pt_BR\" \/>\n<meta property=\"og:type\" content=\"article\" \/>\n<meta property=\"og:title\" content=\"Em Bras\u00edlia, Osmar Filho dialoga com pol\u00edticos e trata de benef\u00edcios para S\u00e3o Lu\u00eds - Daniel Matos\" \/>\n<meta property=\"og:description\" content=\"O presidente da C\u00e2mara Municipal de S\u00e3o Lu\u00eds, vereador Osmar Filho (PDT), manteve, nesta quinta-feira (14), movimentada agenda de trabalho [&hellip;]\" \/>\n<meta property=\"og:url\" content=\"https:\/\/www.blogsoestado.com\/danielmatos\/em-brasilia-osmar-filho-dialoga-com-politicos-e-trata-de-beneficios-para-sao-luis\/\" \/>\n<meta property=\"og:site_name\" content=\"Daniel Matos\" \/>\n<meta property=\"article:published_time\" content=\"2019-02-15T14:03:18+00:00\" \/>\n<meta property=\"og:image\" content=\"https:\/\/www.blogsoestado.com\/danielmatos\/files\/2019\/02\/osmar-brasilia-1024x682.jpg\" \/>\n<meta name=\"twitter:card\" content=\"summary_large_image\" \/>\n<meta name=\"twitter:label1\" content=\"Est. tempo de leitura\" \/>\n\t<meta name=\"twitter:data1\" content=\"3 minutos\" \/>\n<script type=\"application\/ld+json\" class=\"yoast-schema-graph\">{\"@context\":\"https:\/\/schema.org\",\"@graph\":[{\"@type\":\"WebPage\",\"@id\":\"https:\/\/www.blogsoestado.com\/danielmatos\/em-brasilia-osmar-filho-dialoga-com-politicos-e-trata-de-beneficios-para-sao-luis\/\",\"url\":\"https:\/\/www.blogsoestado.com\/danielmatos\/em-brasilia-osmar-filho-dialoga-com-politicos-e-trata-de-beneficios-para-sao-luis\/\",\"name\":\"Em Bras\u00edlia, Osmar Filho dialoga com pol\u00edticos e trata de benef\u00edcios para S\u00e3o Lu\u00eds - Daniel Matos\",\"isPartOf\":{\"@id\":\"https:\/\/www.blogsoestado.com\/danielmatos\/#website\"},\"primaryImageOfPage\":{\"@id\":\"https:\/\/www.blogsoestado.com\/danielmatos\/em-brasilia-osmar-filho-dialoga-com-politicos-e-trata-de-beneficios-para-sao-luis\/#primaryimage\"},\"image\":{\"@id\":\"https:\/\/www.blogsoestado.com\/danielmatos\/em-brasilia-osmar-filho-dialoga-com-politicos-e-trata-de-beneficios-para-sao-luis\/#primaryimage\"},\"thumbnailUrl\":\"https:\/\/www.blogsoestado.com\/danielmatos\/files\/2019\/02\/osmar-brasilia-1024x682.jpg\",\"datePublished\":\"2019-02-15T14:03:18+00:00\",\"author\":{\"@id\":\"\"},\"breadcrumb\":{\"@id\":\"https:\/\/www.blogsoestado.com\/danielmatos\/em-brasilia-osmar-filho-dialoga-com-politicos-e-trata-de-beneficios-para-sao-luis\/#breadcrumb\"},\"inLanguage\":\"pt-BR\",\"potentialAction\":[{\"@type\":\"ReadAction\",\"target\":[\"https:\/\/www.blogsoestado.com\/danielmatos\/em-brasilia-osmar-filho-dialoga-com-politicos-e-trata-de-beneficios-para-sao-luis\/\"]}]},{\"@type\":\"ImageObject\",\"inLanguage\":\"pt-BR\",\"@id\":\"https:\/\/www.blogsoestado.com\/danielmatos\/em-brasilia-osmar-filho-dialoga-com-politicos-e-trata-de-beneficios-para-sao-luis\/#primaryimage\",\"url\":\"https:\/\/www.blogsoestado.com\/danielmatos\/files\/2019\/02\/osmar-brasilia-1024x682.jpg\",\"contentUrl\":\"https:\/\/www.blogsoestado.com\/danielmatos\/files\/2019\/02\/osmar-brasilia-1024x682.jpg\"},{\"@type\":\"BreadcrumbList\",\"@id\":\"https:\/\/www.blogsoestado.com\/danielmatos\/em-brasilia-osmar-filho-dialoga-com-politicos-e-trata-de-beneficios-para-sao-luis\/#breadcrumb\",\"itemListElement\":[{\"@type\":\"ListItem\",\"position\":1,\"name\":\"In\u00edcio\",\"item\":\"https:\/\/www.blogsoestado.com\/danielmatos\/\"},{\"@type\":\"ListItem\",\"position\":2,\"name\":\"Em Bras\u00edlia, Osmar Filho dialoga com pol\u00edticos e trata de benef\u00edcios para S\u00e3o Lu\u00eds\"}]},{\"@type\":\"WebSite\",\"@id\":\"https:\/\/www.blogsoestado.com\/danielmatos\/#website\",\"url\":\"https:\/\/www.blogsoestado.com\/danielmatos\/\",\"name\":\"Daniel Matos\",\"description\":\"\",\"potentialAction\":[{\"@type\":\"SearchAction\",\"target\":{\"@type\":\"EntryPoint\",\"urlTemplate\":\"https:\/\/www.blogsoestado.com\/danielmatos\/?s={search_term_string}\"},\"query-input\":{\"@type\":\"PropertyValueSpecification\",\"valueRequired\":true,\"valueName\":\"search_term_string\"}}],\"inLanguage\":\"pt-BR\"}]}<\/script>\n<!-- \/ Yoast SEO plugin. -->","yoast_head_json":{"title":"Em Bras\u00edlia, Osmar Filho dialoga com pol\u00edticos e trata de benef\u00edcios para S\u00e3o Lu\u00eds - Daniel Matos","robots":{"index":"index","follow":"follow","max-snippet":"max-snippet:-1","max-image-preview":"max-image-preview:large","max-video-preview":"max-video-preview:-1"},"canonical":"https:\/\/www.blogsoestado.com\/danielmatos\/em-brasilia-osmar-filho-dialoga-com-politicos-e-trata-de-beneficios-para-sao-luis\/","og_locale":"pt_BR","og_type":"article","og_title":"Em Bras\u00edlia, Osmar Filho dialoga com pol\u00edticos e trata de benef\u00edcios para S\u00e3o Lu\u00eds - Daniel Matos","og_description":"O presidente da C\u00e2mara Municipal de S\u00e3o Lu\u00eds, vereador Osmar Filho (PDT), manteve, nesta quinta-feira (14), movimentada agenda de trabalho [&hellip;]","og_url":"https:\/\/www.blogsoestado.com\/danielmatos\/em-brasilia-osmar-filho-dialoga-com-politicos-e-trata-de-beneficios-para-sao-luis\/","og_site_name":"Daniel Matos","article_published_time":"2019-02-15T14:03:18+00:00","og_image":[{"url":"https:\/\/www.blogsoestado.com\/danielmatos\/files\/2019\/02\/osmar-brasilia-1024x682.jpg","type":"","width":"","height":""}],"twitter_card":"summary_large_image","twitter_misc":{"Est. tempo de leitura":"3 minutos"},"schema":{"@context":"https:\/\/schema.org","@graph":[{"@type":"WebPage","@id":"https:\/\/www.blogsoestado.com\/danielmatos\/em-brasilia-osmar-filho-dialoga-com-politicos-e-trata-de-beneficios-para-sao-luis\/","url":"https:\/\/www.blogsoestado.com\/danielmatos\/em-brasilia-osmar-filho-dialoga-com-politicos-e-trata-de-beneficios-para-sao-luis\/","name":"Em Bras\u00edlia, Osmar Filho dialoga com pol\u00edticos e trata de benef\u00edcios para S\u00e3o Lu\u00eds - Daniel Matos","isPartOf":{"@id":"https:\/\/www.blogsoestado.com\/danielmatos\/#website"},"primaryImageOfPage":{"@id":"https:\/\/www.blogsoestado.com\/danielmatos\/em-brasilia-osmar-filho-dialoga-com-politicos-e-trata-de-beneficios-para-sao-luis\/#primaryimage"},"image":{"@id":"https:\/\/www.blogsoestado.com\/danielmatos\/em-brasilia-osmar-filho-dialoga-com-politicos-e-trata-de-beneficios-para-sao-luis\/#primaryimage"},"thumbnailUrl":"https:\/\/www.blogsoestado.com\/danielmatos\/files\/2019\/02\/osmar-brasilia-1024x682.jpg","datePublished":"2019-02-15T14:03:18+00:00","author":{"@id":""},"breadcrumb":{"@id":"https:\/\/www.blogsoestado.com\/danielmatos\/em-brasilia-osmar-filho-dialoga-com-politicos-e-trata-de-beneficios-para-sao-luis\/#breadcrumb"},"inLanguage":"pt-BR","potentialAction":[{"@type":"ReadAction","target":["https:\/\/www.blogsoestado.com\/danielmatos\/em-brasilia-osmar-filho-dialoga-com-politicos-e-trata-de-beneficios-para-sao-luis\/"]}]},{"@type":"ImageObject","inLanguage":"pt-BR","@id":"https:\/\/www.blogsoestado.com\/danielmatos\/em-brasilia-osmar-filho-dialoga-com-politicos-e-trata-de-beneficios-para-sao-luis\/#primaryimage","url":"https:\/\/www.blogsoestado.com\/danielmatos\/files\/2019\/02\/osmar-brasilia-1024x682.jpg","contentUrl":"https:\/\/www.blogsoestado.com\/danielmatos\/files\/2019\/02\/osmar-brasilia-1024x682.jpg"},{"@type":"BreadcrumbList","@id":"https:\/\/www.blogsoestado.com\/danielmatos\/em-brasilia-osmar-filho-dialoga-com-politicos-e-trata-de-beneficios-para-sao-luis\/#breadcrumb","itemListElement":[{"@type":"ListItem","position":1,"name":"In\u00edcio","item":"https:\/\/www.blogsoestado.com\/danielmatos\/"},{"@type":"ListItem","position":2,"name":"Em Bras\u00edlia, Osmar Filho dialoga com pol\u00edticos e trata de benef\u00edcios para S\u00e3o Lu\u00eds"}]},{"@type":"WebSite","@id":"https:\/\/www.blogsoestado.com\/danielmatos\/#website","url":"https:\/\/www.blogsoestado.com\/danielmatos\/","name":"Daniel Matos","description":"","potentialAction":[{"@type":"SearchAction","target":{"@type":"EntryPoint","urlTemplate":"https:\/\/www.blogsoestado.com\/danielmatos\/?s={search_term_string}"},"query-input":{"@type":"PropertyValueSpecification","valueRequired":true,"valueName":"search_term_string"}}],"inLanguage":"pt-BR"}]}},"jetpack_featured_media_url":"","_links":{"self":[{"href":"https:\/\/www.blogsoestado.com\/danielmatos\/wp-json\/wp\/v2\/posts\/60389","targetHints":{"allow":["GET"]}}],"collection":[{"href":"https:\/\/www.blogsoestado.com\/danielmatos\/wp-json\/wp\/v2\/posts"}],"about":[{"href":"https:\/\/www.blogsoestado.com\/danielmatos\/wp-json\/wp\/v2\/types\/post"}],"replies":[{"embeddable":true,"href":"https:\/\/www.blogsoestado.com\/danielmatos\/wp-json\/wp\/v2\/comments?post=60389"}],"version-history":[{"count":0,"href":"https:\/\/www.blogsoestado.com\/danielmatos\/wp-json\/wp\/v2\/posts\/60389\/revisions"}],"wp:attachment":[{"href":"https:\/\/www.blogsoestado.com\/danielmatos\/wp-json\/wp\/v2\/media?parent=60389"}],"wp:term":[{"taxonomy":"category","embeddable":true,"href":"https:\/\/www.blogsoestado.com\/danielmatos\/wp-json\/wp\/v2\/categories?post=60389"},{"taxonomy":"post_tag","embeddable":true,"href":"https:\/\/www.blogsoestado.com\/danielmatos\/wp-json\/wp\/v2\/tags?post=60389"}],"curies":[{"name":"wp","href":"https:\/\/api.w.org\/{rel}","templated":true}]}}